{"id":172768,"date":"2026-04-29T11:58:13","date_gmt":"2026-04-29T09:58:13","guid":{"rendered":"https:\/\/kunmedierne.dk\/mors\/?p=172768"},"modified":"2026-04-29T11:58:13","modified_gmt":"2026-04-29T09:58:13","slug":"morgenmad-friskoleaand-og-ni-virksomheder-saadan-gaar-det-i-businesspark-mors","status":"publish","type":"post","link":"https:\/\/kunmedierne.dk\/mors\/morgenmad-friskoleaand-og-ni-virksomheder-saadan-gaar-det-i-businesspark-mors\/","title":{"rendered":"<span>Morgenmad, friskole\u00e5nd og ni virksomheder: <\/span> S\u00e5dan g\u00e5r det i BusinessPark Mors"},"content":{"rendered":"<p><strong>NYK\u00d8BING:<\/strong> En almindelig formiddag i BusinessPark Mors begynder ikke med kamp om battene ved bordtennisbordet eller k\u00f8 ved kaffemaskinen.<\/p>\n<a class=\"dvrt-link\" onClick=\"cdmtrack_click(169437,jQuery(this));return false\" href=\"https:\/\/thymors.dk\/sponsorater\/15-til-faellesskabet?utm_source=kunmors&amp;utm_medium=annonce&amp;utm_campaign=sponsorater\"><img decoding=\"async\" style=\"width:100%;\" src=\"https:\/\/kunmedierne.dk\/mors\/wp-content\/uploads\/2026\/03\/260407ThyMors-energi_faellesskab_generel-1.jpg\"><\/a><script>cdmtrack_view(169437);<\/script>\n<p>Da KunMors bes\u00f8ger de gamle Folkeblad-lokaler p\u00e5 Els\u00f8vej, sidder de to nye tovholdere ved skrivebordene. Jonas Pipper, som driver Vocata Studio, er ogs\u00e5 m\u00f8dt ind, og udenfor g\u00e5r nogle h\u00e5ndv\u00e6rkere rundt og arbejder videre p\u00e5 de sidste ting.<\/p>\n<div id=\"attachment_172772\" style=\"width: 5194px\" class=\"wp-caption alignnone\"><img loading=\"lazy\" decoding=\"async\" aria-describedby=\"caption-attachment-172772\" class=\"wp-image-172772 size-full\" src=\"https:\/\/kunmedierne.dk\/mors\/wp-content\/uploads\/2026\/04\/design-uden-navn258.jpg\" alt=\"\" width=\"5184\" height=\"3456\" srcset=\"https:\/\/kunmedierne.dk\/mors\/wp-content\/uploads\/2026\/04\/design-uden-navn258.jpg 5184w, https:\/\/kunmedierne.dk\/mors\/wp-content\/uploads\/2026\/04\/design-uden-navn258-300x200.jpg 300w, https:\/\/kunmedierne.dk\/mors\/wp-content\/uploads\/2026\/04\/design-uden-navn258-1024x683.jpg 1024w, https:\/\/kunmedierne.dk\/mors\/wp-content\/uploads\/2026\/04\/design-uden-navn258-510x340.jpg 510w\" sizes=\"auto, (max-width: 5184px) 100vw, 5184px\" \/><p id=\"caption-attachment-172772\" class=\"wp-caption-text\">Designer S\u00f8ren Vester st\u00e5r bag indretningen af parken. Han har redesignet det hele og d\u00f8bt den gamle kantine fra Mors\u00f8 Folkeblads tid til \u201cForsamlingshuset\u201d.<\/p><\/div>\n<p>Flere kontorer er taget i brug. Andre st\u00e5r klar til nye lejere. P\u00e5 nogle af d\u00f8rene h\u00e6nger skilte med teksten: \u201cDette kan blive dit.\u201d<\/p>\n<p>Det giver et ret pr\u00e6cist billede af, hvor BusinessPark Mors st\u00e5r lige nu: Huset er \u00e5bnet, de f\u00f8rste virksomheder er flyttet ind, og arbejdet med at fylde rammerne ud er i gang.<\/p>\n<blockquote>\n<h5>BusinessPark Mors \u00e5bnede officielt 23. februar 2026 i de gamle Mors\u00f8 Folkeblad-lokaler p\u00e5 Els\u00f8vej. Det er Mors\u00f8 Erhvervsr\u00e5d der st\u00e5r bag. Ambitionen er at skabe et erhvervsf\u00e6llesskab for iv\u00e6rks\u00e6ttere, soloselvst\u00e6ndige og mindre virksomheder. Lige nu er ni virksomheder rykket ind, fordelt p\u00e5 11 lejere. M\u00e5let er, at parken er 85-90 procent fyldt op til september.<\/h5>\n<\/blockquote>\n<p>&nbsp;<\/p>\n<p><strong>To tovholdere skal f\u00e5 hverdagen til at fungere<\/strong><\/p>\n<p>Ved et af bordene sidder 26-\u00e5rige Amanda Pedersen Dybdal. Hun er intern tovholder \u2013 eller v\u00e6rt, som hun selv kalder det.<\/p>\n<p>\u2013 Det er mig, der st\u00e5r for alt det interne herude. Koordinering af aktiviteter, trivsel for lejerne, brugerm\u00f8der, onboarding og alt det praktiske, siger hun.<\/p>\n<p>Hun er i BusinessParken to dage om ugen og arbejder de \u00f8vrige dage som erhvervskoordinator hos Mors\u00f8 Erhvervsr\u00e5d.<\/p>\n<div id=\"attachment_172773\" style=\"width: 5194px\" class=\"wp-caption alignnone\"><img loading=\"lazy\" decoding=\"async\" aria-describedby=\"caption-attachment-172773\" class=\"wp-image-172773 size-full\" src=\"https:\/\/kunmedierne.dk\/mors\/wp-content\/uploads\/2026\/04\/design-uden-navn259.jpg\" alt=\"\" width=\"5184\" height=\"3456\" srcset=\"https:\/\/kunmedierne.dk\/mors\/wp-content\/uploads\/2026\/04\/design-uden-navn259.jpg 5184w, https:\/\/kunmedierne.dk\/mors\/wp-content\/uploads\/2026\/04\/design-uden-navn259-300x200.jpg 300w, https:\/\/kunmedierne.dk\/mors\/wp-content\/uploads\/2026\/04\/design-uden-navn259-1024x683.jpg 1024w, https:\/\/kunmedierne.dk\/mors\/wp-content\/uploads\/2026\/04\/design-uden-navn259-510x340.jpg 510w\" sizes=\"auto, (max-width: 5184px) 100vw, 5184px\" \/><p id=\"caption-attachment-172773\" class=\"wp-caption-text\">Amanda Pedersen Dybdal<\/p><\/div>\n<p>&nbsp;<\/p>\n<p>Ved et andet bord sidder 65-\u00e5rige Steen Moss Christensen. Han er ekstern tovholder og har ogs\u00e5 selv virksomhed i huset.<\/p>\n<p>\u2013 Jeg arbejder med det udadvendte. Det vil sige kontakt til potentielle lejere, sponsorer og samarbejdspartnere, siger han.<\/p>\n<p>Hans opgave er blandt andet at f\u00e5 flere virksomheder ind i huset og sikre, at \u00f8konomien h\u00e6nger sammen.<\/p>\n<p>&nbsp;<\/p>\n<p><strong>Ni virksomheder er flyttet ind<\/strong><\/p>\n<p>Lige nu er der ni virksomheder i BusinessPark Mors. De er fordelt p\u00e5 11 lejere.<\/p>\n<p>M\u00e5let er at n\u00e5 85 til 90 procent bel\u00e6gning til september. Det svarer til omkring 20-25 personer, afh\u00e6ngigt af hvor store virksomhederne er.<\/p>\n<p>\u2013 Vi har jo ni nu, og vi har kun v\u00e6ret i gang i to m\u00e5neder. Og der har ikke rigtig v\u00e6ret en ekstern s\u00e6lger p\u00e5. Det er f\u00f8rst nu, vi har det, siger Steen Moss Christensen\u00a0 med henvisning til sin egen rolle.<\/p>\n<a class=\"dvrt-link\" onClick=\"cdmtrack_click(147315,jQuery(this));return false\" href=\"https:\/\/sdrhaa.dk\/\"><img decoding=\"async\" style=\"width:100%;\" src=\"https:\/\/kunmedierne.dk\/mors\/wp-content\/uploads\/2025\/05\/260302Sdr-HaaDin-gebyrvenlige-sparekasse_mors-002.gif\"><\/a><script>cdmtrack_view(147315);<\/script>\n<p>Han understreger samtidig, at det ikke kun handler om at fylde alle pladser hurtigt.<\/p>\n<p>\u2013 Vi er n\u00f8dt til at have de rigtige. Der skal v\u00e6re noget kemi i det, siger han.<\/p>\n<p>&nbsp;<\/p>\n<p><strong>En arbejdsplads med ro til at arbejde<\/strong><\/p>\n<p>En af dem, der bruger huset til daglig, er 21-\u00e5rige Jonas Pipper.<\/p>\n<p>Han driver virksomheden Vocata Studio og arbejder blandt andet med hjemmesider for lokale virksomheder og udvikling af nye forbrugerapps.<\/p>\n<p>\u2013 Det har v\u00e6ret rigtig l\u00e6kkert for os at flytte herud. Det har givet os en lidt mere professionel arbejdsgang, siger han.<\/p>\n<div id=\"attachment_172769\" style=\"width: 5194px\" class=\"wp-caption alignnone\"><img loading=\"lazy\" decoding=\"async\" aria-describedby=\"caption-attachment-172769\" class=\"wp-image-172769 size-full\" src=\"https:\/\/kunmedierne.dk\/mors\/wp-content\/uploads\/2026\/04\/design-uden-navn255.jpg\" alt=\"\" width=\"5184\" height=\"3456\" srcset=\"https:\/\/kunmedierne.dk\/mors\/wp-content\/uploads\/2026\/04\/design-uden-navn255.jpg 5184w, https:\/\/kunmedierne.dk\/mors\/wp-content\/uploads\/2026\/04\/design-uden-navn255-300x200.jpg 300w, https:\/\/kunmedierne.dk\/mors\/wp-content\/uploads\/2026\/04\/design-uden-navn255-1024x683.jpg 1024w, https:\/\/kunmedierne.dk\/mors\/wp-content\/uploads\/2026\/04\/design-uden-navn255-510x340.jpg 510w\" sizes=\"auto, (max-width: 5184px) 100vw, 5184px\" \/><p id=\"caption-attachment-172769\" class=\"wp-caption-text\">Jonas Pipper er manden bag appen &#8220;UdenUSA&#8221; en app der kan scanne varer i supermarkedet. Appen kan fort\u00e6lle dig, om det produkt du st\u00e5r med er amerikansk. Appen blev meget popul\u00e6r i Danmark og Europa, da konflikten mellem USA og Gr\u00f8nland var p\u00e5 sit h\u00f8jeste.<\/p><\/div>\n<p>Jonas Pipper er i BusinessParken n\u00e6sten hver dag.<\/p>\n<p>\u2013 Du f\u00e5r et rigtigt kontor, du f\u00e5r m\u00f8delokaler, du kan bruge med dine kunder. Det giver et professionelt udtryk udefra, siger han.<\/p>\n<p>Han har ogs\u00e5 allerede f\u00e5et samarbejde ud af at sidde i huset.<\/p>\n<p>\u2013 Jeg samarbejder med S\u00f8ren fra Reklameavisen. Han har givet mig en masse r\u00e5d, og jeg hj\u00e6lper ham med hjemmesideopgaver til hans kunder. Det fungerer meget godt, siger Jonas Pipper.<\/p>\n<p>&nbsp;<\/p>\n<p><strong>Friskole\u00e5nd \u2013 f\u00e6llesskabet er afg\u00f8rende<\/strong><\/p>\n<p>N\u00e5r Amanda og Steen beskriver opstartsfasen, vender de flere gange tilbage til noget, de selv kalder en slags friskole\u00e5nd.<\/p>\n<p>Det handler ikke om, at lejerne skal st\u00e5 for reng\u00f8ring eller drift i det daglige. Men i begyndelsen har der v\u00e6ret enkelte f\u00e6llesdage, hvor folk m\u00f8des og tager fat sammen \u2013 som havedagen udenfor.<\/p>\n<p>\u2013 Det er frivilligt. Det er lidt ligesom en friskole, siger Steen Moss Christensen.<\/p>\n<a class=\"dvrt-link\" onClick=\"cdmtrack_click(104781,jQuery(this));return false\" href=\"https:\/\/www.fmspks.dk\/\"><img decoding=\"async\" style=\"width:100%;\" src=\"https:\/\/kunmedierne.dk\/mors\/wp-content\/uploads\/2022\/02\/vip-froeslev-mollerup-sparekasse.jpg\"><\/a><script>cdmtrack_view(104781);<\/script>\n<p>Han forklarer, at pointen is\u00e6r er at f\u00e5 folk til at l\u00e6re hinanden at kende.<\/p>\n<p>\u2013 Det er mere s\u00e5dan nogle ryste-sammen-ting. Senere bliver det mere arrangementer, hvor man m\u00f8des p\u00e5 en anden m\u00e5de, siger han.<\/p>\n<p><img loading=\"lazy\" decoding=\"async\" class=\"alignnone wp-image-172771 size-full\" src=\"https:\/\/kunmedierne.dk\/mors\/wp-content\/uploads\/2026\/04\/design-uden-navn257.jpg\" alt=\"\" width=\"5184\" height=\"3456\" srcset=\"https:\/\/kunmedierne.dk\/mors\/wp-content\/uploads\/2026\/04\/design-uden-navn257.jpg 5184w, https:\/\/kunmedierne.dk\/mors\/wp-content\/uploads\/2026\/04\/design-uden-navn257-300x200.jpg 300w, https:\/\/kunmedierne.dk\/mors\/wp-content\/uploads\/2026\/04\/design-uden-navn257-1024x683.jpg 1024w, https:\/\/kunmedierne.dk\/mors\/wp-content\/uploads\/2026\/04\/design-uden-navn257-510x340.jpg 510w\" sizes=\"auto, (max-width: 5184px) 100vw, 5184px\" \/><\/p>\n<p>Amanda Pedersen Dybdal nikker.<\/p>\n<p>\u2013 Vi vil gerne skabe det her n\u00e6rv\u00e6r. At man ikke bare sidder hver for sig, men ogs\u00e5 m\u00f8des og bruger hinanden, siger hun.<\/p>\n<p>I hverdagen er det mere enkle ting, der binder stedet sammen: morgenmad om tirsdagen, kaffe om torsdagen og planer om arrangementer som pizzafredag.<\/p>\n<p>&nbsp;<\/p>\n<p><strong>Unge og erfarne side om side<\/strong><\/p>\n<p>BusinessPark Mors er ikke kun for helt nye iv\u00e6rks\u00e6ttere. Der sidder ogs\u00e5 etablerede virksomheder og folk med mange \u00e5rs erfaring.<\/p>\n<p>\u2013 Der er en god blanding. Nogle er helt unge og virkelig skarpe, og andre har meget erfaring og et stort netv\u00e6rk, siger Steen Moss Christensen.<\/p>\n<p>Den blanding er bevidst.<\/p>\n<p>\u2013 Man kan bruge hinanden. Det er det, der giver v\u00e6rdi, siger han.<\/p>\n<p>Jonas Pipper h\u00e5ber, at flere unge vil finde vej til huset.<\/p>\n<p>\u2013 Generelt mangler vi nogle flere unge iv\u00e6rks\u00e6ttere p\u00e5 Mors. Det her er en god mulighed for at tage det et skridt videre, siger han.<\/p>\n<p>&nbsp;<\/p>\n<p><strong>Stadig under opbygning<\/strong><\/p>\n<p>Selvom huset er taget i brug, er der stadig ting, der mangler.<\/p>\n<p>Omr\u00e5det udenfor er ikke helt f\u00e6rdigt. Et st\u00f8rre skilt skal op. Indretningen kan \u00e6ndre sig, hvis der kommer flere lejere.<\/p>\n<p>\u2013 Det kan godt v\u00e6re, vi skal have flere skriveborde ind. Vi tilpasser os l\u00f8bende, siger Steen Moss Christensen.<\/p>\n<a class=\"dvrt-link\" onClick=\"cdmtrack_click(113414,jQuery(this));return false\" href=\"https:\/\/www.p-soerensen.dk\/\"><img decoding=\"async\" style=\"width:100%;\" src=\"https:\/\/kunmedierne.dk\/mors\/wp-content\/uploads\/2024\/03\/p-soerensen-juni25.jpg\"><\/a><script>cdmtrack_view(113414);<\/script>\n<p>Han l\u00e6gger ikke skjul p\u00e5, at opstarten har v\u00e6ret uj\u00e6vn.<\/p>\n<p>\u2013 Det har v\u00e6ret kaotisk. Det er det ofte, n\u00e5r man starter noget op, siger han.<\/p>\n<p>Samtidig peger han p\u00e5, at udviklingen g\u00e5r fremad.<\/p>\n<p>\u2013 Der er sket rigtig meget p\u00e5 kort tid, siger han.<\/p>\n<p>&nbsp;<\/p>\n<p><strong>Et sted midt imellem start og hverdag<\/strong><\/p>\n<p>N\u00e5r man g\u00e5r gennem gangene p\u00e5 Els\u00f8vej denne formiddag, er der b\u00e5de tegn p\u00e5 aktivitet og plads til flere.<\/p>\n<p>Der er folk ved skrivebordene. Der er m\u00f8delokaler klar til brug. Der er kontorer med navne p\u00e5 d\u00f8ren \u2013 og andre med skilte, der inviterer nye virksomheder indenfor.<\/p>\n<p>BusinessPark Mors er i gang.<\/p>\n<p>Og n\u00e6ste skridt afh\u00e6nger i h\u00f8j grad af, hvem der v\u00e6lger at flytte ind.<\/p>\n<blockquote>\n<h4><\/h4>\n<h4>L\u00c6S MERE HER:<\/h4>\n<h5><a href=\"https:\/\/kunmedierne.dk\/mors\/nu-skal-vi-droemme-stort-erhvervschefen-vil-goere-det-gamle-folkeblad-til-et-arnested-for-fremtidens-virksomheder\/\" target=\"_blank\" rel=\"noopener\">\u201cNu skal vi dr\u00f8mme stort\u201d \u2013 erhvervschefen vil g\u00f8re det gamle Folkeblad til et arnested for fremtidens virksomheder<\/a><\/h5>\n<h5><a href=\"https:\/\/kunmedierne.dk\/mors\/en-haj-i-doeren-og-et-digt-i-lommen-businesspark-mors-er-aabnet\/\" target=\"_blank\" rel=\"noopener\">En haj i d\u00f8ren og et digt i lommen: BusinessPark Mors er \u00e5bnet <\/a><\/h5>\n<\/blockquote>\n","protected":false},"excerpt":{"rendered":"<p>NYK\u00d8BING: En almindelig formiddag i BusinessPark Mors begynder ikke med kamp om battene ved bordtennisbordet eller k\u00f8 ved kaffemaskinen. Da KunMors bes\u00f8ger de gamle Folkeblad-lokaler p\u00e5 Els\u00f8vej, sidder de to nye tovholdere ved skrivebordene. Jonas Pipper, som driver Vocata Studio, er ogs\u00e5 m\u00f8dt ind, og udenfor g\u00e5r nogle h\u00e5ndv\u00e6rkere rundt og arbejder videre p\u00e5 de [&hellip;]<\/p>\n","protected":false},"author":2507,"featured_media":0,"comment_status":"closed","ping_status":"closed","sticky":false,"template":"","format":"standard","meta":{"_acf_changed":false,"footnotes":""},"categories":[51],"tags":[338,159],"class_list":["post-172768","post","type-post","status-publish","format-standard","hentry","category-lokalt","tag-arbejdsmarked","tag-erhverv"],"acf":[],"yoast_head":"<!-- This site is optimized with the Yoast SEO plugin v26.8 - https:\/\/yoast.com\/product\/yoast-seo-wordpress\/ -->\n<title>Morgenmad, friskole\u00e5nd og ni virksomheder:  S\u00e5dan g\u00e5r det i BusinessPark Mors - Mors<\/title>\n<meta name=\"robots\" content=\"index, follow, max-snippet:-1, max-image-preview:large, max-video-preview:-1\" \/>\n<link rel=\"canonical\" href=\"https:\/\/kunmedierne.dk\/mors\/morgenmad-friskoleaand-og-ni-virksomheder-saadan-gaar-det-i-businesspark-mors\/\" \/>\n<meta property=\"og:locale\" content=\"da_DK\" \/>\n<meta property=\"og:type\" content=\"article\" \/>\n<meta property=\"og:title\" content=\"Morgenmad, friskole\u00e5nd og ni virksomheder:  S\u00e5dan g\u00e5r det i BusinessPark Mors - Mors\" \/>\n<meta property=\"og:description\" content=\"NYK\u00d8BING: En almindelig formiddag i BusinessPark Mors begynder ikke med kamp om battene ved bordtennisbordet eller k\u00f8 ved kaffemaskinen. Da KunMors bes\u00f8ger de gamle Folkeblad-lokaler p\u00e5 Els\u00f8vej, sidder de to nye tovholdere ved skrivebordene. Jonas Pipper, som driver Vocata Studio, er ogs\u00e5 m\u00f8dt ind, og udenfor g\u00e5r nogle h\u00e5ndv\u00e6rkere rundt og arbejder videre p\u00e5 de [&hellip;]\" \/>\n<meta property=\"og:url\" content=\"https:\/\/kunmedierne.dk\/mors\/morgenmad-friskoleaand-og-ni-virksomheder-saadan-gaar-det-i-businesspark-mors\/\" \/>\n<meta property=\"og:site_name\" content=\"Mors\" \/>\n<meta property=\"article:published_time\" content=\"2026-04-29T09:58:13+00:00\" \/>\n<meta property=\"og:image\" content=\"https:\/\/kunmedierne.dk\/mors\/wp-content\/uploads\/2026\/04\/design-uden-navn258.jpg\" \/>\n<meta name=\"author\" content=\"Katrine Hedegaard\" \/>\n<meta name=\"twitter:card\" content=\"summary_large_image\" \/>\n<meta name=\"twitter:label1\" content=\"Skrevet af\" \/>\n\t<meta name=\"twitter:data1\" content=\"Katrine Hedegaard\" \/>\n\t<meta name=\"twitter:label2\" content=\"Estimeret l\u00e6setid\" \/>\n\t<meta name=\"twitter:data2\" content=\"7 minutter\" \/>\n<script type=\"application\/ld+json\" class=\"yoast-schema-graph\">{\"@context\":\"https:\/\/schema.org\",\"@graph\":[{\"@type\":\"Article\",\"@id\":\"https:\/\/kunmedierne.dk\/mors\/morgenmad-friskoleaand-og-ni-virksomheder-saadan-gaar-det-i-businesspark-mors\/#article\",\"isPartOf\":{\"@id\":\"https:\/\/kunmedierne.dk\/mors\/morgenmad-friskoleaand-og-ni-virksomheder-saadan-gaar-det-i-businesspark-mors\/\"},\"author\":{\"name\":\"Katrine Hedegaard\",\"@id\":\"https:\/\/kunmedierne.dk\/mors\/#\/schema\/person\/b2e62a38069b12365e53e087a8709c64\"},\"headline\":\"Morgenmad, friskole\u00e5nd og ni virksomheder: S\u00e5dan g\u00e5r det i BusinessPark Mors\",\"datePublished\":\"2026-04-29T09:58:13+00:00\",\"mainEntityOfPage\":{\"@id\":\"https:\/\/kunmedierne.dk\/mors\/morgenmad-friskoleaand-og-ni-virksomheder-saadan-gaar-det-i-businesspark-mors\/\"},\"wordCount\":1219,\"publisher\":{\"@id\":\"https:\/\/kunmedierne.dk\/mors\/#organization\"},\"image\":{\"@id\":\"https:\/\/kunmedierne.dk\/mors\/morgenmad-friskoleaand-og-ni-virksomheder-saadan-gaar-det-i-businesspark-mors\/#primaryimage\"},\"thumbnailUrl\":\"https:\/\/kunmedierne.dk\/mors\/wp-content\/uploads\/2026\/04\/design-uden-navn258.jpg\",\"keywords\":[\"Arbejdsmarked\",\"Erhverv\"],\"articleSection\":[\"Lokalt\"],\"inLanguage\":\"da-DK\"},{\"@type\":\"WebPage\",\"@id\":\"https:\/\/kunmedierne.dk\/mors\/morgenmad-friskoleaand-og-ni-virksomheder-saadan-gaar-det-i-businesspark-mors\/\",\"url\":\"https:\/\/kunmedierne.dk\/mors\/morgenmad-friskoleaand-og-ni-virksomheder-saadan-gaar-det-i-businesspark-mors\/\",\"name\":\"Morgenmad, friskole\u00e5nd og ni virksomheder: S\u00e5dan g\u00e5r det i BusinessPark Mors - Mors\",\"isPartOf\":{\"@id\":\"https:\/\/kunmedierne.dk\/mors\/#website\"},\"primaryImageOfPage\":{\"@id\":\"https:\/\/kunmedierne.dk\/mors\/morgenmad-friskoleaand-og-ni-virksomheder-saadan-gaar-det-i-businesspark-mors\/#primaryimage\"},\"image\":{\"@id\":\"https:\/\/kunmedierne.dk\/mors\/morgenmad-friskoleaand-og-ni-virksomheder-saadan-gaar-det-i-businesspark-mors\/#primaryimage\"},\"thumbnailUrl\":\"https:\/\/kunmedierne.dk\/mors\/wp-content\/uploads\/2026\/04\/design-uden-navn258.jpg\",\"datePublished\":\"2026-04-29T09:58:13+00:00\",\"breadcrumb\":{\"@id\":\"https:\/\/kunmedierne.dk\/mors\/morgenmad-friskoleaand-og-ni-virksomheder-saadan-gaar-det-i-businesspark-mors\/#breadcrumb\"},\"inLanguage\":\"da-DK\",\"potentialAction\":[{\"@type\":\"ReadAction\",\"target\":[\"https:\/\/kunmedierne.dk\/mors\/morgenmad-friskoleaand-og-ni-virksomheder-saadan-gaar-det-i-businesspark-mors\/\"]}]},{\"@type\":\"ImageObject\",\"inLanguage\":\"da-DK\",\"@id\":\"https:\/\/kunmedierne.dk\/mors\/morgenmad-friskoleaand-og-ni-virksomheder-saadan-gaar-det-i-businesspark-mors\/#primaryimage\",\"url\":\"https:\/\/kunmedierne.dk\/mors\/wp-content\/uploads\/2026\/04\/design-uden-navn258.jpg\",\"contentUrl\":\"https:\/\/kunmedierne.dk\/mors\/wp-content\/uploads\/2026\/04\/design-uden-navn258.jpg\",\"width\":5184,\"height\":3456},{\"@type\":\"BreadcrumbList\",\"@id\":\"https:\/\/kunmedierne.dk\/mors\/morgenmad-friskoleaand-og-ni-virksomheder-saadan-gaar-det-i-businesspark-mors\/#breadcrumb\",\"itemListElement\":[{\"@type\":\"ListItem\",\"position\":1,\"name\":\"Hjem\",\"item\":\"https:\/\/kunmedierne.dk\/mors\/\"},{\"@type\":\"ListItem\",\"position\":2,\"name\":\"Morgenmad, friskole\u00e5nd og ni virksomheder: S\u00e5dan g\u00e5r det i BusinessPark Mors\"}]},{\"@type\":\"WebSite\",\"@id\":\"https:\/\/kunmedierne.dk\/mors\/#website\",\"url\":\"https:\/\/kunmedierne.dk\/mors\/\",\"name\":\"Mors\",\"description\":\"et netmedie med journalistik om livet p\u00e5 Mors\",\"publisher\":{\"@id\":\"https:\/\/kunmedierne.dk\/mors\/#organization\"},\"potentialAction\":[{\"@type\":\"SearchAction\",\"target\":{\"@type\":\"EntryPoint\",\"urlTemplate\":\"https:\/\/kunmedierne.dk\/mors\/?s={search_term_string}\"},\"query-input\":{\"@type\":\"PropertyValueSpecification\",\"valueRequired\":true,\"valueName\":\"search_term_string\"}}],\"inLanguage\":\"da-DK\"},{\"@type\":\"Organization\",\"@id\":\"https:\/\/kunmedierne.dk\/mors\/#organization\",\"name\":\"Mors\",\"url\":\"https:\/\/kunmedierne.dk\/mors\/\",\"logo\":{\"@type\":\"ImageObject\",\"inLanguage\":\"da-DK\",\"@id\":\"https:\/\/kunmedierne.dk\/mors\/#\/schema\/logo\/image\/\",\"url\":\"https:\/\/kunmedierne.dk\/mors\/wp-content\/uploads\/2024\/08\/kunmors-logo.svg\",\"contentUrl\":\"https:\/\/kunmedierne.dk\/mors\/wp-content\/uploads\/2024\/08\/kunmors-logo.svg\",\"caption\":\"Mors\"},\"image\":{\"@id\":\"https:\/\/kunmedierne.dk\/mors\/#\/schema\/logo\/image\/\"}},{\"@type\":\"Person\",\"@id\":\"https:\/\/kunmedierne.dk\/mors\/#\/schema\/person\/b2e62a38069b12365e53e087a8709c64\",\"name\":\"Katrine Hedegaard\",\"image\":{\"@type\":\"ImageObject\",\"inLanguage\":\"da-DK\",\"@id\":\"https:\/\/kunmedierne.dk\/mors\/#\/schema\/person\/image\/\",\"url\":\"https:\/\/secure.gravatar.com\/avatar\/18a5c72fa9148052fd3ed5a58b40fc83cfdc9811090e6e6eec9539af058edcc0?s=96&d=mm&r=g\",\"contentUrl\":\"https:\/\/secure.gravatar.com\/avatar\/18a5c72fa9148052fd3ed5a58b40fc83cfdc9811090e6e6eec9539af058edcc0?s=96&d=mm&r=g\",\"caption\":\"Katrine Hedegaard\"},\"url\":\"https:\/\/kunmedierne.dk\/mors\/author\/katrine\/\"}]}<\/script>\n<!-- \/ Yoast SEO plugin. -->","yoast_head_json":{"title":"Morgenmad, friskole\u00e5nd og ni virksomheder:  S\u00e5dan g\u00e5r det i BusinessPark Mors - Mors","robots":{"index":"index","follow":"follow","max-snippet":"max-snippet:-1","max-image-preview":"max-image-preview:large","max-video-preview":"max-video-preview:-1"},"canonical":"https:\/\/kunmedierne.dk\/mors\/morgenmad-friskoleaand-og-ni-virksomheder-saadan-gaar-det-i-businesspark-mors\/","og_locale":"da_DK","og_type":"article","og_title":"Morgenmad, friskole\u00e5nd og ni virksomheder:  S\u00e5dan g\u00e5r det i BusinessPark Mors - Mors","og_description":"NYK\u00d8BING: En almindelig formiddag i BusinessPark Mors begynder ikke med kamp om battene ved bordtennisbordet eller k\u00f8 ved kaffemaskinen. Da KunMors bes\u00f8ger de gamle Folkeblad-lokaler p\u00e5 Els\u00f8vej, sidder de to nye tovholdere ved skrivebordene. Jonas Pipper, som driver Vocata Studio, er ogs\u00e5 m\u00f8dt ind, og udenfor g\u00e5r nogle h\u00e5ndv\u00e6rkere rundt og arbejder videre p\u00e5 de [&hellip;]","og_url":"https:\/\/kunmedierne.dk\/mors\/morgenmad-friskoleaand-og-ni-virksomheder-saadan-gaar-det-i-businesspark-mors\/","og_site_name":"Mors","article_published_time":"2026-04-29T09:58:13+00:00","og_image":[{"url":"https:\/\/kunmedierne.dk\/mors\/wp-content\/uploads\/2026\/04\/design-uden-navn258.jpg","type":"","width":"","height":""}],"author":"Katrine Hedegaard","twitter_card":"summary_large_image","twitter_misc":{"Skrevet af":"Katrine Hedegaard","Estimeret l\u00e6setid":"7 minutter"},"schema":{"@context":"https:\/\/schema.org","@graph":[{"@type":"Article","@id":"https:\/\/kunmedierne.dk\/mors\/morgenmad-friskoleaand-og-ni-virksomheder-saadan-gaar-det-i-businesspark-mors\/#article","isPartOf":{"@id":"https:\/\/kunmedierne.dk\/mors\/morgenmad-friskoleaand-og-ni-virksomheder-saadan-gaar-det-i-businesspark-mors\/"},"author":{"name":"Katrine Hedegaard","@id":"https:\/\/kunmedierne.dk\/mors\/#\/schema\/person\/b2e62a38069b12365e53e087a8709c64"},"headline":"Morgenmad, friskole\u00e5nd og ni virksomheder: S\u00e5dan g\u00e5r det i BusinessPark Mors","datePublished":"2026-04-29T09:58:13+00:00","mainEntityOfPage":{"@id":"https:\/\/kunmedierne.dk\/mors\/morgenmad-friskoleaand-og-ni-virksomheder-saadan-gaar-det-i-businesspark-mors\/"},"wordCount":1219,"publisher":{"@id":"https:\/\/kunmedierne.dk\/mors\/#organization"},"image":{"@id":"https:\/\/kunmedierne.dk\/mors\/morgenmad-friskoleaand-og-ni-virksomheder-saadan-gaar-det-i-businesspark-mors\/#primaryimage"},"thumbnailUrl":"https:\/\/kunmedierne.dk\/mors\/wp-content\/uploads\/2026\/04\/design-uden-navn258.jpg","keywords":["Arbejdsmarked","Erhverv"],"articleSection":["Lokalt"],"inLanguage":"da-DK"},{"@type":"WebPage","@id":"https:\/\/kunmedierne.dk\/mors\/morgenmad-friskoleaand-og-ni-virksomheder-saadan-gaar-det-i-businesspark-mors\/","url":"https:\/\/kunmedierne.dk\/mors\/morgenmad-friskoleaand-og-ni-virksomheder-saadan-gaar-det-i-businesspark-mors\/","name":"Morgenmad, friskole\u00e5nd og ni virksomheder: S\u00e5dan g\u00e5r det i BusinessPark Mors - Mors","isPartOf":{"@id":"https:\/\/kunmedierne.dk\/mors\/#website"},"primaryImageOfPage":{"@id":"https:\/\/kunmedierne.dk\/mors\/morgenmad-friskoleaand-og-ni-virksomheder-saadan-gaar-det-i-businesspark-mors\/#primaryimage"},"image":{"@id":"https:\/\/kunmedierne.dk\/mors\/morgenmad-friskoleaand-og-ni-virksomheder-saadan-gaar-det-i-businesspark-mors\/#primaryimage"},"thumbnailUrl":"https:\/\/kunmedierne.dk\/mors\/wp-content\/uploads\/2026\/04\/design-uden-navn258.jpg","datePublished":"2026-04-29T09:58:13+00:00","breadcrumb":{"@id":"https:\/\/kunmedierne.dk\/mors\/morgenmad-friskoleaand-og-ni-virksomheder-saadan-gaar-det-i-businesspark-mors\/#breadcrumb"},"inLanguage":"da-DK","potentialAction":[{"@type":"ReadAction","target":["https:\/\/kunmedierne.dk\/mors\/morgenmad-friskoleaand-og-ni-virksomheder-saadan-gaar-det-i-businesspark-mors\/"]}]},{"@type":"ImageObject","inLanguage":"da-DK","@id":"https:\/\/kunmedierne.dk\/mors\/morgenmad-friskoleaand-og-ni-virksomheder-saadan-gaar-det-i-businesspark-mors\/#primaryimage","url":"https:\/\/kunmedierne.dk\/mors\/wp-content\/uploads\/2026\/04\/design-uden-navn258.jpg","contentUrl":"https:\/\/kunmedierne.dk\/mors\/wp-content\/uploads\/2026\/04\/design-uden-navn258.jpg","width":5184,"height":3456},{"@type":"BreadcrumbList","@id":"https:\/\/kunmedierne.dk\/mors\/morgenmad-friskoleaand-og-ni-virksomheder-saadan-gaar-det-i-businesspark-mors\/#breadcrumb","itemListElement":[{"@type":"ListItem","position":1,"name":"Hjem","item":"https:\/\/kunmedierne.dk\/mors\/"},{"@type":"ListItem","position":2,"name":"Morgenmad, friskole\u00e5nd og ni virksomheder: S\u00e5dan g\u00e5r det i BusinessPark Mors"}]},{"@type":"WebSite","@id":"https:\/\/kunmedierne.dk\/mors\/#website","url":"https:\/\/kunmedierne.dk\/mors\/","name":"Mors","description":"et netmedie med journalistik om livet p\u00e5 Mors","publisher":{"@id":"https:\/\/kunmedierne.dk\/mors\/#organization"},"potentialAction":[{"@type":"SearchAction","target":{"@type":"EntryPoint","urlTemplate":"https:\/\/kunmedierne.dk\/mors\/?s={search_term_string}"},"query-input":{"@type":"PropertyValueSpecification","valueRequired":true,"valueName":"search_term_string"}}],"inLanguage":"da-DK"},{"@type":"Organization","@id":"https:\/\/kunmedierne.dk\/mors\/#organization","name":"Mors","url":"https:\/\/kunmedierne.dk\/mors\/","logo":{"@type":"ImageObject","inLanguage":"da-DK","@id":"https:\/\/kunmedierne.dk\/mors\/#\/schema\/logo\/image\/","url":"https:\/\/kunmedierne.dk\/mors\/wp-content\/uploads\/2024\/08\/kunmors-logo.svg","contentUrl":"https:\/\/kunmedierne.dk\/mors\/wp-content\/uploads\/2024\/08\/kunmors-logo.svg","caption":"Mors"},"image":{"@id":"https:\/\/kunmedierne.dk\/mors\/#\/schema\/logo\/image\/"}},{"@type":"Person","@id":"https:\/\/kunmedierne.dk\/mors\/#\/schema\/person\/b2e62a38069b12365e53e087a8709c64","name":"Katrine Hedegaard","image":{"@type":"ImageObject","inLanguage":"da-DK","@id":"https:\/\/kunmedierne.dk\/mors\/#\/schema\/person\/image\/","url":"https:\/\/secure.gravatar.com\/avatar\/18a5c72fa9148052fd3ed5a58b40fc83cfdc9811090e6e6eec9539af058edcc0?s=96&d=mm&r=g","contentUrl":"https:\/\/secure.gravatar.com\/avatar\/18a5c72fa9148052fd3ed5a58b40fc83cfdc9811090e6e6eec9539af058edcc0?s=96&d=mm&r=g","caption":"Katrine Hedegaard"},"url":"https:\/\/kunmedierne.dk\/mors\/author\/katrine\/"}]}},"_links":{"self":[{"href":"https:\/\/kunmedierne.dk\/mors\/wp-json\/wp\/v2\/posts\/172768","targetHints":{"allow":["GET"]}}],"collection":[{"href":"https:\/\/kunmedierne.dk\/mors\/wp-json\/wp\/v2\/posts"}],"about":[{"href":"https:\/\/kunmedierne.dk\/mors\/wp-json\/wp\/v2\/types\/post"}],"author":[{"embeddable":true,"href":"https:\/\/kunmedierne.dk\/mors\/wp-json\/wp\/v2\/users\/2507"}],"replies":[{"embeddable":true,"href":"https:\/\/kunmedierne.dk\/mors\/wp-json\/wp\/v2\/comments?post=172768"}],"version-history":[{"count":13,"href":"https:\/\/kunmedierne.dk\/mors\/wp-json\/wp\/v2\/posts\/172768\/revisions"}],"predecessor-version":[{"id":172790,"href":"https:\/\/kunmedierne.dk\/mors\/wp-json\/wp\/v2\/posts\/172768\/revisions\/172790"}],"wp:attachment":[{"href":"https:\/\/kunmedierne.dk\/mors\/wp-json\/wp\/v2\/media?parent=172768"}],"wp:term":[{"taxonomy":"category","embeddable":true,"href":"https:\/\/kunmedierne.dk\/mors\/wp-json\/wp\/v2\/categories?post=172768"},{"taxonomy":"post_tag","embeddable":true,"href":"https:\/\/kunmedierne.dk\/mors\/wp-json\/wp\/v2\/tags?post=172768"}],"curies":[{"name":"wp","href":"https:\/\/api.w.org\/{rel}","templated":true}]}}