{"id":172762,"date":"2026-04-29T16:01:07","date_gmt":"2026-04-29T14:01:07","guid":{"rendered":"https:\/\/kunmedierne.dk\/mors\/?p=172762"},"modified":"2026-04-29T16:01:40","modified_gmt":"2026-04-29T14:01:40","slug":"feggesundfaergen-far-er-ikke-sur-far-er-skuffet","status":"publish","type":"post","link":"https:\/\/kunmedierne.dk\/mors\/feggesundfaergen-far-er-ikke-sur-far-er-skuffet\/","title":{"rendered":"<SPAN>Feggesundf\u00e6rgen: <\/span>&#8220;Far er ikke sur, far er skuffet!&#8221;"},"content":{"rendered":"<p><strong>POLITIK<\/strong>: Det kan godt v\u00e6re, at de har trykket h\u00e5nd p\u00e5 en ny aftale, men der er stadig b\u00f8lgeskvulp p\u00e5 vandene imellem Mors og Thy efter forl\u00f8bet om Feggesundf\u00e6rgen.<\/p>\n<p>Det blev tydeligt, da Mors\u00f8s kommunalbestyrelse tirsdag<a href=\"https:\/\/kunmedierne.dk\/mors\/politiske-skud-imod-thy-da-mors-blev-alene-om-feggesundfaergen\/\" target=\"_blank\" rel=\"noopener\"> sagde god for den aftale<\/a>, som borgmester Jens Dahlgaard (S) og kommunaldirekt\u00f8r Rikke W\u00fcrtz har forhandlet p\u00e5 plads med Thisted Kommune om fremtiden for Feggesundf\u00e6rgen. Fra 2027 betaler Thisted Kommune to mio. kroner \u00e5rligt i tilskud, mens Mors\u00f8 Kommune alene st\u00e5r for drift, vedligeholdelse og uforudsete udgifter.<\/p>\n<a class=\"dvrt-link\" onClick=\"cdmtrack_click(111725,jQuery(this));return false\" href=\"https:\/\/www.thistedforsikring.dk\/?utm_source=partnerskaber&amp;utm_campaign=kun_mors\"><img decoding=\"async\" style=\"width:100%;\" src=\"https:\/\/kunmedierne.dk\/mors\/wp-content\/uploads\/2024\/02\/269409KunMors-ThistedFor-1.png\"><\/a><script>cdmtrack_view(111725);<\/script>\n<p>Det var Mors\u00f8-politikerne alt andet end tilfredse med, og der blev b\u00e5de skudt med v\u00e6rdiladede gloser og givet konkrete nedslag i sagens forl\u00f8b.<\/p>\n<p>Det sidste kom fra to med erfaring fra bestyrelsen bag I\/S Mors-Thy F\u00e6rgefart. Den var Poul Kristensen (S) en del af i fire \u00e5r frem til \u00e5rsskiftet, og han undrede sig over den udmelding, der kom fra Thisted i januar.<\/p>\n<p>&#8211; Jeg synes faktisk, det er usmageligt, at man ikke allerede for flere \u00e5r siden gjorde os opm\u00e6rksomme p\u00e5, at man \u00f8nskede at udtr\u00e6de. S\u00e5 kunne vi begynde at forberede os p\u00e5 det, sagde han, mens Meiner N\u00f8rgaard (DD), formand for f\u00e6rgebestyrelsen, nikkede.<\/p>\n<p>Poul Kristensen fortsatte om thyboernes fokus p\u00e5 f\u00e6rgebudgetter, at de ikke har bedt om at f\u00e5 nogle mere retvisende. Et synspunkt, som Meiner N\u00f8rgaard bakkede op om:<\/p>\n<p>&#8211; Vi pr\u00f8vede faktisk i sidste periode at f\u00e5 et punkt p\u00e5 dagsordenen om, at vi skulle have budgettet tilpasset den virkelige verden, frem for at man ved \u00e5rets udgang skal frems\u00e6tte ekstra regninger til de to kommuner. Nul og niks, det ville de ikke. For det s\u00e5 ikke godt ud p\u00e5 papiret med s\u00e5 stort et bel\u00f8b, s\u00e5 de ville hellere have en ekstraregning, sagde han.<\/p>\n<a class=\"dvrt-link\" onClick=\"cdmtrack_click(116504,jQuery(this));return false\" href=\"https:\/\/www.nybolig.dk\/ejendomsmaeglere\/nordvestjylland\/nybolig-morsoe-nykoebing-mors\"><img decoding=\"async\" style=\"width:100%;\" src=\"https:\/\/kunmedierne.dk\/mors\/wp-content\/uploads\/2024\/04\/250825Nybolig.jpg\"><\/a><script>cdmtrack_view(116504);<\/script>\n<p>Meiner N\u00f8rgaard tilf\u00f8jede, at der heller ikke l\u00f8d et eneste pip om fremtiden fra Thisted-politikerne, da seneste ekstraregning i slutningen af november blev sendt til de to kommuner.<\/p>\n<p>&#8211; Det vil jeg holde med dig i, Poul. Og det er lidt uholdbart i en bestyrelse, hvor man skal v\u00e6re nogenlunde enig, l\u00f8d det.<\/p>\n<p>KunMors har pr\u00e6senteret det ene af de to Thisted-medlemmer af f\u00e6rgebestyrelsen, Kristian Tilsted, for de to morsingboers synspunkt.\u00a0 Han er ikke enig i deres version, hvilket du kan l\u00e6se om i <a href=\"https:\/\/kunmedierne.dk\/mors\/tidligere-medlem-af-faergebestyrelsen-afviser-version-fra-morsoe-politikere\/\" target=\"_blank\" rel=\"noopener\">denne artikel<\/a>.<\/p>\n<p>&nbsp;<\/p>\n<p><strong>F\u00e6lles verbal \u00f8refigen til Thy<\/strong><\/p>\n<p>Enighed var til geng\u00e6ld i kommunalbestyrelsen p\u00e5 Mors om at give en kollektiv r\u00f8ffel til kollegaerne i Thisted.<\/p>\n<p>Det kom til udtryk fra begge sider af salen.<\/p>\n<p>Tina Hosbond (V) var en af dem, der sk\u00f8d s\u00e6rligt skarpt.<\/p>\n<p>&#8211; Jeg s\u00e5 til med store \u00f8jne og en del forundring, da vores borgerlige venner p\u00e5 den anden side af fjorden trak t\u00e6ppet v\u00e6k under et historisk samarbejde og tr\u00e5dte ud af en aftale, inden der var forhandlet en ny, sagde hun og brugte ord som &#8220;egoistisk&#8221;, &#8220;visionsl\u00f8st&#8221; og &#8220;rigtig, rigtig \u00e6rgerligt&#8221; for tilliden til fremtidens samarbejde.<\/p>\n<a class=\"dvrt-link\" onClick=\"cdmtrack_click(111725,jQuery(this));return false\" href=\"https:\/\/www.thistedforsikring.dk\/?utm_source=partnerskaber&amp;utm_campaign=kun_mors\"><img decoding=\"async\" style=\"width:100%;\" src=\"https:\/\/kunmedierne.dk\/mors\/wp-content\/uploads\/2024\/02\/269409KunMors-ThistedFor-1.png\"><\/a><script>cdmtrack_view(111725);<\/script>\n<p>Keld Kortegaard (K) beskrev det som &#8220;en kedelig sag&#8221; og Jette Jepsen (RV) som &#8220;en tr\u00e6ls sag&#8221;, mens Rasmus Christensen (V) brugte ord som &#8220;k\u00e6mpe skuffelse over flertallet i Thisted&#8221; og beskrev situationen som en, han var &#8220;rigtig, rigtig \u00e6rgerlig over.&#8221;<\/p>\n<p>Mest kontant i kritikken af thyboerne var Niels Kr. \u00d8stergaard (S).<\/p>\n<p>&#8211; Jeg troede, at infrastruktur var noget, vi var enige om i Vestjylland. At det var noget, vi var f\u00e6lles om, begyndte han relativt afd\u00e6mpet, men skruede s\u00e5 op:<\/p>\n<p>&#8211; Far er ikke sur, far er skuffet! Og jeg er virkelig skuffet over Thisted Kommune. Hvordan d\u00e6len kunne de komme i tanker om det?<\/p>\n<p>Niels Kr. \u00d8stergaard n\u00e6vnte samarbejdet om vejudvidelsen af Rute26, der kommer b\u00e5de Thy og Mors til gavn.<\/p>\n<a class=\"dvrt-link\" onClick=\"cdmtrack_click(104785,jQuery(this));return false\" href=\"https:\/\/www.facebook.com\/lyndrups\"><img decoding=\"async\" style=\"width:100%;\" src=\"https:\/\/kunmedierne.dk\/mors\/wp-content\/uploads\/2022\/02\/vip-lyndrups-rengoering.jpg\"><\/a><script>cdmtrack_view(104785);<\/script>\n<p>&#8211; Hvis man skulle v\u00e6re egoistisk og sige, at infrastruktur kun g\u00e6lder for Mors, s\u00e5 er det fuldst\u00e6ndig tudetosset, at vi har k\u00e6mpet side om side med Thisted for at f\u00e5 Hanstholm sat p\u00e5 landkortet, l\u00f8d det med tilf\u00f8jelsen:<\/p>\n<p>&#8211; Det var den rigtige beslutning at tage Hanstholm med, men det er denondenfl\u00f8jteme ikke i orden, at de springer fra en f\u00e6rgeaftale. Det er s\u00e5 uanst\u00e6ndigt, som noget kan v\u00e6re.<\/p>\n<p>&nbsp;<\/p>\n<p><strong>Udfordret af el-bilerne<\/strong><\/p>\n<p>Den 32 minutter lange behandling af punktet b\u00f8d dog ogs\u00e5 p\u00e5 andet end Thy-afklapsninger. Flere s\u00e5 fremad og h\u00e6ftede sig ved potentialer, der m\u00e5ske kommer til at styrke driften af f\u00e6rgen.<\/p>\n<p>Jesper Balle Kristensen (V) slog blandt andet p\u00e5 arbejdet med at g\u00f8re politikerne p\u00e5 Christiansborg opm\u00e6rksomme p\u00e5, at genvejsf\u00e6rgerne ogs\u00e5 er en national opgave, fordi de er en del af infrastrukturen b\u00e5de som en genvej for transport og anden trafik, mens de ogs\u00e5 aflaster broerne.<\/p>\n<p>&#8211; Det er derfor en v\u00e6rdi, der r\u00e6kker langt ud over kommunegr\u00e6nserne, sagde han.<\/p>\n<a class=\"dvrt-link\" onClick=\"cdmtrack_click(104780,jQuery(this));return false\" href=\"https:\/\/www.spard.dk\/\"><img decoding=\"async\" style=\"width:100%;\" src=\"https:\/\/kunmedierne.dk\/mors\/wp-content\/uploads\/2023\/12\/sparekassen-dk-maj25.gif\"><\/a><script>cdmtrack_view(104780);<\/script>\n<p>Flere n\u00e6vnte muligheden for et stigende passagertal, hvis Hanklit kommer p\u00e5 UNESCOs verdensarvsliste, og Lars R\u00f8ntved (SF) var p\u00e5 banen med opfordring til morsingboerne om brug af f\u00e6rgen &#8211; og ikke kun af dem, der g\u00f8r det dagligt.<\/p>\n<p>Det kan dog v\u00e6re en udfordring, mente Peter Lilleb\u00e6k (V) med henvisning til, at det stigende antal elbiler g\u00f8r det til en dyr l\u00f8sning for mange at tage f\u00e6rgen.<\/p>\n<p>&#8211; Det er for mig en af de v\u00e6sentligste \u00e5rsager til, at flere og flere v\u00e6lger at k\u00f8re udenom, sagde han og fik opbakning fra\u00a0\u00a0Anette Svindborg (DF).<\/p>\n<p>&#8211; En tur fra \u00d8ster J\u00f8lby til Aarhus og tilbage igen, koster os under en tier. Og n\u00e5r f\u00e6rgen koster godt og vel 180 kroner for en returbillet, kan det godt v\u00e6re, det kniber for nogen, sagde hun.<\/p>\n<a class=\"dvrt-link\" onClick=\"cdmtrack_click(104783,jQuery(this));return false\" href=\"https:\/\/konpap.dk\/\"><img decoding=\"async\" style=\"width:100%;\" src=\"https:\/\/kunmedierne.dk\/mors\/wp-content\/uploads\/2023\/10\/Kun-Mors-banner.jpg\"><\/a><script>cdmtrack_view(104783);<\/script>\n<p>Over for det indvendte Meiner N\u00f8rgaard, at to tredjedele af trafikken p\u00e5 f\u00e6rgen er tung trafik, som stadig har lange udsigter i forhold til at k\u00f8re p\u00e5 el. Men han anerkendte, at der er behov for at se p\u00e5 prisstrukturen for Feggesundf\u00e6rgen, lige som han i \u00f8vrigt indsk\u00f8d, at tallene for marts var positive.<\/p>\n<p>&nbsp;<\/p>\n<p><strong>Sammenhold p\u00e5 Mors<\/strong><\/p>\n<p>Endelig fandt en af politikerne anledning til et positivt nedslag p\u00e5 arml\u00e6gningen med thyboerne.\u00a0Det havde nemlig givet tidligt sammenhold for den nye kommunalbestyrelse p\u00e5 Mors, mente Malte Houe:<\/p>\n<a class=\"dvrt-link\" onClick=\"cdmtrack_click(104783,jQuery(this));return false\" href=\"https:\/\/konpap.dk\/\"><img decoding=\"async\" style=\"width:100%;\" src=\"https:\/\/kunmedierne.dk\/mors\/wp-content\/uploads\/2023\/10\/Kun-Mors-banner.jpg\"><\/a><script>cdmtrack_view(104783);<\/script>\n<p>&#8211; Efter en lang valgkamp med fokus p\u00e5 at vise forskelligheder stod man i januar hurtigt sammen. Alle gruppeform\u00e6nd m\u00f8dtes p\u00e5 Feggesundf\u00e6rgen om at f\u00e5 den bedst mulige l\u00f8sning. Det var rigtig dejligt, og det gav rigtig meget energi at opleve det s\u00e5 tidligt som nyvalgt politiker, l\u00f8d det.<\/p>\n<p>Tirsdag var sammenholdet i hvert fald stort nok til, at alle 21 stemte for den l\u00f8sning, de alle helst havde undg\u00e5et at skulle stemme om.<\/p>\n<blockquote>\n<h4>L\u00c6S OGS\u00c5:<\/h4>\n<h5><a href=\"https:\/\/kunmedierne.dk\/mors\/politiske-skud-imod-thy-da-mors-blev-alene-om-feggesundfaergen\/\">Politiske skud imod Thy, da Mors blev alene om Feggesundf\u00e6rgen<\/a><\/h5>\n<h5><a href=\"https:\/\/kunmedierne.dk\/mors\/tidligere-medlem-af-faergebestyrelsen-afviser-version-fra-morsoe-politikere\/\">Tidligere medlem af f\u00e6rgebestyrelsen afviser version fra Mors\u00f8-politikere<\/a><\/h5>\n<\/blockquote>\n","protected":false},"excerpt":{"rendered":"<p>POLITIK: Det kan godt v\u00e6re, at de har trykket h\u00e5nd p\u00e5 en ny aftale, men der er stadig b\u00f8lgeskvulp p\u00e5 vandene imellem Mors og Thy efter forl\u00f8bet om Feggesundf\u00e6rgen. Det blev tydeligt, da Mors\u00f8s kommunalbestyrelse tirsdag sagde god for den aftale, som borgmester Jens Dahlgaard (S) og kommunaldirekt\u00f8r Rikke W\u00fcrtz har forhandlet p\u00e5 plads med [&hellip;]<\/p>\n","protected":false},"author":8,"featured_media":0,"comment_status":"closed","ping_status":"closed","sticky":false,"template":"","format":"standard","meta":{"_acf_changed":false,"footnotes":""},"categories":[51],"tags":[167],"class_list":["post-172762","post","type-post","status-publish","format-standard","hentry","category-lokalt","tag-politik"],"acf":[],"yoast_head":"<!-- This site is optimized with the Yoast SEO plugin v26.8 - https:\/\/yoast.com\/product\/yoast-seo-wordpress\/ -->\n<title>Feggesundf\u00e6rgen: &quot;Far er ikke sur, far er skuffet!&quot; - Mors<\/title>\n<meta name=\"robots\" content=\"index, follow, max-snippet:-1, max-image-preview:large, max-video-preview:-1\" \/>\n<link rel=\"canonical\" href=\"https:\/\/kunmedierne.dk\/mors\/feggesundfaergen-far-er-ikke-sur-far-er-skuffet\/\" \/>\n<meta property=\"og:locale\" content=\"da_DK\" \/>\n<meta property=\"og:type\" content=\"article\" \/>\n<meta property=\"og:title\" content=\"Feggesundf\u00e6rgen: &quot;Far er ikke sur, far er skuffet!&quot; - Mors\" \/>\n<meta property=\"og:description\" content=\"POLITIK: Det kan godt v\u00e6re, at de har trykket h\u00e5nd p\u00e5 en ny aftale, men der er stadig b\u00f8lgeskvulp p\u00e5 vandene imellem Mors og Thy efter forl\u00f8bet om Feggesundf\u00e6rgen. Det blev tydeligt, da Mors\u00f8s kommunalbestyrelse tirsdag sagde god for den aftale, som borgmester Jens Dahlgaard (S) og kommunaldirekt\u00f8r Rikke W\u00fcrtz har forhandlet p\u00e5 plads med [&hellip;]\" \/>\n<meta property=\"og:url\" content=\"https:\/\/kunmedierne.dk\/mors\/feggesundfaergen-far-er-ikke-sur-far-er-skuffet\/\" \/>\n<meta property=\"og:site_name\" content=\"Mors\" \/>\n<meta property=\"article:published_time\" content=\"2026-04-29T14:01:07+00:00\" \/>\n<meta property=\"article:modified_time\" content=\"2026-04-29T14:01:40+00:00\" \/>\n<meta name=\"author\" content=\"David H\u00f8jmark\" \/>\n<meta name=\"twitter:card\" content=\"summary_large_image\" \/>\n<meta name=\"twitter:label1\" content=\"Skrevet af\" \/>\n\t<meta name=\"twitter:data1\" content=\"David H\u00f8jmark\" \/>\n\t<meta name=\"twitter:label2\" content=\"Estimeret l\u00e6setid\" \/>\n\t<meta name=\"twitter:data2\" content=\"6 minutter\" \/>\n<script type=\"application\/ld+json\" class=\"yoast-schema-graph\">{\"@context\":\"https:\/\/schema.org\",\"@graph\":[{\"@type\":\"Article\",\"@id\":\"https:\/\/kunmedierne.dk\/mors\/feggesundfaergen-far-er-ikke-sur-far-er-skuffet\/#article\",\"isPartOf\":{\"@id\":\"https:\/\/kunmedierne.dk\/mors\/feggesundfaergen-far-er-ikke-sur-far-er-skuffet\/\"},\"author\":{\"name\":\"David H\u00f8jmark\",\"@id\":\"https:\/\/kunmedierne.dk\/mors\/#\/schema\/person\/5fe23251bf1d0abbcdc6f7896579d548\"},\"headline\":\"Feggesundf\u00e6rgen: &#8220;Far er ikke sur, far er skuffet!&#8221;\",\"datePublished\":\"2026-04-29T14:01:07+00:00\",\"dateModified\":\"2026-04-29T14:01:40+00:00\",\"mainEntityOfPage\":{\"@id\":\"https:\/\/kunmedierne.dk\/mors\/feggesundfaergen-far-er-ikke-sur-far-er-skuffet\/\"},\"wordCount\":1193,\"publisher\":{\"@id\":\"https:\/\/kunmedierne.dk\/mors\/#organization\"},\"keywords\":[\"Politik\"],\"articleSection\":[\"Lokalt\"],\"inLanguage\":\"da-DK\"},{\"@type\":\"WebPage\",\"@id\":\"https:\/\/kunmedierne.dk\/mors\/feggesundfaergen-far-er-ikke-sur-far-er-skuffet\/\",\"url\":\"https:\/\/kunmedierne.dk\/mors\/feggesundfaergen-far-er-ikke-sur-far-er-skuffet\/\",\"name\":\"Feggesundf\u00e6rgen: \\\"Far er ikke sur, far er skuffet!\\\" - Mors\",\"isPartOf\":{\"@id\":\"https:\/\/kunmedierne.dk\/mors\/#website\"},\"datePublished\":\"2026-04-29T14:01:07+00:00\",\"dateModified\":\"2026-04-29T14:01:40+00:00\",\"breadcrumb\":{\"@id\":\"https:\/\/kunmedierne.dk\/mors\/feggesundfaergen-far-er-ikke-sur-far-er-skuffet\/#breadcrumb\"},\"inLanguage\":\"da-DK\",\"potentialAction\":[{\"@type\":\"ReadAction\",\"target\":[\"https:\/\/kunmedierne.dk\/mors\/feggesundfaergen-far-er-ikke-sur-far-er-skuffet\/\"]}]},{\"@type\":\"BreadcrumbList\",\"@id\":\"https:\/\/kunmedierne.dk\/mors\/feggesundfaergen-far-er-ikke-sur-far-er-skuffet\/#breadcrumb\",\"itemListElement\":[{\"@type\":\"ListItem\",\"position\":1,\"name\":\"Hjem\",\"item\":\"https:\/\/kunmedierne.dk\/mors\/\"},{\"@type\":\"ListItem\",\"position\":2,\"name\":\"Feggesundf\u00e6rgen: &#8220;Far er ikke sur, far er skuffet!&#8221;\"}]},{\"@type\":\"WebSite\",\"@id\":\"https:\/\/kunmedierne.dk\/mors\/#website\",\"url\":\"https:\/\/kunmedierne.dk\/mors\/\",\"name\":\"Mors\",\"description\":\"et netmedie med journalistik om livet p\u00e5 Mors\",\"publisher\":{\"@id\":\"https:\/\/kunmedierne.dk\/mors\/#organization\"},\"potentialAction\":[{\"@type\":\"SearchAction\",\"target\":{\"@type\":\"EntryPoint\",\"urlTemplate\":\"https:\/\/kunmedierne.dk\/mors\/?s={search_term_string}\"},\"query-input\":{\"@type\":\"PropertyValueSpecification\",\"valueRequired\":true,\"valueName\":\"search_term_string\"}}],\"inLanguage\":\"da-DK\"},{\"@type\":\"Organization\",\"@id\":\"https:\/\/kunmedierne.dk\/mors\/#organization\",\"name\":\"Mors\",\"url\":\"https:\/\/kunmedierne.dk\/mors\/\",\"logo\":{\"@type\":\"ImageObject\",\"inLanguage\":\"da-DK\",\"@id\":\"https:\/\/kunmedierne.dk\/mors\/#\/schema\/logo\/image\/\",\"url\":\"https:\/\/kunmedierne.dk\/mors\/wp-content\/uploads\/2024\/08\/kunmors-logo.svg\",\"contentUrl\":\"https:\/\/kunmedierne.dk\/mors\/wp-content\/uploads\/2024\/08\/kunmors-logo.svg\",\"caption\":\"Mors\"},\"image\":{\"@id\":\"https:\/\/kunmedierne.dk\/mors\/#\/schema\/logo\/image\/\"}},{\"@type\":\"Person\",\"@id\":\"https:\/\/kunmedierne.dk\/mors\/#\/schema\/person\/5fe23251bf1d0abbcdc6f7896579d548\",\"name\":\"David H\u00f8jmark\",\"image\":{\"@type\":\"ImageObject\",\"inLanguage\":\"da-DK\",\"@id\":\"https:\/\/kunmedierne.dk\/mors\/#\/schema\/person\/image\/\",\"url\":\"https:\/\/secure.gravatar.com\/avatar\/4315d6fb9ef244d729989f5f90268eb08d5bf8a3d84402f595fa194bb35784fd?s=96&d=mm&r=g\",\"contentUrl\":\"https:\/\/secure.gravatar.com\/avatar\/4315d6fb9ef244d729989f5f90268eb08d5bf8a3d84402f595fa194bb35784fd?s=96&d=mm&r=g\",\"caption\":\"David H\u00f8jmark\"},\"sameAs\":[\"https:\/\/www.kunmedierne.dk\"],\"url\":\"https:\/\/kunmedierne.dk\/mors\/author\/david\/\"}]}<\/script>\n<!-- \/ Yoast SEO plugin. -->","yoast_head_json":{"title":"Feggesundf\u00e6rgen: \"Far er ikke sur, far er skuffet!\" - Mors","robots":{"index":"index","follow":"follow","max-snippet":"max-snippet:-1","max-image-preview":"max-image-preview:large","max-video-preview":"max-video-preview:-1"},"canonical":"https:\/\/kunmedierne.dk\/mors\/feggesundfaergen-far-er-ikke-sur-far-er-skuffet\/","og_locale":"da_DK","og_type":"article","og_title":"Feggesundf\u00e6rgen: \"Far er ikke sur, far er skuffet!\" - Mors","og_description":"POLITIK: Det kan godt v\u00e6re, at de har trykket h\u00e5nd p\u00e5 en ny aftale, men der er stadig b\u00f8lgeskvulp p\u00e5 vandene imellem Mors og Thy efter forl\u00f8bet om Feggesundf\u00e6rgen. Det blev tydeligt, da Mors\u00f8s kommunalbestyrelse tirsdag sagde god for den aftale, som borgmester Jens Dahlgaard (S) og kommunaldirekt\u00f8r Rikke W\u00fcrtz har forhandlet p\u00e5 plads med [&hellip;]","og_url":"https:\/\/kunmedierne.dk\/mors\/feggesundfaergen-far-er-ikke-sur-far-er-skuffet\/","og_site_name":"Mors","article_published_time":"2026-04-29T14:01:07+00:00","article_modified_time":"2026-04-29T14:01:40+00:00","author":"David H\u00f8jmark","twitter_card":"summary_large_image","twitter_misc":{"Skrevet af":"David H\u00f8jmark","Estimeret l\u00e6setid":"6 minutter"},"schema":{"@context":"https:\/\/schema.org","@graph":[{"@type":"Article","@id":"https:\/\/kunmedierne.dk\/mors\/feggesundfaergen-far-er-ikke-sur-far-er-skuffet\/#article","isPartOf":{"@id":"https:\/\/kunmedierne.dk\/mors\/feggesundfaergen-far-er-ikke-sur-far-er-skuffet\/"},"author":{"name":"David H\u00f8jmark","@id":"https:\/\/kunmedierne.dk\/mors\/#\/schema\/person\/5fe23251bf1d0abbcdc6f7896579d548"},"headline":"Feggesundf\u00e6rgen: &#8220;Far er ikke sur, far er skuffet!&#8221;","datePublished":"2026-04-29T14:01:07+00:00","dateModified":"2026-04-29T14:01:40+00:00","mainEntityOfPage":{"@id":"https:\/\/kunmedierne.dk\/mors\/feggesundfaergen-far-er-ikke-sur-far-er-skuffet\/"},"wordCount":1193,"publisher":{"@id":"https:\/\/kunmedierne.dk\/mors\/#organization"},"keywords":["Politik"],"articleSection":["Lokalt"],"inLanguage":"da-DK"},{"@type":"WebPage","@id":"https:\/\/kunmedierne.dk\/mors\/feggesundfaergen-far-er-ikke-sur-far-er-skuffet\/","url":"https:\/\/kunmedierne.dk\/mors\/feggesundfaergen-far-er-ikke-sur-far-er-skuffet\/","name":"Feggesundf\u00e6rgen: \"Far er ikke sur, far er skuffet!\" - Mors","isPartOf":{"@id":"https:\/\/kunmedierne.dk\/mors\/#website"},"datePublished":"2026-04-29T14:01:07+00:00","dateModified":"2026-04-29T14:01:40+00:00","breadcrumb":{"@id":"https:\/\/kunmedierne.dk\/mors\/feggesundfaergen-far-er-ikke-sur-far-er-skuffet\/#breadcrumb"},"inLanguage":"da-DK","potentialAction":[{"@type":"ReadAction","target":["https:\/\/kunmedierne.dk\/mors\/feggesundfaergen-far-er-ikke-sur-far-er-skuffet\/"]}]},{"@type":"BreadcrumbList","@id":"https:\/\/kunmedierne.dk\/mors\/feggesundfaergen-far-er-ikke-sur-far-er-skuffet\/#breadcrumb","itemListElement":[{"@type":"ListItem","position":1,"name":"Hjem","item":"https:\/\/kunmedierne.dk\/mors\/"},{"@type":"ListItem","position":2,"name":"Feggesundf\u00e6rgen: &#8220;Far er ikke sur, far er skuffet!&#8221;"}]},{"@type":"WebSite","@id":"https:\/\/kunmedierne.dk\/mors\/#website","url":"https:\/\/kunmedierne.dk\/mors\/","name":"Mors","description":"et netmedie med journalistik om livet p\u00e5 Mors","publisher":{"@id":"https:\/\/kunmedierne.dk\/mors\/#organization"},"potentialAction":[{"@type":"SearchAction","target":{"@type":"EntryPoint","urlTemplate":"https:\/\/kunmedierne.dk\/mors\/?s={search_term_string}"},"query-input":{"@type":"PropertyValueSpecification","valueRequired":true,"valueName":"search_term_string"}}],"inLanguage":"da-DK"},{"@type":"Organization","@id":"https:\/\/kunmedierne.dk\/mors\/#organization","name":"Mors","url":"https:\/\/kunmedierne.dk\/mors\/","logo":{"@type":"ImageObject","inLanguage":"da-DK","@id":"https:\/\/kunmedierne.dk\/mors\/#\/schema\/logo\/image\/","url":"https:\/\/kunmedierne.dk\/mors\/wp-content\/uploads\/2024\/08\/kunmors-logo.svg","contentUrl":"https:\/\/kunmedierne.dk\/mors\/wp-content\/uploads\/2024\/08\/kunmors-logo.svg","caption":"Mors"},"image":{"@id":"https:\/\/kunmedierne.dk\/mors\/#\/schema\/logo\/image\/"}},{"@type":"Person","@id":"https:\/\/kunmedierne.dk\/mors\/#\/schema\/person\/5fe23251bf1d0abbcdc6f7896579d548","name":"David H\u00f8jmark","image":{"@type":"ImageObject","inLanguage":"da-DK","@id":"https:\/\/kunmedierne.dk\/mors\/#\/schema\/person\/image\/","url":"https:\/\/secure.gravatar.com\/avatar\/4315d6fb9ef244d729989f5f90268eb08d5bf8a3d84402f595fa194bb35784fd?s=96&d=mm&r=g","contentUrl":"https:\/\/secure.gravatar.com\/avatar\/4315d6fb9ef244d729989f5f90268eb08d5bf8a3d84402f595fa194bb35784fd?s=96&d=mm&r=g","caption":"David H\u00f8jmark"},"sameAs":["https:\/\/www.kunmedierne.dk"],"url":"https:\/\/kunmedierne.dk\/mors\/author\/david\/"}]}},"_links":{"self":[{"href":"https:\/\/kunmedierne.dk\/mors\/wp-json\/wp\/v2\/posts\/172762","targetHints":{"allow":["GET"]}}],"collection":[{"href":"https:\/\/kunmedierne.dk\/mors\/wp-json\/wp\/v2\/posts"}],"about":[{"href":"https:\/\/kunmedierne.dk\/mors\/wp-json\/wp\/v2\/types\/post"}],"author":[{"embeddable":true,"href":"https:\/\/kunmedierne.dk\/mors\/wp-json\/wp\/v2\/users\/8"}],"replies":[{"embeddable":true,"href":"https:\/\/kunmedierne.dk\/mors\/wp-json\/wp\/v2\/comments?post=172762"}],"version-history":[{"count":4,"href":"https:\/\/kunmedierne.dk\/mors\/wp-json\/wp\/v2\/posts\/172762\/revisions"}],"predecessor-version":[{"id":172812,"href":"https:\/\/kunmedierne.dk\/mors\/wp-json\/wp\/v2\/posts\/172762\/revisions\/172812"}],"wp:attachment":[{"href":"https:\/\/kunmedierne.dk\/mors\/wp-json\/wp\/v2\/media?parent=172762"}],"wp:term":[{"taxonomy":"category","embeddable":true,"href":"https:\/\/kunmedierne.dk\/mors\/wp-json\/wp\/v2\/categories?post=172762"},{"taxonomy":"post_tag","embeddable":true,"href":"https:\/\/kunmedierne.dk\/mors\/wp-json\/wp\/v2\/tags?post=172762"}],"curies":[{"name":"wp","href":"https:\/\/api.w.org\/{rel}","templated":true}]}}