{"id":172736,"date":"2026-04-28T19:39:19","date_gmt":"2026-04-28T17:39:19","guid":{"rendered":"https:\/\/kunmedierne.dk\/mors\/?p=172736"},"modified":"2026-04-28T19:39:19","modified_gmt":"2026-04-28T17:39:19","slug":"politiske-skud-imod-thy-da-mors-blev-alene-om-feggesundfaergen","status":"publish","type":"post","link":"https:\/\/kunmedierne.dk\/mors\/politiske-skud-imod-thy-da-mors-blev-alene-om-feggesundfaergen\/","title":{"rendered":"Politiske skud imod Thy, da Mors blev alene om Feggesundf\u00e6rgen"},"content":{"rendered":"<p><strong>POLITIK<\/strong>: Usmageligt. Egoistisk. Visionsl\u00f8st. K\u00e6mpe skuffelse. Uanst\u00e6ndigt.<\/p>\n<p>Hvis der havde v\u00e6ret en thybo til stede i byr\u00e5dssalen tirsdag aften, ville vedkommende v\u00e6re til at kende p\u00e5 de r\u00f8de \u00f8rer, for der blev sk\u00e6ldt ud med klar, f\u00e6lles r\u00f8st, da Mors\u00f8-politikerne godkendte en aftale, de dybest set ikke br\u00f8d sig om.<\/p>\n<a class=\"dvrt-link\" onClick=\"cdmtrack_click(104781,jQuery(this));return false\" href=\"https:\/\/www.fmspks.dk\/\"><img decoding=\"async\" style=\"width:100%;\" src=\"https:\/\/kunmedierne.dk\/mors\/wp-content\/uploads\/2022\/02\/vip-froeslev-mollerup-sparekasse.jpg\"><\/a><script>cdmtrack_view(104781);<\/script>\n<p>Det var fremtiden for det f\u00e6lleskommunale selskab Mors-Thy F\u00e6rgefart, der var p\u00e5 dagsordenen. Som bekendt har Thisted Kommune valgt at forlade samarbejdet for i stedet at bidrage med et \u00e5rligt tilskud &#8211; j\u00e6vnf\u00f8r den aftale, parterne siden thyboernes udmelding i januar har forhandlet sig frem til.<\/p>\n<p>Den blev beskrevet som &#8220;det muliges kunst&#8221; og f\u00f8rte fra begge sider i byr\u00e5dssalen anerkendelse af borgmester Jens Dahlgaard (S) og kommunaldirekt\u00f8r Rikke W\u00fcrtz for at have f\u00e5et det bedst mulige ud af en vanskelig situation. Men lige s\u00e5 enig var man om utilfredsheden med flertallet i Thisted Kommunalbestyrelse, der over en bred kam blev anset som illoyale.<\/p>\n<p>&#8211; Far er ikke sur, far er skuffet, l\u00f8d det eksempelvis fra Niels Kr. \u00d8stergaard (S) i et udsagn, der ellers nok l\u00f8d, som om han var lige s\u00e5 sur som skuffet.<\/p>\n<a class=\"dvrt-link\" onClick=\"cdmtrack_click(104778,jQuery(this));return false\" href=\"https:\/\/vester-begr.dk\/?gclid=CjwKCAjw5Kv7BRBSEiwAXGDElQB6WMfm9CgYVrruty-I1gaOkTkC3mlA4QRDtYNsxYgVC8sNzAJ7WhoCmBsQAvD_BwE\"><img decoding=\"async\" style=\"width:100%;\" src=\"https:\/\/kunmedierne.dk\/mors\/wp-content\/uploads\/2023\/10\/260203VesterHoukaer-02022026.jpg\"><\/a><script>cdmtrack_view(104778);<\/script>\n<p>Punktet var et af flere med bred talelyst p\u00e5 et mere end halvanden time langt kommunalbestyrelsesm\u00f8de. Du kan l\u00e6se mere om behandlingen p\u00e5 KunMors onsdag og m\u00f8det i det hele taget i de kommende dage.<\/p>\n<p>Kommunalbestyrelsen i Thisted Kommune har ogs\u00e5 den nye aftale om Mors-Thy F\u00e6rgefart p\u00e5 sin dagsorden tirsdag.<\/p>\n","protected":false},"excerpt":{"rendered":"<p>POLITIK: Usmageligt. Egoistisk. Visionsl\u00f8st. K\u00e6mpe skuffelse. Uanst\u00e6ndigt. Hvis der havde v\u00e6ret en thybo til stede i byr\u00e5dssalen tirsdag aften, ville vedkommende v\u00e6re til at kende p\u00e5 de r\u00f8de \u00f8rer, for der blev sk\u00e6ldt ud med klar, f\u00e6lles r\u00f8st, da Mors\u00f8-politikerne godkendte en aftale, de dybest set ikke br\u00f8d sig om. Det var fremtiden for det [&hellip;]<\/p>\n","protected":false},"author":8,"featured_media":0,"comment_status":"closed","ping_status":"closed","sticky":false,"template":"","format":"standard","meta":{"_acf_changed":false,"footnotes":""},"categories":[51],"tags":[167],"class_list":["post-172736","post","type-post","status-publish","format-standard","hentry","category-lokalt","tag-politik"],"acf":[],"yoast_head":"<!-- This site is optimized with the Yoast SEO plugin v26.8 - https:\/\/yoast.com\/product\/yoast-seo-wordpress\/ -->\n<title>Politiske skud imod Thy, da Mors blev alene om Feggesundf\u00e6rgen - Mors<\/title>\n<meta name=\"robots\" content=\"index, follow, max-snippet:-1, max-image-preview:large, max-video-preview:-1\" \/>\n<link rel=\"canonical\" href=\"https:\/\/kunmedierne.dk\/mors\/politiske-skud-imod-thy-da-mors-blev-alene-om-feggesundfaergen\/\" \/>\n<meta property=\"og:locale\" content=\"da_DK\" \/>\n<meta property=\"og:type\" content=\"article\" \/>\n<meta property=\"og:title\" content=\"Politiske skud imod Thy, da Mors blev alene om Feggesundf\u00e6rgen - Mors\" \/>\n<meta property=\"og:description\" content=\"POLITIK: Usmageligt. Egoistisk. Visionsl\u00f8st. K\u00e6mpe skuffelse. Uanst\u00e6ndigt. Hvis der havde v\u00e6ret en thybo til stede i byr\u00e5dssalen tirsdag aften, ville vedkommende v\u00e6re til at kende p\u00e5 de r\u00f8de \u00f8rer, for der blev sk\u00e6ldt ud med klar, f\u00e6lles r\u00f8st, da Mors\u00f8-politikerne godkendte en aftale, de dybest set ikke br\u00f8d sig om. Det var fremtiden for det [&hellip;]\" \/>\n<meta property=\"og:url\" content=\"https:\/\/kunmedierne.dk\/mors\/politiske-skud-imod-thy-da-mors-blev-alene-om-feggesundfaergen\/\" \/>\n<meta property=\"og:site_name\" content=\"Mors\" \/>\n<meta property=\"article:published_time\" content=\"2026-04-28T17:39:19+00:00\" \/>\n<meta name=\"author\" content=\"David H\u00f8jmark\" \/>\n<meta name=\"twitter:card\" content=\"summary_large_image\" \/>\n<meta name=\"twitter:label1\" content=\"Skrevet af\" \/>\n\t<meta name=\"twitter:data1\" content=\"David H\u00f8jmark\" \/>\n\t<meta name=\"twitter:label2\" content=\"Estimeret l\u00e6setid\" \/>\n\t<meta name=\"twitter:data2\" content=\"2 minutter\" \/>\n<script type=\"application\/ld+json\" class=\"yoast-schema-graph\">{\"@context\":\"https:\/\/schema.org\",\"@graph\":[{\"@type\":\"Article\",\"@id\":\"https:\/\/kunmedierne.dk\/mors\/politiske-skud-imod-thy-da-mors-blev-alene-om-feggesundfaergen\/#article\",\"isPartOf\":{\"@id\":\"https:\/\/kunmedierne.dk\/mors\/politiske-skud-imod-thy-da-mors-blev-alene-om-feggesundfaergen\/\"},\"author\":{\"name\":\"David H\u00f8jmark\",\"@id\":\"https:\/\/kunmedierne.dk\/mors\/#\/schema\/person\/5fe23251bf1d0abbcdc6f7896579d548\"},\"headline\":\"Politiske skud imod Thy, da Mors blev alene om Feggesundf\u00e6rgen\",\"datePublished\":\"2026-04-28T17:39:19+00:00\",\"mainEntityOfPage\":{\"@id\":\"https:\/\/kunmedierne.dk\/mors\/politiske-skud-imod-thy-da-mors-blev-alene-om-feggesundfaergen\/\"},\"wordCount\":279,\"publisher\":{\"@id\":\"https:\/\/kunmedierne.dk\/mors\/#organization\"},\"keywords\":[\"Politik\"],\"articleSection\":[\"Lokalt\"],\"inLanguage\":\"da-DK\"},{\"@type\":\"WebPage\",\"@id\":\"https:\/\/kunmedierne.dk\/mors\/politiske-skud-imod-thy-da-mors-blev-alene-om-feggesundfaergen\/\",\"url\":\"https:\/\/kunmedierne.dk\/mors\/politiske-skud-imod-thy-da-mors-blev-alene-om-feggesundfaergen\/\",\"name\":\"Politiske skud imod Thy, da Mors blev alene om Feggesundf\u00e6rgen - Mors\",\"isPartOf\":{\"@id\":\"https:\/\/kunmedierne.dk\/mors\/#website\"},\"datePublished\":\"2026-04-28T17:39:19+00:00\",\"breadcrumb\":{\"@id\":\"https:\/\/kunmedierne.dk\/mors\/politiske-skud-imod-thy-da-mors-blev-alene-om-feggesundfaergen\/#breadcrumb\"},\"inLanguage\":\"da-DK\",\"potentialAction\":[{\"@type\":\"ReadAction\",\"target\":[\"https:\/\/kunmedierne.dk\/mors\/politiske-skud-imod-thy-da-mors-blev-alene-om-feggesundfaergen\/\"]}]},{\"@type\":\"BreadcrumbList\",\"@id\":\"https:\/\/kunmedierne.dk\/mors\/politiske-skud-imod-thy-da-mors-blev-alene-om-feggesundfaergen\/#breadcrumb\",\"itemListElement\":[{\"@type\":\"ListItem\",\"position\":1,\"name\":\"Hjem\",\"item\":\"https:\/\/kunmedierne.dk\/mors\/\"},{\"@type\":\"ListItem\",\"position\":2,\"name\":\"Politiske skud imod Thy, da Mors blev alene om Feggesundf\u00e6rgen\"}]},{\"@type\":\"WebSite\",\"@id\":\"https:\/\/kunmedierne.dk\/mors\/#website\",\"url\":\"https:\/\/kunmedierne.dk\/mors\/\",\"name\":\"Mors\",\"description\":\"et netmedie med journalistik om livet p\u00e5 Mors\",\"publisher\":{\"@id\":\"https:\/\/kunmedierne.dk\/mors\/#organization\"},\"potentialAction\":[{\"@type\":\"SearchAction\",\"target\":{\"@type\":\"EntryPoint\",\"urlTemplate\":\"https:\/\/kunmedierne.dk\/mors\/?s={search_term_string}\"},\"query-input\":{\"@type\":\"PropertyValueSpecification\",\"valueRequired\":true,\"valueName\":\"search_term_string\"}}],\"inLanguage\":\"da-DK\"},{\"@type\":\"Organization\",\"@id\":\"https:\/\/kunmedierne.dk\/mors\/#organization\",\"name\":\"Mors\",\"url\":\"https:\/\/kunmedierne.dk\/mors\/\",\"logo\":{\"@type\":\"ImageObject\",\"inLanguage\":\"da-DK\",\"@id\":\"https:\/\/kunmedierne.dk\/mors\/#\/schema\/logo\/image\/\",\"url\":\"https:\/\/kunmedierne.dk\/mors\/wp-content\/uploads\/2024\/08\/kunmors-logo.svg\",\"contentUrl\":\"https:\/\/kunmedierne.dk\/mors\/wp-content\/uploads\/2024\/08\/kunmors-logo.svg\",\"caption\":\"Mors\"},\"image\":{\"@id\":\"https:\/\/kunmedierne.dk\/mors\/#\/schema\/logo\/image\/\"}},{\"@type\":\"Person\",\"@id\":\"https:\/\/kunmedierne.dk\/mors\/#\/schema\/person\/5fe23251bf1d0abbcdc6f7896579d548\",\"name\":\"David H\u00f8jmark\",\"image\":{\"@type\":\"ImageObject\",\"inLanguage\":\"da-DK\",\"@id\":\"https:\/\/kunmedierne.dk\/mors\/#\/schema\/person\/image\/\",\"url\":\"https:\/\/secure.gravatar.com\/avatar\/4315d6fb9ef244d729989f5f90268eb08d5bf8a3d84402f595fa194bb35784fd?s=96&d=mm&r=g\",\"contentUrl\":\"https:\/\/secure.gravatar.com\/avatar\/4315d6fb9ef244d729989f5f90268eb08d5bf8a3d84402f595fa194bb35784fd?s=96&d=mm&r=g\",\"caption\":\"David H\u00f8jmark\"},\"sameAs\":[\"https:\/\/www.kunmedierne.dk\"],\"url\":\"https:\/\/kunmedierne.dk\/mors\/author\/david\/\"}]}<\/script>\n<!-- \/ Yoast SEO plugin. -->","yoast_head_json":{"title":"Politiske skud imod Thy, da Mors blev alene om Feggesundf\u00e6rgen - Mors","robots":{"index":"index","follow":"follow","max-snippet":"max-snippet:-1","max-image-preview":"max-image-preview:large","max-video-preview":"max-video-preview:-1"},"canonical":"https:\/\/kunmedierne.dk\/mors\/politiske-skud-imod-thy-da-mors-blev-alene-om-feggesundfaergen\/","og_locale":"da_DK","og_type":"article","og_title":"Politiske skud imod Thy, da Mors blev alene om Feggesundf\u00e6rgen - Mors","og_description":"POLITIK: Usmageligt. Egoistisk. Visionsl\u00f8st. K\u00e6mpe skuffelse. Uanst\u00e6ndigt. Hvis der havde v\u00e6ret en thybo til stede i byr\u00e5dssalen tirsdag aften, ville vedkommende v\u00e6re til at kende p\u00e5 de r\u00f8de \u00f8rer, for der blev sk\u00e6ldt ud med klar, f\u00e6lles r\u00f8st, da Mors\u00f8-politikerne godkendte en aftale, de dybest set ikke br\u00f8d sig om. Det var fremtiden for det [&hellip;]","og_url":"https:\/\/kunmedierne.dk\/mors\/politiske-skud-imod-thy-da-mors-blev-alene-om-feggesundfaergen\/","og_site_name":"Mors","article_published_time":"2026-04-28T17:39:19+00:00","author":"David H\u00f8jmark","twitter_card":"summary_large_image","twitter_misc":{"Skrevet af":"David H\u00f8jmark","Estimeret l\u00e6setid":"2 minutter"},"schema":{"@context":"https:\/\/schema.org","@graph":[{"@type":"Article","@id":"https:\/\/kunmedierne.dk\/mors\/politiske-skud-imod-thy-da-mors-blev-alene-om-feggesundfaergen\/#article","isPartOf":{"@id":"https:\/\/kunmedierne.dk\/mors\/politiske-skud-imod-thy-da-mors-blev-alene-om-feggesundfaergen\/"},"author":{"name":"David H\u00f8jmark","@id":"https:\/\/kunmedierne.dk\/mors\/#\/schema\/person\/5fe23251bf1d0abbcdc6f7896579d548"},"headline":"Politiske skud imod Thy, da Mors blev alene om Feggesundf\u00e6rgen","datePublished":"2026-04-28T17:39:19+00:00","mainEntityOfPage":{"@id":"https:\/\/kunmedierne.dk\/mors\/politiske-skud-imod-thy-da-mors-blev-alene-om-feggesundfaergen\/"},"wordCount":279,"publisher":{"@id":"https:\/\/kunmedierne.dk\/mors\/#organization"},"keywords":["Politik"],"articleSection":["Lokalt"],"inLanguage":"da-DK"},{"@type":"WebPage","@id":"https:\/\/kunmedierne.dk\/mors\/politiske-skud-imod-thy-da-mors-blev-alene-om-feggesundfaergen\/","url":"https:\/\/kunmedierne.dk\/mors\/politiske-skud-imod-thy-da-mors-blev-alene-om-feggesundfaergen\/","name":"Politiske skud imod Thy, da Mors blev alene om Feggesundf\u00e6rgen - Mors","isPartOf":{"@id":"https:\/\/kunmedierne.dk\/mors\/#website"},"datePublished":"2026-04-28T17:39:19+00:00","breadcrumb":{"@id":"https:\/\/kunmedierne.dk\/mors\/politiske-skud-imod-thy-da-mors-blev-alene-om-feggesundfaergen\/#breadcrumb"},"inLanguage":"da-DK","potentialAction":[{"@type":"ReadAction","target":["https:\/\/kunmedierne.dk\/mors\/politiske-skud-imod-thy-da-mors-blev-alene-om-feggesundfaergen\/"]}]},{"@type":"BreadcrumbList","@id":"https:\/\/kunmedierne.dk\/mors\/politiske-skud-imod-thy-da-mors-blev-alene-om-feggesundfaergen\/#breadcrumb","itemListElement":[{"@type":"ListItem","position":1,"name":"Hjem","item":"https:\/\/kunmedierne.dk\/mors\/"},{"@type":"ListItem","position":2,"name":"Politiske skud imod Thy, da Mors blev alene om Feggesundf\u00e6rgen"}]},{"@type":"WebSite","@id":"https:\/\/kunmedierne.dk\/mors\/#website","url":"https:\/\/kunmedierne.dk\/mors\/","name":"Mors","description":"et netmedie med journalistik om livet p\u00e5 Mors","publisher":{"@id":"https:\/\/kunmedierne.dk\/mors\/#organization"},"potentialAction":[{"@type":"SearchAction","target":{"@type":"EntryPoint","urlTemplate":"https:\/\/kunmedierne.dk\/mors\/?s={search_term_string}"},"query-input":{"@type":"PropertyValueSpecification","valueRequired":true,"valueName":"search_term_string"}}],"inLanguage":"da-DK"},{"@type":"Organization","@id":"https:\/\/kunmedierne.dk\/mors\/#organization","name":"Mors","url":"https:\/\/kunmedierne.dk\/mors\/","logo":{"@type":"ImageObject","inLanguage":"da-DK","@id":"https:\/\/kunmedierne.dk\/mors\/#\/schema\/logo\/image\/","url":"https:\/\/kunmedierne.dk\/mors\/wp-content\/uploads\/2024\/08\/kunmors-logo.svg","contentUrl":"https:\/\/kunmedierne.dk\/mors\/wp-content\/uploads\/2024\/08\/kunmors-logo.svg","caption":"Mors"},"image":{"@id":"https:\/\/kunmedierne.dk\/mors\/#\/schema\/logo\/image\/"}},{"@type":"Person","@id":"https:\/\/kunmedierne.dk\/mors\/#\/schema\/person\/5fe23251bf1d0abbcdc6f7896579d548","name":"David H\u00f8jmark","image":{"@type":"ImageObject","inLanguage":"da-DK","@id":"https:\/\/kunmedierne.dk\/mors\/#\/schema\/person\/image\/","url":"https:\/\/secure.gravatar.com\/avatar\/4315d6fb9ef244d729989f5f90268eb08d5bf8a3d84402f595fa194bb35784fd?s=96&d=mm&r=g","contentUrl":"https:\/\/secure.gravatar.com\/avatar\/4315d6fb9ef244d729989f5f90268eb08d5bf8a3d84402f595fa194bb35784fd?s=96&d=mm&r=g","caption":"David H\u00f8jmark"},"sameAs":["https:\/\/www.kunmedierne.dk"],"url":"https:\/\/kunmedierne.dk\/mors\/author\/david\/"}]}},"_links":{"self":[{"href":"https:\/\/kunmedierne.dk\/mors\/wp-json\/wp\/v2\/posts\/172736","targetHints":{"allow":["GET"]}}],"collection":[{"href":"https:\/\/kunmedierne.dk\/mors\/wp-json\/wp\/v2\/posts"}],"about":[{"href":"https:\/\/kunmedierne.dk\/mors\/wp-json\/wp\/v2\/types\/post"}],"author":[{"embeddable":true,"href":"https:\/\/kunmedierne.dk\/mors\/wp-json\/wp\/v2\/users\/8"}],"replies":[{"embeddable":true,"href":"https:\/\/kunmedierne.dk\/mors\/wp-json\/wp\/v2\/comments?post=172736"}],"version-history":[{"count":2,"href":"https:\/\/kunmedierne.dk\/mors\/wp-json\/wp\/v2\/posts\/172736\/revisions"}],"predecessor-version":[{"id":172739,"href":"https:\/\/kunmedierne.dk\/mors\/wp-json\/wp\/v2\/posts\/172736\/revisions\/172739"}],"wp:attachment":[{"href":"https:\/\/kunmedierne.dk\/mors\/wp-json\/wp\/v2\/media?parent=172736"}],"wp:term":[{"taxonomy":"category","embeddable":true,"href":"https:\/\/kunmedierne.dk\/mors\/wp-json\/wp\/v2\/categories?post=172736"},{"taxonomy":"post_tag","embeddable":true,"href":"https:\/\/kunmedierne.dk\/mors\/wp-json\/wp\/v2\/tags?post=172736"}],"curies":[{"name":"wp","href":"https:\/\/api.w.org\/{rel}","templated":true}]}}