{"id":172726,"date":"2026-04-28T14:47:53","date_gmt":"2026-04-28T12:47:53","guid":{"rendered":"https:\/\/kunmedierne.dk\/mors\/?p=172726"},"modified":"2026-04-28T14:49:38","modified_gmt":"2026-04-28T12:49:38","slug":"laeserbrev-skal-kommuner-finansiere-national-infrastruktur","status":"publish","type":"post","link":"https:\/\/kunmedierne.dk\/mors\/laeserbrev-skal-kommuner-finansiere-national-infrastruktur\/","title":{"rendered":"<span>L\u00e6serbrev: <\/span>Skal kommuner finansiere national infrastruktur?"},"content":{"rendered":"<p><strong>DEBAT<\/strong>: Sammenh\u00e6ngskraft er ikke blot noget abstrakt. Eller social lim som holder f\u00e6llesskabet sammen. I virkelighedens Danmark \u2013 d\u00e9r hvor hverdagen leves \u2013 er sammenh\u00e6ngskraft ogs\u00e5 langt mere lavpraktisk. Og nogen gange er sammenh\u00e6ngskraften noget der sejler!<\/p>\n<a class=\"dvrt-link\" onClick=\"cdmtrack_click(104778,jQuery(this));return false\" href=\"https:\/\/vester-begr.dk\/?gclid=CjwKCAjw5Kv7BRBSEiwAXGDElQB6WMfm9CgYVrruty-I1gaOkTkC3mlA4QRDtYNsxYgVC8sNzAJ7WhoCmBsQAvD_BwE\"><img decoding=\"async\" style=\"width:100%;\" src=\"https:\/\/kunmedierne.dk\/mors\/wp-content\/uploads\/2023\/10\/260203VesterHoukaer-02022026.jpg\"><\/a><script>cdmtrack_view(104778);<\/script>\n<p>Det g\u00e6lder for de mange f\u00e6rger til de danske \u00f8er. Den del af infrastrukturen prioriterer vi heldigvis. I Indenrigs- og Sundhedsministeriets budget-26 f\u00e5r \u00d8-f\u00e6rgerne 177 millioner kr. i tilskud.<\/p>\n<p><strong><br \/>\n<\/strong><strong>Tre slags genvejsf\u00e6rger<\/strong><\/p>\n<p>Men der er en anden gruppe f\u00e6rger end f\u00e6rger til \u00f8erne. Det er de s\u00e5kaldte \u201cgenvejsf\u00e6rger\u201d, der tilbyder en genvej mellem to destinationer, hvortil det ogs\u00e5 er muligt at k\u00f8re ad vejforbindelser.<\/p>\n<p>I Danmark har vi tre typer genvejsf\u00e6rger. Der er:<\/p>\n<p>&#8211; kommercielt drevne genvejsf\u00e6rgeruter<br \/>\n&#8211; statslige genvejsf\u00e6rgeruter<br \/>\n&#8211; og kommunalt drevne genvejsf\u00e6rgeruter<\/p>\n<a class=\"dvrt-link\" onClick=\"cdmtrack_click(104786,jQuery(this));return false\" href=\"https:\/\/limfjordsteatret.dk\/events\/tobias-dybvad-mit-bedste-onemanshow\/\"><img decoding=\"async\" style=\"width:100%;\" src=\"https:\/\/kunmedierne.dk\/mors\/wp-content\/uploads\/2023\/10\/aarskortLim_KunMors_1100x125.jpg\"><\/a><script>cdmtrack_view(104786);<\/script>\n<p>De tre kommercielt-drevne genvejsf\u00e6rgeruter er: Hundested-R\u00f8rvig, Odden-\u00c5rhus og Odden-Ebeltoft.<\/p>\n<p>De to statslige genvejsf\u00e6rgeruter er T\u00e5rs-Spodsbjerg (Lolland\/Langeland) \u2013 som Sund&amp;B\u00e6lt (= A\/S Storeb\u00e6lt) betaler. Transportministeriet betaler for B\u00f8jden-Fynshav (Fyn\/Als).<\/p>\n<p>De mange kommunale genvejsf\u00e6rger er derimod sm\u00e5, effektive og \u2013 m\u00e5ske vigtigst af alt \u2013 overraskende billige. Hvis man dykker ned i tallene, bliver det tydeligt, hvor sk\u00e6v den politisk-\u00f8konomiske prioritering er.<\/p>\n<p>&nbsp;<\/p>\n<p><strong>Et stort rundt nul<\/strong><\/p>\n<p>Seks vigtige genvejsf\u00e6rgeruter i Jylland drives samlet for under 30 millioner kroner \u00e5rligt.<\/p>\n<p>I Limfjorden har vi fire: Hals-Egense (Aalborg Kommune), Hvalpsund-Sunds\u00f8re (Vesthimmerland-Skive Kommune), Feggesund (Mors\u00f8-Thisted Kommune) og Thybor\u00f8n-Agger (Lemvig-Thisted Kommune). Foruden de fire i Limfjorden er det ruterne p\u00e5 Randers Fjord og Hardesh\u00f8j-Ballebro mellem Als og Jylland.<\/p>\n<p>De \u00f8vrige f\u00e6rgeruter p\u00e5 Limfjorden er \u00d8-f\u00e6rger (til Ven\u00f8, Liv\u00f8, Fur og Egholm). \u00d8-f\u00e6rgerne f\u00e5r statslige kroner til driften. Omkring totredjedele af driftsudgifterne betaler staten. Men de kommunale genvejsf\u00e6rger f\u00e5r: et stort rundt nul.<\/p>\n<a class=\"dvrt-link\" onClick=\"cdmtrack_click(113414,jQuery(this));return false\" href=\"https:\/\/www.p-soerensen.dk\/\"><img decoding=\"async\" style=\"width:100%;\" src=\"https:\/\/kunmedierne.dk\/mors\/wp-content\/uploads\/2024\/03\/p-soerensen-juni25.jpg\"><\/a><script>cdmtrack_view(113414);<\/script>\n<p><em>Det er tankev\u00e6kkende at alle kommunale genvejsf\u00e6rger i Jylland er sammenlagt billigere i drift end hvad A\/S Storeb\u00e6lt betaler til blot T\u00e5rs-Spodsbjerg-overfarten.<\/em> Alligevel behandles de kommunale genvejsf\u00e6rgeruter politisk som en slags \u201cluksus\u201d, som de lokale kommuner selv m\u00e5 sl\u00e5s \u00f8konomisk med. Det er en fejl.<\/p>\n<p>De 30 millioner kr. er mindre end prisen p\u00e5 f\u00e5 hundrede meter motorvej. Alligevel b\u00e6res udgiften i dag udelukkende af ni kommuner, der \u2013 trods pressede budgetter \u2013 holder liv i forbindelser, som i realiteten er en del af den nationale infrastruktur.<\/p>\n<p>Det er her, diskussionen b\u00f8r begynde: Er kommunale genvejsf\u00e6rgeruter lokale serviceydelser \u2013 eller er de en del af den nationale infrastruktur?<\/p>\n<p>&nbsp;<\/p>\n<p><strong>Den bl\u00e5 landevej<\/strong><\/p>\n<p>Hvis man politisk \u00f8nsker liv i yderomr\u00e5derne, er det sv\u00e6rt at komme udenom genvejsf\u00e6rgernes rolle.<\/p>\n<p>For mange borgere er f\u00e6rgen ikke et romantisk indslag, men en n\u00f8dvendighed. P\u00e5 Mors er Feggesundf\u00e6rgen vores \u201cbl\u00e5 landevej\u201d mod nord. For folk i Hann\u00e6s er det modsat. For uden f\u00e6rgen bliver afstande ikke bare l\u00e6ngere i kilometer, men i tid, muligheder og livskvalitet. Uden Feggesundf\u00e6rgen har vi ekstra 40 km. fra Nordmors til den anden side af fjorden. I fugleflugt er det mindre end 1 km. F\u00e6rgen sk\u00e6rer alts\u00e5 39 km af transportvejen.<\/p>\n<a class=\"dvrt-link\" onClick=\"cdmtrack_click(104781,jQuery(this));return false\" href=\"https:\/\/www.fmspks.dk\/\"><img decoding=\"async\" style=\"width:100%;\" src=\"https:\/\/kunmedierne.dk\/mors\/wp-content\/uploads\/2022\/02\/vip-froeslev-mollerup-sparekasse.jpg\"><\/a><script>cdmtrack_view(104781);<\/script>\n<p>N\u00e5r mere end 115.000 passagerer \u00e5rligt bruger fx. Feggesundf\u00e6rgen, er det sv\u00e6rt at argumentere for, at den blot er lokal. Det er pendlere, erhverv, turister og helt almindelige borgere, der f\u00e5r deres hverdag til at h\u00e6nge sammen. For n\u00e5r en f\u00e6rge forsvinder, er det ikke bare en transportmulighed, der lukker \u2013 det er en forbindelse, der brydes.<\/p>\n<p>&nbsp;<\/p>\n<p><strong>Infrastruktur med stor effekt<\/strong><\/p>\n<p>Der findes n\u00e6ppe mange offentlige investeringer, der giver s\u00e5 meget v\u00e6rdi for s\u00e5 f\u00e5 midler. Genvejsf\u00e6rger reducerer transporttid, underst\u00f8tter turisme, binder arbejdsmarkeder sammen og g\u00f8r det muligt at bo uden for de st\u00f8rste byer.<\/p>\n<p>Samtidig er de gr\u00f8nne i deres logik: kortere ruter betyder mindre k\u00f8rsel, lavere CO\u2082-udledning og mindre slid p\u00e5 vejnettet. I en tid, hvor klimaargumentet ofte bruges til at begrunde milliardinvesteringer, er det bem\u00e6rkelsesv\u00e6rdigt, hvor lidt opm\u00e6rksomhed denne effektive l\u00f8sning f\u00e5r.<\/p>\n<p>&nbsp;<\/p>\n<p><strong>Et nationalt ansvar<\/strong><\/p>\n<p>Det mest problematiske er f\u00e6rgernes finansiering. At enkelte kommuner alene skal b\u00e6re udgiften til noget, der reelt fungerer som national infrastruktur, er politisk inkonsekvent.<\/p>\n<a class=\"dvrt-link\" onClick=\"cdmtrack_click(147315,jQuery(this));return false\" href=\"https:\/\/sdrhaa.dk\/\"><img decoding=\"async\" style=\"width:100%;\" src=\"https:\/\/kunmedierne.dk\/mors\/wp-content\/uploads\/2025\/05\/260302Sdr-HaaDin-gebyrvenlige-sparekasse_mors-002.gif\"><\/a><script>cdmtrack_view(147315);<\/script>\n<p>Vi accepterer uden videre, at staten finansierer \u00d8-f\u00e6rger, broer, motorveje og jernbaner. Hvorfor g\u00e6lder det ikke for <em>alle<\/em> genvejsf\u00e6rger, der udfylder pr\u00e6cis samme funktion \u2013 blot p\u00e5 vand?<\/p>\n<p>Argumentet om, at \u201cdet er lokalt\u201d, holder ikke. For infrastrukturen i Danmark h\u00e6nger sammen p\u00e5 tv\u00e6rs af kommunegr\u00e6nser. N\u00e5r en f\u00e6rge lukker, m\u00e6rkes det ikke kun lokalt \u2013 det p\u00e5virker mobiliteten i hele regioner.<\/p>\n<p>&nbsp;<\/p>\n<p><strong>Sp\u00f8rgsm\u00e5l om prioritering<\/strong><\/p>\n<p>I sidste ende handler det ikke om penge. Det handler om politisk vilje og prioritering.<\/p>\n<p>Vil vi have et Danmark i balance, hvor det er realistisk at bo og arbejde uden for de st\u00f8rste byer? Eller accepterer vi stiltiende, at sammenh\u00e6ngskraften langsomt udhules, fordi sm\u00e5 \u2013 men afg\u00f8rende \u2013 forbindelser forsvinder?<\/p>\n<a class=\"dvrt-link\" onClick=\"cdmtrack_click(147315,jQuery(this));return false\" href=\"https:\/\/sdrhaa.dk\/\"><img decoding=\"async\" style=\"width:100%;\" src=\"https:\/\/kunmedierne.dk\/mors\/wp-content\/uploads\/2025\/05\/260302Sdr-HaaDin-gebyrvenlige-sparekasse_mors-002.gif\"><\/a><script>cdmtrack_view(147315);<\/script>\n<p>Genvejsf\u00e6rgerne er ikke bare transport. De er symboler p\u00e5 en politisk beslutning: om vi vil forbinde landet \u2013 eller lade det glide fra hinanden, \u00e9n f\u00e6rgerute ad gangen. P\u00e5 Mors trak Thisted og Mors\u00f8 Kommuner st\u00f8tten til N\u00e6ssundf\u00e6rgen i 2015, som forbandt Sydmors og Thy. En n\u00f8dvendig investering p\u00e5 to nye motorer gjorde udslaget. I dag er det landets eneste bilf\u00e6rge som drives af en privat forening.<\/p>\n<p>&nbsp;<\/p>\n<p><strong>En fast del af finansloven<\/strong><\/p>\n<p>I SVM-regeringens landdistriktsudspil fra august 2024 hed det,\u00a0 at <em>\u201cdet er et vilk\u00e5r, at der er l\u00e6ngere mellem husene p\u00e5 landet. Derfor er transportmuligheder en afg\u00f8<\/em><em>rende<\/em><em> del af det gode liv p\u00e5 landet\u201d.<\/em><\/p>\n<p>Fungerende transportministeren Thomas Danielsen har udtrykt sig klart: \u201c<em>Kollektiv transport er ogs\u00e5 udviklingspolitik. Det handler om et Danmark i balance. Alt for mange siger det rigtige, men har ikke viljen til at prioritere finansieringen, n\u00e5r der bliver forhandlet. Vi skal udvikle HELE Danmark \u2013 ogs\u00e5 via kollektiv transport\u201d<\/em> (14. september 2025).<\/p>\n<a class=\"dvrt-link\" onClick=\"cdmtrack_click(104778,jQuery(this));return false\" href=\"https:\/\/vester-begr.dk\/?gclid=CjwKCAjw5Kv7BRBSEiwAXGDElQB6WMfm9CgYVrruty-I1gaOkTkC3mlA4QRDtYNsxYgVC8sNzAJ7WhoCmBsQAvD_BwE\"><img decoding=\"async\" style=\"width:100%;\" src=\"https:\/\/kunmedierne.dk\/mors\/wp-content\/uploads\/2023\/10\/260203VesterHoukaer-02022026.jpg\"><\/a><script>cdmtrack_view(104778);<\/script>\n<p>\u00d8konomisk vil en ligestilling af \u00d8-f\u00e6rger og kommunale genvejsf\u00e6rger koste omkring 20 millioner, som vel falder godt i tr\u00e5d med de politiske tanker om \u201cet Danmark i balance\u201d? En ligestilling af de \u00f8konomiske vilk\u00e5r er \u00f8konomisk meget overskuelig, men vil have en markant lokal betydning.<\/p>\n<p>Det er p\u00e5 tide at g\u00f8re genvejsf\u00e6rgerne til en fast del af finansloven. Ikke som en n\u00f8dl\u00f8sning, men som en anerkendelse af deres reelle v\u00e6rdi: som livsnerver i et sammenh\u00e6ngende Danmark.<\/p>\n<p>Peter Therkildsen, regionsr\u00e5dsmedlem for Venstre, og Frans Mattesen, Enhedslisten \u2013 bosiddende p\u00e5 Mors.<\/p>\n","protected":false},"excerpt":{"rendered":"<p>DEBAT: Sammenh\u00e6ngskraft er ikke blot noget abstrakt. Eller social lim som holder f\u00e6llesskabet sammen. I virkelighedens Danmark \u2013 d\u00e9r hvor hverdagen leves \u2013 er sammenh\u00e6ngskraft ogs\u00e5 langt mere lavpraktisk. Og nogen gange er sammenh\u00e6ngskraften noget der sejler! Det g\u00e6lder for de mange f\u00e6rger til de danske \u00f8er. Den del af infrastrukturen prioriterer vi heldigvis. I [&hellip;]<\/p>\n","protected":false},"author":11,"featured_media":0,"comment_status":"closed","ping_status":"closed","sticky":false,"template":"","format":"standard","meta":{"_acf_changed":false,"footnotes":""},"categories":[56,51],"tags":[],"class_list":["post-172726","post","type-post","status-publish","format-standard","hentry","category-debat","category-lokalt"],"acf":[],"yoast_head":"<!-- This site is optimized with the Yoast SEO plugin v26.8 - https:\/\/yoast.com\/product\/yoast-seo-wordpress\/ -->\n<title>L\u00e6serbrev: Skal kommuner finansiere national infrastruktur? - Mors<\/title>\n<meta name=\"robots\" content=\"index, follow, max-snippet:-1, max-image-preview:large, max-video-preview:-1\" \/>\n<link rel=\"canonical\" href=\"https:\/\/kunmedierne.dk\/mors\/laeserbrev-skal-kommuner-finansiere-national-infrastruktur\/\" \/>\n<meta property=\"og:locale\" content=\"da_DK\" \/>\n<meta property=\"og:type\" content=\"article\" \/>\n<meta property=\"og:title\" content=\"L\u00e6serbrev: Skal kommuner finansiere national infrastruktur? - Mors\" \/>\n<meta property=\"og:description\" content=\"DEBAT: Sammenh\u00e6ngskraft er ikke blot noget abstrakt. Eller social lim som holder f\u00e6llesskabet sammen. I virkelighedens Danmark \u2013 d\u00e9r hvor hverdagen leves \u2013 er sammenh\u00e6ngskraft ogs\u00e5 langt mere lavpraktisk. Og nogen gange er sammenh\u00e6ngskraften noget der sejler! Det g\u00e6lder for de mange f\u00e6rger til de danske \u00f8er. Den del af infrastrukturen prioriterer vi heldigvis. I [&hellip;]\" \/>\n<meta property=\"og:url\" content=\"https:\/\/kunmedierne.dk\/mors\/laeserbrev-skal-kommuner-finansiere-national-infrastruktur\/\" \/>\n<meta property=\"og:site_name\" content=\"Mors\" \/>\n<meta property=\"article:published_time\" content=\"2026-04-28T12:47:53+00:00\" \/>\n<meta property=\"article:modified_time\" content=\"2026-04-28T12:49:38+00:00\" \/>\n<meta name=\"author\" content=\"Debat\" \/>\n<meta name=\"twitter:card\" content=\"summary_large_image\" \/>\n<meta name=\"twitter:label1\" content=\"Skrevet af\" \/>\n\t<meta name=\"twitter:data1\" content=\"Debat\" \/>\n\t<meta name=\"twitter:label2\" content=\"Estimeret l\u00e6setid\" \/>\n\t<meta name=\"twitter:data2\" content=\"6 minutter\" \/>\n<script type=\"application\/ld+json\" class=\"yoast-schema-graph\">{\"@context\":\"https:\/\/schema.org\",\"@graph\":[{\"@type\":\"Article\",\"@id\":\"https:\/\/kunmedierne.dk\/mors\/laeserbrev-skal-kommuner-finansiere-national-infrastruktur\/#article\",\"isPartOf\":{\"@id\":\"https:\/\/kunmedierne.dk\/mors\/laeserbrev-skal-kommuner-finansiere-national-infrastruktur\/\"},\"author\":{\"name\":\"Debat\",\"@id\":\"https:\/\/kunmedierne.dk\/mors\/#\/schema\/person\/84c1391bce0b43b9bb3a49736bc0ad78\"},\"headline\":\"L\u00e6serbrev: Skal kommuner finansiere national infrastruktur?\",\"datePublished\":\"2026-04-28T12:47:53+00:00\",\"dateModified\":\"2026-04-28T12:49:38+00:00\",\"mainEntityOfPage\":{\"@id\":\"https:\/\/kunmedierne.dk\/mors\/laeserbrev-skal-kommuner-finansiere-national-infrastruktur\/\"},\"wordCount\":1119,\"publisher\":{\"@id\":\"https:\/\/kunmedierne.dk\/mors\/#organization\"},\"articleSection\":[\"Debat\",\"Lokalt\"],\"inLanguage\":\"da-DK\"},{\"@type\":\"WebPage\",\"@id\":\"https:\/\/kunmedierne.dk\/mors\/laeserbrev-skal-kommuner-finansiere-national-infrastruktur\/\",\"url\":\"https:\/\/kunmedierne.dk\/mors\/laeserbrev-skal-kommuner-finansiere-national-infrastruktur\/\",\"name\":\"L\u00e6serbrev: Skal kommuner finansiere national infrastruktur? - Mors\",\"isPartOf\":{\"@id\":\"https:\/\/kunmedierne.dk\/mors\/#website\"},\"datePublished\":\"2026-04-28T12:47:53+00:00\",\"dateModified\":\"2026-04-28T12:49:38+00:00\",\"breadcrumb\":{\"@id\":\"https:\/\/kunmedierne.dk\/mors\/laeserbrev-skal-kommuner-finansiere-national-infrastruktur\/#breadcrumb\"},\"inLanguage\":\"da-DK\",\"potentialAction\":[{\"@type\":\"ReadAction\",\"target\":[\"https:\/\/kunmedierne.dk\/mors\/laeserbrev-skal-kommuner-finansiere-national-infrastruktur\/\"]}]},{\"@type\":\"BreadcrumbList\",\"@id\":\"https:\/\/kunmedierne.dk\/mors\/laeserbrev-skal-kommuner-finansiere-national-infrastruktur\/#breadcrumb\",\"itemListElement\":[{\"@type\":\"ListItem\",\"position\":1,\"name\":\"Hjem\",\"item\":\"https:\/\/kunmedierne.dk\/mors\/\"},{\"@type\":\"ListItem\",\"position\":2,\"name\":\"L\u00e6serbrev: Skal kommuner finansiere national infrastruktur?\"}]},{\"@type\":\"WebSite\",\"@id\":\"https:\/\/kunmedierne.dk\/mors\/#website\",\"url\":\"https:\/\/kunmedierne.dk\/mors\/\",\"name\":\"Mors\",\"description\":\"et netmedie med journalistik om livet p\u00e5 Mors\",\"publisher\":{\"@id\":\"https:\/\/kunmedierne.dk\/mors\/#organization\"},\"potentialAction\":[{\"@type\":\"SearchAction\",\"target\":{\"@type\":\"EntryPoint\",\"urlTemplate\":\"https:\/\/kunmedierne.dk\/mors\/?s={search_term_string}\"},\"query-input\":{\"@type\":\"PropertyValueSpecification\",\"valueRequired\":true,\"valueName\":\"search_term_string\"}}],\"inLanguage\":\"da-DK\"},{\"@type\":\"Organization\",\"@id\":\"https:\/\/kunmedierne.dk\/mors\/#organization\",\"name\":\"Mors\",\"url\":\"https:\/\/kunmedierne.dk\/mors\/\",\"logo\":{\"@type\":\"ImageObject\",\"inLanguage\":\"da-DK\",\"@id\":\"https:\/\/kunmedierne.dk\/mors\/#\/schema\/logo\/image\/\",\"url\":\"https:\/\/kunmedierne.dk\/mors\/wp-content\/uploads\/2024\/08\/kunmors-logo.svg\",\"contentUrl\":\"https:\/\/kunmedierne.dk\/mors\/wp-content\/uploads\/2024\/08\/kunmors-logo.svg\",\"caption\":\"Mors\"},\"image\":{\"@id\":\"https:\/\/kunmedierne.dk\/mors\/#\/schema\/logo\/image\/\"}},{\"@type\":\"Person\",\"@id\":\"https:\/\/kunmedierne.dk\/mors\/#\/schema\/person\/84c1391bce0b43b9bb3a49736bc0ad78\",\"name\":\"Debat\",\"image\":{\"@type\":\"ImageObject\",\"inLanguage\":\"da-DK\",\"@id\":\"https:\/\/kunmedierne.dk\/mors\/#\/schema\/person\/image\/\",\"url\":\"https:\/\/secure.gravatar.com\/avatar\/b0fb2e221d618f7c65162ab0d49c7e8a0b580c871ca03af90e42b47b4150654c?s=96&d=mm&r=g\",\"contentUrl\":\"https:\/\/secure.gravatar.com\/avatar\/b0fb2e221d618f7c65162ab0d49c7e8a0b580c871ca03af90e42b47b4150654c?s=96&d=mm&r=g\",\"caption\":\"Debat\"},\"url\":\"https:\/\/kunmedierne.dk\/mors\/author\/debat\/\"}]}<\/script>\n<!-- \/ Yoast SEO plugin. -->","yoast_head_json":{"title":"L\u00e6serbrev: Skal kommuner finansiere national infrastruktur? - Mors","robots":{"index":"index","follow":"follow","max-snippet":"max-snippet:-1","max-image-preview":"max-image-preview:large","max-video-preview":"max-video-preview:-1"},"canonical":"https:\/\/kunmedierne.dk\/mors\/laeserbrev-skal-kommuner-finansiere-national-infrastruktur\/","og_locale":"da_DK","og_type":"article","og_title":"L\u00e6serbrev: Skal kommuner finansiere national infrastruktur? - Mors","og_description":"DEBAT: Sammenh\u00e6ngskraft er ikke blot noget abstrakt. Eller social lim som holder f\u00e6llesskabet sammen. I virkelighedens Danmark \u2013 d\u00e9r hvor hverdagen leves \u2013 er sammenh\u00e6ngskraft ogs\u00e5 langt mere lavpraktisk. Og nogen gange er sammenh\u00e6ngskraften noget der sejler! Det g\u00e6lder for de mange f\u00e6rger til de danske \u00f8er. Den del af infrastrukturen prioriterer vi heldigvis. I [&hellip;]","og_url":"https:\/\/kunmedierne.dk\/mors\/laeserbrev-skal-kommuner-finansiere-national-infrastruktur\/","og_site_name":"Mors","article_published_time":"2026-04-28T12:47:53+00:00","article_modified_time":"2026-04-28T12:49:38+00:00","author":"Debat","twitter_card":"summary_large_image","twitter_misc":{"Skrevet af":"Debat","Estimeret l\u00e6setid":"6 minutter"},"schema":{"@context":"https:\/\/schema.org","@graph":[{"@type":"Article","@id":"https:\/\/kunmedierne.dk\/mors\/laeserbrev-skal-kommuner-finansiere-national-infrastruktur\/#article","isPartOf":{"@id":"https:\/\/kunmedierne.dk\/mors\/laeserbrev-skal-kommuner-finansiere-national-infrastruktur\/"},"author":{"name":"Debat","@id":"https:\/\/kunmedierne.dk\/mors\/#\/schema\/person\/84c1391bce0b43b9bb3a49736bc0ad78"},"headline":"L\u00e6serbrev: Skal kommuner finansiere national infrastruktur?","datePublished":"2026-04-28T12:47:53+00:00","dateModified":"2026-04-28T12:49:38+00:00","mainEntityOfPage":{"@id":"https:\/\/kunmedierne.dk\/mors\/laeserbrev-skal-kommuner-finansiere-national-infrastruktur\/"},"wordCount":1119,"publisher":{"@id":"https:\/\/kunmedierne.dk\/mors\/#organization"},"articleSection":["Debat","Lokalt"],"inLanguage":"da-DK"},{"@type":"WebPage","@id":"https:\/\/kunmedierne.dk\/mors\/laeserbrev-skal-kommuner-finansiere-national-infrastruktur\/","url":"https:\/\/kunmedierne.dk\/mors\/laeserbrev-skal-kommuner-finansiere-national-infrastruktur\/","name":"L\u00e6serbrev: Skal kommuner finansiere national infrastruktur? - Mors","isPartOf":{"@id":"https:\/\/kunmedierne.dk\/mors\/#website"},"datePublished":"2026-04-28T12:47:53+00:00","dateModified":"2026-04-28T12:49:38+00:00","breadcrumb":{"@id":"https:\/\/kunmedierne.dk\/mors\/laeserbrev-skal-kommuner-finansiere-national-infrastruktur\/#breadcrumb"},"inLanguage":"da-DK","potentialAction":[{"@type":"ReadAction","target":["https:\/\/kunmedierne.dk\/mors\/laeserbrev-skal-kommuner-finansiere-national-infrastruktur\/"]}]},{"@type":"BreadcrumbList","@id":"https:\/\/kunmedierne.dk\/mors\/laeserbrev-skal-kommuner-finansiere-national-infrastruktur\/#breadcrumb","itemListElement":[{"@type":"ListItem","position":1,"name":"Hjem","item":"https:\/\/kunmedierne.dk\/mors\/"},{"@type":"ListItem","position":2,"name":"L\u00e6serbrev: Skal kommuner finansiere national infrastruktur?"}]},{"@type":"WebSite","@id":"https:\/\/kunmedierne.dk\/mors\/#website","url":"https:\/\/kunmedierne.dk\/mors\/","name":"Mors","description":"et netmedie med journalistik om livet p\u00e5 Mors","publisher":{"@id":"https:\/\/kunmedierne.dk\/mors\/#organization"},"potentialAction":[{"@type":"SearchAction","target":{"@type":"EntryPoint","urlTemplate":"https:\/\/kunmedierne.dk\/mors\/?s={search_term_string}"},"query-input":{"@type":"PropertyValueSpecification","valueRequired":true,"valueName":"search_term_string"}}],"inLanguage":"da-DK"},{"@type":"Organization","@id":"https:\/\/kunmedierne.dk\/mors\/#organization","name":"Mors","url":"https:\/\/kunmedierne.dk\/mors\/","logo":{"@type":"ImageObject","inLanguage":"da-DK","@id":"https:\/\/kunmedierne.dk\/mors\/#\/schema\/logo\/image\/","url":"https:\/\/kunmedierne.dk\/mors\/wp-content\/uploads\/2024\/08\/kunmors-logo.svg","contentUrl":"https:\/\/kunmedierne.dk\/mors\/wp-content\/uploads\/2024\/08\/kunmors-logo.svg","caption":"Mors"},"image":{"@id":"https:\/\/kunmedierne.dk\/mors\/#\/schema\/logo\/image\/"}},{"@type":"Person","@id":"https:\/\/kunmedierne.dk\/mors\/#\/schema\/person\/84c1391bce0b43b9bb3a49736bc0ad78","name":"Debat","image":{"@type":"ImageObject","inLanguage":"da-DK","@id":"https:\/\/kunmedierne.dk\/mors\/#\/schema\/person\/image\/","url":"https:\/\/secure.gravatar.com\/avatar\/b0fb2e221d618f7c65162ab0d49c7e8a0b580c871ca03af90e42b47b4150654c?s=96&d=mm&r=g","contentUrl":"https:\/\/secure.gravatar.com\/avatar\/b0fb2e221d618f7c65162ab0d49c7e8a0b580c871ca03af90e42b47b4150654c?s=96&d=mm&r=g","caption":"Debat"},"url":"https:\/\/kunmedierne.dk\/mors\/author\/debat\/"}]}},"_links":{"self":[{"href":"https:\/\/kunmedierne.dk\/mors\/wp-json\/wp\/v2\/posts\/172726","targetHints":{"allow":["GET"]}}],"collection":[{"href":"https:\/\/kunmedierne.dk\/mors\/wp-json\/wp\/v2\/posts"}],"about":[{"href":"https:\/\/kunmedierne.dk\/mors\/wp-json\/wp\/v2\/types\/post"}],"author":[{"embeddable":true,"href":"https:\/\/kunmedierne.dk\/mors\/wp-json\/wp\/v2\/users\/11"}],"replies":[{"embeddable":true,"href":"https:\/\/kunmedierne.dk\/mors\/wp-json\/wp\/v2\/comments?post=172726"}],"version-history":[{"count":3,"href":"https:\/\/kunmedierne.dk\/mors\/wp-json\/wp\/v2\/posts\/172726\/revisions"}],"predecessor-version":[{"id":172730,"href":"https:\/\/kunmedierne.dk\/mors\/wp-json\/wp\/v2\/posts\/172726\/revisions\/172730"}],"wp:attachment":[{"href":"https:\/\/kunmedierne.dk\/mors\/wp-json\/wp\/v2\/media?parent=172726"}],"wp:term":[{"taxonomy":"category","embeddable":true,"href":"https:\/\/kunmedierne.dk\/mors\/wp-json\/wp\/v2\/categories?post=172726"},{"taxonomy":"post_tag","embeddable":true,"href":"https:\/\/kunmedierne.dk\/mors\/wp-json\/wp\/v2\/tags?post=172726"}],"curies":[{"name":"wp","href":"https:\/\/api.w.org\/{rel}","templated":true}]}}