{"id":172678,"date":"2026-04-27T16:02:10","date_gmt":"2026-04-27T14:02:10","guid":{"rendered":"https:\/\/kunmedierne.dk\/mors\/?p=172678"},"modified":"2026-04-27T16:02:10","modified_gmt":"2026-04-27T14:02:10","slug":"uddannelsespris-til-thy-mors-hf-vuc","status":"publish","type":"post","link":"https:\/\/kunmedierne.dk\/mors\/uddannelsespris-til-thy-mors-hf-vuc\/","title":{"rendered":"Uddannelsespris til Thy-Mors HF &amp; VUC"},"content":{"rendered":"<p><strong>H\u00c6DER<\/strong>: Et lokalt uddannelsessted har ogs\u00e5 opn\u00e5et opm\u00e6rksomhed l\u00e6ngere v\u00e6k.<\/p>\n<p>HF-Outdoor-linjen p\u00e5 Thy-Mors HF &amp; VUC er blevet tildelt\u00a0Danske HF og VUC\u2019s Uddannelsespris 2026. Prisen gives for en s\u00e6rlig indsats, der styrker praksisorienteret undervisning, kursisttrivsel og b\u00e6redygtig uddannelse \u2013 med naturen som aktiv ramme og p\u00e6dagogisk omdrejningspunkt.<\/p>\n<a class=\"dvrt-link\" onClick=\"cdmtrack_click(104786,jQuery(this));return false\" href=\"https:\/\/limfjordsteatret.dk\/events\/tobias-dybvad-mit-bedste-onemanshow\/\"><img decoding=\"async\" style=\"width:100%;\" src=\"https:\/\/kunmedierne.dk\/mors\/wp-content\/uploads\/2023\/10\/aarskortLim_KunMors_1100x125.jpg\"><\/a><script>cdmtrack_view(104786);<\/script>\n<p>I en pressemeddelelse fort\u00e6ller Thy-Mors HF &amp; VUC, at uddannelsesprisen &#8220;h\u00e6drer medarbejderne, der p\u00e5 innovativ vis udvikler undervisning og uddannelsesmilj\u00f8er i HF- og VUC-regi. HF-Outdoor-linjen modtager prisen for sin m\u00e5lrettede indsats med at kombinere faglighed, trivsel og praksisl\u00e6ring gennem outdoor- og naturbaserede aktiviteter.&#8221;<\/p>\n<p>Erik Dose Hvid, rektor p\u00e5 Thy-Mors HF &amp; VUC, udtaler:<\/p>\n<p>&#8211; Uddannelsesprisen er en stor anerkendelse af et f\u00e6lles p\u00e6dagogisk arbejde, hvor vi har turdet t\u00e6nke anderledes og s\u00e6tte trivsel, natur og praksisorientering i centrum for l\u00e6ring. HF-Outdoor viser, at uddannelse kan se anderledes ud \u2013 og stadig v\u00e6re b\u00e5de fagligt st\u00e6rk og alment dannende.<\/p>\n<p>&nbsp;<\/p>\n<p><strong>Natur, trivsel og praksisfaglighed i centrum<\/strong><\/p>\n<p>Thy-Mors HF &amp; VUC fort\u00e6ller, at HF Outdoor bygger p\u00e5 id\u00e9en om, &#8220;at l\u00e6ring styrkes, n\u00e5r undervisningen kobles t\u00e6t til virkeligheden og til kursisternes liv. Gennem undervisning i naturen arbejder eleverne med fagligt indhold, samarbejde, b\u00e6redygtighed og personlig udvikling i praksisn\u00e6re rammer.&#8221;<\/p>\n<a class=\"dvrt-link\" onClick=\"cdmtrack_click(104781,jQuery(this));return false\" href=\"https:\/\/www.fmspks.dk\/\"><img decoding=\"async\" style=\"width:100%;\" src=\"https:\/\/kunmedierne.dk\/mors\/wp-content\/uploads\/2022\/02\/vip-froeslev-mollerup-sparekasse.jpg\"><\/a><script>cdmtrack_view(104781);<\/script>\n<p>If\u00f8lge uddannelsesstedet tiltr\u00e6kkes unge fra hele landet, som flytter til Thy for at tage deres uddannelse.<\/p>\n<p>&#8220;Her f\u00e5r de ikke blot en studenterhue, men ogs\u00e5 erfaringer med og kendskab til lokalsamfundet, naturen og f\u00e6llesskabet i omr\u00e5det. Dette f\u00f8rer til, at mange af eleverne bliver boende i Thy efter afslutningen p\u00e5 deres studentereksamen. Hermed bidrager de til en \u00f8get bos\u00e6tning og skubber til en demografisk fort\u00e6lling, som er modsat den almindelige historie,&#8221; lyder det.<\/p>\n<blockquote>\n<h3>FAKTA<\/h3>\n<h5>I begrundelsen for tildelingen af prisen bliver HF-Outdoor-linjen fremh\u00e6vet for:<\/h5>\n<h5>\u2022 Arbejder m\u00e5lrettet med praksisfaglig og professionsrettet undervisning<br \/>\n\u2022 Styrker kursisternes trivsel og f\u00e6llesskabsf\u00f8lelse<br \/>\n\u2022 Skaber st\u00e6rke samarbejder med lokale akt\u00f8rer og bruger n\u00e6romr\u00e5dets natur aktivt<\/h5>\n<h5>Prisen anerkender b\u00e5de det p\u00e6dagogiske udviklingsarbejde og det t\u00e6tte samarbejde mellem undervisere, vejledere, aktivitetsmedarbejdere og de \u00f8vrige personalegrupper, som har v\u00e6ret afg\u00f8rende for linjens succes.<\/h5>\n<h6>Kilde: Thy-Mors HF &amp; VUC<\/h6>\n<\/blockquote>\n","protected":false},"excerpt":{"rendered":"<p>H\u00c6DER: Et lokalt uddannelsessted har ogs\u00e5 opn\u00e5et opm\u00e6rksomhed l\u00e6ngere v\u00e6k. HF-Outdoor-linjen p\u00e5 Thy-Mors HF &amp; VUC er blevet tildelt\u00a0Danske HF og VUC\u2019s Uddannelsespris 2026. Prisen gives for en s\u00e6rlig indsats, der styrker praksisorienteret undervisning, kursisttrivsel og b\u00e6redygtig uddannelse \u2013 med naturen som aktiv ramme og p\u00e6dagogisk omdrejningspunkt. I en pressemeddelelse fort\u00e6ller Thy-Mors HF &amp; VUC, [&hellip;]<\/p>\n","protected":false},"author":8,"featured_media":0,"comment_status":"closed","ping_status":"closed","sticky":false,"template":"","format":"standard","meta":{"_acf_changed":false,"footnotes":""},"categories":[51],"tags":[170],"class_list":["post-172678","post","type-post","status-publish","format-standard","hentry","category-lokalt","tag-uddannelse"],"acf":[],"yoast_head":"<!-- This site is optimized with the Yoast SEO plugin v26.8 - https:\/\/yoast.com\/product\/yoast-seo-wordpress\/ -->\n<title>Uddannelsespris til Thy-Mors HF &amp; VUC - Mors<\/title>\n<meta name=\"robots\" content=\"index, follow, max-snippet:-1, max-image-preview:large, max-video-preview:-1\" \/>\n<link rel=\"canonical\" href=\"https:\/\/kunmedierne.dk\/mors\/uddannelsespris-til-thy-mors-hf-vuc\/\" \/>\n<meta property=\"og:locale\" content=\"da_DK\" \/>\n<meta property=\"og:type\" content=\"article\" \/>\n<meta property=\"og:title\" content=\"Uddannelsespris til Thy-Mors HF &amp; VUC - Mors\" \/>\n<meta property=\"og:description\" content=\"H\u00c6DER: Et lokalt uddannelsessted har ogs\u00e5 opn\u00e5et opm\u00e6rksomhed l\u00e6ngere v\u00e6k. HF-Outdoor-linjen p\u00e5 Thy-Mors HF &amp; VUC er blevet tildelt\u00a0Danske HF og VUC\u2019s Uddannelsespris 2026. Prisen gives for en s\u00e6rlig indsats, der styrker praksisorienteret undervisning, kursisttrivsel og b\u00e6redygtig uddannelse \u2013 med naturen som aktiv ramme og p\u00e6dagogisk omdrejningspunkt. I en pressemeddelelse fort\u00e6ller Thy-Mors HF &amp; VUC, [&hellip;]\" \/>\n<meta property=\"og:url\" content=\"https:\/\/kunmedierne.dk\/mors\/uddannelsespris-til-thy-mors-hf-vuc\/\" \/>\n<meta property=\"og:site_name\" content=\"Mors\" \/>\n<meta property=\"article:published_time\" content=\"2026-04-27T14:02:10+00:00\" \/>\n<meta name=\"author\" content=\"David H\u00f8jmark\" \/>\n<meta name=\"twitter:card\" content=\"summary_large_image\" \/>\n<meta name=\"twitter:label1\" content=\"Skrevet af\" \/>\n\t<meta name=\"twitter:data1\" content=\"David H\u00f8jmark\" \/>\n\t<meta name=\"twitter:label2\" content=\"Estimeret l\u00e6setid\" \/>\n\t<meta name=\"twitter:data2\" content=\"2 minutter\" \/>\n<script type=\"application\/ld+json\" class=\"yoast-schema-graph\">{\"@context\":\"https:\/\/schema.org\",\"@graph\":[{\"@type\":\"Article\",\"@id\":\"https:\/\/kunmedierne.dk\/mors\/uddannelsespris-til-thy-mors-hf-vuc\/#article\",\"isPartOf\":{\"@id\":\"https:\/\/kunmedierne.dk\/mors\/uddannelsespris-til-thy-mors-hf-vuc\/\"},\"author\":{\"name\":\"David H\u00f8jmark\",\"@id\":\"https:\/\/kunmedierne.dk\/mors\/#\/schema\/person\/5fe23251bf1d0abbcdc6f7896579d548\"},\"headline\":\"Uddannelsespris til Thy-Mors HF &amp; VUC\",\"datePublished\":\"2026-04-27T14:02:10+00:00\",\"mainEntityOfPage\":{\"@id\":\"https:\/\/kunmedierne.dk\/mors\/uddannelsespris-til-thy-mors-hf-vuc\/\"},\"wordCount\":389,\"publisher\":{\"@id\":\"https:\/\/kunmedierne.dk\/mors\/#organization\"},\"keywords\":[\"Skoler og uddannelse\"],\"articleSection\":[\"Lokalt\"],\"inLanguage\":\"da-DK\"},{\"@type\":\"WebPage\",\"@id\":\"https:\/\/kunmedierne.dk\/mors\/uddannelsespris-til-thy-mors-hf-vuc\/\",\"url\":\"https:\/\/kunmedierne.dk\/mors\/uddannelsespris-til-thy-mors-hf-vuc\/\",\"name\":\"Uddannelsespris til Thy-Mors HF &amp; VUC - Mors\",\"isPartOf\":{\"@id\":\"https:\/\/kunmedierne.dk\/mors\/#website\"},\"datePublished\":\"2026-04-27T14:02:10+00:00\",\"breadcrumb\":{\"@id\":\"https:\/\/kunmedierne.dk\/mors\/uddannelsespris-til-thy-mors-hf-vuc\/#breadcrumb\"},\"inLanguage\":\"da-DK\",\"potentialAction\":[{\"@type\":\"ReadAction\",\"target\":[\"https:\/\/kunmedierne.dk\/mors\/uddannelsespris-til-thy-mors-hf-vuc\/\"]}]},{\"@type\":\"BreadcrumbList\",\"@id\":\"https:\/\/kunmedierne.dk\/mors\/uddannelsespris-til-thy-mors-hf-vuc\/#breadcrumb\",\"itemListElement\":[{\"@type\":\"ListItem\",\"position\":1,\"name\":\"Hjem\",\"item\":\"https:\/\/kunmedierne.dk\/mors\/\"},{\"@type\":\"ListItem\",\"position\":2,\"name\":\"Uddannelsespris til Thy-Mors HF &amp; VUC\"}]},{\"@type\":\"WebSite\",\"@id\":\"https:\/\/kunmedierne.dk\/mors\/#website\",\"url\":\"https:\/\/kunmedierne.dk\/mors\/\",\"name\":\"Mors\",\"description\":\"et netmedie med journalistik om livet p\u00e5 Mors\",\"publisher\":{\"@id\":\"https:\/\/kunmedierne.dk\/mors\/#organization\"},\"potentialAction\":[{\"@type\":\"SearchAction\",\"target\":{\"@type\":\"EntryPoint\",\"urlTemplate\":\"https:\/\/kunmedierne.dk\/mors\/?s={search_term_string}\"},\"query-input\":{\"@type\":\"PropertyValueSpecification\",\"valueRequired\":true,\"valueName\":\"search_term_string\"}}],\"inLanguage\":\"da-DK\"},{\"@type\":\"Organization\",\"@id\":\"https:\/\/kunmedierne.dk\/mors\/#organization\",\"name\":\"Mors\",\"url\":\"https:\/\/kunmedierne.dk\/mors\/\",\"logo\":{\"@type\":\"ImageObject\",\"inLanguage\":\"da-DK\",\"@id\":\"https:\/\/kunmedierne.dk\/mors\/#\/schema\/logo\/image\/\",\"url\":\"https:\/\/kunmedierne.dk\/mors\/wp-content\/uploads\/2024\/08\/kunmors-logo.svg\",\"contentUrl\":\"https:\/\/kunmedierne.dk\/mors\/wp-content\/uploads\/2024\/08\/kunmors-logo.svg\",\"caption\":\"Mors\"},\"image\":{\"@id\":\"https:\/\/kunmedierne.dk\/mors\/#\/schema\/logo\/image\/\"}},{\"@type\":\"Person\",\"@id\":\"https:\/\/kunmedierne.dk\/mors\/#\/schema\/person\/5fe23251bf1d0abbcdc6f7896579d548\",\"name\":\"David H\u00f8jmark\",\"image\":{\"@type\":\"ImageObject\",\"inLanguage\":\"da-DK\",\"@id\":\"https:\/\/kunmedierne.dk\/mors\/#\/schema\/person\/image\/\",\"url\":\"https:\/\/secure.gravatar.com\/avatar\/4315d6fb9ef244d729989f5f90268eb08d5bf8a3d84402f595fa194bb35784fd?s=96&d=mm&r=g\",\"contentUrl\":\"https:\/\/secure.gravatar.com\/avatar\/4315d6fb9ef244d729989f5f90268eb08d5bf8a3d84402f595fa194bb35784fd?s=96&d=mm&r=g\",\"caption\":\"David H\u00f8jmark\"},\"sameAs\":[\"https:\/\/www.kunmedierne.dk\"],\"url\":\"https:\/\/kunmedierne.dk\/mors\/author\/david\/\"}]}<\/script>\n<!-- \/ Yoast SEO plugin. -->","yoast_head_json":{"title":"Uddannelsespris til Thy-Mors HF &amp; VUC - Mors","robots":{"index":"index","follow":"follow","max-snippet":"max-snippet:-1","max-image-preview":"max-image-preview:large","max-video-preview":"max-video-preview:-1"},"canonical":"https:\/\/kunmedierne.dk\/mors\/uddannelsespris-til-thy-mors-hf-vuc\/","og_locale":"da_DK","og_type":"article","og_title":"Uddannelsespris til Thy-Mors HF &amp; VUC - Mors","og_description":"H\u00c6DER: Et lokalt uddannelsessted har ogs\u00e5 opn\u00e5et opm\u00e6rksomhed l\u00e6ngere v\u00e6k. HF-Outdoor-linjen p\u00e5 Thy-Mors HF &amp; VUC er blevet tildelt\u00a0Danske HF og VUC\u2019s Uddannelsespris 2026. Prisen gives for en s\u00e6rlig indsats, der styrker praksisorienteret undervisning, kursisttrivsel og b\u00e6redygtig uddannelse \u2013 med naturen som aktiv ramme og p\u00e6dagogisk omdrejningspunkt. I en pressemeddelelse fort\u00e6ller Thy-Mors HF &amp; VUC, [&hellip;]","og_url":"https:\/\/kunmedierne.dk\/mors\/uddannelsespris-til-thy-mors-hf-vuc\/","og_site_name":"Mors","article_published_time":"2026-04-27T14:02:10+00:00","author":"David H\u00f8jmark","twitter_card":"summary_large_image","twitter_misc":{"Skrevet af":"David H\u00f8jmark","Estimeret l\u00e6setid":"2 minutter"},"schema":{"@context":"https:\/\/schema.org","@graph":[{"@type":"Article","@id":"https:\/\/kunmedierne.dk\/mors\/uddannelsespris-til-thy-mors-hf-vuc\/#article","isPartOf":{"@id":"https:\/\/kunmedierne.dk\/mors\/uddannelsespris-til-thy-mors-hf-vuc\/"},"author":{"name":"David H\u00f8jmark","@id":"https:\/\/kunmedierne.dk\/mors\/#\/schema\/person\/5fe23251bf1d0abbcdc6f7896579d548"},"headline":"Uddannelsespris til Thy-Mors HF &amp; VUC","datePublished":"2026-04-27T14:02:10+00:00","mainEntityOfPage":{"@id":"https:\/\/kunmedierne.dk\/mors\/uddannelsespris-til-thy-mors-hf-vuc\/"},"wordCount":389,"publisher":{"@id":"https:\/\/kunmedierne.dk\/mors\/#organization"},"keywords":["Skoler og uddannelse"],"articleSection":["Lokalt"],"inLanguage":"da-DK"},{"@type":"WebPage","@id":"https:\/\/kunmedierne.dk\/mors\/uddannelsespris-til-thy-mors-hf-vuc\/","url":"https:\/\/kunmedierne.dk\/mors\/uddannelsespris-til-thy-mors-hf-vuc\/","name":"Uddannelsespris til Thy-Mors HF &amp; VUC - Mors","isPartOf":{"@id":"https:\/\/kunmedierne.dk\/mors\/#website"},"datePublished":"2026-04-27T14:02:10+00:00","breadcrumb":{"@id":"https:\/\/kunmedierne.dk\/mors\/uddannelsespris-til-thy-mors-hf-vuc\/#breadcrumb"},"inLanguage":"da-DK","potentialAction":[{"@type":"ReadAction","target":["https:\/\/kunmedierne.dk\/mors\/uddannelsespris-til-thy-mors-hf-vuc\/"]}]},{"@type":"BreadcrumbList","@id":"https:\/\/kunmedierne.dk\/mors\/uddannelsespris-til-thy-mors-hf-vuc\/#breadcrumb","itemListElement":[{"@type":"ListItem","position":1,"name":"Hjem","item":"https:\/\/kunmedierne.dk\/mors\/"},{"@type":"ListItem","position":2,"name":"Uddannelsespris til Thy-Mors HF &amp; VUC"}]},{"@type":"WebSite","@id":"https:\/\/kunmedierne.dk\/mors\/#website","url":"https:\/\/kunmedierne.dk\/mors\/","name":"Mors","description":"et netmedie med journalistik om livet p\u00e5 Mors","publisher":{"@id":"https:\/\/kunmedierne.dk\/mors\/#organization"},"potentialAction":[{"@type":"SearchAction","target":{"@type":"EntryPoint","urlTemplate":"https:\/\/kunmedierne.dk\/mors\/?s={search_term_string}"},"query-input":{"@type":"PropertyValueSpecification","valueRequired":true,"valueName":"search_term_string"}}],"inLanguage":"da-DK"},{"@type":"Organization","@id":"https:\/\/kunmedierne.dk\/mors\/#organization","name":"Mors","url":"https:\/\/kunmedierne.dk\/mors\/","logo":{"@type":"ImageObject","inLanguage":"da-DK","@id":"https:\/\/kunmedierne.dk\/mors\/#\/schema\/logo\/image\/","url":"https:\/\/kunmedierne.dk\/mors\/wp-content\/uploads\/2024\/08\/kunmors-logo.svg","contentUrl":"https:\/\/kunmedierne.dk\/mors\/wp-content\/uploads\/2024\/08\/kunmors-logo.svg","caption":"Mors"},"image":{"@id":"https:\/\/kunmedierne.dk\/mors\/#\/schema\/logo\/image\/"}},{"@type":"Person","@id":"https:\/\/kunmedierne.dk\/mors\/#\/schema\/person\/5fe23251bf1d0abbcdc6f7896579d548","name":"David H\u00f8jmark","image":{"@type":"ImageObject","inLanguage":"da-DK","@id":"https:\/\/kunmedierne.dk\/mors\/#\/schema\/person\/image\/","url":"https:\/\/secure.gravatar.com\/avatar\/4315d6fb9ef244d729989f5f90268eb08d5bf8a3d84402f595fa194bb35784fd?s=96&d=mm&r=g","contentUrl":"https:\/\/secure.gravatar.com\/avatar\/4315d6fb9ef244d729989f5f90268eb08d5bf8a3d84402f595fa194bb35784fd?s=96&d=mm&r=g","caption":"David H\u00f8jmark"},"sameAs":["https:\/\/www.kunmedierne.dk"],"url":"https:\/\/kunmedierne.dk\/mors\/author\/david\/"}]}},"_links":{"self":[{"href":"https:\/\/kunmedierne.dk\/mors\/wp-json\/wp\/v2\/posts\/172678","targetHints":{"allow":["GET"]}}],"collection":[{"href":"https:\/\/kunmedierne.dk\/mors\/wp-json\/wp\/v2\/posts"}],"about":[{"href":"https:\/\/kunmedierne.dk\/mors\/wp-json\/wp\/v2\/types\/post"}],"author":[{"embeddable":true,"href":"https:\/\/kunmedierne.dk\/mors\/wp-json\/wp\/v2\/users\/8"}],"replies":[{"embeddable":true,"href":"https:\/\/kunmedierne.dk\/mors\/wp-json\/wp\/v2\/comments?post=172678"}],"version-history":[{"count":1,"href":"https:\/\/kunmedierne.dk\/mors\/wp-json\/wp\/v2\/posts\/172678\/revisions"}],"predecessor-version":[{"id":172681,"href":"https:\/\/kunmedierne.dk\/mors\/wp-json\/wp\/v2\/posts\/172678\/revisions\/172681"}],"wp:attachment":[{"href":"https:\/\/kunmedierne.dk\/mors\/wp-json\/wp\/v2\/media?parent=172678"}],"wp:term":[{"taxonomy":"category","embeddable":true,"href":"https:\/\/kunmedierne.dk\/mors\/wp-json\/wp\/v2\/categories?post=172678"},{"taxonomy":"post_tag","embeddable":true,"href":"https:\/\/kunmedierne.dk\/mors\/wp-json\/wp\/v2\/tags?post=172678"}],"curies":[{"name":"wp","href":"https:\/\/api.w.org\/{rel}","templated":true}]}}