{"id":172621,"date":"2026-04-26T14:52:51","date_gmt":"2026-04-26T12:52:51","guid":{"rendered":"https:\/\/kunmedierne.dk\/mors\/?p=172621"},"modified":"2026-04-26T14:52:51","modified_gmt":"2026-04-26T12:52:51","slug":"gallafest-et-oejeblik-der-blev-til-et-minde-for-livet","status":"publish","type":"post","link":"https:\/\/kunmedierne.dk\/mors\/gallafest-et-oejeblik-der-blev-til-et-minde-for-livet\/","title":{"rendered":"<span>Gallafest: <\/span>Et \u00f8jeblik, der blev til et minde for livet"},"content":{"rendered":"<p><strong>GALLA<\/strong>: De har set frem til den i m\u00e5neder, og de vil huske den for resten af livet.<\/p>\n<p>L\u00f8rdag var det tid for en af \u00e5rets helt store begivenheder for de studerende p\u00e5 Mors\u00f8 Gymnasium. I Sparekassen Thy Arena Mors var for\u00e6ldre, bedstefor\u00e6ldre, s\u00f8skende og venner p\u00e5 plads for at se dem gennemf\u00f8re den \u00e5rlige galla med lancier som dansem\u00e6ssigt fixpunkt for den festlige tradition.<\/p>\n<a class=\"dvrt-link\" onClick=\"cdmtrack_click(104783,jQuery(this));return false\" href=\"https:\/\/konpap.dk\/\"><img decoding=\"async\" style=\"width:100%;\" src=\"https:\/\/kunmedierne.dk\/mors\/wp-content\/uploads\/2023\/10\/Kun-Mors-banner.jpg\"><\/a><script>cdmtrack_view(104783);<\/script>\n<p>Mors\u00f8 Gymnasium fort\u00e6ller, at dansen blev gennemf\u00f8rt &#8220;med stor koncentration og tydelig stolthed. I salen blandede forventning og h\u00f8jtidelighed sig, mens de unge \u2013 kl\u00e6dt i elegante kjoler og jakkes\u00e6t \u2013 viste resultatet af mange timers forberedelse.&#8221;<\/p>\n<div id=\"attachment_172625\" style=\"width: 1546px\" class=\"wp-caption alignnone\"><img loading=\"lazy\" decoding=\"async\" aria-describedby=\"caption-attachment-172625\" class=\"wp-image-172625 size-full\" src=\"https:\/\/kunmedierne.dk\/mors\/wp-content\/uploads\/2026\/04\/2026.04.26-Par-indenfor.jpg\" alt=\"\" width=\"1536\" height=\"2048\" srcset=\"https:\/\/kunmedierne.dk\/mors\/wp-content\/uploads\/2026\/04\/2026.04.26-Par-indenfor.jpg 1536w, https:\/\/kunmedierne.dk\/mors\/wp-content\/uploads\/2026\/04\/2026.04.26-Par-indenfor-225x300.jpg 225w, https:\/\/kunmedierne.dk\/mors\/wp-content\/uploads\/2026\/04\/2026.04.26-Par-indenfor-768x1024.jpg 768w, https:\/\/kunmedierne.dk\/mors\/wp-content\/uploads\/2026\/04\/2026.04.26-Par-indenfor-510x680.jpg 510w\" sizes=\"auto, (max-width: 1536px) 100vw, 1536px\" \/><p id=\"caption-attachment-172625\" class=\"wp-caption-text\">Et af de mange flotte par til gallaaftenen. Foto: Mors\u00f8 Gymnasium.<\/p><\/div>\n<p>Som altid fortsatte den gode stemning efter dansen, da eleverne i flotte biler blev k\u00f8rt til Det Ottekantede Forsamlingshus i \u00d8ster J\u00f8lby &#8211; stedet, som igennem tider og generationer sikkert har haft bes\u00f8g af mange af nutidens unge bedstefor\u00e6ldre, oldefor\u00e6ldre og tipoldefor\u00e6ldre. Sikkert endda med en studenterhue p\u00e5.<\/p>\n<p>&nbsp;<\/p>\n<p><strong>De \u00f8jeblikke, der ikke kommer igen<\/strong><\/p>\n<p>Her blev der budt p\u00e5 treretters menu og mere dans som supplement til fotograferingen.<\/p>\n<p>&#8220;Gallafesten er i h\u00f8j grad elevernes eget arrangement, og det var ogs\u00e5 tydeligt i \u00e5r, hvor stort et ansvar og engagement de unge lagde i aftenen. Samtidig spillede en gruppe for\u00e6ldre en vigtig rolle bag kulisserne og bidrog til, at alt forl\u00f8b glat og velorganiseret,&#8221; fort\u00e6ller Mors\u00f8 Gymnasium.<\/p>\n<div id=\"attachment_172626\" style=\"width: 1546px\" class=\"wp-caption alignnone\"><img loading=\"lazy\" decoding=\"async\" aria-describedby=\"caption-attachment-172626\" class=\"wp-image-172626 size-full\" src=\"https:\/\/kunmedierne.dk\/mors\/wp-content\/uploads\/2026\/04\/2026.04.26-Par-paa-trappen-udenfor.jpg\" alt=\"\" width=\"1536\" height=\"2048\" srcset=\"https:\/\/kunmedierne.dk\/mors\/wp-content\/uploads\/2026\/04\/2026.04.26-Par-paa-trappen-udenfor.jpg 1536w, https:\/\/kunmedierne.dk\/mors\/wp-content\/uploads\/2026\/04\/2026.04.26-Par-paa-trappen-udenfor-225x300.jpg 225w, https:\/\/kunmedierne.dk\/mors\/wp-content\/uploads\/2026\/04\/2026.04.26-Par-paa-trappen-udenfor-768x1024.jpg 768w, https:\/\/kunmedierne.dk\/mors\/wp-content\/uploads\/2026\/04\/2026.04.26-Par-paa-trappen-udenfor-510x680.jpg 510w\" sizes=\"auto, (max-width: 1536px) 100vw, 1536px\" \/><p id=\"caption-attachment-172626\" class=\"wp-caption-text\">For\u00e5rsvejret var ogs\u00e5 med deltagerne ved ankomsten til Det Ottekantede Forsamlingshus. Foto: Mors\u00f8 Gymnasium.<\/p><\/div>\n<p>Skolens l\u00e6rere og ledelse deltog ogs\u00e5 i festlighederne &#8211; b\u00e5de til lancier og festmiddag, inden de overlod dansegulvet til de yngre, da DJ\u2019en tog over og satte gang i den mere uformelle del af aftenen.<\/p>\n<a class=\"dvrt-link\" onClick=\"cdmtrack_click(169437,jQuery(this));return false\" href=\"https:\/\/thymors.dk\/sponsorater\/15-til-faellesskabet?utm_source=kunmors&amp;utm_medium=annonce&amp;utm_campaign=sponsorater\"><img decoding=\"async\" style=\"width:100%;\" src=\"https:\/\/kunmedierne.dk\/mors\/wp-content\/uploads\/2026\/03\/260407ThyMors-energi_faellesskab_generel-1.jpg\"><\/a><script>cdmtrack_view(169437);<\/script>\n<p>Forinden havde rektor Ann\u00a0Balleby i sin tale sat ord p\u00e5 gallafestens betydning:<\/p>\n<p>&#8211; Man skal holde sine fester. Man skal huske at markere de \u00f8jeblikke, der ikke kommer igen, sagde hun &#8211; om netop et af de \u00f8jeblikke, der ikke kommer igen.<\/p>\n<p>Deltagerne vil dog tage det med sig til resten af livet.<\/p>\n<blockquote>\n<h3>FAKTA<\/h3>\n<h5>Les Lanciers er en selskabsdans af engelsk-fransk oprindelse fra 1800-tallet. Det er en s\u00e5kaldt kvadrille, som under Napoleon 3. blev indf\u00f8rt ved hoffet i Tuilerierne.<\/h5>\n<h5>Napoleon den 3. var kejser i Frankrig i 18 \u00e5r frem til 1870. Han d\u00f8de i 1873.<\/h5>\n<h5>Det Ottekantede Forsamlingshus blev bygget i 1876.<\/h5>\n<h5>Mors\u00f8 Gymnasium har eksisteret siden 1941 &#8211; og siden 1982 p\u00e5 nuv\u00e6rende adresse.<\/h5>\n<\/blockquote>\n<div id=\"attachment_172627\" style=\"width: 1887px\" class=\"wp-caption alignnone\"><img loading=\"lazy\" decoding=\"async\" aria-describedby=\"caption-attachment-172627\" class=\"wp-image-172627 size-full\" src=\"https:\/\/kunmedierne.dk\/mors\/wp-content\/uploads\/2026\/04\/2026.04.26-Rektor-med-mand-udenfor.jpg\" alt=\"\" width=\"1877\" height=\"1251\" srcset=\"https:\/\/kunmedierne.dk\/mors\/wp-content\/uploads\/2026\/04\/2026.04.26-Rektor-med-mand-udenfor.jpg 1877w, https:\/\/kunmedierne.dk\/mors\/wp-content\/uploads\/2026\/04\/2026.04.26-Rektor-med-mand-udenfor-300x200.jpg 300w, https:\/\/kunmedierne.dk\/mors\/wp-content\/uploads\/2026\/04\/2026.04.26-Rektor-med-mand-udenfor-1024x682.jpg 1024w, https:\/\/kunmedierne.dk\/mors\/wp-content\/uploads\/2026\/04\/2026.04.26-Rektor-med-mand-udenfor-510x340.jpg 510w\" sizes=\"auto, (max-width: 1877px) 100vw, 1877px\" \/><p id=\"caption-attachment-172627\" class=\"wp-caption-text\">Ann Balleby, rektor p\u00e5 Mors\u00f8 Gymnasium, og hendes mand, Claus V. Mikkelsen. Foto: Mors\u00f8 Gymnasium.<\/p><\/div>\n","protected":false},"excerpt":{"rendered":"<p>GALLA: De har set frem til den i m\u00e5neder, og de vil huske den for resten af livet. L\u00f8rdag var det tid for en af \u00e5rets helt store begivenheder for de studerende p\u00e5 Mors\u00f8 Gymnasium. I Sparekassen Thy Arena Mors var for\u00e6ldre, bedstefor\u00e6ldre, s\u00f8skende og venner p\u00e5 plads for at se dem gennemf\u00f8re den \u00e5rlige [&hellip;]<\/p>\n","protected":false},"author":8,"featured_media":0,"comment_status":"closed","ping_status":"closed","sticky":false,"template":"","format":"standard","meta":{"_acf_changed":false,"footnotes":""},"categories":[51],"tags":[170],"class_list":["post-172621","post","type-post","status-publish","format-standard","hentry","category-lokalt","tag-uddannelse"],"acf":[],"yoast_head":"<!-- This site is optimized with the Yoast SEO plugin v26.8 - https:\/\/yoast.com\/product\/yoast-seo-wordpress\/ -->\n<title>Gallafest: Et \u00f8jeblik, der blev til et minde for livet - Mors<\/title>\n<meta name=\"robots\" content=\"index, follow, max-snippet:-1, max-image-preview:large, max-video-preview:-1\" \/>\n<link rel=\"canonical\" href=\"https:\/\/kunmedierne.dk\/mors\/gallafest-et-oejeblik-der-blev-til-et-minde-for-livet\/\" \/>\n<meta property=\"og:locale\" content=\"da_DK\" \/>\n<meta property=\"og:type\" content=\"article\" \/>\n<meta property=\"og:title\" content=\"Gallafest: Et \u00f8jeblik, der blev til et minde for livet - Mors\" \/>\n<meta property=\"og:description\" content=\"GALLA: De har set frem til den i m\u00e5neder, og de vil huske den for resten af livet. L\u00f8rdag var det tid for en af \u00e5rets helt store begivenheder for de studerende p\u00e5 Mors\u00f8 Gymnasium. I Sparekassen Thy Arena Mors var for\u00e6ldre, bedstefor\u00e6ldre, s\u00f8skende og venner p\u00e5 plads for at se dem gennemf\u00f8re den \u00e5rlige [&hellip;]\" \/>\n<meta property=\"og:url\" content=\"https:\/\/kunmedierne.dk\/mors\/gallafest-et-oejeblik-der-blev-til-et-minde-for-livet\/\" \/>\n<meta property=\"og:site_name\" content=\"Mors\" \/>\n<meta property=\"article:published_time\" content=\"2026-04-26T12:52:51+00:00\" \/>\n<meta property=\"og:image\" content=\"https:\/\/kunmedierne.dk\/mors\/wp-content\/uploads\/2026\/04\/2026.04.26-Par-indenfor.jpg\" \/>\n<meta name=\"author\" content=\"David H\u00f8jmark\" \/>\n<meta name=\"twitter:card\" content=\"summary_large_image\" \/>\n<meta name=\"twitter:label1\" content=\"Skrevet af\" \/>\n\t<meta name=\"twitter:data1\" content=\"David H\u00f8jmark\" \/>\n\t<meta name=\"twitter:label2\" content=\"Estimeret l\u00e6setid\" \/>\n\t<meta name=\"twitter:data2\" content=\"3 minutter\" \/>\n<script type=\"application\/ld+json\" class=\"yoast-schema-graph\">{\"@context\":\"https:\/\/schema.org\",\"@graph\":[{\"@type\":\"Article\",\"@id\":\"https:\/\/kunmedierne.dk\/mors\/gallafest-et-oejeblik-der-blev-til-et-minde-for-livet\/#article\",\"isPartOf\":{\"@id\":\"https:\/\/kunmedierne.dk\/mors\/gallafest-et-oejeblik-der-blev-til-et-minde-for-livet\/\"},\"author\":{\"name\":\"David H\u00f8jmark\",\"@id\":\"https:\/\/kunmedierne.dk\/mors\/#\/schema\/person\/5fe23251bf1d0abbcdc6f7896579d548\"},\"headline\":\"Gallafest: Et \u00f8jeblik, der blev til et minde for livet\",\"datePublished\":\"2026-04-26T12:52:51+00:00\",\"mainEntityOfPage\":{\"@id\":\"https:\/\/kunmedierne.dk\/mors\/gallafest-et-oejeblik-der-blev-til-et-minde-for-livet\/\"},\"wordCount\":466,\"publisher\":{\"@id\":\"https:\/\/kunmedierne.dk\/mors\/#organization\"},\"image\":{\"@id\":\"https:\/\/kunmedierne.dk\/mors\/gallafest-et-oejeblik-der-blev-til-et-minde-for-livet\/#primaryimage\"},\"thumbnailUrl\":\"https:\/\/kunmedierne.dk\/mors\/wp-content\/uploads\/2026\/04\/2026.04.26-Par-indenfor.jpg\",\"keywords\":[\"Skoler og uddannelse\"],\"articleSection\":[\"Lokalt\"],\"inLanguage\":\"da-DK\"},{\"@type\":\"WebPage\",\"@id\":\"https:\/\/kunmedierne.dk\/mors\/gallafest-et-oejeblik-der-blev-til-et-minde-for-livet\/\",\"url\":\"https:\/\/kunmedierne.dk\/mors\/gallafest-et-oejeblik-der-blev-til-et-minde-for-livet\/\",\"name\":\"Gallafest: Et \u00f8jeblik, der blev til et minde for livet - Mors\",\"isPartOf\":{\"@id\":\"https:\/\/kunmedierne.dk\/mors\/#website\"},\"primaryImageOfPage\":{\"@id\":\"https:\/\/kunmedierne.dk\/mors\/gallafest-et-oejeblik-der-blev-til-et-minde-for-livet\/#primaryimage\"},\"image\":{\"@id\":\"https:\/\/kunmedierne.dk\/mors\/gallafest-et-oejeblik-der-blev-til-et-minde-for-livet\/#primaryimage\"},\"thumbnailUrl\":\"https:\/\/kunmedierne.dk\/mors\/wp-content\/uploads\/2026\/04\/2026.04.26-Par-indenfor.jpg\",\"datePublished\":\"2026-04-26T12:52:51+00:00\",\"breadcrumb\":{\"@id\":\"https:\/\/kunmedierne.dk\/mors\/gallafest-et-oejeblik-der-blev-til-et-minde-for-livet\/#breadcrumb\"},\"inLanguage\":\"da-DK\",\"potentialAction\":[{\"@type\":\"ReadAction\",\"target\":[\"https:\/\/kunmedierne.dk\/mors\/gallafest-et-oejeblik-der-blev-til-et-minde-for-livet\/\"]}]},{\"@type\":\"ImageObject\",\"inLanguage\":\"da-DK\",\"@id\":\"https:\/\/kunmedierne.dk\/mors\/gallafest-et-oejeblik-der-blev-til-et-minde-for-livet\/#primaryimage\",\"url\":\"https:\/\/kunmedierne.dk\/mors\/wp-content\/uploads\/2026\/04\/2026.04.26-Par-indenfor.jpg\",\"contentUrl\":\"https:\/\/kunmedierne.dk\/mors\/wp-content\/uploads\/2026\/04\/2026.04.26-Par-indenfor.jpg\",\"width\":1536,\"height\":2048},{\"@type\":\"BreadcrumbList\",\"@id\":\"https:\/\/kunmedierne.dk\/mors\/gallafest-et-oejeblik-der-blev-til-et-minde-for-livet\/#breadcrumb\",\"itemListElement\":[{\"@type\":\"ListItem\",\"position\":1,\"name\":\"Hjem\",\"item\":\"https:\/\/kunmedierne.dk\/mors\/\"},{\"@type\":\"ListItem\",\"position\":2,\"name\":\"Gallafest: Et \u00f8jeblik, der blev til et minde for livet\"}]},{\"@type\":\"WebSite\",\"@id\":\"https:\/\/kunmedierne.dk\/mors\/#website\",\"url\":\"https:\/\/kunmedierne.dk\/mors\/\",\"name\":\"Mors\",\"description\":\"et netmedie med journalistik om livet p\u00e5 Mors\",\"publisher\":{\"@id\":\"https:\/\/kunmedierne.dk\/mors\/#organization\"},\"potentialAction\":[{\"@type\":\"SearchAction\",\"target\":{\"@type\":\"EntryPoint\",\"urlTemplate\":\"https:\/\/kunmedierne.dk\/mors\/?s={search_term_string}\"},\"query-input\":{\"@type\":\"PropertyValueSpecification\",\"valueRequired\":true,\"valueName\":\"search_term_string\"}}],\"inLanguage\":\"da-DK\"},{\"@type\":\"Organization\",\"@id\":\"https:\/\/kunmedierne.dk\/mors\/#organization\",\"name\":\"Mors\",\"url\":\"https:\/\/kunmedierne.dk\/mors\/\",\"logo\":{\"@type\":\"ImageObject\",\"inLanguage\":\"da-DK\",\"@id\":\"https:\/\/kunmedierne.dk\/mors\/#\/schema\/logo\/image\/\",\"url\":\"https:\/\/kunmedierne.dk\/mors\/wp-content\/uploads\/2024\/08\/kunmors-logo.svg\",\"contentUrl\":\"https:\/\/kunmedierne.dk\/mors\/wp-content\/uploads\/2024\/08\/kunmors-logo.svg\",\"caption\":\"Mors\"},\"image\":{\"@id\":\"https:\/\/kunmedierne.dk\/mors\/#\/schema\/logo\/image\/\"}},{\"@type\":\"Person\",\"@id\":\"https:\/\/kunmedierne.dk\/mors\/#\/schema\/person\/5fe23251bf1d0abbcdc6f7896579d548\",\"name\":\"David H\u00f8jmark\",\"image\":{\"@type\":\"ImageObject\",\"inLanguage\":\"da-DK\",\"@id\":\"https:\/\/kunmedierne.dk\/mors\/#\/schema\/person\/image\/\",\"url\":\"https:\/\/secure.gravatar.com\/avatar\/4315d6fb9ef244d729989f5f90268eb08d5bf8a3d84402f595fa194bb35784fd?s=96&d=mm&r=g\",\"contentUrl\":\"https:\/\/secure.gravatar.com\/avatar\/4315d6fb9ef244d729989f5f90268eb08d5bf8a3d84402f595fa194bb35784fd?s=96&d=mm&r=g\",\"caption\":\"David H\u00f8jmark\"},\"sameAs\":[\"https:\/\/www.kunmedierne.dk\"],\"url\":\"https:\/\/kunmedierne.dk\/mors\/author\/david\/\"}]}<\/script>\n<!-- \/ Yoast SEO plugin. -->","yoast_head_json":{"title":"Gallafest: Et \u00f8jeblik, der blev til et minde for livet - Mors","robots":{"index":"index","follow":"follow","max-snippet":"max-snippet:-1","max-image-preview":"max-image-preview:large","max-video-preview":"max-video-preview:-1"},"canonical":"https:\/\/kunmedierne.dk\/mors\/gallafest-et-oejeblik-der-blev-til-et-minde-for-livet\/","og_locale":"da_DK","og_type":"article","og_title":"Gallafest: Et \u00f8jeblik, der blev til et minde for livet - Mors","og_description":"GALLA: De har set frem til den i m\u00e5neder, og de vil huske den for resten af livet. L\u00f8rdag var det tid for en af \u00e5rets helt store begivenheder for de studerende p\u00e5 Mors\u00f8 Gymnasium. I Sparekassen Thy Arena Mors var for\u00e6ldre, bedstefor\u00e6ldre, s\u00f8skende og venner p\u00e5 plads for at se dem gennemf\u00f8re den \u00e5rlige [&hellip;]","og_url":"https:\/\/kunmedierne.dk\/mors\/gallafest-et-oejeblik-der-blev-til-et-minde-for-livet\/","og_site_name":"Mors","article_published_time":"2026-04-26T12:52:51+00:00","og_image":[{"url":"https:\/\/kunmedierne.dk\/mors\/wp-content\/uploads\/2026\/04\/2026.04.26-Par-indenfor.jpg","type":"","width":"","height":""}],"author":"David H\u00f8jmark","twitter_card":"summary_large_image","twitter_misc":{"Skrevet af":"David H\u00f8jmark","Estimeret l\u00e6setid":"3 minutter"},"schema":{"@context":"https:\/\/schema.org","@graph":[{"@type":"Article","@id":"https:\/\/kunmedierne.dk\/mors\/gallafest-et-oejeblik-der-blev-til-et-minde-for-livet\/#article","isPartOf":{"@id":"https:\/\/kunmedierne.dk\/mors\/gallafest-et-oejeblik-der-blev-til-et-minde-for-livet\/"},"author":{"name":"David H\u00f8jmark","@id":"https:\/\/kunmedierne.dk\/mors\/#\/schema\/person\/5fe23251bf1d0abbcdc6f7896579d548"},"headline":"Gallafest: Et \u00f8jeblik, der blev til et minde for livet","datePublished":"2026-04-26T12:52:51+00:00","mainEntityOfPage":{"@id":"https:\/\/kunmedierne.dk\/mors\/gallafest-et-oejeblik-der-blev-til-et-minde-for-livet\/"},"wordCount":466,"publisher":{"@id":"https:\/\/kunmedierne.dk\/mors\/#organization"},"image":{"@id":"https:\/\/kunmedierne.dk\/mors\/gallafest-et-oejeblik-der-blev-til-et-minde-for-livet\/#primaryimage"},"thumbnailUrl":"https:\/\/kunmedierne.dk\/mors\/wp-content\/uploads\/2026\/04\/2026.04.26-Par-indenfor.jpg","keywords":["Skoler og uddannelse"],"articleSection":["Lokalt"],"inLanguage":"da-DK"},{"@type":"WebPage","@id":"https:\/\/kunmedierne.dk\/mors\/gallafest-et-oejeblik-der-blev-til-et-minde-for-livet\/","url":"https:\/\/kunmedierne.dk\/mors\/gallafest-et-oejeblik-der-blev-til-et-minde-for-livet\/","name":"Gallafest: Et \u00f8jeblik, der blev til et minde for livet - Mors","isPartOf":{"@id":"https:\/\/kunmedierne.dk\/mors\/#website"},"primaryImageOfPage":{"@id":"https:\/\/kunmedierne.dk\/mors\/gallafest-et-oejeblik-der-blev-til-et-minde-for-livet\/#primaryimage"},"image":{"@id":"https:\/\/kunmedierne.dk\/mors\/gallafest-et-oejeblik-der-blev-til-et-minde-for-livet\/#primaryimage"},"thumbnailUrl":"https:\/\/kunmedierne.dk\/mors\/wp-content\/uploads\/2026\/04\/2026.04.26-Par-indenfor.jpg","datePublished":"2026-04-26T12:52:51+00:00","breadcrumb":{"@id":"https:\/\/kunmedierne.dk\/mors\/gallafest-et-oejeblik-der-blev-til-et-minde-for-livet\/#breadcrumb"},"inLanguage":"da-DK","potentialAction":[{"@type":"ReadAction","target":["https:\/\/kunmedierne.dk\/mors\/gallafest-et-oejeblik-der-blev-til-et-minde-for-livet\/"]}]},{"@type":"ImageObject","inLanguage":"da-DK","@id":"https:\/\/kunmedierne.dk\/mors\/gallafest-et-oejeblik-der-blev-til-et-minde-for-livet\/#primaryimage","url":"https:\/\/kunmedierne.dk\/mors\/wp-content\/uploads\/2026\/04\/2026.04.26-Par-indenfor.jpg","contentUrl":"https:\/\/kunmedierne.dk\/mors\/wp-content\/uploads\/2026\/04\/2026.04.26-Par-indenfor.jpg","width":1536,"height":2048},{"@type":"BreadcrumbList","@id":"https:\/\/kunmedierne.dk\/mors\/gallafest-et-oejeblik-der-blev-til-et-minde-for-livet\/#breadcrumb","itemListElement":[{"@type":"ListItem","position":1,"name":"Hjem","item":"https:\/\/kunmedierne.dk\/mors\/"},{"@type":"ListItem","position":2,"name":"Gallafest: Et \u00f8jeblik, der blev til et minde for livet"}]},{"@type":"WebSite","@id":"https:\/\/kunmedierne.dk\/mors\/#website","url":"https:\/\/kunmedierne.dk\/mors\/","name":"Mors","description":"et netmedie med journalistik om livet p\u00e5 Mors","publisher":{"@id":"https:\/\/kunmedierne.dk\/mors\/#organization"},"potentialAction":[{"@type":"SearchAction","target":{"@type":"EntryPoint","urlTemplate":"https:\/\/kunmedierne.dk\/mors\/?s={search_term_string}"},"query-input":{"@type":"PropertyValueSpecification","valueRequired":true,"valueName":"search_term_string"}}],"inLanguage":"da-DK"},{"@type":"Organization","@id":"https:\/\/kunmedierne.dk\/mors\/#organization","name":"Mors","url":"https:\/\/kunmedierne.dk\/mors\/","logo":{"@type":"ImageObject","inLanguage":"da-DK","@id":"https:\/\/kunmedierne.dk\/mors\/#\/schema\/logo\/image\/","url":"https:\/\/kunmedierne.dk\/mors\/wp-content\/uploads\/2024\/08\/kunmors-logo.svg","contentUrl":"https:\/\/kunmedierne.dk\/mors\/wp-content\/uploads\/2024\/08\/kunmors-logo.svg","caption":"Mors"},"image":{"@id":"https:\/\/kunmedierne.dk\/mors\/#\/schema\/logo\/image\/"}},{"@type":"Person","@id":"https:\/\/kunmedierne.dk\/mors\/#\/schema\/person\/5fe23251bf1d0abbcdc6f7896579d548","name":"David H\u00f8jmark","image":{"@type":"ImageObject","inLanguage":"da-DK","@id":"https:\/\/kunmedierne.dk\/mors\/#\/schema\/person\/image\/","url":"https:\/\/secure.gravatar.com\/avatar\/4315d6fb9ef244d729989f5f90268eb08d5bf8a3d84402f595fa194bb35784fd?s=96&d=mm&r=g","contentUrl":"https:\/\/secure.gravatar.com\/avatar\/4315d6fb9ef244d729989f5f90268eb08d5bf8a3d84402f595fa194bb35784fd?s=96&d=mm&r=g","caption":"David H\u00f8jmark"},"sameAs":["https:\/\/www.kunmedierne.dk"],"url":"https:\/\/kunmedierne.dk\/mors\/author\/david\/"}]}},"_links":{"self":[{"href":"https:\/\/kunmedierne.dk\/mors\/wp-json\/wp\/v2\/posts\/172621","targetHints":{"allow":["GET"]}}],"collection":[{"href":"https:\/\/kunmedierne.dk\/mors\/wp-json\/wp\/v2\/posts"}],"about":[{"href":"https:\/\/kunmedierne.dk\/mors\/wp-json\/wp\/v2\/types\/post"}],"author":[{"embeddable":true,"href":"https:\/\/kunmedierne.dk\/mors\/wp-json\/wp\/v2\/users\/8"}],"replies":[{"embeddable":true,"href":"https:\/\/kunmedierne.dk\/mors\/wp-json\/wp\/v2\/comments?post=172621"}],"version-history":[{"count":2,"href":"https:\/\/kunmedierne.dk\/mors\/wp-json\/wp\/v2\/posts\/172621\/revisions"}],"predecessor-version":[{"id":172629,"href":"https:\/\/kunmedierne.dk\/mors\/wp-json\/wp\/v2\/posts\/172621\/revisions\/172629"}],"wp:attachment":[{"href":"https:\/\/kunmedierne.dk\/mors\/wp-json\/wp\/v2\/media?parent=172621"}],"wp:term":[{"taxonomy":"category","embeddable":true,"href":"https:\/\/kunmedierne.dk\/mors\/wp-json\/wp\/v2\/categories?post=172621"},{"taxonomy":"post_tag","embeddable":true,"href":"https:\/\/kunmedierne.dk\/mors\/wp-json\/wp\/v2\/tags?post=172621"}],"curies":[{"name":"wp","href":"https:\/\/api.w.org\/{rel}","templated":true}]}}