{"id":172522,"date":"2026-04-24T16:51:19","date_gmt":"2026-04-24T14:51:19","guid":{"rendered":"https:\/\/kunmedierne.dk\/mors\/?p=172522"},"modified":"2026-04-24T16:46:33","modified_gmt":"2026-04-24T14:46:33","slug":"lam-gamle-traktorer-og-nye-penge-til-skarregaard","status":"publish","type":"post","link":"https:\/\/kunmedierne.dk\/mors\/lam-gamle-traktorer-og-nye-penge-til-skarregaard\/","title":{"rendered":"Lam, gamle traktorer og nye penge til Skarregaard\u00a0"},"content":{"rendered":"<p><span data-contrast=\"auto\"><strong>SKARREGAARD:<\/strong> Der bliver b\u00e5de lyd og liv p\u00e5 Skarregaard Natur- og Kulturcenter s\u00f8ndag den 26. april kl. 11-15, n\u00e5r den \u00e5rlige F\u00e5redag l\u00f8ber af stablen.<\/span><span data-ccp-props=\"{}\">\u00a0<\/span><\/p>\n<a class=\"dvrt-link\" onClick=\"cdmtrack_click(104779,jQuery(this));return false\" href=\"https:\/\/morsoe-begravelsesforretning.dk\/\"><img decoding=\"async\" style=\"width:100%;\" src=\"https:\/\/kunmedierne.dk\/mors\/wp-content\/uploads\/2023\/11\/251215-morsoe-begravelsesforretning.jpg\"><\/a><script>cdmtrack_view(104779);<\/script>\n<p><span data-contrast=\"auto\">Marcus fra Nielsens F\u00e5reavl tager f\u00e5r og lam med, og i l\u00f8bet af dagen kan man opleve b\u00e5de f\u00e5reklipning og hovpleje. De yngste kan komme helt t\u00e6t p\u00e5 lammene, der er klar til b\u00e5de klap og k\u00e6len.<\/span><span data-ccp-props=\"{}\">\u00a0<\/span><\/p>\n<div id=\"attachment_172523\" style=\"width: 5194px\" class=\"wp-caption alignnone\"><img loading=\"lazy\" decoding=\"async\" aria-describedby=\"caption-attachment-172523\" class=\"wp-image-172523 size-full\" src=\"https:\/\/kunmedierne.dk\/mors\/wp-content\/uploads\/2026\/04\/design-uden-navn244.jpg\" alt=\"\" width=\"5184\" height=\"3456\" srcset=\"https:\/\/kunmedierne.dk\/mors\/wp-content\/uploads\/2026\/04\/design-uden-navn244.jpg 5184w, https:\/\/kunmedierne.dk\/mors\/wp-content\/uploads\/2026\/04\/design-uden-navn244-300x200.jpg 300w, https:\/\/kunmedierne.dk\/mors\/wp-content\/uploads\/2026\/04\/design-uden-navn244-1024x683.jpg 1024w, https:\/\/kunmedierne.dk\/mors\/wp-content\/uploads\/2026\/04\/design-uden-navn244-510x340.jpg 510w\" sizes=\"auto, (max-width: 5184px) 100vw, 5184px\" \/><p id=\"caption-attachment-172523\" class=\"wp-caption-text\">Fra f\u00e5redagen 2025<\/p><\/div>\n<p><span data-contrast=\"auto\">If\u00f8lge bestyrelsesmedlem Inge M. Jakobsen er arrangementet ved at finde sin form.<\/span><span data-ccp-props=\"{}\">\u00a0<\/span><\/p>\n<p><span data-contrast=\"auto\">&#8211; Jeg tror, vi har holdt den tre gange nu, efter at Skarregaard blev en frivillig forening, siger hun. <\/span><span data-ccp-props=\"{}\">\u00a0<\/span><\/p>\n<p><span data-contrast=\"auto\">Vejret ser lovende ud.<\/span><span data-ccp-props=\"{}\">\u00a0<\/span><\/p>\n<p><span data-contrast=\"auto\">&#8211; Det er kun blevet bedre i l\u00f8bet af ugen, s\u00e5 vi h\u00e5ber, det holder. Nogle \u00e5r har der v\u00e6ret over 200 mennesker forbi, s\u00e5 vi h\u00e5ber p\u00e5 solskin. <\/span><span data-ccp-props=\"{}\">\u00a0<\/span><\/p>\n<a class=\"dvrt-link\" onClick=\"cdmtrack_click(104783,jQuery(this));return false\" href=\"https:\/\/konpap.dk\/\"><img decoding=\"async\" style=\"width:100%;\" src=\"https:\/\/kunmedierne.dk\/mors\/wp-content\/uploads\/2023\/10\/Kun-Mors-banner.jpg\"><\/a><script>cdmtrack_view(104783);<\/script>\n<p><span data-contrast=\"auto\">F\u00e5reklipning kan opleves kl. 11.30 og 13.30.<\/span><span data-ccp-props=\"{}\">\u00a0<\/span><\/p>\n<p>&nbsp;<\/p>\n<p><strong>Som livet var engang\u00a0<\/strong><\/p>\n<p><span data-contrast=\"auto\">F\u00e5redagen er mere end en familiedag med dyr. Den er ogs\u00e5 et kig tilbage i tiden.<\/span><span data-ccp-props=\"{}\">\u00a0<\/span><\/p>\n<p><span data-contrast=\"auto\">&#8211; Vi vil gerne holde fast i de gamle traditioner og vise, hvordan hverdagen p\u00e5 landet s\u00e5 ud i 1950\u2019erne, siger Inge M. Jakobsen. <\/span><span data-ccp-props=\"{}\">\u00a0<\/span><\/p>\n<p><span data-contrast=\"auto\">Det m\u00e6rkes i aktiviteterne. G\u00e6sterne kan pr\u00f8ve at filte, h\u00f8re om plantefarvning, karte og spinde uld \u2013 eller se, hvordan det foreg\u00e5r p\u00e5 rok.<\/span><span data-ccp-props=\"{}\">\u00a0<\/span><\/p>\n<div id=\"attachment_172527\" style=\"width: 5194px\" class=\"wp-caption alignnone\"><img loading=\"lazy\" decoding=\"async\" aria-describedby=\"caption-attachment-172527\" class=\"wp-image-172527 size-full\" src=\"https:\/\/kunmedierne.dk\/mors\/wp-content\/uploads\/2026\/04\/design-uden-navn246.jpg\" alt=\"\" width=\"5184\" height=\"3456\" srcset=\"https:\/\/kunmedierne.dk\/mors\/wp-content\/uploads\/2026\/04\/design-uden-navn246.jpg 5184w, https:\/\/kunmedierne.dk\/mors\/wp-content\/uploads\/2026\/04\/design-uden-navn246-300x200.jpg 300w, https:\/\/kunmedierne.dk\/mors\/wp-content\/uploads\/2026\/04\/design-uden-navn246-1024x683.jpg 1024w, https:\/\/kunmedierne.dk\/mors\/wp-content\/uploads\/2026\/04\/design-uden-navn246-510x340.jpg 510w\" sizes=\"auto, (max-width: 5184px) 100vw, 5184px\" \/><p id=\"caption-attachment-172527\" class=\"wp-caption-text\">Fra f\u00e5redagen 2025<\/p><\/div>\n<p><span data-contrast=\"auto\">Udenfor er de gamle traktorer k\u00f8rt frem til opvisning i pl\u00f8jning, harvning og s\u00e5ning. Der er ogs\u00e5 mulighed for en tr\u00e6kketur p\u00e5 hest, og boder med skind og uldsko.<\/span><span data-ccp-props=\"{}\">\u00a0<\/span><\/p>\n<p>&nbsp;<\/p>\n<p><strong>Frivillige f\u00e5r det til at ske\u00a0<\/strong><\/p>\n<p><span data-contrast=\"auto\">Bag dagen st\u00e5r en gruppe frivillige, der bruger timer p\u00e5 at f\u00e5 det hele til at h\u00e6nge sammen.<\/span><span data-ccp-props=\"{}\">\u00a0<\/span><\/p>\n<p><span data-contrast=\"auto\">&#8211; Vi er ved at v\u00e6re klar, men der er altid lige det sidste, der skal s\u00e6ttes op s\u00f8ndag morgen, siger Inge M. Jakobsen. <\/span><span data-ccp-props=\"{}\">\u00a0<\/span><\/p>\n<p><span data-contrast=\"auto\">Hun l\u00e6gger ikke skjul p\u00e5, at det kr\u00e6ver kr\u00e6fter.<\/span><span data-ccp-props=\"{}\">\u00a0<\/span><\/p>\n<p><span data-contrast=\"auto\">&#8211; Det er frivillige, der st\u00e5r for det hele. Det er et stort arbejde \u2013 men ogs\u00e5 det, der g\u00f8r det. <\/span><span data-ccp-props=\"{}\">\u00a0<\/span><\/p>\n<p><span data-contrast=\"auto\">Arrang\u00f8rerne opfordrer samtidig bes\u00f8gende til at tage strik eller garn med og s\u00e6lge det fra boder p\u00e5 pladsen.<\/span><span data-ccp-props=\"{}\">\u00a0<\/span><\/p>\n<p><span data-contrast=\"auto\">K\u00f8kkenet s\u00f8rger for vafler, kage, kaffe, vand, \u00f8l og grillp\u00f8lser.<\/span><span data-ccp-props=\"{}\">\u00a0<\/span><\/p>\n<p>&nbsp;<\/p>\n<p><strong>Nye penge \u2013 og nye muligheder\u00a0<\/strong><\/p>\n<p><span data-contrast=\"auto\">Midt i forberedelserne er der ogs\u00e5 landet en god nyhed. Skarregaard har modtaget 200.000 kroner fra Nordea-fonden gennem fondens renoveringspulje.<\/span><span data-ccp-props=\"{}\">\u00a0<\/span><\/p>\n<p><span data-contrast=\"auto\">Pengene skal bruges til at opgradere stedet som lokalt samlingspunkt \u2013 blandt andet med bedre faciliteter.<\/span><span data-ccp-props=\"{}\">\u00a0<\/span><\/p>\n<p><span data-contrast=\"auto\">&#8211; Vi vil gerne lave et handicaptoilet, s\u00e5 alle kan v\u00e6re med, siger Inge M. Jakobsen. <\/span><span data-ccp-props=\"{}\">\u00a0<\/span><\/p>\n<p><span data-contrast=\"auto\">Samtidig er der planer om at forbedre de eksisterende toiletforhold, som i dag kan blive pressede ved st\u00f8rre arrangementer.<\/span><span data-ccp-props=\"{}\">\u00a0<\/span><\/p>\n<a class=\"dvrt-link\" onClick=\"cdmtrack_click(104780,jQuery(this));return false\" href=\"https:\/\/www.spard.dk\/\"><img decoding=\"async\" style=\"width:100%;\" src=\"https:\/\/kunmedierne.dk\/mors\/wp-content\/uploads\/2023\/12\/sparekassen-dk-maj25.gif\"><\/a><script>cdmtrack_view(104780);<\/script>\n<p><span data-contrast=\"auto\">Hvorn\u00e5r arbejdet g\u00e5r i gang, er endnu ikke fastlagt.<\/span><span data-ccp-props=\"{}\">\u00a0<\/span><\/p>\n<p><span data-contrast=\"auto\">&#8211; Det bliver nok efter julemarkedet, s\u00e5 vi har ro til at g\u00f8re det ordentligt.<\/span><span data-ccp-props=\"{}\">\u00a0<\/span><\/p>\n<p>Ligenu og her h\u00e5ber Inge og alle de andre frivillige p\u00e5 solskin, s\u00e5 der dukker en masse op til f\u00e5redagen p\u00e5 s\u00f8ndag.<\/p>\n<p><span data-ccp-props=\"{}\">\u00a0<\/span><\/p>\n<blockquote>\n<h4><b><span data-contrast=\"auto\">Praktisk information<\/span><\/b><\/h4>\n<h5><span data-contrast=\"auto\">F\u00e5redag p\u00e5 Skarregaard finder sted s\u00f8ndag den 26. april kl. 11-15.<\/span><\/h5>\n<h5><span data-contrast=\"auto\">Der er gratis entr\u00e9. Parkering koster 50 kroner.<\/span><\/h5>\n<h5><span data-contrast=\"auto\">F\u00e5reklipning: kl. 11.30 og 13.30<\/span><br \/>\n<span data-contrast=\"auto\"> Rundvisning: kl. 12.30<\/span><\/h5>\n<\/blockquote>\n<div id=\"attachment_172528\" style=\"width: 5194px\" class=\"wp-caption alignnone\"><img loading=\"lazy\" decoding=\"async\" aria-describedby=\"caption-attachment-172528\" class=\"wp-image-172528 size-full\" src=\"https:\/\/kunmedierne.dk\/mors\/wp-content\/uploads\/2026\/04\/design-uden-navn247.jpg\" alt=\"\" width=\"5184\" height=\"3456\" srcset=\"https:\/\/kunmedierne.dk\/mors\/wp-content\/uploads\/2026\/04\/design-uden-navn247.jpg 5184w, https:\/\/kunmedierne.dk\/mors\/wp-content\/uploads\/2026\/04\/design-uden-navn247-300x200.jpg 300w, https:\/\/kunmedierne.dk\/mors\/wp-content\/uploads\/2026\/04\/design-uden-navn247-1024x683.jpg 1024w, https:\/\/kunmedierne.dk\/mors\/wp-content\/uploads\/2026\/04\/design-uden-navn247-510x340.jpg 510w\" sizes=\"auto, (max-width: 5184px) 100vw, 5184px\" \/><p id=\"caption-attachment-172528\" class=\"wp-caption-text\">Fra f\u00e5redagen 2025<\/p><\/div>\n","protected":false},"excerpt":{"rendered":"<p>SKARREGAARD: Der bliver b\u00e5de lyd og liv p\u00e5 Skarregaard Natur- og Kulturcenter s\u00f8ndag den 26. april kl. 11-15, n\u00e5r den \u00e5rlige F\u00e5redag l\u00f8ber af stablen.\u00a0 Marcus fra Nielsens F\u00e5reavl tager f\u00e5r og lam med, og i l\u00f8bet af dagen kan man opleve b\u00e5de f\u00e5reklipning og hovpleje. De yngste kan komme helt t\u00e6t p\u00e5 lammene, der [&hellip;]<\/p>\n","protected":false},"author":2507,"featured_media":0,"comment_status":"closed","ping_status":"closed","sticky":false,"template":"","format":"standard","meta":{"_acf_changed":false,"footnotes":""},"categories":[51],"tags":[],"class_list":["post-172522","post","type-post","status-publish","format-standard","hentry","category-lokalt"],"acf":[],"yoast_head":"<!-- This site is optimized with the Yoast SEO plugin v26.8 - https:\/\/yoast.com\/product\/yoast-seo-wordpress\/ -->\n<title>Lam, gamle traktorer og nye penge til Skarregaard\u00a0 - Mors<\/title>\n<meta name=\"robots\" content=\"index, follow, max-snippet:-1, max-image-preview:large, max-video-preview:-1\" \/>\n<link rel=\"canonical\" href=\"https:\/\/kunmedierne.dk\/mors\/lam-gamle-traktorer-og-nye-penge-til-skarregaard\/\" \/>\n<meta property=\"og:locale\" content=\"da_DK\" \/>\n<meta property=\"og:type\" content=\"article\" \/>\n<meta property=\"og:title\" content=\"Lam, gamle traktorer og nye penge til Skarregaard\u00a0 - Mors\" \/>\n<meta property=\"og:description\" content=\"SKARREGAARD: Der bliver b\u00e5de lyd og liv p\u00e5 Skarregaard Natur- og Kulturcenter s\u00f8ndag den 26. april kl. 11-15, n\u00e5r den \u00e5rlige F\u00e5redag l\u00f8ber af stablen.\u00a0 Marcus fra Nielsens F\u00e5reavl tager f\u00e5r og lam med, og i l\u00f8bet af dagen kan man opleve b\u00e5de f\u00e5reklipning og hovpleje. De yngste kan komme helt t\u00e6t p\u00e5 lammene, der [&hellip;]\" \/>\n<meta property=\"og:url\" content=\"https:\/\/kunmedierne.dk\/mors\/lam-gamle-traktorer-og-nye-penge-til-skarregaard\/\" \/>\n<meta property=\"og:site_name\" content=\"Mors\" \/>\n<meta property=\"article:published_time\" content=\"2026-04-24T14:51:19+00:00\" \/>\n<meta property=\"og:image\" content=\"https:\/\/kunmedierne.dk\/mors\/wp-content\/uploads\/2026\/04\/design-uden-navn244.jpg\" \/>\n<meta name=\"author\" content=\"Katrine Hedegaard\" \/>\n<meta name=\"twitter:card\" content=\"summary_large_image\" \/>\n<meta name=\"twitter:label1\" content=\"Skrevet af\" \/>\n\t<meta name=\"twitter:data1\" content=\"Katrine Hedegaard\" \/>\n\t<meta name=\"twitter:label2\" content=\"Estimeret l\u00e6setid\" \/>\n\t<meta name=\"twitter:data2\" content=\"4 minutter\" \/>\n<script type=\"application\/ld+json\" class=\"yoast-schema-graph\">{\"@context\":\"https:\/\/schema.org\",\"@graph\":[{\"@type\":\"Article\",\"@id\":\"https:\/\/kunmedierne.dk\/mors\/lam-gamle-traktorer-og-nye-penge-til-skarregaard\/#article\",\"isPartOf\":{\"@id\":\"https:\/\/kunmedierne.dk\/mors\/lam-gamle-traktorer-og-nye-penge-til-skarregaard\/\"},\"author\":{\"name\":\"Katrine Hedegaard\",\"@id\":\"https:\/\/kunmedierne.dk\/mors\/#\/schema\/person\/b2e62a38069b12365e53e087a8709c64\"},\"headline\":\"Lam, gamle traktorer og nye penge til Skarregaard\u00a0\",\"datePublished\":\"2026-04-24T14:51:19+00:00\",\"mainEntityOfPage\":{\"@id\":\"https:\/\/kunmedierne.dk\/mors\/lam-gamle-traktorer-og-nye-penge-til-skarregaard\/\"},\"wordCount\":578,\"publisher\":{\"@id\":\"https:\/\/kunmedierne.dk\/mors\/#organization\"},\"image\":{\"@id\":\"https:\/\/kunmedierne.dk\/mors\/lam-gamle-traktorer-og-nye-penge-til-skarregaard\/#primaryimage\"},\"thumbnailUrl\":\"https:\/\/kunmedierne.dk\/mors\/wp-content\/uploads\/2026\/04\/design-uden-navn244.jpg\",\"articleSection\":[\"Lokalt\"],\"inLanguage\":\"da-DK\"},{\"@type\":\"WebPage\",\"@id\":\"https:\/\/kunmedierne.dk\/mors\/lam-gamle-traktorer-og-nye-penge-til-skarregaard\/\",\"url\":\"https:\/\/kunmedierne.dk\/mors\/lam-gamle-traktorer-og-nye-penge-til-skarregaard\/\",\"name\":\"Lam, gamle traktorer og nye penge til Skarregaard\u00a0 - Mors\",\"isPartOf\":{\"@id\":\"https:\/\/kunmedierne.dk\/mors\/#website\"},\"primaryImageOfPage\":{\"@id\":\"https:\/\/kunmedierne.dk\/mors\/lam-gamle-traktorer-og-nye-penge-til-skarregaard\/#primaryimage\"},\"image\":{\"@id\":\"https:\/\/kunmedierne.dk\/mors\/lam-gamle-traktorer-og-nye-penge-til-skarregaard\/#primaryimage\"},\"thumbnailUrl\":\"https:\/\/kunmedierne.dk\/mors\/wp-content\/uploads\/2026\/04\/design-uden-navn244.jpg\",\"datePublished\":\"2026-04-24T14:51:19+00:00\",\"breadcrumb\":{\"@id\":\"https:\/\/kunmedierne.dk\/mors\/lam-gamle-traktorer-og-nye-penge-til-skarregaard\/#breadcrumb\"},\"inLanguage\":\"da-DK\",\"potentialAction\":[{\"@type\":\"ReadAction\",\"target\":[\"https:\/\/kunmedierne.dk\/mors\/lam-gamle-traktorer-og-nye-penge-til-skarregaard\/\"]}]},{\"@type\":\"ImageObject\",\"inLanguage\":\"da-DK\",\"@id\":\"https:\/\/kunmedierne.dk\/mors\/lam-gamle-traktorer-og-nye-penge-til-skarregaard\/#primaryimage\",\"url\":\"https:\/\/kunmedierne.dk\/mors\/wp-content\/uploads\/2026\/04\/design-uden-navn244.jpg\",\"contentUrl\":\"https:\/\/kunmedierne.dk\/mors\/wp-content\/uploads\/2026\/04\/design-uden-navn244.jpg\",\"width\":5184,\"height\":3456,\"caption\":\"Fra f\u00e5redagen 2025\"},{\"@type\":\"BreadcrumbList\",\"@id\":\"https:\/\/kunmedierne.dk\/mors\/lam-gamle-traktorer-og-nye-penge-til-skarregaard\/#breadcrumb\",\"itemListElement\":[{\"@type\":\"ListItem\",\"position\":1,\"name\":\"Hjem\",\"item\":\"https:\/\/kunmedierne.dk\/mors\/\"},{\"@type\":\"ListItem\",\"position\":2,\"name\":\"Lam, gamle traktorer og nye penge til Skarregaard\u00a0\"}]},{\"@type\":\"WebSite\",\"@id\":\"https:\/\/kunmedierne.dk\/mors\/#website\",\"url\":\"https:\/\/kunmedierne.dk\/mors\/\",\"name\":\"Mors\",\"description\":\"et netmedie med journalistik om livet p\u00e5 Mors\",\"publisher\":{\"@id\":\"https:\/\/kunmedierne.dk\/mors\/#organization\"},\"potentialAction\":[{\"@type\":\"SearchAction\",\"target\":{\"@type\":\"EntryPoint\",\"urlTemplate\":\"https:\/\/kunmedierne.dk\/mors\/?s={search_term_string}\"},\"query-input\":{\"@type\":\"PropertyValueSpecification\",\"valueRequired\":true,\"valueName\":\"search_term_string\"}}],\"inLanguage\":\"da-DK\"},{\"@type\":\"Organization\",\"@id\":\"https:\/\/kunmedierne.dk\/mors\/#organization\",\"name\":\"Mors\",\"url\":\"https:\/\/kunmedierne.dk\/mors\/\",\"logo\":{\"@type\":\"ImageObject\",\"inLanguage\":\"da-DK\",\"@id\":\"https:\/\/kunmedierne.dk\/mors\/#\/schema\/logo\/image\/\",\"url\":\"https:\/\/kunmedierne.dk\/mors\/wp-content\/uploads\/2024\/08\/kunmors-logo.svg\",\"contentUrl\":\"https:\/\/kunmedierne.dk\/mors\/wp-content\/uploads\/2024\/08\/kunmors-logo.svg\",\"caption\":\"Mors\"},\"image\":{\"@id\":\"https:\/\/kunmedierne.dk\/mors\/#\/schema\/logo\/image\/\"}},{\"@type\":\"Person\",\"@id\":\"https:\/\/kunmedierne.dk\/mors\/#\/schema\/person\/b2e62a38069b12365e53e087a8709c64\",\"name\":\"Katrine Hedegaard\",\"image\":{\"@type\":\"ImageObject\",\"inLanguage\":\"da-DK\",\"@id\":\"https:\/\/kunmedierne.dk\/mors\/#\/schema\/person\/image\/\",\"url\":\"https:\/\/secure.gravatar.com\/avatar\/18a5c72fa9148052fd3ed5a58b40fc83cfdc9811090e6e6eec9539af058edcc0?s=96&d=mm&r=g\",\"contentUrl\":\"https:\/\/secure.gravatar.com\/avatar\/18a5c72fa9148052fd3ed5a58b40fc83cfdc9811090e6e6eec9539af058edcc0?s=96&d=mm&r=g\",\"caption\":\"Katrine Hedegaard\"},\"url\":\"https:\/\/kunmedierne.dk\/mors\/author\/katrine\/\"}]}<\/script>\n<!-- \/ Yoast SEO plugin. -->","yoast_head_json":{"title":"Lam, gamle traktorer og nye penge til Skarregaard\u00a0 - Mors","robots":{"index":"index","follow":"follow","max-snippet":"max-snippet:-1","max-image-preview":"max-image-preview:large","max-video-preview":"max-video-preview:-1"},"canonical":"https:\/\/kunmedierne.dk\/mors\/lam-gamle-traktorer-og-nye-penge-til-skarregaard\/","og_locale":"da_DK","og_type":"article","og_title":"Lam, gamle traktorer og nye penge til Skarregaard\u00a0 - Mors","og_description":"SKARREGAARD: Der bliver b\u00e5de lyd og liv p\u00e5 Skarregaard Natur- og Kulturcenter s\u00f8ndag den 26. april kl. 11-15, n\u00e5r den \u00e5rlige F\u00e5redag l\u00f8ber af stablen.\u00a0 Marcus fra Nielsens F\u00e5reavl tager f\u00e5r og lam med, og i l\u00f8bet af dagen kan man opleve b\u00e5de f\u00e5reklipning og hovpleje. De yngste kan komme helt t\u00e6t p\u00e5 lammene, der [&hellip;]","og_url":"https:\/\/kunmedierne.dk\/mors\/lam-gamle-traktorer-og-nye-penge-til-skarregaard\/","og_site_name":"Mors","article_published_time":"2026-04-24T14:51:19+00:00","og_image":[{"url":"https:\/\/kunmedierne.dk\/mors\/wp-content\/uploads\/2026\/04\/design-uden-navn244.jpg","type":"","width":"","height":""}],"author":"Katrine Hedegaard","twitter_card":"summary_large_image","twitter_misc":{"Skrevet af":"Katrine Hedegaard","Estimeret l\u00e6setid":"4 minutter"},"schema":{"@context":"https:\/\/schema.org","@graph":[{"@type":"Article","@id":"https:\/\/kunmedierne.dk\/mors\/lam-gamle-traktorer-og-nye-penge-til-skarregaard\/#article","isPartOf":{"@id":"https:\/\/kunmedierne.dk\/mors\/lam-gamle-traktorer-og-nye-penge-til-skarregaard\/"},"author":{"name":"Katrine Hedegaard","@id":"https:\/\/kunmedierne.dk\/mors\/#\/schema\/person\/b2e62a38069b12365e53e087a8709c64"},"headline":"Lam, gamle traktorer og nye penge til Skarregaard\u00a0","datePublished":"2026-04-24T14:51:19+00:00","mainEntityOfPage":{"@id":"https:\/\/kunmedierne.dk\/mors\/lam-gamle-traktorer-og-nye-penge-til-skarregaard\/"},"wordCount":578,"publisher":{"@id":"https:\/\/kunmedierne.dk\/mors\/#organization"},"image":{"@id":"https:\/\/kunmedierne.dk\/mors\/lam-gamle-traktorer-og-nye-penge-til-skarregaard\/#primaryimage"},"thumbnailUrl":"https:\/\/kunmedierne.dk\/mors\/wp-content\/uploads\/2026\/04\/design-uden-navn244.jpg","articleSection":["Lokalt"],"inLanguage":"da-DK"},{"@type":"WebPage","@id":"https:\/\/kunmedierne.dk\/mors\/lam-gamle-traktorer-og-nye-penge-til-skarregaard\/","url":"https:\/\/kunmedierne.dk\/mors\/lam-gamle-traktorer-og-nye-penge-til-skarregaard\/","name":"Lam, gamle traktorer og nye penge til Skarregaard\u00a0 - Mors","isPartOf":{"@id":"https:\/\/kunmedierne.dk\/mors\/#website"},"primaryImageOfPage":{"@id":"https:\/\/kunmedierne.dk\/mors\/lam-gamle-traktorer-og-nye-penge-til-skarregaard\/#primaryimage"},"image":{"@id":"https:\/\/kunmedierne.dk\/mors\/lam-gamle-traktorer-og-nye-penge-til-skarregaard\/#primaryimage"},"thumbnailUrl":"https:\/\/kunmedierne.dk\/mors\/wp-content\/uploads\/2026\/04\/design-uden-navn244.jpg","datePublished":"2026-04-24T14:51:19+00:00","breadcrumb":{"@id":"https:\/\/kunmedierne.dk\/mors\/lam-gamle-traktorer-og-nye-penge-til-skarregaard\/#breadcrumb"},"inLanguage":"da-DK","potentialAction":[{"@type":"ReadAction","target":["https:\/\/kunmedierne.dk\/mors\/lam-gamle-traktorer-og-nye-penge-til-skarregaard\/"]}]},{"@type":"ImageObject","inLanguage":"da-DK","@id":"https:\/\/kunmedierne.dk\/mors\/lam-gamle-traktorer-og-nye-penge-til-skarregaard\/#primaryimage","url":"https:\/\/kunmedierne.dk\/mors\/wp-content\/uploads\/2026\/04\/design-uden-navn244.jpg","contentUrl":"https:\/\/kunmedierne.dk\/mors\/wp-content\/uploads\/2026\/04\/design-uden-navn244.jpg","width":5184,"height":3456,"caption":"Fra f\u00e5redagen 2025"},{"@type":"BreadcrumbList","@id":"https:\/\/kunmedierne.dk\/mors\/lam-gamle-traktorer-og-nye-penge-til-skarregaard\/#breadcrumb","itemListElement":[{"@type":"ListItem","position":1,"name":"Hjem","item":"https:\/\/kunmedierne.dk\/mors\/"},{"@type":"ListItem","position":2,"name":"Lam, gamle traktorer og nye penge til Skarregaard\u00a0"}]},{"@type":"WebSite","@id":"https:\/\/kunmedierne.dk\/mors\/#website","url":"https:\/\/kunmedierne.dk\/mors\/","name":"Mors","description":"et netmedie med journalistik om livet p\u00e5 Mors","publisher":{"@id":"https:\/\/kunmedierne.dk\/mors\/#organization"},"potentialAction":[{"@type":"SearchAction","target":{"@type":"EntryPoint","urlTemplate":"https:\/\/kunmedierne.dk\/mors\/?s={search_term_string}"},"query-input":{"@type":"PropertyValueSpecification","valueRequired":true,"valueName":"search_term_string"}}],"inLanguage":"da-DK"},{"@type":"Organization","@id":"https:\/\/kunmedierne.dk\/mors\/#organization","name":"Mors","url":"https:\/\/kunmedierne.dk\/mors\/","logo":{"@type":"ImageObject","inLanguage":"da-DK","@id":"https:\/\/kunmedierne.dk\/mors\/#\/schema\/logo\/image\/","url":"https:\/\/kunmedierne.dk\/mors\/wp-content\/uploads\/2024\/08\/kunmors-logo.svg","contentUrl":"https:\/\/kunmedierne.dk\/mors\/wp-content\/uploads\/2024\/08\/kunmors-logo.svg","caption":"Mors"},"image":{"@id":"https:\/\/kunmedierne.dk\/mors\/#\/schema\/logo\/image\/"}},{"@type":"Person","@id":"https:\/\/kunmedierne.dk\/mors\/#\/schema\/person\/b2e62a38069b12365e53e087a8709c64","name":"Katrine Hedegaard","image":{"@type":"ImageObject","inLanguage":"da-DK","@id":"https:\/\/kunmedierne.dk\/mors\/#\/schema\/person\/image\/","url":"https:\/\/secure.gravatar.com\/avatar\/18a5c72fa9148052fd3ed5a58b40fc83cfdc9811090e6e6eec9539af058edcc0?s=96&d=mm&r=g","contentUrl":"https:\/\/secure.gravatar.com\/avatar\/18a5c72fa9148052fd3ed5a58b40fc83cfdc9811090e6e6eec9539af058edcc0?s=96&d=mm&r=g","caption":"Katrine Hedegaard"},"url":"https:\/\/kunmedierne.dk\/mors\/author\/katrine\/"}]}},"_links":{"self":[{"href":"https:\/\/kunmedierne.dk\/mors\/wp-json\/wp\/v2\/posts\/172522","targetHints":{"allow":["GET"]}}],"collection":[{"href":"https:\/\/kunmedierne.dk\/mors\/wp-json\/wp\/v2\/posts"}],"about":[{"href":"https:\/\/kunmedierne.dk\/mors\/wp-json\/wp\/v2\/types\/post"}],"author":[{"embeddable":true,"href":"https:\/\/kunmedierne.dk\/mors\/wp-json\/wp\/v2\/users\/2507"}],"replies":[{"embeddable":true,"href":"https:\/\/kunmedierne.dk\/mors\/wp-json\/wp\/v2\/comments?post=172522"}],"version-history":[{"count":2,"href":"https:\/\/kunmedierne.dk\/mors\/wp-json\/wp\/v2\/posts\/172522\/revisions"}],"predecessor-version":[{"id":172529,"href":"https:\/\/kunmedierne.dk\/mors\/wp-json\/wp\/v2\/posts\/172522\/revisions\/172529"}],"wp:attachment":[{"href":"https:\/\/kunmedierne.dk\/mors\/wp-json\/wp\/v2\/media?parent=172522"}],"wp:term":[{"taxonomy":"category","embeddable":true,"href":"https:\/\/kunmedierne.dk\/mors\/wp-json\/wp\/v2\/categories?post=172522"},{"taxonomy":"post_tag","embeddable":true,"href":"https:\/\/kunmedierne.dk\/mors\/wp-json\/wp\/v2\/tags?post=172522"}],"curies":[{"name":"wp","href":"https:\/\/api.w.org\/{rel}","templated":true}]}}