{"id":17117,"date":"2020-04-08T14:45:13","date_gmt":"2020-04-08T12:45:13","guid":{"rendered":"https:\/\/kunmedierne.dk\/mors\/?p=17117"},"modified":"2024-08-12T14:06:15","modified_gmt":"2024-08-12T12:06:15","slug":"vi-er-allerede-i-gang","status":"publish","type":"post","link":"https:\/\/kunmedierne.dk\/mors\/vi-er-allerede-i-gang\/","title":{"rendered":"&#8211; Vi er allerede i gang"},"content":{"rendered":"<p><em>Fra Hanne Haldrup, Pr\u00e6stbrovej 251, Erslev, medlem af kommunalbestyrelsen p\u00e5 Mors og gruppeformand for Venstre, har vi modtaget:<\/em><\/p>\n<p><strong>MORS<\/strong>: P\u00e5 KunMors bragtes <a href=\"https:\/\/kunmedierne.dk\/mors\/socialdemokratiet-vil-bruge-tre-millioner-kroner-paa-lokal-hjaelpepakke\/\" target=\"_blank\" rel=\"noopener noreferrer\">6. april<\/a> en artikel om Socialdemokratiets forslag til en hj\u00e6lpepakke i Mors\u00f8 Kommune. Man kunne f\u00e5 fornemmelsen af, at partiet \u00f8nsker at profilere sig i en tid, som er yderst kritisk.<\/p>\n<p>Jeg v\u00e6lger dog at anerkende, at partiet byder konstruktivt ind.<\/p>\n<p>Artiklen giver anledning til nogle kommentarer, for meget er i gang.<\/p>\n<p>Overordnet vil jeg gerne udtrykke stor tillid til og tilfredshed med den m\u00e5de, situationen bliver tacklet p\u00e5 af borgmester Hans Ejner Bertelsen, direktionen, forvaltningerne og ansatte i Mors\u00f8 Kommune.<\/p>\n<p>Efter regeringens udmelding den 6\/4-2020 er den alvorlige situation yderligere forst\u00e6rket.<\/p>\n<p>Vi er alle bekymrede for det lokale erhvervs- og handelsliv. G\u00e5gaden ligger \u00f8de hen. Butikker reducerer i \u00e5bningstider. Aflysninger af store events som f.eks. Skaldyrsfestivalen og Mors\u00f8 Festival <strong>er<\/strong> en realitet. Hvad der sker med By Night-arrangementer og Kulturm\u00f8det er endnu uvist, men der er stor risiko for, at ogs\u00e5 de events aflyses.<\/p>\n<p>Vi er i en krisesituation; ikke mindst erhvervslivet, handelslivet, turismen og brandingen af Mors.<\/p>\n<p>Socialdemokratiet frems\u00e6tter forslag om en energiforbedringspulje p\u00e5 1,0 mio. kr. Hertil kan jeg anf\u00f8re, at det punkt allerede <strong>er <\/strong>indeholdt i dagsorden for udvalget for teknik og milj\u00f8 den 15\/4-2020, sag 70, som omhandler energiinvesteringspotentialer. Af sagen fremg\u00e5r det, at der s\u00f8ges en till\u00e6gsbevilling p\u00e5 kr. 4.865.000 for her igennem at underst\u00f8tte erhvervslivet. M\u00e5let er, at kommunen fremrykker anl\u00e6g, der kan v\u00e6re med til at holde de lokale h\u00e5ndv\u00e6rkere i gang og fastholde lokale arbejdspladser.<\/p>\n<p>Socialdemokratiet frems\u00e6tter yderligere forslag om fremrykning af renovering af anl\u00e6gget ved Johan Riis&#8217; minde samt renovering af offentlige toiletter. Forslag, som sikkert kan bringes i spil. Kommunens \u00f8konomi og en prioritering m\u00e5 s\u00e5 afg\u00f8re, hvad der kan s\u00e6ttes i gang.<\/p>\n<p>Mht. st\u00f8tte til ans\u00e6ttelse af en handelschef er jeg vidende om, at borgmester Hans Ejner Bertelsen er i dialog med formanden for besk\u00e6ftigelses- og erhvervsudvalget (BEU), Ellen Philipsen Dahl, vedr\u00f8rende dette emne, som evt. kan finansieres af BEUs udviklingspulje.<\/p>\n<p>Slutteligt anf\u00f8res et forslag om, at kurser\/workshops\/strategim\u00f8der og det \u00e5rlige budgetseminar s\u00e5 vidt muligt afholdes lokalt. Et forslag, jeg til fulde kan bakke op om i den situation, vi st\u00e5r i.<\/p>\n<p>Mit budskab med denne skrivelse er IKKE at lukke for ideer eller konstruktive forslag, men at tydeligg\u00f8re, at der <strong>er <\/strong>et prisv\u00e6rdigt arbejde i gang over en bred palette, herunder at fremskynde opgaver, der styrker erhvervs- og handelslivet.<\/p>\n<p>God p\u00e5ske.<\/p>\n<hr \/>\n<p><em>Har du et bidrag til den lokale debat? Send det til os p\u00e5 e-mail: debat@kunmedierne.dk\/mors. Husk at l\u00e6se korrektur inden afsendelse p\u00e5 indl\u00e6gget.<\/em><\/p>\n","protected":false},"excerpt":{"rendered":"<p>Fra Hanne Haldrup, Pr\u00e6stbrovej 251, Erslev, medlem af kommunalbestyrelsen p\u00e5 Mors og gruppeformand for Venstre, har vi modtaget: MORS: P\u00e5 KunMors bragtes 6. april en artikel om Socialdemokratiets forslag til en hj\u00e6lpepakke i Mors\u00f8 Kommune. Man kunne f\u00e5 fornemmelsen af, at partiet \u00f8nsker at profilere sig i en tid, som er yderst kritisk. Jeg v\u00e6lger [&hellip;]<\/p>\n","protected":false},"author":11,"featured_media":17119,"comment_status":"open","ping_status":"open","sticky":false,"template":"","format":"standard","meta":{"_acf_changed":false,"footnotes":""},"categories":[56],"tags":[159,160,167],"class_list":["post-17117","post","type-post","status-publish","format-standard","has-post-thumbnail","hentry","category-debat","tag-erhverv","tag-handel","tag-politik"],"acf":[],"yoast_head":"<!-- This site is optimized with the Yoast SEO plugin v26.8 - https:\/\/yoast.com\/product\/yoast-seo-wordpress\/ -->\n<title>- Vi er allerede i gang - Mors<\/title>\n<meta name=\"robots\" content=\"index, follow, max-snippet:-1, max-image-preview:large, max-video-preview:-1\" \/>\n<link rel=\"canonical\" href=\"https:\/\/kunmedierne.dk\/mors\/vi-er-allerede-i-gang\/\" \/>\n<meta property=\"og:locale\" content=\"da_DK\" \/>\n<meta property=\"og:type\" content=\"article\" \/>\n<meta property=\"og:title\" content=\"- Vi er allerede i gang - Mors\" \/>\n<meta property=\"og:description\" content=\"Fra Hanne Haldrup, Pr\u00e6stbrovej 251, Erslev, medlem af kommunalbestyrelsen p\u00e5 Mors og gruppeformand for Venstre, har vi modtaget: MORS: P\u00e5 KunMors bragtes 6. april en artikel om Socialdemokratiets forslag til en hj\u00e6lpepakke i Mors\u00f8 Kommune. Man kunne f\u00e5 fornemmelsen af, at partiet \u00f8nsker at profilere sig i en tid, som er yderst kritisk. Jeg v\u00e6lger [&hellip;]\" \/>\n<meta property=\"og:url\" content=\"https:\/\/kunmedierne.dk\/mors\/vi-er-allerede-i-gang\/\" \/>\n<meta property=\"og:site_name\" content=\"Mors\" \/>\n<meta property=\"article:published_time\" content=\"2020-04-08T12:45:13+00:00\" \/>\n<meta property=\"article:modified_time\" content=\"2024-08-12T12:06:15+00:00\" \/>\n<meta property=\"og:image\" content=\"https:\/\/kunmedierne.dk\/mors\/wp-content\/uploads\/2020\/04\/0-debat-hanne-haldrup-V.jpg\" \/>\n\t<meta property=\"og:image:width\" content=\"770\" \/>\n\t<meta property=\"og:image:height\" content=\"513\" \/>\n\t<meta property=\"og:image:type\" content=\"image\/jpeg\" \/>\n<meta name=\"author\" content=\"Debat\" \/>\n<meta name=\"twitter:card\" content=\"summary_large_image\" \/>\n<meta name=\"twitter:label1\" content=\"Skrevet af\" \/>\n\t<meta name=\"twitter:data1\" content=\"Debat\" \/>\n\t<meta name=\"twitter:label2\" content=\"Estimeret l\u00e6setid\" \/>\n\t<meta name=\"twitter:data2\" content=\"2 minutter\" \/>\n<script type=\"application\/ld+json\" class=\"yoast-schema-graph\">{\"@context\":\"https:\/\/schema.org\",\"@graph\":[{\"@type\":\"Article\",\"@id\":\"https:\/\/kunmedierne.dk\/mors\/vi-er-allerede-i-gang\/#article\",\"isPartOf\":{\"@id\":\"https:\/\/kunmedierne.dk\/mors\/vi-er-allerede-i-gang\/\"},\"author\":{\"name\":\"Debat\",\"@id\":\"https:\/\/kunmedierne.dk\/mors\/#\/schema\/person\/84c1391bce0b43b9bb3a49736bc0ad78\"},\"headline\":\"&#8211; Vi er allerede i gang\",\"datePublished\":\"2020-04-08T12:45:13+00:00\",\"dateModified\":\"2024-08-12T12:06:15+00:00\",\"mainEntityOfPage\":{\"@id\":\"https:\/\/kunmedierne.dk\/mors\/vi-er-allerede-i-gang\/\"},\"wordCount\":469,\"commentCount\":0,\"publisher\":{\"@id\":\"https:\/\/kunmedierne.dk\/mors\/#organization\"},\"image\":{\"@id\":\"https:\/\/kunmedierne.dk\/mors\/vi-er-allerede-i-gang\/#primaryimage\"},\"thumbnailUrl\":\"https:\/\/kunmedierne.dk\/mors\/wp-content\/uploads\/2020\/04\/0-debat-hanne-haldrup-V.jpg\",\"keywords\":[\"Erhverv\",\"Handel\",\"Politik\"],\"articleSection\":[\"Debat\"],\"inLanguage\":\"da-DK\",\"potentialAction\":[{\"@type\":\"CommentAction\",\"name\":\"Comment\",\"target\":[\"https:\/\/kunmedierne.dk\/mors\/vi-er-allerede-i-gang\/#respond\"]}]},{\"@type\":\"WebPage\",\"@id\":\"https:\/\/kunmedierne.dk\/mors\/vi-er-allerede-i-gang\/\",\"url\":\"https:\/\/kunmedierne.dk\/mors\/vi-er-allerede-i-gang\/\",\"name\":\"- Vi er allerede i gang - Mors\",\"isPartOf\":{\"@id\":\"https:\/\/kunmedierne.dk\/mors\/#website\"},\"primaryImageOfPage\":{\"@id\":\"https:\/\/kunmedierne.dk\/mors\/vi-er-allerede-i-gang\/#primaryimage\"},\"image\":{\"@id\":\"https:\/\/kunmedierne.dk\/mors\/vi-er-allerede-i-gang\/#primaryimage\"},\"thumbnailUrl\":\"https:\/\/kunmedierne.dk\/mors\/wp-content\/uploads\/2020\/04\/0-debat-hanne-haldrup-V.jpg\",\"datePublished\":\"2020-04-08T12:45:13+00:00\",\"dateModified\":\"2024-08-12T12:06:15+00:00\",\"breadcrumb\":{\"@id\":\"https:\/\/kunmedierne.dk\/mors\/vi-er-allerede-i-gang\/#breadcrumb\"},\"inLanguage\":\"da-DK\",\"potentialAction\":[{\"@type\":\"ReadAction\",\"target\":[\"https:\/\/kunmedierne.dk\/mors\/vi-er-allerede-i-gang\/\"]}]},{\"@type\":\"ImageObject\",\"inLanguage\":\"da-DK\",\"@id\":\"https:\/\/kunmedierne.dk\/mors\/vi-er-allerede-i-gang\/#primaryimage\",\"url\":\"https:\/\/kunmedierne.dk\/mors\/wp-content\/uploads\/2020\/04\/0-debat-hanne-haldrup-V.jpg\",\"contentUrl\":\"https:\/\/kunmedierne.dk\/mors\/wp-content\/uploads\/2020\/04\/0-debat-hanne-haldrup-V.jpg\",\"width\":770,\"height\":513,\"caption\":\"Hanne Haldrup (V). Foto: Per Bech\/Mors\u00f8 Kommune.\"},{\"@type\":\"BreadcrumbList\",\"@id\":\"https:\/\/kunmedierne.dk\/mors\/vi-er-allerede-i-gang\/#breadcrumb\",\"itemListElement\":[{\"@type\":\"ListItem\",\"position\":1,\"name\":\"Hjem\",\"item\":\"https:\/\/kunmedierne.dk\/mors\/\"},{\"@type\":\"ListItem\",\"position\":2,\"name\":\"&#8211; Vi er allerede i gang\"}]},{\"@type\":\"WebSite\",\"@id\":\"https:\/\/kunmedierne.dk\/mors\/#website\",\"url\":\"https:\/\/kunmedierne.dk\/mors\/\",\"name\":\"Mors\",\"description\":\"et netmedie med journalistik om livet p\u00e5 Mors\",\"publisher\":{\"@id\":\"https:\/\/kunmedierne.dk\/mors\/#organization\"},\"potentialAction\":[{\"@type\":\"SearchAction\",\"target\":{\"@type\":\"EntryPoint\",\"urlTemplate\":\"https:\/\/kunmedierne.dk\/mors\/?s={search_term_string}\"},\"query-input\":{\"@type\":\"PropertyValueSpecification\",\"valueRequired\":true,\"valueName\":\"search_term_string\"}}],\"inLanguage\":\"da-DK\"},{\"@type\":\"Organization\",\"@id\":\"https:\/\/kunmedierne.dk\/mors\/#organization\",\"name\":\"Mors\",\"url\":\"https:\/\/kunmedierne.dk\/mors\/\",\"logo\":{\"@type\":\"ImageObject\",\"inLanguage\":\"da-DK\",\"@id\":\"https:\/\/kunmedierne.dk\/mors\/#\/schema\/logo\/image\/\",\"url\":\"https:\/\/kunmedierne.dk\/mors\/wp-content\/uploads\/2024\/08\/kunmors-logo.svg\",\"contentUrl\":\"https:\/\/kunmedierne.dk\/mors\/wp-content\/uploads\/2024\/08\/kunmors-logo.svg\",\"caption\":\"Mors\"},\"image\":{\"@id\":\"https:\/\/kunmedierne.dk\/mors\/#\/schema\/logo\/image\/\"}},{\"@type\":\"Person\",\"@id\":\"https:\/\/kunmedierne.dk\/mors\/#\/schema\/person\/84c1391bce0b43b9bb3a49736bc0ad78\",\"name\":\"Debat\",\"image\":{\"@type\":\"ImageObject\",\"inLanguage\":\"da-DK\",\"@id\":\"https:\/\/kunmedierne.dk\/mors\/#\/schema\/person\/image\/\",\"url\":\"https:\/\/secure.gravatar.com\/avatar\/b0fb2e221d618f7c65162ab0d49c7e8a0b580c871ca03af90e42b47b4150654c?s=96&d=mm&r=g\",\"contentUrl\":\"https:\/\/secure.gravatar.com\/avatar\/b0fb2e221d618f7c65162ab0d49c7e8a0b580c871ca03af90e42b47b4150654c?s=96&d=mm&r=g\",\"caption\":\"Debat\"},\"url\":\"https:\/\/kunmedierne.dk\/mors\/author\/debat\/\"}]}<\/script>\n<!-- \/ Yoast SEO plugin. -->","yoast_head_json":{"title":"- Vi er allerede i gang - Mors","robots":{"index":"index","follow":"follow","max-snippet":"max-snippet:-1","max-image-preview":"max-image-preview:large","max-video-preview":"max-video-preview:-1"},"canonical":"https:\/\/kunmedierne.dk\/mors\/vi-er-allerede-i-gang\/","og_locale":"da_DK","og_type":"article","og_title":"- Vi er allerede i gang - Mors","og_description":"Fra Hanne Haldrup, Pr\u00e6stbrovej 251, Erslev, medlem af kommunalbestyrelsen p\u00e5 Mors og gruppeformand for Venstre, har vi modtaget: MORS: P\u00e5 KunMors bragtes 6. april en artikel om Socialdemokratiets forslag til en hj\u00e6lpepakke i Mors\u00f8 Kommune. Man kunne f\u00e5 fornemmelsen af, at partiet \u00f8nsker at profilere sig i en tid, som er yderst kritisk. Jeg v\u00e6lger [&hellip;]","og_url":"https:\/\/kunmedierne.dk\/mors\/vi-er-allerede-i-gang\/","og_site_name":"Mors","article_published_time":"2020-04-08T12:45:13+00:00","article_modified_time":"2024-08-12T12:06:15+00:00","og_image":[{"width":770,"height":513,"url":"https:\/\/kunmedierne.dk\/mors\/wp-content\/uploads\/2020\/04\/0-debat-hanne-haldrup-V.jpg","type":"image\/jpeg"}],"author":"Debat","twitter_card":"summary_large_image","twitter_misc":{"Skrevet af":"Debat","Estimeret l\u00e6setid":"2 minutter"},"schema":{"@context":"https:\/\/schema.org","@graph":[{"@type":"Article","@id":"https:\/\/kunmedierne.dk\/mors\/vi-er-allerede-i-gang\/#article","isPartOf":{"@id":"https:\/\/kunmedierne.dk\/mors\/vi-er-allerede-i-gang\/"},"author":{"name":"Debat","@id":"https:\/\/kunmedierne.dk\/mors\/#\/schema\/person\/84c1391bce0b43b9bb3a49736bc0ad78"},"headline":"&#8211; Vi er allerede i gang","datePublished":"2020-04-08T12:45:13+00:00","dateModified":"2024-08-12T12:06:15+00:00","mainEntityOfPage":{"@id":"https:\/\/kunmedierne.dk\/mors\/vi-er-allerede-i-gang\/"},"wordCount":469,"commentCount":0,"publisher":{"@id":"https:\/\/kunmedierne.dk\/mors\/#organization"},"image":{"@id":"https:\/\/kunmedierne.dk\/mors\/vi-er-allerede-i-gang\/#primaryimage"},"thumbnailUrl":"https:\/\/kunmedierne.dk\/mors\/wp-content\/uploads\/2020\/04\/0-debat-hanne-haldrup-V.jpg","keywords":["Erhverv","Handel","Politik"],"articleSection":["Debat"],"inLanguage":"da-DK","potentialAction":[{"@type":"CommentAction","name":"Comment","target":["https:\/\/kunmedierne.dk\/mors\/vi-er-allerede-i-gang\/#respond"]}]},{"@type":"WebPage","@id":"https:\/\/kunmedierne.dk\/mors\/vi-er-allerede-i-gang\/","url":"https:\/\/kunmedierne.dk\/mors\/vi-er-allerede-i-gang\/","name":"- Vi er allerede i gang - Mors","isPartOf":{"@id":"https:\/\/kunmedierne.dk\/mors\/#website"},"primaryImageOfPage":{"@id":"https:\/\/kunmedierne.dk\/mors\/vi-er-allerede-i-gang\/#primaryimage"},"image":{"@id":"https:\/\/kunmedierne.dk\/mors\/vi-er-allerede-i-gang\/#primaryimage"},"thumbnailUrl":"https:\/\/kunmedierne.dk\/mors\/wp-content\/uploads\/2020\/04\/0-debat-hanne-haldrup-V.jpg","datePublished":"2020-04-08T12:45:13+00:00","dateModified":"2024-08-12T12:06:15+00:00","breadcrumb":{"@id":"https:\/\/kunmedierne.dk\/mors\/vi-er-allerede-i-gang\/#breadcrumb"},"inLanguage":"da-DK","potentialAction":[{"@type":"ReadAction","target":["https:\/\/kunmedierne.dk\/mors\/vi-er-allerede-i-gang\/"]}]},{"@type":"ImageObject","inLanguage":"da-DK","@id":"https:\/\/kunmedierne.dk\/mors\/vi-er-allerede-i-gang\/#primaryimage","url":"https:\/\/kunmedierne.dk\/mors\/wp-content\/uploads\/2020\/04\/0-debat-hanne-haldrup-V.jpg","contentUrl":"https:\/\/kunmedierne.dk\/mors\/wp-content\/uploads\/2020\/04\/0-debat-hanne-haldrup-V.jpg","width":770,"height":513,"caption":"Hanne Haldrup (V). Foto: Per Bech\/Mors\u00f8 Kommune."},{"@type":"BreadcrumbList","@id":"https:\/\/kunmedierne.dk\/mors\/vi-er-allerede-i-gang\/#breadcrumb","itemListElement":[{"@type":"ListItem","position":1,"name":"Hjem","item":"https:\/\/kunmedierne.dk\/mors\/"},{"@type":"ListItem","position":2,"name":"&#8211; Vi er allerede i gang"}]},{"@type":"WebSite","@id":"https:\/\/kunmedierne.dk\/mors\/#website","url":"https:\/\/kunmedierne.dk\/mors\/","name":"Mors","description":"et netmedie med journalistik om livet p\u00e5 Mors","publisher":{"@id":"https:\/\/kunmedierne.dk\/mors\/#organization"},"potentialAction":[{"@type":"SearchAction","target":{"@type":"EntryPoint","urlTemplate":"https:\/\/kunmedierne.dk\/mors\/?s={search_term_string}"},"query-input":{"@type":"PropertyValueSpecification","valueRequired":true,"valueName":"search_term_string"}}],"inLanguage":"da-DK"},{"@type":"Organization","@id":"https:\/\/kunmedierne.dk\/mors\/#organization","name":"Mors","url":"https:\/\/kunmedierne.dk\/mors\/","logo":{"@type":"ImageObject","inLanguage":"da-DK","@id":"https:\/\/kunmedierne.dk\/mors\/#\/schema\/logo\/image\/","url":"https:\/\/kunmedierne.dk\/mors\/wp-content\/uploads\/2024\/08\/kunmors-logo.svg","contentUrl":"https:\/\/kunmedierne.dk\/mors\/wp-content\/uploads\/2024\/08\/kunmors-logo.svg","caption":"Mors"},"image":{"@id":"https:\/\/kunmedierne.dk\/mors\/#\/schema\/logo\/image\/"}},{"@type":"Person","@id":"https:\/\/kunmedierne.dk\/mors\/#\/schema\/person\/84c1391bce0b43b9bb3a49736bc0ad78","name":"Debat","image":{"@type":"ImageObject","inLanguage":"da-DK","@id":"https:\/\/kunmedierne.dk\/mors\/#\/schema\/person\/image\/","url":"https:\/\/secure.gravatar.com\/avatar\/b0fb2e221d618f7c65162ab0d49c7e8a0b580c871ca03af90e42b47b4150654c?s=96&d=mm&r=g","contentUrl":"https:\/\/secure.gravatar.com\/avatar\/b0fb2e221d618f7c65162ab0d49c7e8a0b580c871ca03af90e42b47b4150654c?s=96&d=mm&r=g","caption":"Debat"},"url":"https:\/\/kunmedierne.dk\/mors\/author\/debat\/"}]}},"_links":{"self":[{"href":"https:\/\/kunmedierne.dk\/mors\/wp-json\/wp\/v2\/posts\/17117","targetHints":{"allow":["GET"]}}],"collection":[{"href":"https:\/\/kunmedierne.dk\/mors\/wp-json\/wp\/v2\/posts"}],"about":[{"href":"https:\/\/kunmedierne.dk\/mors\/wp-json\/wp\/v2\/types\/post"}],"author":[{"embeddable":true,"href":"https:\/\/kunmedierne.dk\/mors\/wp-json\/wp\/v2\/users\/11"}],"replies":[{"embeddable":true,"href":"https:\/\/kunmedierne.dk\/mors\/wp-json\/wp\/v2\/comments?post=17117"}],"version-history":[{"count":5,"href":"https:\/\/kunmedierne.dk\/mors\/wp-json\/wp\/v2\/posts\/17117\/revisions"}],"predecessor-version":[{"id":33006,"href":"https:\/\/kunmedierne.dk\/mors\/wp-json\/wp\/v2\/posts\/17117\/revisions\/33006"}],"wp:featuredmedia":[{"embeddable":true,"href":"https:\/\/kunmedierne.dk\/mors\/wp-json\/wp\/v2\/media\/17119"}],"wp:attachment":[{"href":"https:\/\/kunmedierne.dk\/mors\/wp-json\/wp\/v2\/media?parent=17117"}],"wp:term":[{"taxonomy":"category","embeddable":true,"href":"https:\/\/kunmedierne.dk\/mors\/wp-json\/wp\/v2\/categories?post=17117"},{"taxonomy":"post_tag","embeddable":true,"href":"https:\/\/kunmedierne.dk\/mors\/wp-json\/wp\/v2\/tags?post=17117"}],"curies":[{"name":"wp","href":"https:\/\/api.w.org\/{rel}","templated":true}]}}