{"id":17100,"date":"2020-04-09T08:30:23","date_gmt":"2020-04-09T06:30:23","guid":{"rendered":"https:\/\/kunmedierne.dk\/mors\/?p=17100"},"modified":"2024-08-12T14:06:15","modified_gmt":"2024-08-12T12:06:15","slug":"masser-af-samvaer-men-paa-afstand","status":"publish","type":"post","link":"https:\/\/kunmedierne.dk\/mors\/masser-af-samvaer-men-paa-afstand\/","title":{"rendered":"Masser af samv\u00e6r &#8211; men p\u00e5 afstand"},"content":{"rendered":"<p><b>BLIDSTRUP\/GALTRUP<\/b>: Hvordan f\u00e5r man et efterskoleophold til at fungere, n\u00e5r den sociale del af pakken er taget v\u00e6k?<\/p>\n<p>Det sp\u00f8rgsm\u00e5l har \u00f8ens to efterskoler under coronakrisen m\u00e5ttet stille sig selv &#8211; og finde svaret p\u00e5 meget hurtigt. For som det lyder fra Kristen Gubi Glintborg, forstander p\u00e5 Blidstrup Efterskole, er det at g\u00e5 p\u00e5 efterskole ikke kun relateret til skoleb\u00f8gerne.<\/p>\n<p>&#8220;Efterskoler er jo s\u00e5 meget mere &#8211; og det er lige pr\u00e6cis det &#8216;meget mere&#8217;, der er taget fra eleverne nu,&#8221; siger han og giver udtryk for stor \u00e6rgrelse over skole\u00e5rets udvikling &#8211; ogs\u00e5 for l\u00e6rerne.<\/p>\n<p>&#8220;Vi har jo de samme frustrationer som eleverne over, at de ikke m\u00e5 v\u00e6re her. Eleverne har jo et efterskoleophold, som ingen andre har haft. De f\u00e5r det \u00f8delagt og opbrudt,&#8221; siger han.<\/p>\n<p>&nbsp;<\/p>\n<p><strong>Det et vigtigt at perspektivere<\/strong><\/p>\n<p>S\u00e5 det er det muliges kunst for tiden, n\u00e5r man med elever spredt for alle vinde p\u00e5 hjemmeadresserne skal f\u00e5 b\u00e5de undervisning og sociale programmer ind i deres hverdag.<\/p>\n<p>Det f\u00f8rste fungerer som i andre skoler: Fjernundervisning i form af videoklip og livestream &#8211; og for eksempel en opgave i at analysere en tekst eller et videoklip og optage sin egen analyse og sende retur.<\/p>\n<p>S\u00e5 langt, s\u00e5 godt. For den del er efter omst\u00e6ndighederne til at have med at g\u00f8re &#8211; p\u00e5 Blidstrup Efterskole med undervisning, der s\u00e5 vidt muligt ligner den s\u00e6dvanlige.<\/p>\n<p>Det g\u00e6lder ogs\u00e5 p\u00e5 Galtrup Efterskole.<\/p>\n<p>&#8220;Eleverne har en skoledag fra klokken 8 til 14 med opgaver, online m\u00f8der, afleveringsfrister og s\u00e5 videre,&#8221; siger forstander Jens Hvid.<\/p>\n<p>Samtidig beretter b\u00e5de han og kollegaen p\u00e5 Blidstrup Efterskole om alternative p\u00e5fund i fors\u00f8get p\u00e5 at g\u00f8re undervisningen s\u00e5 efterskoleagtig som mulig.<\/p>\n<p>Det kan for eksempel v\u00e6re med undervisning i at lave brunch, som eleverne s\u00e5 kan servere for for\u00e6ldrene derhjemme. Det kan v\u00e6re f\u00e6llesidr\u00e6t, men hver for sig, og det kan v\u00e6re med fort\u00e6lletimer, hvor eleverne fra hver sin computer modtager samme opl\u00e6sning, som de ville have gjort p\u00e5 efterskolen.<\/p>\n<p>Men ellers handler det for efterskolen ogs\u00e5 om at bearbejde coronakrisen og dens konsekvenser, og Jens Hvid melder om et elevhold med stor forst\u00e5else for de afsavn, de m\u00e5 lide ved ikke at se kammeraterne.<\/p>\n<p>&#8220;Hvis bedstemor bliver syg, er det jo v\u00e6rre,&#8221; siger han om den perspektivering, der ogs\u00e5 er et n\u00f8gleord i undervisningen for tiden.<\/p>\n<p>&#8220;Det er synd, at man ikke kan spille golf og lave det, man plejer, men det er jo bare nye tider,&#8221; siger han.<\/p>\n<p>&nbsp;<\/p>\n<p><strong>Kreative l\u00e6rere i frie rammer<\/strong><\/p>\n<p>Ogs\u00e5 p\u00e5 Blidstrup Efterskole fors\u00f8ger man at g\u00f8re det us\u00e6dvanlige efterskoleophold s\u00e5 socialt som muligt. Skolens 71 elever har f\u00e6llessamling via livestreaming p\u00e5 Facebook. Der er forskellige indslag med konkurrencer, bagning af banankage, f\u00e6llesspisning over Messenger og f\u00e6lles f\u00f8dselsdagssang &#8211; og meget mere.<\/p>\n<p>I princippet g\u00f8r man det samme, som man altid g\u00f8r p\u00e5 efterskoler. Det er bare flyttet over i den virtuelle verden, forklarer skolens forstander.<\/p>\n<p>&#8220;Hvis vi kan give lidt af os selv og f\u00e5 skabt et smil og holde hovedet oppe, er det virkelig n\u00f8gleordene,&#8221; siger Kristen Gubi Glintborg.<\/p>\n<p>&#8220;Heldigvis er efterskolel\u00e6rere generelt et kreativt folkef\u00e6rd, s\u00e5 n\u00e5r de f\u00e5r frie rammer, sker der noget sjovt,&#8221; siger han.<\/p>\n<p>&nbsp;<\/p>\n<p><strong>Krydser fingre for 10. maj<\/strong><\/p>\n<p>P\u00e5 Galtrup Efterskole har der ikke ligefrem v\u00e6ret frie rammer for 29 af skolens elever. De er alle fra Gr\u00f8nland og n\u00e5ede ikke hjem, inden flytrafikken gik i st\u00e5.<\/p>\n<p>&#8220;S\u00e5 de har ventet i fire uger p\u00e5, at undervisningen skulle starte igen efter p\u00e5ske. Det gjorde den jo s\u00e5 ikke,\u00a0s\u00e5 det var selvf\u00f8lgelig en mavepuster for dem,&#8221; siger Jens Hvid.<\/p>\n<p>De gr\u00f8nlandske elever, og skolen som helhed, kan nu h\u00e5be p\u00e5, at regeringen fra 10. maj \u00e5bner for ophold p\u00e5 efterskoler igen. For tanken om, at ogs\u00e5 resten af efterskoleopholdet bliver derhjemme, er ikke nem at b\u00e6re.<\/p>\n<p>&#8220;Det v\u00e6lger vi ikke at h\u00e5be p\u00e5. Det ville n\u00e6sten v\u00e6re for ondt. S\u00e5 vi h\u00e5ber, at vi \u00e5bner igen 10. maj &#8211; og vi forholder os ikke til andre scenarier endnu,&#8221; siger Jens Hvid.<\/p>\n<div id=\"attachment_17227\" style=\"width: 780px\" class=\"wp-caption alignnone\"><img loading=\"lazy\" decoding=\"async\" aria-describedby=\"caption-attachment-17227\" class=\"size-full wp-image-17227\" src=\"https:\/\/kunmedierne.dk\/mors\/wp-content\/uploads\/2020\/04\/galtrup.jpg\" alt=\"\" width=\"770\" height=\"578\" srcset=\"https:\/\/kunmedierne.dk\/mors\/wp-content\/uploads\/2020\/04\/galtrup.jpg 770w, https:\/\/kunmedierne.dk\/mors\/wp-content\/uploads\/2020\/04\/galtrup-300x225.jpg 300w, https:\/\/kunmedierne.dk\/mors\/wp-content\/uploads\/2020\/04\/galtrup-768x576.jpg 768w, https:\/\/kunmedierne.dk\/mors\/wp-content\/uploads\/2020\/04\/galtrup-600x450.jpg 600w\" sizes=\"auto, (max-width: 770px) 100vw, 770px\" \/><p id=\"caption-attachment-17227\" class=\"wp-caption-text\">De gr\u00f8nlandske elever har v\u00e6ret isoleret p\u00e5 Galtrup Efterskole under hele coronakrisen. Foto: Galtrup Efterskole.<\/p><\/div>\n","protected":false},"excerpt":{"rendered":"<p>BLIDSTRUP\/GALTRUP: Hvordan f\u00e5r man et efterskoleophold til at fungere, n\u00e5r den sociale del af pakken er taget v\u00e6k? Det sp\u00f8rgsm\u00e5l har \u00f8ens to efterskoler under coronakrisen m\u00e5ttet stille sig selv &#8211; og finde svaret p\u00e5 meget hurtigt. For som det lyder fra Kristen Gubi Glintborg, forstander p\u00e5 Blidstrup Efterskole, er det at g\u00e5 p\u00e5 efterskole [&hellip;]<\/p>\n","protected":false},"author":8,"featured_media":17226,"comment_status":"open","ping_status":"open","sticky":false,"template":"","format":"standard","meta":{"_acf_changed":false,"footnotes":""},"categories":[51],"tags":[170],"class_list":["post-17100","post","type-post","status-publish","format-standard","has-post-thumbnail","hentry","category-lokalt","tag-uddannelse"],"acf":[],"yoast_head":"<!-- This site is optimized with the Yoast SEO plugin v26.8 - https:\/\/yoast.com\/product\/yoast-seo-wordpress\/ -->\n<title>Masser af samv\u00e6r - men p\u00e5 afstand - Mors<\/title>\n<meta name=\"robots\" content=\"index, follow, max-snippet:-1, max-image-preview:large, max-video-preview:-1\" \/>\n<link rel=\"canonical\" href=\"https:\/\/kunmedierne.dk\/mors\/masser-af-samvaer-men-paa-afstand\/\" \/>\n<meta property=\"og:locale\" content=\"da_DK\" \/>\n<meta property=\"og:type\" content=\"article\" \/>\n<meta property=\"og:title\" content=\"Masser af samv\u00e6r - men p\u00e5 afstand - Mors\" \/>\n<meta property=\"og:description\" content=\"BLIDSTRUP\/GALTRUP: Hvordan f\u00e5r man et efterskoleophold til at fungere, n\u00e5r den sociale del af pakken er taget v\u00e6k? Det sp\u00f8rgsm\u00e5l har \u00f8ens to efterskoler under coronakrisen m\u00e5ttet stille sig selv &#8211; og finde svaret p\u00e5 meget hurtigt. For som det lyder fra Kristen Gubi Glintborg, forstander p\u00e5 Blidstrup Efterskole, er det at g\u00e5 p\u00e5 efterskole [&hellip;]\" \/>\n<meta property=\"og:url\" content=\"https:\/\/kunmedierne.dk\/mors\/masser-af-samvaer-men-paa-afstand\/\" \/>\n<meta property=\"og:site_name\" content=\"Mors\" \/>\n<meta property=\"article:published_time\" content=\"2020-04-09T06:30:23+00:00\" \/>\n<meta property=\"article:modified_time\" content=\"2024-08-12T12:06:15+00:00\" \/>\n<meta property=\"og:image\" content=\"https:\/\/kunmedierne.dk\/mors\/wp-content\/uploads\/2020\/04\/blidstrup-gym.jpg\" \/>\n\t<meta property=\"og:image:width\" content=\"770\" \/>\n\t<meta property=\"og:image:height\" content=\"513\" \/>\n\t<meta property=\"og:image:type\" content=\"image\/jpeg\" \/>\n<meta name=\"author\" content=\"David H\u00f8jmark\" \/>\n<meta name=\"twitter:card\" content=\"summary_large_image\" \/>\n<meta name=\"twitter:label1\" content=\"Skrevet af\" \/>\n\t<meta name=\"twitter:data1\" content=\"David H\u00f8jmark\" \/>\n\t<meta name=\"twitter:label2\" content=\"Estimeret l\u00e6setid\" \/>\n\t<meta name=\"twitter:data2\" content=\"4 minutter\" \/>\n<script type=\"application\/ld+json\" class=\"yoast-schema-graph\">{\"@context\":\"https:\/\/schema.org\",\"@graph\":[{\"@type\":\"Article\",\"@id\":\"https:\/\/kunmedierne.dk\/mors\/masser-af-samvaer-men-paa-afstand\/#article\",\"isPartOf\":{\"@id\":\"https:\/\/kunmedierne.dk\/mors\/masser-af-samvaer-men-paa-afstand\/\"},\"author\":{\"name\":\"David H\u00f8jmark\",\"@id\":\"https:\/\/kunmedierne.dk\/mors\/#\/schema\/person\/5fe23251bf1d0abbcdc6f7896579d548\"},\"headline\":\"Masser af samv\u00e6r &#8211; men p\u00e5 afstand\",\"datePublished\":\"2020-04-09T06:30:23+00:00\",\"dateModified\":\"2024-08-12T12:06:15+00:00\",\"mainEntityOfPage\":{\"@id\":\"https:\/\/kunmedierne.dk\/mors\/masser-af-samvaer-men-paa-afstand\/\"},\"wordCount\":752,\"commentCount\":0,\"publisher\":{\"@id\":\"https:\/\/kunmedierne.dk\/mors\/#organization\"},\"image\":{\"@id\":\"https:\/\/kunmedierne.dk\/mors\/masser-af-samvaer-men-paa-afstand\/#primaryimage\"},\"thumbnailUrl\":\"https:\/\/kunmedierne.dk\/mors\/wp-content\/uploads\/2020\/04\/blidstrup-gym.jpg\",\"keywords\":[\"Skoler og uddannelse\"],\"articleSection\":[\"Lokalt\"],\"inLanguage\":\"da-DK\",\"potentialAction\":[{\"@type\":\"CommentAction\",\"name\":\"Comment\",\"target\":[\"https:\/\/kunmedierne.dk\/mors\/masser-af-samvaer-men-paa-afstand\/#respond\"]}]},{\"@type\":\"WebPage\",\"@id\":\"https:\/\/kunmedierne.dk\/mors\/masser-af-samvaer-men-paa-afstand\/\",\"url\":\"https:\/\/kunmedierne.dk\/mors\/masser-af-samvaer-men-paa-afstand\/\",\"name\":\"Masser af samv\u00e6r - men p\u00e5 afstand - Mors\",\"isPartOf\":{\"@id\":\"https:\/\/kunmedierne.dk\/mors\/#website\"},\"primaryImageOfPage\":{\"@id\":\"https:\/\/kunmedierne.dk\/mors\/masser-af-samvaer-men-paa-afstand\/#primaryimage\"},\"image\":{\"@id\":\"https:\/\/kunmedierne.dk\/mors\/masser-af-samvaer-men-paa-afstand\/#primaryimage\"},\"thumbnailUrl\":\"https:\/\/kunmedierne.dk\/mors\/wp-content\/uploads\/2020\/04\/blidstrup-gym.jpg\",\"datePublished\":\"2020-04-09T06:30:23+00:00\",\"dateModified\":\"2024-08-12T12:06:15+00:00\",\"breadcrumb\":{\"@id\":\"https:\/\/kunmedierne.dk\/mors\/masser-af-samvaer-men-paa-afstand\/#breadcrumb\"},\"inLanguage\":\"da-DK\",\"potentialAction\":[{\"@type\":\"ReadAction\",\"target\":[\"https:\/\/kunmedierne.dk\/mors\/masser-af-samvaer-men-paa-afstand\/\"]}]},{\"@type\":\"ImageObject\",\"inLanguage\":\"da-DK\",\"@id\":\"https:\/\/kunmedierne.dk\/mors\/masser-af-samvaer-men-paa-afstand\/#primaryimage\",\"url\":\"https:\/\/kunmedierne.dk\/mors\/wp-content\/uploads\/2020\/04\/blidstrup-gym.jpg\",\"contentUrl\":\"https:\/\/kunmedierne.dk\/mors\/wp-content\/uploads\/2020\/04\/blidstrup-gym.jpg\",\"width\":770,\"height\":513,\"caption\":\"Gymnastikopvisninger er noget af det, eleverne p\u00e5 Blidstrup Efterskole er g\u00e5et glip af. Foto: Blidstrup Efterskole.\"},{\"@type\":\"BreadcrumbList\",\"@id\":\"https:\/\/kunmedierne.dk\/mors\/masser-af-samvaer-men-paa-afstand\/#breadcrumb\",\"itemListElement\":[{\"@type\":\"ListItem\",\"position\":1,\"name\":\"Hjem\",\"item\":\"https:\/\/kunmedierne.dk\/mors\/\"},{\"@type\":\"ListItem\",\"position\":2,\"name\":\"Masser af samv\u00e6r &#8211; men p\u00e5 afstand\"}]},{\"@type\":\"WebSite\",\"@id\":\"https:\/\/kunmedierne.dk\/mors\/#website\",\"url\":\"https:\/\/kunmedierne.dk\/mors\/\",\"name\":\"Mors\",\"description\":\"et netmedie med journalistik om livet p\u00e5 Mors\",\"publisher\":{\"@id\":\"https:\/\/kunmedierne.dk\/mors\/#organization\"},\"potentialAction\":[{\"@type\":\"SearchAction\",\"target\":{\"@type\":\"EntryPoint\",\"urlTemplate\":\"https:\/\/kunmedierne.dk\/mors\/?s={search_term_string}\"},\"query-input\":{\"@type\":\"PropertyValueSpecification\",\"valueRequired\":true,\"valueName\":\"search_term_string\"}}],\"inLanguage\":\"da-DK\"},{\"@type\":\"Organization\",\"@id\":\"https:\/\/kunmedierne.dk\/mors\/#organization\",\"name\":\"Mors\",\"url\":\"https:\/\/kunmedierne.dk\/mors\/\",\"logo\":{\"@type\":\"ImageObject\",\"inLanguage\":\"da-DK\",\"@id\":\"https:\/\/kunmedierne.dk\/mors\/#\/schema\/logo\/image\/\",\"url\":\"https:\/\/kunmedierne.dk\/mors\/wp-content\/uploads\/2024\/08\/kunmors-logo.svg\",\"contentUrl\":\"https:\/\/kunmedierne.dk\/mors\/wp-content\/uploads\/2024\/08\/kunmors-logo.svg\",\"caption\":\"Mors\"},\"image\":{\"@id\":\"https:\/\/kunmedierne.dk\/mors\/#\/schema\/logo\/image\/\"}},{\"@type\":\"Person\",\"@id\":\"https:\/\/kunmedierne.dk\/mors\/#\/schema\/person\/5fe23251bf1d0abbcdc6f7896579d548\",\"name\":\"David H\u00f8jmark\",\"image\":{\"@type\":\"ImageObject\",\"inLanguage\":\"da-DK\",\"@id\":\"https:\/\/kunmedierne.dk\/mors\/#\/schema\/person\/image\/\",\"url\":\"https:\/\/secure.gravatar.com\/avatar\/4315d6fb9ef244d729989f5f90268eb08d5bf8a3d84402f595fa194bb35784fd?s=96&d=mm&r=g\",\"contentUrl\":\"https:\/\/secure.gravatar.com\/avatar\/4315d6fb9ef244d729989f5f90268eb08d5bf8a3d84402f595fa194bb35784fd?s=96&d=mm&r=g\",\"caption\":\"David H\u00f8jmark\"},\"sameAs\":[\"https:\/\/www.kunmedierne.dk\"],\"url\":\"https:\/\/kunmedierne.dk\/mors\/author\/david\/\"}]}<\/script>\n<!-- \/ Yoast SEO plugin. -->","yoast_head_json":{"title":"Masser af samv\u00e6r - men p\u00e5 afstand - Mors","robots":{"index":"index","follow":"follow","max-snippet":"max-snippet:-1","max-image-preview":"max-image-preview:large","max-video-preview":"max-video-preview:-1"},"canonical":"https:\/\/kunmedierne.dk\/mors\/masser-af-samvaer-men-paa-afstand\/","og_locale":"da_DK","og_type":"article","og_title":"Masser af samv\u00e6r - men p\u00e5 afstand - Mors","og_description":"BLIDSTRUP\/GALTRUP: Hvordan f\u00e5r man et efterskoleophold til at fungere, n\u00e5r den sociale del af pakken er taget v\u00e6k? Det sp\u00f8rgsm\u00e5l har \u00f8ens to efterskoler under coronakrisen m\u00e5ttet stille sig selv &#8211; og finde svaret p\u00e5 meget hurtigt. For som det lyder fra Kristen Gubi Glintborg, forstander p\u00e5 Blidstrup Efterskole, er det at g\u00e5 p\u00e5 efterskole [&hellip;]","og_url":"https:\/\/kunmedierne.dk\/mors\/masser-af-samvaer-men-paa-afstand\/","og_site_name":"Mors","article_published_time":"2020-04-09T06:30:23+00:00","article_modified_time":"2024-08-12T12:06:15+00:00","og_image":[{"width":770,"height":513,"url":"https:\/\/kunmedierne.dk\/mors\/wp-content\/uploads\/2020\/04\/blidstrup-gym.jpg","type":"image\/jpeg"}],"author":"David H\u00f8jmark","twitter_card":"summary_large_image","twitter_misc":{"Skrevet af":"David H\u00f8jmark","Estimeret l\u00e6setid":"4 minutter"},"schema":{"@context":"https:\/\/schema.org","@graph":[{"@type":"Article","@id":"https:\/\/kunmedierne.dk\/mors\/masser-af-samvaer-men-paa-afstand\/#article","isPartOf":{"@id":"https:\/\/kunmedierne.dk\/mors\/masser-af-samvaer-men-paa-afstand\/"},"author":{"name":"David H\u00f8jmark","@id":"https:\/\/kunmedierne.dk\/mors\/#\/schema\/person\/5fe23251bf1d0abbcdc6f7896579d548"},"headline":"Masser af samv\u00e6r &#8211; men p\u00e5 afstand","datePublished":"2020-04-09T06:30:23+00:00","dateModified":"2024-08-12T12:06:15+00:00","mainEntityOfPage":{"@id":"https:\/\/kunmedierne.dk\/mors\/masser-af-samvaer-men-paa-afstand\/"},"wordCount":752,"commentCount":0,"publisher":{"@id":"https:\/\/kunmedierne.dk\/mors\/#organization"},"image":{"@id":"https:\/\/kunmedierne.dk\/mors\/masser-af-samvaer-men-paa-afstand\/#primaryimage"},"thumbnailUrl":"https:\/\/kunmedierne.dk\/mors\/wp-content\/uploads\/2020\/04\/blidstrup-gym.jpg","keywords":["Skoler og uddannelse"],"articleSection":["Lokalt"],"inLanguage":"da-DK","potentialAction":[{"@type":"CommentAction","name":"Comment","target":["https:\/\/kunmedierne.dk\/mors\/masser-af-samvaer-men-paa-afstand\/#respond"]}]},{"@type":"WebPage","@id":"https:\/\/kunmedierne.dk\/mors\/masser-af-samvaer-men-paa-afstand\/","url":"https:\/\/kunmedierne.dk\/mors\/masser-af-samvaer-men-paa-afstand\/","name":"Masser af samv\u00e6r - men p\u00e5 afstand - Mors","isPartOf":{"@id":"https:\/\/kunmedierne.dk\/mors\/#website"},"primaryImageOfPage":{"@id":"https:\/\/kunmedierne.dk\/mors\/masser-af-samvaer-men-paa-afstand\/#primaryimage"},"image":{"@id":"https:\/\/kunmedierne.dk\/mors\/masser-af-samvaer-men-paa-afstand\/#primaryimage"},"thumbnailUrl":"https:\/\/kunmedierne.dk\/mors\/wp-content\/uploads\/2020\/04\/blidstrup-gym.jpg","datePublished":"2020-04-09T06:30:23+00:00","dateModified":"2024-08-12T12:06:15+00:00","breadcrumb":{"@id":"https:\/\/kunmedierne.dk\/mors\/masser-af-samvaer-men-paa-afstand\/#breadcrumb"},"inLanguage":"da-DK","potentialAction":[{"@type":"ReadAction","target":["https:\/\/kunmedierne.dk\/mors\/masser-af-samvaer-men-paa-afstand\/"]}]},{"@type":"ImageObject","inLanguage":"da-DK","@id":"https:\/\/kunmedierne.dk\/mors\/masser-af-samvaer-men-paa-afstand\/#primaryimage","url":"https:\/\/kunmedierne.dk\/mors\/wp-content\/uploads\/2020\/04\/blidstrup-gym.jpg","contentUrl":"https:\/\/kunmedierne.dk\/mors\/wp-content\/uploads\/2020\/04\/blidstrup-gym.jpg","width":770,"height":513,"caption":"Gymnastikopvisninger er noget af det, eleverne p\u00e5 Blidstrup Efterskole er g\u00e5et glip af. Foto: Blidstrup Efterskole."},{"@type":"BreadcrumbList","@id":"https:\/\/kunmedierne.dk\/mors\/masser-af-samvaer-men-paa-afstand\/#breadcrumb","itemListElement":[{"@type":"ListItem","position":1,"name":"Hjem","item":"https:\/\/kunmedierne.dk\/mors\/"},{"@type":"ListItem","position":2,"name":"Masser af samv\u00e6r &#8211; men p\u00e5 afstand"}]},{"@type":"WebSite","@id":"https:\/\/kunmedierne.dk\/mors\/#website","url":"https:\/\/kunmedierne.dk\/mors\/","name":"Mors","description":"et netmedie med journalistik om livet p\u00e5 Mors","publisher":{"@id":"https:\/\/kunmedierne.dk\/mors\/#organization"},"potentialAction":[{"@type":"SearchAction","target":{"@type":"EntryPoint","urlTemplate":"https:\/\/kunmedierne.dk\/mors\/?s={search_term_string}"},"query-input":{"@type":"PropertyValueSpecification","valueRequired":true,"valueName":"search_term_string"}}],"inLanguage":"da-DK"},{"@type":"Organization","@id":"https:\/\/kunmedierne.dk\/mors\/#organization","name":"Mors","url":"https:\/\/kunmedierne.dk\/mors\/","logo":{"@type":"ImageObject","inLanguage":"da-DK","@id":"https:\/\/kunmedierne.dk\/mors\/#\/schema\/logo\/image\/","url":"https:\/\/kunmedierne.dk\/mors\/wp-content\/uploads\/2024\/08\/kunmors-logo.svg","contentUrl":"https:\/\/kunmedierne.dk\/mors\/wp-content\/uploads\/2024\/08\/kunmors-logo.svg","caption":"Mors"},"image":{"@id":"https:\/\/kunmedierne.dk\/mors\/#\/schema\/logo\/image\/"}},{"@type":"Person","@id":"https:\/\/kunmedierne.dk\/mors\/#\/schema\/person\/5fe23251bf1d0abbcdc6f7896579d548","name":"David H\u00f8jmark","image":{"@type":"ImageObject","inLanguage":"da-DK","@id":"https:\/\/kunmedierne.dk\/mors\/#\/schema\/person\/image\/","url":"https:\/\/secure.gravatar.com\/avatar\/4315d6fb9ef244d729989f5f90268eb08d5bf8a3d84402f595fa194bb35784fd?s=96&d=mm&r=g","contentUrl":"https:\/\/secure.gravatar.com\/avatar\/4315d6fb9ef244d729989f5f90268eb08d5bf8a3d84402f595fa194bb35784fd?s=96&d=mm&r=g","caption":"David H\u00f8jmark"},"sameAs":["https:\/\/www.kunmedierne.dk"],"url":"https:\/\/kunmedierne.dk\/mors\/author\/david\/"}]}},"_links":{"self":[{"href":"https:\/\/kunmedierne.dk\/mors\/wp-json\/wp\/v2\/posts\/17100","targetHints":{"allow":["GET"]}}],"collection":[{"href":"https:\/\/kunmedierne.dk\/mors\/wp-json\/wp\/v2\/posts"}],"about":[{"href":"https:\/\/kunmedierne.dk\/mors\/wp-json\/wp\/v2\/types\/post"}],"author":[{"embeddable":true,"href":"https:\/\/kunmedierne.dk\/mors\/wp-json\/wp\/v2\/users\/8"}],"replies":[{"embeddable":true,"href":"https:\/\/kunmedierne.dk\/mors\/wp-json\/wp\/v2\/comments?post=17100"}],"version-history":[{"count":4,"href":"https:\/\/kunmedierne.dk\/mors\/wp-json\/wp\/v2\/posts\/17100\/revisions"}],"predecessor-version":[{"id":17228,"href":"https:\/\/kunmedierne.dk\/mors\/wp-json\/wp\/v2\/posts\/17100\/revisions\/17228"}],"wp:featuredmedia":[{"embeddable":true,"href":"https:\/\/kunmedierne.dk\/mors\/wp-json\/wp\/v2\/media\/17226"}],"wp:attachment":[{"href":"https:\/\/kunmedierne.dk\/mors\/wp-json\/wp\/v2\/media?parent=17100"}],"wp:term":[{"taxonomy":"category","embeddable":true,"href":"https:\/\/kunmedierne.dk\/mors\/wp-json\/wp\/v2\/categories?post=17100"},{"taxonomy":"post_tag","embeddable":true,"href":"https:\/\/kunmedierne.dk\/mors\/wp-json\/wp\/v2\/tags?post=17100"}],"curies":[{"name":"wp","href":"https:\/\/api.w.org\/{rel}","templated":true}]}}