{"id":17011,"date":"2020-04-08T11:04:02","date_gmt":"2020-04-08T09:04:02","guid":{"rendered":"https:\/\/kunmedierne.dk\/mors\/?p=17011"},"modified":"2024-08-12T14:06:15","modified_gmt":"2024-08-12T12:06:15","slug":"fremryk-ombygning-af-vejerslev-aeldrecenter","status":"publish","type":"post","link":"https:\/\/kunmedierne.dk\/mors\/fremryk-ombygning-af-vejerslev-aeldrecenter\/","title":{"rendered":"&#8211; Fremryk ombygning af Vejerslev \u00c6ldrecenter"},"content":{"rendered":"<p><em>Fra Meiner N\u00f8rgaard (DF), S\u00f8ndenom 9, Emb, formand for udvalget for teknik og milj\u00f8 i Mors\u00f8 Kommune, har vi modtaget:<\/em><\/p>\n<p><strong><span style=\"font-family: 'Arial',sans-serif; color: #444444;\">MORS<\/span><\/strong><span style=\"font-family: 'Arial',sans-serif; color: #444444;\">: De lokale socialedemokrater foresl\u00e5r <\/span><span style=\"font-family: 'Arial',sans-serif; color: #2c363a; background: white;\"><span style=\"-webkit-text-stroke-width: 0px; float: none; word-spacing: 0px;\">en hj\u00e6lpepakke til vores lokale h\u00e5ndv\u00e6rkere med indhold\/arbejde, der skal udf\u00f8res for i alt 2,8 millioner kroner.<\/span><\/span><\/p>\n<p>I <span style=\"-webkit-text-stroke-width: 0px; float: none; word-spacing: 0px;\"><span style=\"font-family: 'Arial',sans-serif; color: #2c363a; background: white;\">en tid som denne er der ingen tvivl om, at vi alle skal g\u00f8re en ekstra indsats for at holde samfundet Mors i gang, blandt andet skal vi alle huske at handle lokalt.<\/span><\/span><\/p>\n<p><span style=\"font-family: 'Arial',sans-serif; color: #444444;\">O<\/span><span style=\"font-family: 'Arial',sans-serif; color: #2c363a; background: white;\"><span style=\"-webkit-text-stroke-width: 0px; float: none; word-spacing: 0px;\">g selvf\u00f8lgelig skal Mors\u00f8 Kommune g\u00f8re alt, der er muligt for at medvirke til at holde vores lokale erhvervsliv i gang. Vi har fremrykket diverse renoveringsarbejder p\u00e5 nogle kommunale institutioner, og p\u00e5 n\u00e6ste m\u00f8de i teknisk udvalg frems\u00e6tter vi forslag om at g\u00e5 i gang med en lang r\u00e6kke energirenoveringer p\u00e5 kommunale bygninger for i alt 4,865 mio. kr. Alle kan l\u00e6se dagsordenen p\u00e5 www.mors.dk.<\/span><\/span><\/p>\n<p><span style=\"font-family: 'Arial',sans-serif; color: #444444;\">E<\/span><span style=\"font-family: 'Arial',sans-serif; color: #2c363a; background: white;\"><span style=\"-webkit-text-stroke-width: 0px; float: none; word-spacing: 0px;\">nergirenoveringsopgaverne omfatter en r\u00e6kke forbedringer, blandt andet klimask\u00e6rme, varmeforsyning og belysning. De 4,865 mio. kr. kan l\u00e5nefinansieres, besparelsen p\u00e5 energiforbruget overstiger det, der skal betales i \u00e5rlige renter og afdrag, s\u00e5 det er en god forretning. Ydermere vil renoveringerne medf\u00f8re en \u00e5rlig reduktion af udledningen af CO2 p\u00e5 63 tons, hvilket er til gavn for klimaet og milj\u00f8et.<\/span><\/span><\/p>\n<p><span style=\"font-family: 'Arial',sans-serif; color: #444444;\">F<\/span><span style=\"font-family: 'Arial',sans-serif; color: #2c363a; background: white;\"><span style=\"-webkit-text-stroke-width: 0px; float: none; word-spacing: 0px;\">ra Dansk Folkepartis side vil vi ogs\u00e5 gerne foresl\u00e5 at fremrykke ombygningen af Vejerslev \u00c6ldrecenter fra n\u00e6ste \u00e5r til i \u00e5r, en ombygning til i alt 2,5 mio. kr. Disse forslag, og selvf\u00f8lgelig andre gode forslag, kan forh\u00e5bentligt medvirke til at holde gang i vores lokale h\u00e5ndv\u00e6rkere.<\/span><\/span><\/p>\n<p><span style=\"font-family: 'Arial',sans-serif; color: #2c363a; background: white;\"><span style=\"-webkit-text-stroke-width: 0px; float: none; word-spacing: 0px;\">Ligeledes er der byggemodninger i gang i Nyk\u00f8bing og Vils, og p\u00e5 det f\u00f8romtalte n\u00e6ste m\u00f8de i teknisk udvalg skal vi ydermere godkende byggemodningen af Etape 3 p\u00e5 Doktor Lunds Vej i \u00d8ster J\u00f8lby.<\/span><\/span><\/p>\n<p><span style=\"font-family: 'Arial',sans-serif;\">I<span style=\"font-family: 'Arial',sans-serif; color: #2c363a; background: white;\"><span style=\"-webkit-text-stroke-width: 0px; float: none; word-spacing: 0px;\"> Dansk Folkeparti ser vi frem til at dr\u00f8fte tiltagene med vores politiske kollegaer i kommunalbestyrelsen, n\u00e5r der er fremkommet et overblik over de muligheder, der er i forhold til de statslige udmeldinger og i forhold til de \u00f8konomiske rammer.<\/span><\/span><\/span><\/p>\n<p><span style=\"font-family: 'Arial',sans-serif;\"><span style=\"font-family: 'Arial',sans-serif; color: #444444;\">D<\/span><span style=\"font-family: 'Arial',sans-serif; color: #2c363a; background: white;\"><span style=\"-webkit-text-stroke-width: 0px; float: none; word-spacing: 0px;\">et er vigtigt, at vi i f\u00e6llesskab og i enighed kan hj\u00e6lpe hinanden i denne sv\u00e6re tid.<\/span><\/span><span style=\"font-family: 'Arial',sans-serif; color: #444444;\"><br \/>\n<\/span><\/span><\/p>\n<p><span style=\"font-family: 'Arial',sans-serif;\"><span style=\"font-family: 'Arial',sans-serif; color: #2c363a; background: white;\"><span style=\"-webkit-text-stroke-width: 0px; float: none; word-spacing: 0px;\">God p\u00e5ske &#8211; pas p\u00e5 hinanden.<\/span><\/span><\/span><\/p>\n<hr \/>\n<p><em>Har du et bidrag til den lokale debat? Send det til os p\u00e5 e-mail: debat@kunmedierne.dk\/mors. Husk at l\u00e6se korrektur inden afsendelse p\u00e5 indl\u00e6gget.<\/em><\/p>\n","protected":false},"excerpt":{"rendered":"<p>Fra Meiner N\u00f8rgaard (DF), S\u00f8ndenom 9, Emb, formand for udvalget for teknik og milj\u00f8 i Mors\u00f8 Kommune, har vi modtaget: MORS: De lokale socialedemokrater foresl\u00e5r en hj\u00e6lpepakke til vores lokale h\u00e5ndv\u00e6rkere med indhold\/arbejde, der skal udf\u00f8res for i alt 2,8 millioner kroner. I en tid som denne er der ingen tvivl om, at vi alle [&hellip;]<\/p>\n","protected":false},"author":11,"featured_media":17024,"comment_status":"open","ping_status":"open","sticky":false,"template":"","format":"standard","meta":{"_acf_changed":false,"footnotes":""},"categories":[56],"tags":[159,167],"class_list":["post-17011","post","type-post","status-publish","format-standard","has-post-thumbnail","hentry","category-debat","tag-erhverv","tag-politik"],"acf":[],"yoast_head":"<!-- This site is optimized with the Yoast SEO plugin v26.8 - https:\/\/yoast.com\/product\/yoast-seo-wordpress\/ -->\n<title>- Fremryk ombygning af Vejerslev \u00c6ldrecenter - Mors<\/title>\n<meta name=\"robots\" content=\"index, follow, max-snippet:-1, max-image-preview:large, max-video-preview:-1\" \/>\n<link rel=\"canonical\" href=\"https:\/\/kunmedierne.dk\/mors\/fremryk-ombygning-af-vejerslev-aeldrecenter\/\" \/>\n<meta property=\"og:locale\" content=\"da_DK\" \/>\n<meta property=\"og:type\" content=\"article\" \/>\n<meta property=\"og:title\" content=\"- Fremryk ombygning af Vejerslev \u00c6ldrecenter - Mors\" \/>\n<meta property=\"og:description\" content=\"Fra Meiner N\u00f8rgaard (DF), S\u00f8ndenom 9, Emb, formand for udvalget for teknik og milj\u00f8 i Mors\u00f8 Kommune, har vi modtaget: MORS: De lokale socialedemokrater foresl\u00e5r en hj\u00e6lpepakke til vores lokale h\u00e5ndv\u00e6rkere med indhold\/arbejde, der skal udf\u00f8res for i alt 2,8 millioner kroner. I en tid som denne er der ingen tvivl om, at vi alle [&hellip;]\" \/>\n<meta property=\"og:url\" content=\"https:\/\/kunmedierne.dk\/mors\/fremryk-ombygning-af-vejerslev-aeldrecenter\/\" \/>\n<meta property=\"og:site_name\" content=\"Mors\" \/>\n<meta property=\"article:published_time\" content=\"2020-04-08T09:04:02+00:00\" \/>\n<meta property=\"article:modified_time\" content=\"2024-08-12T12:06:15+00:00\" \/>\n<meta property=\"og:image\" content=\"https:\/\/kunmedierne.dk\/mors\/wp-content\/uploads\/2020\/04\/200407-meiner-n\u00f8rgaard.jpg\" \/>\n\t<meta property=\"og:image:width\" content=\"770\" \/>\n\t<meta property=\"og:image:height\" content=\"513\" \/>\n\t<meta property=\"og:image:type\" content=\"image\/jpeg\" \/>\n<meta name=\"author\" content=\"Debat\" \/>\n<meta name=\"twitter:card\" content=\"summary_large_image\" \/>\n<meta name=\"twitter:label1\" content=\"Skrevet af\" \/>\n\t<meta name=\"twitter:data1\" content=\"Debat\" \/>\n\t<meta name=\"twitter:label2\" content=\"Estimeret l\u00e6setid\" \/>\n\t<meta name=\"twitter:data2\" content=\"2 minutter\" \/>\n<script type=\"application\/ld+json\" class=\"yoast-schema-graph\">{\"@context\":\"https:\/\/schema.org\",\"@graph\":[{\"@type\":\"Article\",\"@id\":\"https:\/\/kunmedierne.dk\/mors\/fremryk-ombygning-af-vejerslev-aeldrecenter\/#article\",\"isPartOf\":{\"@id\":\"https:\/\/kunmedierne.dk\/mors\/fremryk-ombygning-af-vejerslev-aeldrecenter\/\"},\"author\":{\"name\":\"Debat\",\"@id\":\"https:\/\/kunmedierne.dk\/mors\/#\/schema\/person\/84c1391bce0b43b9bb3a49736bc0ad78\"},\"headline\":\"&#8211; Fremryk ombygning af Vejerslev \u00c6ldrecenter\",\"datePublished\":\"2020-04-08T09:04:02+00:00\",\"dateModified\":\"2024-08-12T12:06:15+00:00\",\"mainEntityOfPage\":{\"@id\":\"https:\/\/kunmedierne.dk\/mors\/fremryk-ombygning-af-vejerslev-aeldrecenter\/\"},\"wordCount\":412,\"commentCount\":0,\"publisher\":{\"@id\":\"https:\/\/kunmedierne.dk\/mors\/#organization\"},\"image\":{\"@id\":\"https:\/\/kunmedierne.dk\/mors\/fremryk-ombygning-af-vejerslev-aeldrecenter\/#primaryimage\"},\"thumbnailUrl\":\"https:\/\/kunmedierne.dk\/mors\/wp-content\/uploads\/2020\/04\/200407-meiner-n\u00f8rgaard.jpg\",\"keywords\":[\"Erhverv\",\"Politik\"],\"articleSection\":[\"Debat\"],\"inLanguage\":\"da-DK\",\"potentialAction\":[{\"@type\":\"CommentAction\",\"name\":\"Comment\",\"target\":[\"https:\/\/kunmedierne.dk\/mors\/fremryk-ombygning-af-vejerslev-aeldrecenter\/#respond\"]}]},{\"@type\":\"WebPage\",\"@id\":\"https:\/\/kunmedierne.dk\/mors\/fremryk-ombygning-af-vejerslev-aeldrecenter\/\",\"url\":\"https:\/\/kunmedierne.dk\/mors\/fremryk-ombygning-af-vejerslev-aeldrecenter\/\",\"name\":\"- Fremryk ombygning af Vejerslev \u00c6ldrecenter - Mors\",\"isPartOf\":{\"@id\":\"https:\/\/kunmedierne.dk\/mors\/#website\"},\"primaryImageOfPage\":{\"@id\":\"https:\/\/kunmedierne.dk\/mors\/fremryk-ombygning-af-vejerslev-aeldrecenter\/#primaryimage\"},\"image\":{\"@id\":\"https:\/\/kunmedierne.dk\/mors\/fremryk-ombygning-af-vejerslev-aeldrecenter\/#primaryimage\"},\"thumbnailUrl\":\"https:\/\/kunmedierne.dk\/mors\/wp-content\/uploads\/2020\/04\/200407-meiner-n\u00f8rgaard.jpg\",\"datePublished\":\"2020-04-08T09:04:02+00:00\",\"dateModified\":\"2024-08-12T12:06:15+00:00\",\"breadcrumb\":{\"@id\":\"https:\/\/kunmedierne.dk\/mors\/fremryk-ombygning-af-vejerslev-aeldrecenter\/#breadcrumb\"},\"inLanguage\":\"da-DK\",\"potentialAction\":[{\"@type\":\"ReadAction\",\"target\":[\"https:\/\/kunmedierne.dk\/mors\/fremryk-ombygning-af-vejerslev-aeldrecenter\/\"]}]},{\"@type\":\"ImageObject\",\"inLanguage\":\"da-DK\",\"@id\":\"https:\/\/kunmedierne.dk\/mors\/fremryk-ombygning-af-vejerslev-aeldrecenter\/#primaryimage\",\"url\":\"https:\/\/kunmedierne.dk\/mors\/wp-content\/uploads\/2020\/04\/200407-meiner-n\u00f8rgaard.jpg\",\"contentUrl\":\"https:\/\/kunmedierne.dk\/mors\/wp-content\/uploads\/2020\/04\/200407-meiner-n\u00f8rgaard.jpg\",\"width\":770,\"height\":513,\"caption\":\"Meiner N\u00f8rgaard (DF). Foto: Per Bech\/Mors\u00f8 Kommune.\"},{\"@type\":\"BreadcrumbList\",\"@id\":\"https:\/\/kunmedierne.dk\/mors\/fremryk-ombygning-af-vejerslev-aeldrecenter\/#breadcrumb\",\"itemListElement\":[{\"@type\":\"ListItem\",\"position\":1,\"name\":\"Hjem\",\"item\":\"https:\/\/kunmedierne.dk\/mors\/\"},{\"@type\":\"ListItem\",\"position\":2,\"name\":\"&#8211; Fremryk ombygning af Vejerslev \u00c6ldrecenter\"}]},{\"@type\":\"WebSite\",\"@id\":\"https:\/\/kunmedierne.dk\/mors\/#website\",\"url\":\"https:\/\/kunmedierne.dk\/mors\/\",\"name\":\"Mors\",\"description\":\"et netmedie med journalistik om livet p\u00e5 Mors\",\"publisher\":{\"@id\":\"https:\/\/kunmedierne.dk\/mors\/#organization\"},\"potentialAction\":[{\"@type\":\"SearchAction\",\"target\":{\"@type\":\"EntryPoint\",\"urlTemplate\":\"https:\/\/kunmedierne.dk\/mors\/?s={search_term_string}\"},\"query-input\":{\"@type\":\"PropertyValueSpecification\",\"valueRequired\":true,\"valueName\":\"search_term_string\"}}],\"inLanguage\":\"da-DK\"},{\"@type\":\"Organization\",\"@id\":\"https:\/\/kunmedierne.dk\/mors\/#organization\",\"name\":\"Mors\",\"url\":\"https:\/\/kunmedierne.dk\/mors\/\",\"logo\":{\"@type\":\"ImageObject\",\"inLanguage\":\"da-DK\",\"@id\":\"https:\/\/kunmedierne.dk\/mors\/#\/schema\/logo\/image\/\",\"url\":\"https:\/\/kunmedierne.dk\/mors\/wp-content\/uploads\/2024\/08\/kunmors-logo.svg\",\"contentUrl\":\"https:\/\/kunmedierne.dk\/mors\/wp-content\/uploads\/2024\/08\/kunmors-logo.svg\",\"caption\":\"Mors\"},\"image\":{\"@id\":\"https:\/\/kunmedierne.dk\/mors\/#\/schema\/logo\/image\/\"}},{\"@type\":\"Person\",\"@id\":\"https:\/\/kunmedierne.dk\/mors\/#\/schema\/person\/84c1391bce0b43b9bb3a49736bc0ad78\",\"name\":\"Debat\",\"image\":{\"@type\":\"ImageObject\",\"inLanguage\":\"da-DK\",\"@id\":\"https:\/\/kunmedierne.dk\/mors\/#\/schema\/person\/image\/\",\"url\":\"https:\/\/secure.gravatar.com\/avatar\/b0fb2e221d618f7c65162ab0d49c7e8a0b580c871ca03af90e42b47b4150654c?s=96&d=mm&r=g\",\"contentUrl\":\"https:\/\/secure.gravatar.com\/avatar\/b0fb2e221d618f7c65162ab0d49c7e8a0b580c871ca03af90e42b47b4150654c?s=96&d=mm&r=g\",\"caption\":\"Debat\"},\"url\":\"https:\/\/kunmedierne.dk\/mors\/author\/debat\/\"}]}<\/script>\n<!-- \/ Yoast SEO plugin. -->","yoast_head_json":{"title":"- Fremryk ombygning af Vejerslev \u00c6ldrecenter - Mors","robots":{"index":"index","follow":"follow","max-snippet":"max-snippet:-1","max-image-preview":"max-image-preview:large","max-video-preview":"max-video-preview:-1"},"canonical":"https:\/\/kunmedierne.dk\/mors\/fremryk-ombygning-af-vejerslev-aeldrecenter\/","og_locale":"da_DK","og_type":"article","og_title":"- Fremryk ombygning af Vejerslev \u00c6ldrecenter - Mors","og_description":"Fra Meiner N\u00f8rgaard (DF), S\u00f8ndenom 9, Emb, formand for udvalget for teknik og milj\u00f8 i Mors\u00f8 Kommune, har vi modtaget: MORS: De lokale socialedemokrater foresl\u00e5r en hj\u00e6lpepakke til vores lokale h\u00e5ndv\u00e6rkere med indhold\/arbejde, der skal udf\u00f8res for i alt 2,8 millioner kroner. I en tid som denne er der ingen tvivl om, at vi alle [&hellip;]","og_url":"https:\/\/kunmedierne.dk\/mors\/fremryk-ombygning-af-vejerslev-aeldrecenter\/","og_site_name":"Mors","article_published_time":"2020-04-08T09:04:02+00:00","article_modified_time":"2024-08-12T12:06:15+00:00","og_image":[{"width":770,"height":513,"url":"https:\/\/kunmedierne.dk\/mors\/wp-content\/uploads\/2020\/04\/200407-meiner-n\u00f8rgaard.jpg","type":"image\/jpeg"}],"author":"Debat","twitter_card":"summary_large_image","twitter_misc":{"Skrevet af":"Debat","Estimeret l\u00e6setid":"2 minutter"},"schema":{"@context":"https:\/\/schema.org","@graph":[{"@type":"Article","@id":"https:\/\/kunmedierne.dk\/mors\/fremryk-ombygning-af-vejerslev-aeldrecenter\/#article","isPartOf":{"@id":"https:\/\/kunmedierne.dk\/mors\/fremryk-ombygning-af-vejerslev-aeldrecenter\/"},"author":{"name":"Debat","@id":"https:\/\/kunmedierne.dk\/mors\/#\/schema\/person\/84c1391bce0b43b9bb3a49736bc0ad78"},"headline":"&#8211; Fremryk ombygning af Vejerslev \u00c6ldrecenter","datePublished":"2020-04-08T09:04:02+00:00","dateModified":"2024-08-12T12:06:15+00:00","mainEntityOfPage":{"@id":"https:\/\/kunmedierne.dk\/mors\/fremryk-ombygning-af-vejerslev-aeldrecenter\/"},"wordCount":412,"commentCount":0,"publisher":{"@id":"https:\/\/kunmedierne.dk\/mors\/#organization"},"image":{"@id":"https:\/\/kunmedierne.dk\/mors\/fremryk-ombygning-af-vejerslev-aeldrecenter\/#primaryimage"},"thumbnailUrl":"https:\/\/kunmedierne.dk\/mors\/wp-content\/uploads\/2020\/04\/200407-meiner-n\u00f8rgaard.jpg","keywords":["Erhverv","Politik"],"articleSection":["Debat"],"inLanguage":"da-DK","potentialAction":[{"@type":"CommentAction","name":"Comment","target":["https:\/\/kunmedierne.dk\/mors\/fremryk-ombygning-af-vejerslev-aeldrecenter\/#respond"]}]},{"@type":"WebPage","@id":"https:\/\/kunmedierne.dk\/mors\/fremryk-ombygning-af-vejerslev-aeldrecenter\/","url":"https:\/\/kunmedierne.dk\/mors\/fremryk-ombygning-af-vejerslev-aeldrecenter\/","name":"- Fremryk ombygning af Vejerslev \u00c6ldrecenter - Mors","isPartOf":{"@id":"https:\/\/kunmedierne.dk\/mors\/#website"},"primaryImageOfPage":{"@id":"https:\/\/kunmedierne.dk\/mors\/fremryk-ombygning-af-vejerslev-aeldrecenter\/#primaryimage"},"image":{"@id":"https:\/\/kunmedierne.dk\/mors\/fremryk-ombygning-af-vejerslev-aeldrecenter\/#primaryimage"},"thumbnailUrl":"https:\/\/kunmedierne.dk\/mors\/wp-content\/uploads\/2020\/04\/200407-meiner-n\u00f8rgaard.jpg","datePublished":"2020-04-08T09:04:02+00:00","dateModified":"2024-08-12T12:06:15+00:00","breadcrumb":{"@id":"https:\/\/kunmedierne.dk\/mors\/fremryk-ombygning-af-vejerslev-aeldrecenter\/#breadcrumb"},"inLanguage":"da-DK","potentialAction":[{"@type":"ReadAction","target":["https:\/\/kunmedierne.dk\/mors\/fremryk-ombygning-af-vejerslev-aeldrecenter\/"]}]},{"@type":"ImageObject","inLanguage":"da-DK","@id":"https:\/\/kunmedierne.dk\/mors\/fremryk-ombygning-af-vejerslev-aeldrecenter\/#primaryimage","url":"https:\/\/kunmedierne.dk\/mors\/wp-content\/uploads\/2020\/04\/200407-meiner-n\u00f8rgaard.jpg","contentUrl":"https:\/\/kunmedierne.dk\/mors\/wp-content\/uploads\/2020\/04\/200407-meiner-n\u00f8rgaard.jpg","width":770,"height":513,"caption":"Meiner N\u00f8rgaard (DF). Foto: Per Bech\/Mors\u00f8 Kommune."},{"@type":"BreadcrumbList","@id":"https:\/\/kunmedierne.dk\/mors\/fremryk-ombygning-af-vejerslev-aeldrecenter\/#breadcrumb","itemListElement":[{"@type":"ListItem","position":1,"name":"Hjem","item":"https:\/\/kunmedierne.dk\/mors\/"},{"@type":"ListItem","position":2,"name":"&#8211; Fremryk ombygning af Vejerslev \u00c6ldrecenter"}]},{"@type":"WebSite","@id":"https:\/\/kunmedierne.dk\/mors\/#website","url":"https:\/\/kunmedierne.dk\/mors\/","name":"Mors","description":"et netmedie med journalistik om livet p\u00e5 Mors","publisher":{"@id":"https:\/\/kunmedierne.dk\/mors\/#organization"},"potentialAction":[{"@type":"SearchAction","target":{"@type":"EntryPoint","urlTemplate":"https:\/\/kunmedierne.dk\/mors\/?s={search_term_string}"},"query-input":{"@type":"PropertyValueSpecification","valueRequired":true,"valueName":"search_term_string"}}],"inLanguage":"da-DK"},{"@type":"Organization","@id":"https:\/\/kunmedierne.dk\/mors\/#organization","name":"Mors","url":"https:\/\/kunmedierne.dk\/mors\/","logo":{"@type":"ImageObject","inLanguage":"da-DK","@id":"https:\/\/kunmedierne.dk\/mors\/#\/schema\/logo\/image\/","url":"https:\/\/kunmedierne.dk\/mors\/wp-content\/uploads\/2024\/08\/kunmors-logo.svg","contentUrl":"https:\/\/kunmedierne.dk\/mors\/wp-content\/uploads\/2024\/08\/kunmors-logo.svg","caption":"Mors"},"image":{"@id":"https:\/\/kunmedierne.dk\/mors\/#\/schema\/logo\/image\/"}},{"@type":"Person","@id":"https:\/\/kunmedierne.dk\/mors\/#\/schema\/person\/84c1391bce0b43b9bb3a49736bc0ad78","name":"Debat","image":{"@type":"ImageObject","inLanguage":"da-DK","@id":"https:\/\/kunmedierne.dk\/mors\/#\/schema\/person\/image\/","url":"https:\/\/secure.gravatar.com\/avatar\/b0fb2e221d618f7c65162ab0d49c7e8a0b580c871ca03af90e42b47b4150654c?s=96&d=mm&r=g","contentUrl":"https:\/\/secure.gravatar.com\/avatar\/b0fb2e221d618f7c65162ab0d49c7e8a0b580c871ca03af90e42b47b4150654c?s=96&d=mm&r=g","caption":"Debat"},"url":"https:\/\/kunmedierne.dk\/mors\/author\/debat\/"}]}},"_links":{"self":[{"href":"https:\/\/kunmedierne.dk\/mors\/wp-json\/wp\/v2\/posts\/17011","targetHints":{"allow":["GET"]}}],"collection":[{"href":"https:\/\/kunmedierne.dk\/mors\/wp-json\/wp\/v2\/posts"}],"about":[{"href":"https:\/\/kunmedierne.dk\/mors\/wp-json\/wp\/v2\/types\/post"}],"author":[{"embeddable":true,"href":"https:\/\/kunmedierne.dk\/mors\/wp-json\/wp\/v2\/users\/11"}],"replies":[{"embeddable":true,"href":"https:\/\/kunmedierne.dk\/mors\/wp-json\/wp\/v2\/comments?post=17011"}],"version-history":[{"count":5,"href":"https:\/\/kunmedierne.dk\/mors\/wp-json\/wp\/v2\/posts\/17011\/revisions"}],"predecessor-version":[{"id":33007,"href":"https:\/\/kunmedierne.dk\/mors\/wp-json\/wp\/v2\/posts\/17011\/revisions\/33007"}],"wp:featuredmedia":[{"embeddable":true,"href":"https:\/\/kunmedierne.dk\/mors\/wp-json\/wp\/v2\/media\/17024"}],"wp:attachment":[{"href":"https:\/\/kunmedierne.dk\/mors\/wp-json\/wp\/v2\/media?parent=17011"}],"wp:term":[{"taxonomy":"category","embeddable":true,"href":"https:\/\/kunmedierne.dk\/mors\/wp-json\/wp\/v2\/categories?post=17011"},{"taxonomy":"post_tag","embeddable":true,"href":"https:\/\/kunmedierne.dk\/mors\/wp-json\/wp\/v2\/tags?post=17011"}],"curies":[{"name":"wp","href":"https:\/\/api.w.org\/{rel}","templated":true}]}}