{"id":169743,"date":"2026-03-17T14:25:04","date_gmt":"2026-03-17T13:25:04","guid":{"rendered":"https:\/\/kunmedierne.dk\/mors\/?p=169743"},"modified":"2026-03-17T09:26:04","modified_gmt":"2026-03-17T08:26:04","slug":"laeserbrev-vi-skal-moedes-og-tale-sammen","status":"publish","type":"post","link":"https:\/\/kunmedierne.dk\/mors\/laeserbrev-vi-skal-moedes-og-tale-sammen\/","title":{"rendered":"<span>L\u00e6serbrev: <\/span>Vi skal m\u00f8des og tale sammen"},"content":{"rendered":"<p><strong>DEBAT:<\/strong>\u00a0Der var engang, hvor vi m\u00f8dtes ansigt til ansigt.\u00a0Hvor vi talte sammen og ikke forbi hinanden. Den tid er ved at forsvinde.\u00a0Og det er ikke tilf\u00e6ldigt.<\/p>\n<a class=\"dvrt-link\" onClick=\"cdmtrack_click(169437,jQuery(this));return false\" href=\"https:\/\/thymors.dk\/sponsorater\/15-til-faellesskabet?utm_source=kunmors&amp;utm_medium=annonce&amp;utm_campaign=sponsorater\"><img decoding=\"async\" style=\"width:100%;\" src=\"https:\/\/kunmedierne.dk\/mors\/wp-content\/uploads\/2026\/03\/260407ThyMors-energi_faellesskab_generel-1.jpg\"><\/a><script>cdmtrack_view(169437);<\/script>\n<p>Vi har f\u00e5et et system og en politisk kultur, hvor papir, sk\u00e6rme og regler fylder mere end mennesker.\u00a0Hvor man hellere skriver en mail end tager en samtale.\u00a0Og hvor afstand er blevet normalen.<\/p>\n<p>Det splitter os.<\/p>\n<p>For vi mister evnen til at v\u00e6re sammen.\u00a0Til at rumme forskelligheder.\u00a0Til at tale ordentligt ogs\u00e5 n\u00e5r vi er uenige.<\/p>\n<p>Samtidig ser vi en politik, der bevidst spiller land og by ud mod hinanden.\u00a0Hvor erhverv efter erhverv bliver h\u00e6ngt ud og presset.\u00a0Hvor dem, der knokler i landdistrikterne, bliver glemt eller gjort til problemet.<\/p>\n<a class=\"dvrt-link\" onClick=\"cdmtrack_click(111725,jQuery(this));return false\" href=\"https:\/\/www.thistedforsikring.dk\/?utm_source=partnerskaber&amp;utm_campaign=kun_mors\"><img decoding=\"async\" style=\"width:100%;\" src=\"https:\/\/kunmedierne.dk\/mors\/wp-content\/uploads\/2024\/02\/269409KunMors-ThistedFor-1.png\"><\/a><script>cdmtrack_view(111725);<\/script>\n<p>Det er helt sk\u00e6vt.<\/p>\n<p>For det er netop dem, der holder Danmark i gang.\u00a0H\u00e5ndv\u00e6rkeren. Landmanden. Chauff\u00f8ren. Fiskeren.\u00a0Dem, der f\u00e5r hverdagen til at fungere.\u00a0N\u00e5r man tager ilten fra dem, tager man ilten fra hele landet.<\/p>\n<p>Og midt i det hele glemmer vi noget afg\u00f8rende.\u00a0Vi har ogs\u00e5 et ansvar for dem, der ikke r\u00e5ber h\u00f8jest.\u00a0De s\u00e5rbare. Dem der har brug for en h\u00e5nd i hverdagen.\u00a0Ikke store armbev\u00e6gelser og flotte ord, men reel hj\u00e6lp der virker.<\/p>\n<a class=\"dvrt-link\" onClick=\"cdmtrack_click(104779,jQuery(this));return false\" href=\"https:\/\/morsoe-begravelsesforretning.dk\/\"><img decoding=\"async\" style=\"width:100%;\" src=\"https:\/\/kunmedierne.dk\/mors\/wp-content\/uploads\/2023\/11\/251215-morsoe-begravelsesforretning.jpg\"><\/a><script>cdmtrack_view(104779);<\/script>\n<p>Vi skal ikke bruge mere splittelse.\u00a0Vi skal ikke bruge mere bureaukrati.<\/p>\n<p>Vi skal tilbage til det, der virker.\u00a0Sund fornuft.\u00a0N\u00e6rv\u00e6r.\u00a0H\u00f8flighed.\u00a0Respekt.<\/p>\n<p>Og vi skal turde m\u00f8de hinanden igen. Rigtigt.<\/p>\n<p>Danmark bliver ikke st\u00e6rkere af afstand.\u00a0Danmark bliver st\u00e6rkere af f\u00e6llesskab.<\/p>\n","protected":false},"excerpt":{"rendered":"<p>DEBAT:\u00a0Der var engang, hvor vi m\u00f8dtes ansigt til ansigt.\u00a0Hvor vi talte sammen og ikke forbi hinanden. Den tid er ved at forsvinde.\u00a0Og det er ikke tilf\u00e6ldigt. Vi har f\u00e5et et system og en politisk kultur, hvor papir, sk\u00e6rme og regler fylder mere end mennesker.\u00a0Hvor man hellere skriver en mail end tager en samtale.\u00a0Og hvor afstand [&hellip;]<\/p>\n","protected":false},"author":11,"featured_media":0,"comment_status":"closed","ping_status":"closed","sticky":false,"template":"","format":"standard","meta":{"_acf_changed":false,"footnotes":""},"categories":[56,51],"tags":[336],"class_list":["post-169743","post","type-post","status-publish","format-standard","hentry","category-debat","category-lokalt","tag-folketingsvalg"],"acf":[],"yoast_head":"<!-- This site is optimized with the Yoast SEO plugin v26.8 - https:\/\/yoast.com\/product\/yoast-seo-wordpress\/ -->\n<title>L\u00e6serbrev: Vi skal m\u00f8des og tale sammen - Mors<\/title>\n<meta name=\"robots\" content=\"index, follow, max-snippet:-1, max-image-preview:large, max-video-preview:-1\" \/>\n<link rel=\"canonical\" href=\"https:\/\/kunmedierne.dk\/mors\/laeserbrev-vi-skal-moedes-og-tale-sammen\/\" \/>\n<meta property=\"og:locale\" content=\"da_DK\" \/>\n<meta property=\"og:type\" content=\"article\" \/>\n<meta property=\"og:title\" content=\"L\u00e6serbrev: Vi skal m\u00f8des og tale sammen - Mors\" \/>\n<meta property=\"og:description\" content=\"DEBAT:\u00a0Der var engang, hvor vi m\u00f8dtes ansigt til ansigt.\u00a0Hvor vi talte sammen og ikke forbi hinanden. Den tid er ved at forsvinde.\u00a0Og det er ikke tilf\u00e6ldigt. Vi har f\u00e5et et system og en politisk kultur, hvor papir, sk\u00e6rme og regler fylder mere end mennesker.\u00a0Hvor man hellere skriver en mail end tager en samtale.\u00a0Og hvor afstand [&hellip;]\" \/>\n<meta property=\"og:url\" content=\"https:\/\/kunmedierne.dk\/mors\/laeserbrev-vi-skal-moedes-og-tale-sammen\/\" \/>\n<meta property=\"og:site_name\" content=\"Mors\" \/>\n<meta property=\"article:published_time\" content=\"2026-03-17T13:25:04+00:00\" \/>\n<meta name=\"author\" content=\"Debat\" \/>\n<meta name=\"twitter:card\" content=\"summary_large_image\" \/>\n<meta name=\"twitter:label1\" content=\"Skrevet af\" \/>\n\t<meta name=\"twitter:data1\" content=\"Debat\" \/>\n\t<meta name=\"twitter:label2\" content=\"Estimeret l\u00e6setid\" \/>\n\t<meta name=\"twitter:data2\" content=\"2 minutter\" \/>\n<script type=\"application\/ld+json\" class=\"yoast-schema-graph\">{\"@context\":\"https:\/\/schema.org\",\"@graph\":[{\"@type\":\"Article\",\"@id\":\"https:\/\/kunmedierne.dk\/mors\/laeserbrev-vi-skal-moedes-og-tale-sammen\/#article\",\"isPartOf\":{\"@id\":\"https:\/\/kunmedierne.dk\/mors\/laeserbrev-vi-skal-moedes-og-tale-sammen\/\"},\"author\":{\"name\":\"Debat\",\"@id\":\"https:\/\/kunmedierne.dk\/mors\/#\/schema\/person\/84c1391bce0b43b9bb3a49736bc0ad78\"},\"headline\":\"L\u00e6serbrev: Vi skal m\u00f8des og tale sammen\",\"datePublished\":\"2026-03-17T13:25:04+00:00\",\"mainEntityOfPage\":{\"@id\":\"https:\/\/kunmedierne.dk\/mors\/laeserbrev-vi-skal-moedes-og-tale-sammen\/\"},\"wordCount\":286,\"publisher\":{\"@id\":\"https:\/\/kunmedierne.dk\/mors\/#organization\"},\"keywords\":[\"Folketingsvalg\"],\"articleSection\":[\"Debat\",\"Lokalt\"],\"inLanguage\":\"da-DK\"},{\"@type\":\"WebPage\",\"@id\":\"https:\/\/kunmedierne.dk\/mors\/laeserbrev-vi-skal-moedes-og-tale-sammen\/\",\"url\":\"https:\/\/kunmedierne.dk\/mors\/laeserbrev-vi-skal-moedes-og-tale-sammen\/\",\"name\":\"L\u00e6serbrev: Vi skal m\u00f8des og tale sammen - Mors\",\"isPartOf\":{\"@id\":\"https:\/\/kunmedierne.dk\/mors\/#website\"},\"datePublished\":\"2026-03-17T13:25:04+00:00\",\"breadcrumb\":{\"@id\":\"https:\/\/kunmedierne.dk\/mors\/laeserbrev-vi-skal-moedes-og-tale-sammen\/#breadcrumb\"},\"inLanguage\":\"da-DK\",\"potentialAction\":[{\"@type\":\"ReadAction\",\"target\":[\"https:\/\/kunmedierne.dk\/mors\/laeserbrev-vi-skal-moedes-og-tale-sammen\/\"]}]},{\"@type\":\"BreadcrumbList\",\"@id\":\"https:\/\/kunmedierne.dk\/mors\/laeserbrev-vi-skal-moedes-og-tale-sammen\/#breadcrumb\",\"itemListElement\":[{\"@type\":\"ListItem\",\"position\":1,\"name\":\"Hjem\",\"item\":\"https:\/\/kunmedierne.dk\/mors\/\"},{\"@type\":\"ListItem\",\"position\":2,\"name\":\"L\u00e6serbrev: Vi skal m\u00f8des og tale sammen\"}]},{\"@type\":\"WebSite\",\"@id\":\"https:\/\/kunmedierne.dk\/mors\/#website\",\"url\":\"https:\/\/kunmedierne.dk\/mors\/\",\"name\":\"Mors\",\"description\":\"et netmedie med journalistik om livet p\u00e5 Mors\",\"publisher\":{\"@id\":\"https:\/\/kunmedierne.dk\/mors\/#organization\"},\"potentialAction\":[{\"@type\":\"SearchAction\",\"target\":{\"@type\":\"EntryPoint\",\"urlTemplate\":\"https:\/\/kunmedierne.dk\/mors\/?s={search_term_string}\"},\"query-input\":{\"@type\":\"PropertyValueSpecification\",\"valueRequired\":true,\"valueName\":\"search_term_string\"}}],\"inLanguage\":\"da-DK\"},{\"@type\":\"Organization\",\"@id\":\"https:\/\/kunmedierne.dk\/mors\/#organization\",\"name\":\"Mors\",\"url\":\"https:\/\/kunmedierne.dk\/mors\/\",\"logo\":{\"@type\":\"ImageObject\",\"inLanguage\":\"da-DK\",\"@id\":\"https:\/\/kunmedierne.dk\/mors\/#\/schema\/logo\/image\/\",\"url\":\"https:\/\/kunmedierne.dk\/mors\/wp-content\/uploads\/2024\/08\/kunmors-logo.svg\",\"contentUrl\":\"https:\/\/kunmedierne.dk\/mors\/wp-content\/uploads\/2024\/08\/kunmors-logo.svg\",\"caption\":\"Mors\"},\"image\":{\"@id\":\"https:\/\/kunmedierne.dk\/mors\/#\/schema\/logo\/image\/\"}},{\"@type\":\"Person\",\"@id\":\"https:\/\/kunmedierne.dk\/mors\/#\/schema\/person\/84c1391bce0b43b9bb3a49736bc0ad78\",\"name\":\"Debat\",\"image\":{\"@type\":\"ImageObject\",\"inLanguage\":\"da-DK\",\"@id\":\"https:\/\/kunmedierne.dk\/mors\/#\/schema\/person\/image\/\",\"url\":\"https:\/\/secure.gravatar.com\/avatar\/b0fb2e221d618f7c65162ab0d49c7e8a0b580c871ca03af90e42b47b4150654c?s=96&d=mm&r=g\",\"contentUrl\":\"https:\/\/secure.gravatar.com\/avatar\/b0fb2e221d618f7c65162ab0d49c7e8a0b580c871ca03af90e42b47b4150654c?s=96&d=mm&r=g\",\"caption\":\"Debat\"},\"url\":\"https:\/\/kunmedierne.dk\/mors\/author\/debat\/\"}]}<\/script>\n<!-- \/ Yoast SEO plugin. -->","yoast_head_json":{"title":"L\u00e6serbrev: Vi skal m\u00f8des og tale sammen - Mors","robots":{"index":"index","follow":"follow","max-snippet":"max-snippet:-1","max-image-preview":"max-image-preview:large","max-video-preview":"max-video-preview:-1"},"canonical":"https:\/\/kunmedierne.dk\/mors\/laeserbrev-vi-skal-moedes-og-tale-sammen\/","og_locale":"da_DK","og_type":"article","og_title":"L\u00e6serbrev: Vi skal m\u00f8des og tale sammen - Mors","og_description":"DEBAT:\u00a0Der var engang, hvor vi m\u00f8dtes ansigt til ansigt.\u00a0Hvor vi talte sammen og ikke forbi hinanden. Den tid er ved at forsvinde.\u00a0Og det er ikke tilf\u00e6ldigt. Vi har f\u00e5et et system og en politisk kultur, hvor papir, sk\u00e6rme og regler fylder mere end mennesker.\u00a0Hvor man hellere skriver en mail end tager en samtale.\u00a0Og hvor afstand [&hellip;]","og_url":"https:\/\/kunmedierne.dk\/mors\/laeserbrev-vi-skal-moedes-og-tale-sammen\/","og_site_name":"Mors","article_published_time":"2026-03-17T13:25:04+00:00","author":"Debat","twitter_card":"summary_large_image","twitter_misc":{"Skrevet af":"Debat","Estimeret l\u00e6setid":"2 minutter"},"schema":{"@context":"https:\/\/schema.org","@graph":[{"@type":"Article","@id":"https:\/\/kunmedierne.dk\/mors\/laeserbrev-vi-skal-moedes-og-tale-sammen\/#article","isPartOf":{"@id":"https:\/\/kunmedierne.dk\/mors\/laeserbrev-vi-skal-moedes-og-tale-sammen\/"},"author":{"name":"Debat","@id":"https:\/\/kunmedierne.dk\/mors\/#\/schema\/person\/84c1391bce0b43b9bb3a49736bc0ad78"},"headline":"L\u00e6serbrev: Vi skal m\u00f8des og tale sammen","datePublished":"2026-03-17T13:25:04+00:00","mainEntityOfPage":{"@id":"https:\/\/kunmedierne.dk\/mors\/laeserbrev-vi-skal-moedes-og-tale-sammen\/"},"wordCount":286,"publisher":{"@id":"https:\/\/kunmedierne.dk\/mors\/#organization"},"keywords":["Folketingsvalg"],"articleSection":["Debat","Lokalt"],"inLanguage":"da-DK"},{"@type":"WebPage","@id":"https:\/\/kunmedierne.dk\/mors\/laeserbrev-vi-skal-moedes-og-tale-sammen\/","url":"https:\/\/kunmedierne.dk\/mors\/laeserbrev-vi-skal-moedes-og-tale-sammen\/","name":"L\u00e6serbrev: Vi skal m\u00f8des og tale sammen - Mors","isPartOf":{"@id":"https:\/\/kunmedierne.dk\/mors\/#website"},"datePublished":"2026-03-17T13:25:04+00:00","breadcrumb":{"@id":"https:\/\/kunmedierne.dk\/mors\/laeserbrev-vi-skal-moedes-og-tale-sammen\/#breadcrumb"},"inLanguage":"da-DK","potentialAction":[{"@type":"ReadAction","target":["https:\/\/kunmedierne.dk\/mors\/laeserbrev-vi-skal-moedes-og-tale-sammen\/"]}]},{"@type":"BreadcrumbList","@id":"https:\/\/kunmedierne.dk\/mors\/laeserbrev-vi-skal-moedes-og-tale-sammen\/#breadcrumb","itemListElement":[{"@type":"ListItem","position":1,"name":"Hjem","item":"https:\/\/kunmedierne.dk\/mors\/"},{"@type":"ListItem","position":2,"name":"L\u00e6serbrev: Vi skal m\u00f8des og tale sammen"}]},{"@type":"WebSite","@id":"https:\/\/kunmedierne.dk\/mors\/#website","url":"https:\/\/kunmedierne.dk\/mors\/","name":"Mors","description":"et netmedie med journalistik om livet p\u00e5 Mors","publisher":{"@id":"https:\/\/kunmedierne.dk\/mors\/#organization"},"potentialAction":[{"@type":"SearchAction","target":{"@type":"EntryPoint","urlTemplate":"https:\/\/kunmedierne.dk\/mors\/?s={search_term_string}"},"query-input":{"@type":"PropertyValueSpecification","valueRequired":true,"valueName":"search_term_string"}}],"inLanguage":"da-DK"},{"@type":"Organization","@id":"https:\/\/kunmedierne.dk\/mors\/#organization","name":"Mors","url":"https:\/\/kunmedierne.dk\/mors\/","logo":{"@type":"ImageObject","inLanguage":"da-DK","@id":"https:\/\/kunmedierne.dk\/mors\/#\/schema\/logo\/image\/","url":"https:\/\/kunmedierne.dk\/mors\/wp-content\/uploads\/2024\/08\/kunmors-logo.svg","contentUrl":"https:\/\/kunmedierne.dk\/mors\/wp-content\/uploads\/2024\/08\/kunmors-logo.svg","caption":"Mors"},"image":{"@id":"https:\/\/kunmedierne.dk\/mors\/#\/schema\/logo\/image\/"}},{"@type":"Person","@id":"https:\/\/kunmedierne.dk\/mors\/#\/schema\/person\/84c1391bce0b43b9bb3a49736bc0ad78","name":"Debat","image":{"@type":"ImageObject","inLanguage":"da-DK","@id":"https:\/\/kunmedierne.dk\/mors\/#\/schema\/person\/image\/","url":"https:\/\/secure.gravatar.com\/avatar\/b0fb2e221d618f7c65162ab0d49c7e8a0b580c871ca03af90e42b47b4150654c?s=96&d=mm&r=g","contentUrl":"https:\/\/secure.gravatar.com\/avatar\/b0fb2e221d618f7c65162ab0d49c7e8a0b580c871ca03af90e42b47b4150654c?s=96&d=mm&r=g","caption":"Debat"},"url":"https:\/\/kunmedierne.dk\/mors\/author\/debat\/"}]}},"_links":{"self":[{"href":"https:\/\/kunmedierne.dk\/mors\/wp-json\/wp\/v2\/posts\/169743","targetHints":{"allow":["GET"]}}],"collection":[{"href":"https:\/\/kunmedierne.dk\/mors\/wp-json\/wp\/v2\/posts"}],"about":[{"href":"https:\/\/kunmedierne.dk\/mors\/wp-json\/wp\/v2\/types\/post"}],"author":[{"embeddable":true,"href":"https:\/\/kunmedierne.dk\/mors\/wp-json\/wp\/v2\/users\/11"}],"replies":[{"embeddable":true,"href":"https:\/\/kunmedierne.dk\/mors\/wp-json\/wp\/v2\/comments?post=169743"}],"version-history":[{"count":3,"href":"https:\/\/kunmedierne.dk\/mors\/wp-json\/wp\/v2\/posts\/169743\/revisions"}],"predecessor-version":[{"id":169749,"href":"https:\/\/kunmedierne.dk\/mors\/wp-json\/wp\/v2\/posts\/169743\/revisions\/169749"}],"wp:attachment":[{"href":"https:\/\/kunmedierne.dk\/mors\/wp-json\/wp\/v2\/media?parent=169743"}],"wp:term":[{"taxonomy":"category","embeddable":true,"href":"https:\/\/kunmedierne.dk\/mors\/wp-json\/wp\/v2\/categories?post=169743"},{"taxonomy":"post_tag","embeddable":true,"href":"https:\/\/kunmedierne.dk\/mors\/wp-json\/wp\/v2\/tags?post=169743"}],"curies":[{"name":"wp","href":"https:\/\/api.w.org\/{rel}","templated":true}]}}