{"id":169684,"date":"2026-03-16T09:54:48","date_gmt":"2026-03-16T08:54:48","guid":{"rendered":"https:\/\/kunmedierne.dk\/mors\/?p=169684"},"modified":"2026-03-16T09:54:48","modified_gmt":"2026-03-16T08:54:48","slug":"laeserbrev-glaedeligt-at-thisteds-borgmester-vil-bevare-feggesundfaergen","status":"publish","type":"post","link":"https:\/\/kunmedierne.dk\/mors\/laeserbrev-glaedeligt-at-thisteds-borgmester-vil-bevare-feggesundfaergen\/","title":{"rendered":"<span>L\u00e6serbrev: <\/span>Gl\u00e6deligt at Thisteds borgmester vil bevare Feggesundf\u00e6rgen"},"content":{"rendered":"<p><strong>DEBAT:\u00a0<\/strong>If\u00f8lge Venstres reklamespots p\u00e5 Radio Limfjord med borgmester Niels J\u00f8rgen Pedersen og folketingsmedlem Torsten Schack Pedersen vil man nu ikke nedl\u00e6gge Feggesund F\u00e6rgen. Samtidigt skal Torsten Schack Pedersen skaffe statsmidler til f\u00e6rgen.<\/p>\n<p>Det er gl\u00e6deligt, at Niels J\u00f8rgen Pedersen har \u00e6ndret mening.<\/p>\n<a class=\"dvrt-link\" onClick=\"cdmtrack_click(104779,jQuery(this));return false\" href=\"https:\/\/morsoe-begravelsesforretning.dk\/\"><img decoding=\"async\" style=\"width:100%;\" src=\"https:\/\/kunmedierne.dk\/mors\/wp-content\/uploads\/2023\/11\/251215-morsoe-begravelsesforretning.jpg\"><\/a><script>cdmtrack_view(104779);<\/script>\n<p>For to m\u00e5neder siden ville han udtr\u00e6de af f\u00e6rgesamarbejdet med Mors\u00f8 Kommune og i stedet bruge Thisted Kommunes beskedne bidrag til f\u00e6rgen p\u00e5 lokal velf\u00e6rd. Imidlertid redder en stemme mere for f\u00e6rgens bevarelse ikke f\u00e6rgedriften ved Feggesund.<\/p>\n<p>Hvis v\u00e6lgerne skal kunne stole p\u00e5, at Venstre i Thisted Kommune nu vil bevare f\u00e6rgen, m\u00e5 flere fra Venstres gruppe i kommunalbestyrelsen erkl\u00e6re deres st\u00f8tte til f\u00e6rgen. Forud for kommunalvalget den 18. november 2025 talte ingen af Venstres kandidater om at nedl\u00e6gge f\u00e6rgedriften ved Feggesund.<\/p>\n<a class=\"dvrt-link\" onClick=\"cdmtrack_click(104781,jQuery(this));return false\" href=\"https:\/\/www.fmspks.dk\/\"><img decoding=\"async\" style=\"width:100%;\" src=\"https:\/\/kunmedierne.dk\/mors\/wp-content\/uploads\/2022\/02\/vip-froeslev-mollerup-sparekasse.jpg\"><\/a><script>cdmtrack_view(104781);<\/script>\n<p>Derfor m\u00e5 Venstre inden folketingsvalget fort\u00e6lle, om flertallet i gruppen nu vil stemme for en bevarelse af f\u00e6rgen.<\/p>\n<p>Samtidigt m\u00e5 st\u00f8tten til f\u00e6rgen ikke g\u00f8res betinget af, at der opn\u00e5s en form for statsst\u00f8tte til f\u00e6rgen. \u00d8nsket om at opn\u00e5 statsst\u00f8tte til de s\u00e5kaldte genvejsf\u00e6rger har under alle omst\u00e6ndigheder lange udsigter.<\/p>\n<a class=\"dvrt-link\" onClick=\"cdmtrack_click(104780,jQuery(this));return false\" href=\"https:\/\/www.spard.dk\/\"><img decoding=\"async\" style=\"width:100%;\" src=\"https:\/\/kunmedierne.dk\/mors\/wp-content\/uploads\/2023\/12\/sparekassen-dk-maj25.gif\"><\/a><script>cdmtrack_view(104780);<\/script>\n<p>Desuden har Thisted Kommunes hidtidige ageren i f\u00e6rge sp\u00f8rgsm\u00e5let ikke gjort det lettere at overbevise staten om, at det er fornuftigt at st\u00f8tte f\u00e6rgen. Thisted Kommune har jo sagt, at f\u00e6rgen kun har en beskeden betydning for kommunen, og at kun f\u00e5 borgere p\u00e5 Hann\u00e6s vil savne f\u00e6rgen.<\/p>\n<p>I \u00f8vrigt virker det paradoksalt, at Feggesund F\u00e6rgen med st\u00f8tte fra staten er bevaringsv\u00e6rdig, mens den med ren kommunal st\u00f8tte skal nedl\u00e6gges. F\u00e6rgedriften vil jo v\u00e6re den samme, s\u00e5 det er sv\u00e6rt at se forskellen.<\/p>\n","protected":false},"excerpt":{"rendered":"<p>DEBAT:\u00a0If\u00f8lge Venstres reklamespots p\u00e5 Radio Limfjord med borgmester Niels J\u00f8rgen Pedersen og folketingsmedlem Torsten Schack Pedersen vil man nu ikke nedl\u00e6gge Feggesund F\u00e6rgen. Samtidigt skal Torsten Schack Pedersen skaffe statsmidler til f\u00e6rgen. Det er gl\u00e6deligt, at Niels J\u00f8rgen Pedersen har \u00e6ndret mening. For to m\u00e5neder siden ville han udtr\u00e6de af f\u00e6rgesamarbejdet med Mors\u00f8 Kommune og [&hellip;]<\/p>\n","protected":false},"author":11,"featured_media":0,"comment_status":"closed","ping_status":"closed","sticky":false,"template":"","format":"standard","meta":{"_acf_changed":false,"footnotes":""},"categories":[56,51],"tags":[336],"class_list":["post-169684","post","type-post","status-publish","format-standard","hentry","category-debat","category-lokalt","tag-folketingsvalg"],"acf":[],"yoast_head":"<!-- This site is optimized with the Yoast SEO plugin v26.8 - https:\/\/yoast.com\/product\/yoast-seo-wordpress\/ -->\n<title>L\u00e6serbrev: Gl\u00e6deligt at Thisteds borgmester vil bevare Feggesundf\u00e6rgen - Mors<\/title>\n<meta name=\"robots\" content=\"index, follow, max-snippet:-1, max-image-preview:large, max-video-preview:-1\" \/>\n<link rel=\"canonical\" href=\"https:\/\/kunmedierne.dk\/mors\/laeserbrev-glaedeligt-at-thisteds-borgmester-vil-bevare-feggesundfaergen\/\" \/>\n<meta property=\"og:locale\" content=\"da_DK\" \/>\n<meta property=\"og:type\" content=\"article\" \/>\n<meta property=\"og:title\" content=\"L\u00e6serbrev: Gl\u00e6deligt at Thisteds borgmester vil bevare Feggesundf\u00e6rgen - Mors\" \/>\n<meta property=\"og:description\" content=\"DEBAT:\u00a0If\u00f8lge Venstres reklamespots p\u00e5 Radio Limfjord med borgmester Niels J\u00f8rgen Pedersen og folketingsmedlem Torsten Schack Pedersen vil man nu ikke nedl\u00e6gge Feggesund F\u00e6rgen. Samtidigt skal Torsten Schack Pedersen skaffe statsmidler til f\u00e6rgen. Det er gl\u00e6deligt, at Niels J\u00f8rgen Pedersen har \u00e6ndret mening. For to m\u00e5neder siden ville han udtr\u00e6de af f\u00e6rgesamarbejdet med Mors\u00f8 Kommune og [&hellip;]\" \/>\n<meta property=\"og:url\" content=\"https:\/\/kunmedierne.dk\/mors\/laeserbrev-glaedeligt-at-thisteds-borgmester-vil-bevare-feggesundfaergen\/\" \/>\n<meta property=\"og:site_name\" content=\"Mors\" \/>\n<meta property=\"article:published_time\" content=\"2026-03-16T08:54:48+00:00\" \/>\n<meta name=\"author\" content=\"Debat\" \/>\n<meta name=\"twitter:card\" content=\"summary_large_image\" \/>\n<meta name=\"twitter:label1\" content=\"Skrevet af\" \/>\n\t<meta name=\"twitter:data1\" content=\"Debat\" \/>\n\t<meta name=\"twitter:label2\" content=\"Estimeret l\u00e6setid\" \/>\n\t<meta name=\"twitter:data2\" content=\"2 minutter\" \/>\n<script type=\"application\/ld+json\" class=\"yoast-schema-graph\">{\"@context\":\"https:\/\/schema.org\",\"@graph\":[{\"@type\":\"Article\",\"@id\":\"https:\/\/kunmedierne.dk\/mors\/laeserbrev-glaedeligt-at-thisteds-borgmester-vil-bevare-feggesundfaergen\/#article\",\"isPartOf\":{\"@id\":\"https:\/\/kunmedierne.dk\/mors\/laeserbrev-glaedeligt-at-thisteds-borgmester-vil-bevare-feggesundfaergen\/\"},\"author\":{\"name\":\"Debat\",\"@id\":\"https:\/\/kunmedierne.dk\/mors\/#\/schema\/person\/84c1391bce0b43b9bb3a49736bc0ad78\"},\"headline\":\"L\u00e6serbrev: Gl\u00e6deligt at Thisteds borgmester vil bevare Feggesundf\u00e6rgen\",\"datePublished\":\"2026-03-16T08:54:48+00:00\",\"mainEntityOfPage\":{\"@id\":\"https:\/\/kunmedierne.dk\/mors\/laeserbrev-glaedeligt-at-thisteds-borgmester-vil-bevare-feggesundfaergen\/\"},\"wordCount\":323,\"publisher\":{\"@id\":\"https:\/\/kunmedierne.dk\/mors\/#organization\"},\"keywords\":[\"Folketingsvalg\"],\"articleSection\":[\"Debat\",\"Lokalt\"],\"inLanguage\":\"da-DK\"},{\"@type\":\"WebPage\",\"@id\":\"https:\/\/kunmedierne.dk\/mors\/laeserbrev-glaedeligt-at-thisteds-borgmester-vil-bevare-feggesundfaergen\/\",\"url\":\"https:\/\/kunmedierne.dk\/mors\/laeserbrev-glaedeligt-at-thisteds-borgmester-vil-bevare-feggesundfaergen\/\",\"name\":\"L\u00e6serbrev: Gl\u00e6deligt at Thisteds borgmester vil bevare Feggesundf\u00e6rgen - Mors\",\"isPartOf\":{\"@id\":\"https:\/\/kunmedierne.dk\/mors\/#website\"},\"datePublished\":\"2026-03-16T08:54:48+00:00\",\"breadcrumb\":{\"@id\":\"https:\/\/kunmedierne.dk\/mors\/laeserbrev-glaedeligt-at-thisteds-borgmester-vil-bevare-feggesundfaergen\/#breadcrumb\"},\"inLanguage\":\"da-DK\",\"potentialAction\":[{\"@type\":\"ReadAction\",\"target\":[\"https:\/\/kunmedierne.dk\/mors\/laeserbrev-glaedeligt-at-thisteds-borgmester-vil-bevare-feggesundfaergen\/\"]}]},{\"@type\":\"BreadcrumbList\",\"@id\":\"https:\/\/kunmedierne.dk\/mors\/laeserbrev-glaedeligt-at-thisteds-borgmester-vil-bevare-feggesundfaergen\/#breadcrumb\",\"itemListElement\":[{\"@type\":\"ListItem\",\"position\":1,\"name\":\"Hjem\",\"item\":\"https:\/\/kunmedierne.dk\/mors\/\"},{\"@type\":\"ListItem\",\"position\":2,\"name\":\"L\u00e6serbrev: Gl\u00e6deligt at Thisteds borgmester vil bevare Feggesundf\u00e6rgen\"}]},{\"@type\":\"WebSite\",\"@id\":\"https:\/\/kunmedierne.dk\/mors\/#website\",\"url\":\"https:\/\/kunmedierne.dk\/mors\/\",\"name\":\"Mors\",\"description\":\"et netmedie med journalistik om livet p\u00e5 Mors\",\"publisher\":{\"@id\":\"https:\/\/kunmedierne.dk\/mors\/#organization\"},\"potentialAction\":[{\"@type\":\"SearchAction\",\"target\":{\"@type\":\"EntryPoint\",\"urlTemplate\":\"https:\/\/kunmedierne.dk\/mors\/?s={search_term_string}\"},\"query-input\":{\"@type\":\"PropertyValueSpecification\",\"valueRequired\":true,\"valueName\":\"search_term_string\"}}],\"inLanguage\":\"da-DK\"},{\"@type\":\"Organization\",\"@id\":\"https:\/\/kunmedierne.dk\/mors\/#organization\",\"name\":\"Mors\",\"url\":\"https:\/\/kunmedierne.dk\/mors\/\",\"logo\":{\"@type\":\"ImageObject\",\"inLanguage\":\"da-DK\",\"@id\":\"https:\/\/kunmedierne.dk\/mors\/#\/schema\/logo\/image\/\",\"url\":\"https:\/\/kunmedierne.dk\/mors\/wp-content\/uploads\/2024\/08\/kunmors-logo.svg\",\"contentUrl\":\"https:\/\/kunmedierne.dk\/mors\/wp-content\/uploads\/2024\/08\/kunmors-logo.svg\",\"caption\":\"Mors\"},\"image\":{\"@id\":\"https:\/\/kunmedierne.dk\/mors\/#\/schema\/logo\/image\/\"}},{\"@type\":\"Person\",\"@id\":\"https:\/\/kunmedierne.dk\/mors\/#\/schema\/person\/84c1391bce0b43b9bb3a49736bc0ad78\",\"name\":\"Debat\",\"image\":{\"@type\":\"ImageObject\",\"inLanguage\":\"da-DK\",\"@id\":\"https:\/\/kunmedierne.dk\/mors\/#\/schema\/person\/image\/\",\"url\":\"https:\/\/secure.gravatar.com\/avatar\/b0fb2e221d618f7c65162ab0d49c7e8a0b580c871ca03af90e42b47b4150654c?s=96&d=mm&r=g\",\"contentUrl\":\"https:\/\/secure.gravatar.com\/avatar\/b0fb2e221d618f7c65162ab0d49c7e8a0b580c871ca03af90e42b47b4150654c?s=96&d=mm&r=g\",\"caption\":\"Debat\"},\"url\":\"https:\/\/kunmedierne.dk\/mors\/author\/debat\/\"}]}<\/script>\n<!-- \/ Yoast SEO plugin. -->","yoast_head_json":{"title":"L\u00e6serbrev: Gl\u00e6deligt at Thisteds borgmester vil bevare Feggesundf\u00e6rgen - Mors","robots":{"index":"index","follow":"follow","max-snippet":"max-snippet:-1","max-image-preview":"max-image-preview:large","max-video-preview":"max-video-preview:-1"},"canonical":"https:\/\/kunmedierne.dk\/mors\/laeserbrev-glaedeligt-at-thisteds-borgmester-vil-bevare-feggesundfaergen\/","og_locale":"da_DK","og_type":"article","og_title":"L\u00e6serbrev: Gl\u00e6deligt at Thisteds borgmester vil bevare Feggesundf\u00e6rgen - Mors","og_description":"DEBAT:\u00a0If\u00f8lge Venstres reklamespots p\u00e5 Radio Limfjord med borgmester Niels J\u00f8rgen Pedersen og folketingsmedlem Torsten Schack Pedersen vil man nu ikke nedl\u00e6gge Feggesund F\u00e6rgen. Samtidigt skal Torsten Schack Pedersen skaffe statsmidler til f\u00e6rgen. Det er gl\u00e6deligt, at Niels J\u00f8rgen Pedersen har \u00e6ndret mening. For to m\u00e5neder siden ville han udtr\u00e6de af f\u00e6rgesamarbejdet med Mors\u00f8 Kommune og [&hellip;]","og_url":"https:\/\/kunmedierne.dk\/mors\/laeserbrev-glaedeligt-at-thisteds-borgmester-vil-bevare-feggesundfaergen\/","og_site_name":"Mors","article_published_time":"2026-03-16T08:54:48+00:00","author":"Debat","twitter_card":"summary_large_image","twitter_misc":{"Skrevet af":"Debat","Estimeret l\u00e6setid":"2 minutter"},"schema":{"@context":"https:\/\/schema.org","@graph":[{"@type":"Article","@id":"https:\/\/kunmedierne.dk\/mors\/laeserbrev-glaedeligt-at-thisteds-borgmester-vil-bevare-feggesundfaergen\/#article","isPartOf":{"@id":"https:\/\/kunmedierne.dk\/mors\/laeserbrev-glaedeligt-at-thisteds-borgmester-vil-bevare-feggesundfaergen\/"},"author":{"name":"Debat","@id":"https:\/\/kunmedierne.dk\/mors\/#\/schema\/person\/84c1391bce0b43b9bb3a49736bc0ad78"},"headline":"L\u00e6serbrev: Gl\u00e6deligt at Thisteds borgmester vil bevare Feggesundf\u00e6rgen","datePublished":"2026-03-16T08:54:48+00:00","mainEntityOfPage":{"@id":"https:\/\/kunmedierne.dk\/mors\/laeserbrev-glaedeligt-at-thisteds-borgmester-vil-bevare-feggesundfaergen\/"},"wordCount":323,"publisher":{"@id":"https:\/\/kunmedierne.dk\/mors\/#organization"},"keywords":["Folketingsvalg"],"articleSection":["Debat","Lokalt"],"inLanguage":"da-DK"},{"@type":"WebPage","@id":"https:\/\/kunmedierne.dk\/mors\/laeserbrev-glaedeligt-at-thisteds-borgmester-vil-bevare-feggesundfaergen\/","url":"https:\/\/kunmedierne.dk\/mors\/laeserbrev-glaedeligt-at-thisteds-borgmester-vil-bevare-feggesundfaergen\/","name":"L\u00e6serbrev: Gl\u00e6deligt at Thisteds borgmester vil bevare Feggesundf\u00e6rgen - Mors","isPartOf":{"@id":"https:\/\/kunmedierne.dk\/mors\/#website"},"datePublished":"2026-03-16T08:54:48+00:00","breadcrumb":{"@id":"https:\/\/kunmedierne.dk\/mors\/laeserbrev-glaedeligt-at-thisteds-borgmester-vil-bevare-feggesundfaergen\/#breadcrumb"},"inLanguage":"da-DK","potentialAction":[{"@type":"ReadAction","target":["https:\/\/kunmedierne.dk\/mors\/laeserbrev-glaedeligt-at-thisteds-borgmester-vil-bevare-feggesundfaergen\/"]}]},{"@type":"BreadcrumbList","@id":"https:\/\/kunmedierne.dk\/mors\/laeserbrev-glaedeligt-at-thisteds-borgmester-vil-bevare-feggesundfaergen\/#breadcrumb","itemListElement":[{"@type":"ListItem","position":1,"name":"Hjem","item":"https:\/\/kunmedierne.dk\/mors\/"},{"@type":"ListItem","position":2,"name":"L\u00e6serbrev: Gl\u00e6deligt at Thisteds borgmester vil bevare Feggesundf\u00e6rgen"}]},{"@type":"WebSite","@id":"https:\/\/kunmedierne.dk\/mors\/#website","url":"https:\/\/kunmedierne.dk\/mors\/","name":"Mors","description":"et netmedie med journalistik om livet p\u00e5 Mors","publisher":{"@id":"https:\/\/kunmedierne.dk\/mors\/#organization"},"potentialAction":[{"@type":"SearchAction","target":{"@type":"EntryPoint","urlTemplate":"https:\/\/kunmedierne.dk\/mors\/?s={search_term_string}"},"query-input":{"@type":"PropertyValueSpecification","valueRequired":true,"valueName":"search_term_string"}}],"inLanguage":"da-DK"},{"@type":"Organization","@id":"https:\/\/kunmedierne.dk\/mors\/#organization","name":"Mors","url":"https:\/\/kunmedierne.dk\/mors\/","logo":{"@type":"ImageObject","inLanguage":"da-DK","@id":"https:\/\/kunmedierne.dk\/mors\/#\/schema\/logo\/image\/","url":"https:\/\/kunmedierne.dk\/mors\/wp-content\/uploads\/2024\/08\/kunmors-logo.svg","contentUrl":"https:\/\/kunmedierne.dk\/mors\/wp-content\/uploads\/2024\/08\/kunmors-logo.svg","caption":"Mors"},"image":{"@id":"https:\/\/kunmedierne.dk\/mors\/#\/schema\/logo\/image\/"}},{"@type":"Person","@id":"https:\/\/kunmedierne.dk\/mors\/#\/schema\/person\/84c1391bce0b43b9bb3a49736bc0ad78","name":"Debat","image":{"@type":"ImageObject","inLanguage":"da-DK","@id":"https:\/\/kunmedierne.dk\/mors\/#\/schema\/person\/image\/","url":"https:\/\/secure.gravatar.com\/avatar\/b0fb2e221d618f7c65162ab0d49c7e8a0b580c871ca03af90e42b47b4150654c?s=96&d=mm&r=g","contentUrl":"https:\/\/secure.gravatar.com\/avatar\/b0fb2e221d618f7c65162ab0d49c7e8a0b580c871ca03af90e42b47b4150654c?s=96&d=mm&r=g","caption":"Debat"},"url":"https:\/\/kunmedierne.dk\/mors\/author\/debat\/"}]}},"_links":{"self":[{"href":"https:\/\/kunmedierne.dk\/mors\/wp-json\/wp\/v2\/posts\/169684","targetHints":{"allow":["GET"]}}],"collection":[{"href":"https:\/\/kunmedierne.dk\/mors\/wp-json\/wp\/v2\/posts"}],"about":[{"href":"https:\/\/kunmedierne.dk\/mors\/wp-json\/wp\/v2\/types\/post"}],"author":[{"embeddable":true,"href":"https:\/\/kunmedierne.dk\/mors\/wp-json\/wp\/v2\/users\/11"}],"replies":[{"embeddable":true,"href":"https:\/\/kunmedierne.dk\/mors\/wp-json\/wp\/v2\/comments?post=169684"}],"version-history":[{"count":2,"href":"https:\/\/kunmedierne.dk\/mors\/wp-json\/wp\/v2\/posts\/169684\/revisions"}],"predecessor-version":[{"id":169688,"href":"https:\/\/kunmedierne.dk\/mors\/wp-json\/wp\/v2\/posts\/169684\/revisions\/169688"}],"wp:attachment":[{"href":"https:\/\/kunmedierne.dk\/mors\/wp-json\/wp\/v2\/media?parent=169684"}],"wp:term":[{"taxonomy":"category","embeddable":true,"href":"https:\/\/kunmedierne.dk\/mors\/wp-json\/wp\/v2\/categories?post=169684"},{"taxonomy":"post_tag","embeddable":true,"href":"https:\/\/kunmedierne.dk\/mors\/wp-json\/wp\/v2\/tags?post=169684"}],"curies":[{"name":"wp","href":"https:\/\/api.w.org\/{rel}","templated":true}]}}