{"id":169548,"date":"2026-03-13T16:44:08","date_gmt":"2026-03-13T15:44:08","guid":{"rendered":"https:\/\/kunmedierne.dk\/mors\/?p=169548"},"modified":"2026-03-13T13:44:54","modified_gmt":"2026-03-13T12:44:54","slug":"et-stort-stykke-af-feggeklit-er-styrtet-i-limfjorden","status":"publish","type":"post","link":"https:\/\/kunmedierne.dk\/mors\/et-stort-stykke-af-feggeklit-er-styrtet-i-limfjorden\/","title":{"rendered":"Et stort stykke af Feggeklit er styrtet i Limfjorden\u00a0"},"content":{"rendered":"<p><span data-contrast=\"auto\"><strong>FEGGEKLIT:<\/strong> Det ligger der pludselig. Et stort, m\u00f8rkt stykke moler p\u00e5 stranden for foden af Feggeklit. Under klinten ligger et stort stykke nedstyrtet materiale, mens b\u00f8lgerne langsomt er begyndt at arbejde sig ind i det.<\/span><span data-ccp-props=\"{}\">\u00a0<\/span><\/p>\n<p><span data-contrast=\"auto\">Pr\u00e6cis hvorn\u00e5r det skete, ved vi ikke. Men skredet er sket for f\u00e5 dage siden. M\u00e5ske mens t\u00e5gen l\u00e5 t\u00e6t over fjorden tidligere p\u00e5 ugen. M\u00e5ske blev det f\u00f8rst opdaget, da t\u00e5gen lettede.<\/span><span data-ccp-props=\"{}\">\u00a0<\/span><\/p>\n<a class=\"dvrt-link\" onClick=\"cdmtrack_click(147315,jQuery(this));return false\" href=\"https:\/\/sdrhaa.dk\/\"><img decoding=\"async\" style=\"width:100%;\" src=\"https:\/\/kunmedierne.dk\/mors\/wp-content\/uploads\/2025\/05\/260302Sdr-HaaDin-gebyrvenlige-sparekasse_mors-002.gif\"><\/a><script>cdmtrack_view(147315);<\/script>\n<p><span data-contrast=\"auto\">Nu har Mors\u00f8 Kommune sat et skilt op p\u00e5 stranden ved klinten:<\/span><span data-ccp-props=\"{}\">\u00a0<\/span><\/p>\n<p><span data-contrast=\"auto\">&#8220;Advarsel! F\u00e6rdsel langs klinten frar\u00e5des pga. fare for skred. F\u00e6rdsel kan v\u00e6re forbundet med livsfare.&#8221;<\/span><span data-ccp-props=\"{}\">\u00a0<\/span><\/p>\n<div id=\"attachment_169549\" style=\"width: 5194px\" class=\"wp-caption alignnone\"><img loading=\"lazy\" decoding=\"async\" aria-describedby=\"caption-attachment-169549\" class=\"wp-image-169549 size-full\" src=\"https:\/\/kunmedierne.dk\/mors\/wp-content\/uploads\/2026\/03\/design-uden-navn113.jpg\" alt=\"\" width=\"5184\" height=\"3456\" srcset=\"https:\/\/kunmedierne.dk\/mors\/wp-content\/uploads\/2026\/03\/design-uden-navn113.jpg 5184w, https:\/\/kunmedierne.dk\/mors\/wp-content\/uploads\/2026\/03\/design-uden-navn113-300x200.jpg 300w, https:\/\/kunmedierne.dk\/mors\/wp-content\/uploads\/2026\/03\/design-uden-navn113-1024x683.jpg 1024w, https:\/\/kunmedierne.dk\/mors\/wp-content\/uploads\/2026\/03\/design-uden-navn113-510x340.jpg 510w\" sizes=\"auto, (max-width: 5184px) 100vw, 5184px\" \/><p id=\"caption-attachment-169549\" class=\"wp-caption-text\">Mors\u00f8 Kommune har, i forbindelse med et st\u00f8rre nedfald fra klinten, sat f\u00f8lgende skilt op p\u00e5 stranden<\/p><\/div>\n<p><span data-contrast=\"auto\">P\u00e5 Fossil- og Molermuseet f\u00f8lger de udviklingen. Museumsinspekt\u00f8r og ph.d. i geologi Jan Audun Rasmussen har set billeder af skredet.<\/span><span data-ccp-props=\"{}\">\u00a0<\/span><\/p>\n<p><span data-contrast=\"auto\">&#8211; Jeg har ikke selv v\u00e6ret henne og se det endnu, men jeg har set billeder af det. Og der er ingen tvivl om, at der er faldet et st\u00f8rre stykke ned, fort\u00e6ller han.<\/span><span data-ccp-props=\"{}\">\u00a0<\/span><\/p>\n<p><span data-contrast=\"auto\">Skredet er ikke us\u00e6dvanligt, forklarer han. Klinter i Danmark falder l\u00f8bende sammen i mindre eller st\u00f8rre stykker.<\/span><span data-ccp-props=\"{}\">\u00a0<\/span><\/p>\n<p><span data-contrast=\"auto\">&#8211; Det sker ved klinter over hele landet. B\u00e5de ved Stevns Klint, M\u00f8ns Klint, Hanklit og andre steder. Det er en helt naturlig proces.<\/span><span data-ccp-props=\"{}\">\u00a0<\/span><\/p>\n<p><span data-ccp-props=\"{}\">\u00a0<\/span><\/p>\n<p><b><span data-contrast=\"auto\">Vinteren spiller en rolle<\/span><\/b><span data-ccp-props=\"{}\">\u00a0<\/span><\/p>\n<p><span data-contrast=\"auto\">If\u00f8lge Jan Audun Rasmussen\u00a0passer tidspunktet godt med den vinter, vi lige har v\u00e6ret igennem.<\/span><span data-ccp-props=\"{}\">\u00a0<\/span><\/p>\n<p><span data-contrast=\"auto\">&#8211; Det sker typisk i slutningen af vinteren eller i for\u00e5ret. N\u00e5r der har v\u00e6ret frost, kan vand i spr\u00e6kkerne fryse til is og udvide sig. Det skubber til materialet, forklarer han.<\/span><span data-ccp-props=\"{}\">\u00a0<\/span><\/p>\n<p><span data-contrast=\"auto\">N\u00e5r temperaturen igen stiger, mister klinten den st\u00f8tte, som isen har givet.<\/span><span data-ccp-props=\"{}\">\u00a0<\/span><\/p>\n<p><span data-contrast=\"auto\">&#8211; N\u00e5r det t\u00f8r, underst\u00f8tter isen ikke l\u00e6ngere. S\u00e5 kan nogle af de l\u00f8se dele pludselig give sig og falde ned.<\/span><span data-ccp-props=\"{}\">\u00a0<\/span><\/p>\n<p><span data-contrast=\"auto\">Den lange, kolde vinter kombineret med fugt og de kraftige vindst\u00f8d det seneste d\u00f8gn kan derfor meget vel have v\u00e6ret med til at udl\u00f8se skredet.<\/span><span data-ccp-props=\"{}\">\u00a0<\/span><\/p>\n<p><span data-ccp-props=\"{}\">\u00a0<\/span><\/p>\n<p><b><span data-contrast=\"auto\">Nye lag kan v\u00e6re blevet blotlagt<\/span><\/b><span data-ccp-props=\"{&quot;134233117&quot;:false,&quot;134233118&quot;:false,&quot;335551550&quot;:0,&quot;335551620&quot;:0,&quot;335559738&quot;:0,&quot;335559739&quot;:240}\">\u00a0<\/span><\/p>\n<p><span data-contrast=\"auto\">For geologer som Jan Audun Rasmussen kan et skred som dette give et sj\u00e6ldent indblik i klinten.<\/span><span data-ccp-props=\"{&quot;134233117&quot;:false,&quot;134233118&quot;:false,&quot;335551550&quot;:0,&quot;335551620&quot;:0,&quot;335559738&quot;:240,&quot;335559739&quot;:240}\">\u00a0<\/span><\/p>\n<p><span data-contrast=\"auto\">N\u00e5r et stort stykke falder af, kan der nemlig blive \u00e5bnet for lag, som f\u00f8r har v\u00e6ret skjult.<\/span><span data-ccp-props=\"{&quot;134233117&quot;:false,&quot;134233118&quot;:false,&quot;335551550&quot;:0,&quot;335551620&quot;:0,&quot;335559738&quot;:240,&quot;335559739&quot;:240}\">\u00a0<\/span><\/p>\n<p><span data-contrast=\"auto\">&#8211; Noget af det mest interessante kan faktisk v\u00e6re det, der bliver blotlagt i selve klinten, n\u00e5r s\u00e5dan et stykke falder ned, siger Jan Audun Rasmussen.<\/span><span data-ccp-props=\"{&quot;134233117&quot;:false,&quot;134233118&quot;:false,&quot;335551550&quot;:0,&quot;335551620&quot;:0,&quot;335559738&quot;:240,&quot;335559739&quot;:240}\">\u00a0<\/span><\/p>\n<a class=\"dvrt-link\" onClick=\"cdmtrack_click(147315,jQuery(this));return false\" href=\"https:\/\/sdrhaa.dk\/\"><img decoding=\"async\" style=\"width:100%;\" src=\"https:\/\/kunmedierne.dk\/mors\/wp-content\/uploads\/2025\/05\/260302Sdr-HaaDin-gebyrvenlige-sparekasse_mors-002.gif\"><\/a><script>cdmtrack_view(147315);<\/script>\n<p><span data-contrast=\"auto\">If\u00f8lge ham kan der pludselig komme lag frem, som ikke tidligere har v\u00e6ret synlige.<\/span><span data-ccp-props=\"{&quot;134233117&quot;:false,&quot;134233118&quot;:false,&quot;335551550&quot;:0,&quot;335551620&quot;:0,&quot;335559738&quot;:240,&quot;335559739&quot;:240}\">\u00a0<\/span><\/p>\n<p><span data-contrast=\"auto\">&#8211; Det vil jeg n\u00e6sten bruge mere tid p\u00e5 at kigge p\u00e5, end selve det materiale, der er faldet ned.<\/span><span data-ccp-props=\"{&quot;134233117&quot;:false,&quot;134233118&quot;:false,&quot;335551550&quot;:0,&quot;335551620&quot;:0,&quot;335559738&quot;:240,&quot;335559739&quot;:240}\">\u00a0<\/span><\/p>\n<p><span data-contrast=\"auto\">Det nedstyrtede moler kan ogs\u00e5 gemme p\u00e5 fossiler. Men ved Feggeklit er det ikke altid s\u00e5 let at komme til.<\/span><span data-ccp-props=\"{&quot;134233117&quot;:false,&quot;134233118&quot;:false,&quot;335551550&quot;:0,&quot;335551620&quot;:0,&quot;335559738&quot;:240,&quot;335559739&quot;:240}\">\u00a0<\/span><\/p>\n<p><span data-contrast=\"auto\">&#8211; Der skal v\u00e6re ret lavvande, f\u00f8r man kan g\u00e5 rundt om klinten p\u00e5 \u00f8stsiden, forklarer han.<\/span><span data-ccp-props=\"{&quot;134233117&quot;:false,&quot;134233118&quot;:false,&quot;335551550&quot;:0,&quot;335551620&quot;:0,&quot;335559738&quot;:240,&quot;335559739&quot;:240}\">\u00a0<\/span><\/p>\n<p><span data-ccp-props=\"{}\">\u00a0<\/span><\/p>\n<p><b><span data-contrast=\"auto\">Materialet p\u00e5 stranden<\/span><\/b><span data-ccp-props=\"{}\">\u00a0<\/span><\/p>\n<p><span data-contrast=\"auto\">Selve det materiale, der nu ligger p\u00e5 stranden og i vandet, vil ikke blive liggende for evigt.<\/span><span data-ccp-props=\"{}\">\u00a0<\/span><\/p>\n<p><span data-contrast=\"auto\">&#8211; Det meste af moleret er ret bl\u00f8dt. B\u00f8lgerne sl\u00e5r mod det, og det bliver forholdsvis hurtigt opl\u00f8st og skyllet ud i fjorden, siger Jan Audun Rasmussen.<\/span><span data-ccp-props=\"{}\">\u00a0<\/span><\/p>\n<p><img loading=\"lazy\" decoding=\"async\" class=\"alignnone wp-image-169553 size-full\" src=\"https:\/\/kunmedierne.dk\/mors\/wp-content\/uploads\/2026\/03\/design-uden-navn115.jpg\" alt=\"\" width=\"5184\" height=\"3456\" srcset=\"https:\/\/kunmedierne.dk\/mors\/wp-content\/uploads\/2026\/03\/design-uden-navn115.jpg 5184w, https:\/\/kunmedierne.dk\/mors\/wp-content\/uploads\/2026\/03\/design-uden-navn115-300x200.jpg 300w, https:\/\/kunmedierne.dk\/mors\/wp-content\/uploads\/2026\/03\/design-uden-navn115-1024x683.jpg 1024w, https:\/\/kunmedierne.dk\/mors\/wp-content\/uploads\/2026\/03\/design-uden-navn115-510x340.jpg 510w\" sizes=\"auto, (max-width: 5184px) 100vw, 5184px\" \/><\/p>\n<p><span data-contrast=\"auto\">Kun enkelte h\u00e5rde sten kan blive liggende l\u00e6ngere. Det er de s\u00e5kaldte cementsten.<\/span><span data-ccp-props=\"{}\">\u00a0<\/span><\/p>\n<p><span data-contrast=\"auto\">&#8211; Det er kalkkonkretioner, som blev dannet dengang moleret var havbund. De er h\u00e5rdere og kan stikke frem i klinten eller ligge tilbage p\u00e5 stranden.<\/span><span data-ccp-props=\"{}\">\u00a0<\/span><\/p>\n<p><span data-ccp-props=\"{}\">\u00a0<\/span><\/p>\n<p><b><span data-contrast=\"auto\">Farligt at g\u00e5 under klinten<\/span><\/b><span data-ccp-props=\"{}\">\u00a0<\/span><\/p>\n<p><span data-contrast=\"auto\">N\u00e5r et skred f\u00f8rst er sket, kan der godt komme flere.<\/span><span data-ccp-props=\"{}\">\u00a0<\/span><\/p>\n<p><span data-contrast=\"auto\">Derfor er advarslen fra geologen og Mors\u00f8 Kommune klar: <\/span><span data-ccp-props=\"{}\">\u00a0<\/span><\/p>\n<p><span data-contrast=\"auto\">&#8211; Man skal aldrig g\u00e5 ind under udh\u00e6ng i en klint. Det g\u00e6lder i det hele taget, men is\u00e6r p\u00e5 denne tid af \u00e5ret.<\/span><span data-ccp-props=\"{}\">\u00a0<\/span><\/p>\n<p><span data-contrast=\"auto\">For\u00e5ret er nemlig h\u00f8js\u00e6son for skred.<\/span><span data-ccp-props=\"{}\">\u00a0<\/span><\/p>\n<p><span data-contrast=\"auto\">&#8211; Man skal v\u00e6re ekstra opm\u00e6rksom efter vejrskifter. For eksempel n\u00e5r vi g\u00e5r fra frost til t\u00f8. Og s\u00e5 ogs\u00e5 i kraftig bl\u00e6st og stormvejr. <\/span><span data-ccp-props=\"{}\">\u00a0<\/span><\/p>\n<p><span data-contrast=\"auto\">Netop nu bl\u00e6ser det fortsat kraftigt over Mors.<\/span><span data-ccp-props=\"{}\">\u00a0<\/span><\/p>\n<p><span data-contrast=\"auto\">&#8211; Derfor vil jeg ikke anbefale, at man g\u00e5r derud nu, siger Jan Audun Rasmussen.<\/span><span data-ccp-props=\"{}\">\u00a0<\/span><\/p>\n<p><span data-ccp-props=\"{}\">\u00a0<\/span><\/p>\n<p><b><span data-contrast=\"auto\">Et landskab i bev\u00e6gelse<\/span><\/b><span data-ccp-props=\"{}\">\u00a0<\/span><\/p>\n<p><span data-contrast=\"auto\">Feggeklit er et af de steder p\u00e5 Mors, hvor molerlandskabet st\u00e5r dramatisk ud mod Limfjorden. Men som skredet minder om, er klinterne ikke faste.<\/span><span data-ccp-props=\"{}\">\u00a0<\/span><span data-contrast=\"auto\">De er et landskab i konstant bev\u00e6gelse.<\/span><span data-ccp-props=\"{}\">\u00a0<\/span><\/p>\n<a class=\"dvrt-link\" onClick=\"cdmtrack_click(111725,jQuery(this));return false\" href=\"https:\/\/www.thistedforsikring.dk\/?utm_source=partnerskaber&amp;utm_campaign=kun_mors\"><img decoding=\"async\" style=\"width:100%;\" src=\"https:\/\/kunmedierne.dk\/mors\/wp-content\/uploads\/2024\/02\/269409KunMors-ThistedFor-1.png\"><\/a><script>cdmtrack_view(111725);<\/script>\n<p><span data-contrast=\"auto\">B\u00f8lger, frost, regn og vind arbejder videre \u00e5r efter \u00e5r. Nogle gange n\u00e6sten um\u00e6rkeligt. Andre gange med et brag, n\u00e5r et st\u00f8rre stykke slipper og falder ned.<\/span><span data-ccp-props=\"{}\">\u00a0<\/span><\/p>\n<p><span data-contrast=\"auto\">Og netop nu ligger et af de nyeste kapitler af den historie p\u00e5 stranden ved Feggeklit.\u00a0<\/span><\/p>\n","protected":false},"excerpt":{"rendered":"<p>FEGGEKLIT: Det ligger der pludselig. Et stort, m\u00f8rkt stykke moler p\u00e5 stranden for foden af Feggeklit. Under klinten ligger et stort stykke nedstyrtet materiale, mens b\u00f8lgerne langsomt er begyndt at arbejde sig ind i det.\u00a0 Pr\u00e6cis hvorn\u00e5r det skete, ved vi ikke. Men skredet er sket for f\u00e5 dage siden. M\u00e5ske mens t\u00e5gen l\u00e5 t\u00e6t [&hellip;]<\/p>\n","protected":false},"author":2507,"featured_media":0,"comment_status":"closed","ping_status":"closed","sticky":false,"template":"","format":"standard","meta":{"_acf_changed":false,"footnotes":""},"categories":[51],"tags":[],"class_list":["post-169548","post","type-post","status-publish","format-standard","hentry","category-lokalt"],"acf":[],"yoast_head":"<!-- This site is optimized with the Yoast SEO plugin v26.8 - https:\/\/yoast.com\/product\/yoast-seo-wordpress\/ -->\n<title>Et stort stykke af Feggeklit er styrtet i Limfjorden\u00a0 - Mors<\/title>\n<meta name=\"robots\" content=\"index, follow, max-snippet:-1, max-image-preview:large, max-video-preview:-1\" \/>\n<link rel=\"canonical\" href=\"https:\/\/kunmedierne.dk\/mors\/et-stort-stykke-af-feggeklit-er-styrtet-i-limfjorden\/\" \/>\n<meta property=\"og:locale\" content=\"da_DK\" \/>\n<meta property=\"og:type\" content=\"article\" \/>\n<meta property=\"og:title\" content=\"Et stort stykke af Feggeklit er styrtet i Limfjorden\u00a0 - Mors\" \/>\n<meta property=\"og:description\" content=\"FEGGEKLIT: Det ligger der pludselig. Et stort, m\u00f8rkt stykke moler p\u00e5 stranden for foden af Feggeklit. Under klinten ligger et stort stykke nedstyrtet materiale, mens b\u00f8lgerne langsomt er begyndt at arbejde sig ind i det.\u00a0 Pr\u00e6cis hvorn\u00e5r det skete, ved vi ikke. Men skredet er sket for f\u00e5 dage siden. M\u00e5ske mens t\u00e5gen l\u00e5 t\u00e6t [&hellip;]\" \/>\n<meta property=\"og:url\" content=\"https:\/\/kunmedierne.dk\/mors\/et-stort-stykke-af-feggeklit-er-styrtet-i-limfjorden\/\" \/>\n<meta property=\"og:site_name\" content=\"Mors\" \/>\n<meta property=\"article:published_time\" content=\"2026-03-13T15:44:08+00:00\" \/>\n<meta property=\"og:image\" content=\"https:\/\/kunmedierne.dk\/mors\/wp-content\/uploads\/2026\/03\/design-uden-navn113.jpg\" \/>\n<meta name=\"author\" content=\"Katrine Hedegaard\" \/>\n<meta name=\"twitter:card\" content=\"summary_large_image\" \/>\n<meta name=\"twitter:label1\" content=\"Skrevet af\" \/>\n\t<meta name=\"twitter:data1\" content=\"Katrine Hedegaard\" \/>\n\t<meta name=\"twitter:label2\" content=\"Estimeret l\u00e6setid\" \/>\n\t<meta name=\"twitter:data2\" content=\"5 minutter\" \/>\n<script type=\"application\/ld+json\" class=\"yoast-schema-graph\">{\"@context\":\"https:\/\/schema.org\",\"@graph\":[{\"@type\":\"Article\",\"@id\":\"https:\/\/kunmedierne.dk\/mors\/et-stort-stykke-af-feggeklit-er-styrtet-i-limfjorden\/#article\",\"isPartOf\":{\"@id\":\"https:\/\/kunmedierne.dk\/mors\/et-stort-stykke-af-feggeklit-er-styrtet-i-limfjorden\/\"},\"author\":{\"name\":\"Katrine Hedegaard\",\"@id\":\"https:\/\/kunmedierne.dk\/mors\/#\/schema\/person\/b2e62a38069b12365e53e087a8709c64\"},\"headline\":\"Et stort stykke af Feggeklit er styrtet i Limfjorden\u00a0\",\"datePublished\":\"2026-03-13T15:44:08+00:00\",\"mainEntityOfPage\":{\"@id\":\"https:\/\/kunmedierne.dk\/mors\/et-stort-stykke-af-feggeklit-er-styrtet-i-limfjorden\/\"},\"wordCount\":830,\"publisher\":{\"@id\":\"https:\/\/kunmedierne.dk\/mors\/#organization\"},\"image\":{\"@id\":\"https:\/\/kunmedierne.dk\/mors\/et-stort-stykke-af-feggeklit-er-styrtet-i-limfjorden\/#primaryimage\"},\"thumbnailUrl\":\"https:\/\/kunmedierne.dk\/mors\/wp-content\/uploads\/2026\/03\/design-uden-navn113.jpg\",\"articleSection\":[\"Lokalt\"],\"inLanguage\":\"da-DK\"},{\"@type\":\"WebPage\",\"@id\":\"https:\/\/kunmedierne.dk\/mors\/et-stort-stykke-af-feggeklit-er-styrtet-i-limfjorden\/\",\"url\":\"https:\/\/kunmedierne.dk\/mors\/et-stort-stykke-af-feggeklit-er-styrtet-i-limfjorden\/\",\"name\":\"Et stort stykke af Feggeklit er styrtet i Limfjorden\u00a0 - Mors\",\"isPartOf\":{\"@id\":\"https:\/\/kunmedierne.dk\/mors\/#website\"},\"primaryImageOfPage\":{\"@id\":\"https:\/\/kunmedierne.dk\/mors\/et-stort-stykke-af-feggeklit-er-styrtet-i-limfjorden\/#primaryimage\"},\"image\":{\"@id\":\"https:\/\/kunmedierne.dk\/mors\/et-stort-stykke-af-feggeklit-er-styrtet-i-limfjorden\/#primaryimage\"},\"thumbnailUrl\":\"https:\/\/kunmedierne.dk\/mors\/wp-content\/uploads\/2026\/03\/design-uden-navn113.jpg\",\"datePublished\":\"2026-03-13T15:44:08+00:00\",\"breadcrumb\":{\"@id\":\"https:\/\/kunmedierne.dk\/mors\/et-stort-stykke-af-feggeklit-er-styrtet-i-limfjorden\/#breadcrumb\"},\"inLanguage\":\"da-DK\",\"potentialAction\":[{\"@type\":\"ReadAction\",\"target\":[\"https:\/\/kunmedierne.dk\/mors\/et-stort-stykke-af-feggeklit-er-styrtet-i-limfjorden\/\"]}]},{\"@type\":\"ImageObject\",\"inLanguage\":\"da-DK\",\"@id\":\"https:\/\/kunmedierne.dk\/mors\/et-stort-stykke-af-feggeklit-er-styrtet-i-limfjorden\/#primaryimage\",\"url\":\"https:\/\/kunmedierne.dk\/mors\/wp-content\/uploads\/2026\/03\/design-uden-navn113.jpg\",\"contentUrl\":\"https:\/\/kunmedierne.dk\/mors\/wp-content\/uploads\/2026\/03\/design-uden-navn113.jpg\",\"width\":5184,\"height\":3456,\"caption\":\"Mors\u00f8 Kommune har, i forbindelse med et st\u00f8rre nedfald fra klinten, sat f\u00f8lgende skilt op p\u00e5 stranden\"},{\"@type\":\"BreadcrumbList\",\"@id\":\"https:\/\/kunmedierne.dk\/mors\/et-stort-stykke-af-feggeklit-er-styrtet-i-limfjorden\/#breadcrumb\",\"itemListElement\":[{\"@type\":\"ListItem\",\"position\":1,\"name\":\"Hjem\",\"item\":\"https:\/\/kunmedierne.dk\/mors\/\"},{\"@type\":\"ListItem\",\"position\":2,\"name\":\"Et stort stykke af Feggeklit er styrtet i Limfjorden\u00a0\"}]},{\"@type\":\"WebSite\",\"@id\":\"https:\/\/kunmedierne.dk\/mors\/#website\",\"url\":\"https:\/\/kunmedierne.dk\/mors\/\",\"name\":\"Mors\",\"description\":\"et netmedie med journalistik om livet p\u00e5 Mors\",\"publisher\":{\"@id\":\"https:\/\/kunmedierne.dk\/mors\/#organization\"},\"potentialAction\":[{\"@type\":\"SearchAction\",\"target\":{\"@type\":\"EntryPoint\",\"urlTemplate\":\"https:\/\/kunmedierne.dk\/mors\/?s={search_term_string}\"},\"query-input\":{\"@type\":\"PropertyValueSpecification\",\"valueRequired\":true,\"valueName\":\"search_term_string\"}}],\"inLanguage\":\"da-DK\"},{\"@type\":\"Organization\",\"@id\":\"https:\/\/kunmedierne.dk\/mors\/#organization\",\"name\":\"Mors\",\"url\":\"https:\/\/kunmedierne.dk\/mors\/\",\"logo\":{\"@type\":\"ImageObject\",\"inLanguage\":\"da-DK\",\"@id\":\"https:\/\/kunmedierne.dk\/mors\/#\/schema\/logo\/image\/\",\"url\":\"https:\/\/kunmedierne.dk\/mors\/wp-content\/uploads\/2024\/08\/kunmors-logo.svg\",\"contentUrl\":\"https:\/\/kunmedierne.dk\/mors\/wp-content\/uploads\/2024\/08\/kunmors-logo.svg\",\"caption\":\"Mors\"},\"image\":{\"@id\":\"https:\/\/kunmedierne.dk\/mors\/#\/schema\/logo\/image\/\"}},{\"@type\":\"Person\",\"@id\":\"https:\/\/kunmedierne.dk\/mors\/#\/schema\/person\/b2e62a38069b12365e53e087a8709c64\",\"name\":\"Katrine Hedegaard\",\"image\":{\"@type\":\"ImageObject\",\"inLanguage\":\"da-DK\",\"@id\":\"https:\/\/kunmedierne.dk\/mors\/#\/schema\/person\/image\/\",\"url\":\"https:\/\/secure.gravatar.com\/avatar\/18a5c72fa9148052fd3ed5a58b40fc83cfdc9811090e6e6eec9539af058edcc0?s=96&d=mm&r=g\",\"contentUrl\":\"https:\/\/secure.gravatar.com\/avatar\/18a5c72fa9148052fd3ed5a58b40fc83cfdc9811090e6e6eec9539af058edcc0?s=96&d=mm&r=g\",\"caption\":\"Katrine Hedegaard\"},\"url\":\"https:\/\/kunmedierne.dk\/mors\/author\/katrine\/\"}]}<\/script>\n<!-- \/ Yoast SEO plugin. -->","yoast_head_json":{"title":"Et stort stykke af Feggeklit er styrtet i Limfjorden\u00a0 - Mors","robots":{"index":"index","follow":"follow","max-snippet":"max-snippet:-1","max-image-preview":"max-image-preview:large","max-video-preview":"max-video-preview:-1"},"canonical":"https:\/\/kunmedierne.dk\/mors\/et-stort-stykke-af-feggeklit-er-styrtet-i-limfjorden\/","og_locale":"da_DK","og_type":"article","og_title":"Et stort stykke af Feggeklit er styrtet i Limfjorden\u00a0 - Mors","og_description":"FEGGEKLIT: Det ligger der pludselig. Et stort, m\u00f8rkt stykke moler p\u00e5 stranden for foden af Feggeklit. Under klinten ligger et stort stykke nedstyrtet materiale, mens b\u00f8lgerne langsomt er begyndt at arbejde sig ind i det.\u00a0 Pr\u00e6cis hvorn\u00e5r det skete, ved vi ikke. Men skredet er sket for f\u00e5 dage siden. M\u00e5ske mens t\u00e5gen l\u00e5 t\u00e6t [&hellip;]","og_url":"https:\/\/kunmedierne.dk\/mors\/et-stort-stykke-af-feggeklit-er-styrtet-i-limfjorden\/","og_site_name":"Mors","article_published_time":"2026-03-13T15:44:08+00:00","og_image":[{"url":"https:\/\/kunmedierne.dk\/mors\/wp-content\/uploads\/2026\/03\/design-uden-navn113.jpg","type":"","width":"","height":""}],"author":"Katrine Hedegaard","twitter_card":"summary_large_image","twitter_misc":{"Skrevet af":"Katrine Hedegaard","Estimeret l\u00e6setid":"5 minutter"},"schema":{"@context":"https:\/\/schema.org","@graph":[{"@type":"Article","@id":"https:\/\/kunmedierne.dk\/mors\/et-stort-stykke-af-feggeklit-er-styrtet-i-limfjorden\/#article","isPartOf":{"@id":"https:\/\/kunmedierne.dk\/mors\/et-stort-stykke-af-feggeklit-er-styrtet-i-limfjorden\/"},"author":{"name":"Katrine Hedegaard","@id":"https:\/\/kunmedierne.dk\/mors\/#\/schema\/person\/b2e62a38069b12365e53e087a8709c64"},"headline":"Et stort stykke af Feggeklit er styrtet i Limfjorden\u00a0","datePublished":"2026-03-13T15:44:08+00:00","mainEntityOfPage":{"@id":"https:\/\/kunmedierne.dk\/mors\/et-stort-stykke-af-feggeklit-er-styrtet-i-limfjorden\/"},"wordCount":830,"publisher":{"@id":"https:\/\/kunmedierne.dk\/mors\/#organization"},"image":{"@id":"https:\/\/kunmedierne.dk\/mors\/et-stort-stykke-af-feggeklit-er-styrtet-i-limfjorden\/#primaryimage"},"thumbnailUrl":"https:\/\/kunmedierne.dk\/mors\/wp-content\/uploads\/2026\/03\/design-uden-navn113.jpg","articleSection":["Lokalt"],"inLanguage":"da-DK"},{"@type":"WebPage","@id":"https:\/\/kunmedierne.dk\/mors\/et-stort-stykke-af-feggeklit-er-styrtet-i-limfjorden\/","url":"https:\/\/kunmedierne.dk\/mors\/et-stort-stykke-af-feggeklit-er-styrtet-i-limfjorden\/","name":"Et stort stykke af Feggeklit er styrtet i Limfjorden\u00a0 - Mors","isPartOf":{"@id":"https:\/\/kunmedierne.dk\/mors\/#website"},"primaryImageOfPage":{"@id":"https:\/\/kunmedierne.dk\/mors\/et-stort-stykke-af-feggeklit-er-styrtet-i-limfjorden\/#primaryimage"},"image":{"@id":"https:\/\/kunmedierne.dk\/mors\/et-stort-stykke-af-feggeklit-er-styrtet-i-limfjorden\/#primaryimage"},"thumbnailUrl":"https:\/\/kunmedierne.dk\/mors\/wp-content\/uploads\/2026\/03\/design-uden-navn113.jpg","datePublished":"2026-03-13T15:44:08+00:00","breadcrumb":{"@id":"https:\/\/kunmedierne.dk\/mors\/et-stort-stykke-af-feggeklit-er-styrtet-i-limfjorden\/#breadcrumb"},"inLanguage":"da-DK","potentialAction":[{"@type":"ReadAction","target":["https:\/\/kunmedierne.dk\/mors\/et-stort-stykke-af-feggeklit-er-styrtet-i-limfjorden\/"]}]},{"@type":"ImageObject","inLanguage":"da-DK","@id":"https:\/\/kunmedierne.dk\/mors\/et-stort-stykke-af-feggeklit-er-styrtet-i-limfjorden\/#primaryimage","url":"https:\/\/kunmedierne.dk\/mors\/wp-content\/uploads\/2026\/03\/design-uden-navn113.jpg","contentUrl":"https:\/\/kunmedierne.dk\/mors\/wp-content\/uploads\/2026\/03\/design-uden-navn113.jpg","width":5184,"height":3456,"caption":"Mors\u00f8 Kommune har, i forbindelse med et st\u00f8rre nedfald fra klinten, sat f\u00f8lgende skilt op p\u00e5 stranden"},{"@type":"BreadcrumbList","@id":"https:\/\/kunmedierne.dk\/mors\/et-stort-stykke-af-feggeklit-er-styrtet-i-limfjorden\/#breadcrumb","itemListElement":[{"@type":"ListItem","position":1,"name":"Hjem","item":"https:\/\/kunmedierne.dk\/mors\/"},{"@type":"ListItem","position":2,"name":"Et stort stykke af Feggeklit er styrtet i Limfjorden\u00a0"}]},{"@type":"WebSite","@id":"https:\/\/kunmedierne.dk\/mors\/#website","url":"https:\/\/kunmedierne.dk\/mors\/","name":"Mors","description":"et netmedie med journalistik om livet p\u00e5 Mors","publisher":{"@id":"https:\/\/kunmedierne.dk\/mors\/#organization"},"potentialAction":[{"@type":"SearchAction","target":{"@type":"EntryPoint","urlTemplate":"https:\/\/kunmedierne.dk\/mors\/?s={search_term_string}"},"query-input":{"@type":"PropertyValueSpecification","valueRequired":true,"valueName":"search_term_string"}}],"inLanguage":"da-DK"},{"@type":"Organization","@id":"https:\/\/kunmedierne.dk\/mors\/#organization","name":"Mors","url":"https:\/\/kunmedierne.dk\/mors\/","logo":{"@type":"ImageObject","inLanguage":"da-DK","@id":"https:\/\/kunmedierne.dk\/mors\/#\/schema\/logo\/image\/","url":"https:\/\/kunmedierne.dk\/mors\/wp-content\/uploads\/2024\/08\/kunmors-logo.svg","contentUrl":"https:\/\/kunmedierne.dk\/mors\/wp-content\/uploads\/2024\/08\/kunmors-logo.svg","caption":"Mors"},"image":{"@id":"https:\/\/kunmedierne.dk\/mors\/#\/schema\/logo\/image\/"}},{"@type":"Person","@id":"https:\/\/kunmedierne.dk\/mors\/#\/schema\/person\/b2e62a38069b12365e53e087a8709c64","name":"Katrine Hedegaard","image":{"@type":"ImageObject","inLanguage":"da-DK","@id":"https:\/\/kunmedierne.dk\/mors\/#\/schema\/person\/image\/","url":"https:\/\/secure.gravatar.com\/avatar\/18a5c72fa9148052fd3ed5a58b40fc83cfdc9811090e6e6eec9539af058edcc0?s=96&d=mm&r=g","contentUrl":"https:\/\/secure.gravatar.com\/avatar\/18a5c72fa9148052fd3ed5a58b40fc83cfdc9811090e6e6eec9539af058edcc0?s=96&d=mm&r=g","caption":"Katrine Hedegaard"},"url":"https:\/\/kunmedierne.dk\/mors\/author\/katrine\/"}]}},"_links":{"self":[{"href":"https:\/\/kunmedierne.dk\/mors\/wp-json\/wp\/v2\/posts\/169548","targetHints":{"allow":["GET"]}}],"collection":[{"href":"https:\/\/kunmedierne.dk\/mors\/wp-json\/wp\/v2\/posts"}],"about":[{"href":"https:\/\/kunmedierne.dk\/mors\/wp-json\/wp\/v2\/types\/post"}],"author":[{"embeddable":true,"href":"https:\/\/kunmedierne.dk\/mors\/wp-json\/wp\/v2\/users\/2507"}],"replies":[{"embeddable":true,"href":"https:\/\/kunmedierne.dk\/mors\/wp-json\/wp\/v2\/comments?post=169548"}],"version-history":[{"count":3,"href":"https:\/\/kunmedierne.dk\/mors\/wp-json\/wp\/v2\/posts\/169548\/revisions"}],"predecessor-version":[{"id":169555,"href":"https:\/\/kunmedierne.dk\/mors\/wp-json\/wp\/v2\/posts\/169548\/revisions\/169555"}],"wp:attachment":[{"href":"https:\/\/kunmedierne.dk\/mors\/wp-json\/wp\/v2\/media?parent=169548"}],"wp:term":[{"taxonomy":"category","embeddable":true,"href":"https:\/\/kunmedierne.dk\/mors\/wp-json\/wp\/v2\/categories?post=169548"},{"taxonomy":"post_tag","embeddable":true,"href":"https:\/\/kunmedierne.dk\/mors\/wp-json\/wp\/v2\/tags?post=169548"}],"curies":[{"name":"wp","href":"https:\/\/api.w.org\/{rel}","templated":true}]}}