{"id":169538,"date":"2026-03-13T12:34:09","date_gmt":"2026-03-13T11:34:09","guid":{"rendered":"https:\/\/kunmedierne.dk\/mors\/?p=169538"},"modified":"2026-03-28T15:20:49","modified_gmt":"2026-03-28T14:20:49","slug":"sundhedsreformen-vi-faar-en-sygehusfunktion-tilbage-til-mors","status":"publish","type":"post","link":"https:\/\/kunmedierne.dk\/mors\/sundhedsreformen-vi-faar-en-sygehusfunktion-tilbage-til-mors\/","title":{"rendered":"<span>Sundhedsreformen:<\/span> &#8220;Vi f\u00e5r en sygehusfunktion tilbage til Mors&#8221;\u00a0"},"content":{"rendered":"<p><span data-contrast=\"auto\"><strong>SUNDHED: <\/strong><\/span><span data-contrast=\"auto\">N\u00e5r Region Nordjylland fra 1. januar 2027 overtager ansvaret for flere sundhedsopgaver, kan det let lyde, som om hj\u00e6lpen flytter l\u00e6ngere v\u00e6k fra Mors.<\/span><span data-ccp-props=\"{&quot;134233117&quot;:false,&quot;134233118&quot;:false,&quot;335551550&quot;:0,&quot;335551620&quot;:0,&quot;335559738&quot;:240,&quot;335559739&quot;:240}\">\u00a0<\/span><\/p>\n<p><span data-contrast=\"auto\">Men det er ikke det, der skal ske.<\/span><span data-ccp-props=\"{&quot;134233117&quot;:false,&quot;134233118&quot;:false,&quot;335551550&quot;:0,&quot;335551620&quot;:0,&quot;335559738&quot;:240,&quot;335559739&quot;:240}\">\u00a0<\/span><\/p>\n<p><span data-contrast=\"auto\">Tv\u00e6rtimod vil sundhedsreformen flytte mere behandling t\u00e6ttere p\u00e5 borgerne. Det siger formanden for udvalget for social, sundhed og besk\u00e6ftigelse, Jette Jepsen (RV), efter at udvalget har godkendt to samarbejdsaftaler med regionen.<\/span><span data-ccp-props=\"{&quot;134233117&quot;:false,&quot;134233118&quot;:false,&quot;335551550&quot;:0,&quot;335551620&quot;:0,&quot;335559738&quot;:240,&quot;335559739&quot;:240}\">\u00a0<\/span><\/p>\n<a class=\"dvrt-link\" onClick=\"cdmtrack_click(104781,jQuery(this));return false\" href=\"https:\/\/www.fmspks.dk\/\"><img decoding=\"async\" style=\"width:100%;\" src=\"https:\/\/kunmedierne.dk\/mors\/wp-content\/uploads\/2022\/02\/vip-froeslev-mollerup-sparekasse.jpg\"><\/a><script>cdmtrack_view(104781);<\/script>\n<p><span data-contrast=\"auto\">Aftalerne betyder, at Mors\u00f8 Kommune fortsat driver akutsygeplejen og den patientrettede forebyggelse, selv om regionen overtager myndighedsansvaret.<\/span><span data-ccp-props=\"{&quot;134233117&quot;:false,&quot;134233118&quot;:false,&quot;335551550&quot;:0,&quot;335551620&quot;:0,&quot;335559738&quot;:240,&quot;335559739&quot;:240}\">\u00a0<\/span><\/p>\n<p><span data-contrast=\"auto\">Samtidig overtager regionen specialiseret rehabilitering og sundheds- og omsorgspladserne.<\/span><span data-ccp-props=\"{&quot;134233117&quot;:false,&quot;134233118&quot;:false,&quot;335551550&quot;:0,&quot;335551620&quot;:0,&quot;335559738&quot;:240,&quot;335559739&quot;:240}\">\u00a0<\/span><\/p>\n<p><span data-contrast=\"auto\">\u2013 Form\u00e5let er, at sundheden skal t\u00e6ttere p\u00e5 borgerne, ikke l\u00e6ngere v\u00e6k, siger Jette Jepsen.<\/span><span data-ccp-props=\"{&quot;134233117&quot;:false,&quot;134233118&quot;:false,&quot;335551550&quot;:0,&quot;335551620&quot;:0,&quot;335559738&quot;:240,&quot;335559739&quot;:240}\">\u00a0<\/span><\/p>\n<blockquote>\n<h5><span data-contrast=\"auto\">Sundhedsreformen er en stor oml\u00e6gning af det danske sundhedsv\u00e6sen, som regeringen, KL og Danske Regioner aftalte i 2024 og fulgte op p\u00e5 i for\u00e5ret 2025.<\/span><span data-ccp-props=\"{&quot;134233117&quot;:false,&quot;134233118&quot;:false,&quot;335551550&quot;:0,&quot;335551620&quot;:0,&quot;335559738&quot;:0,&quot;335559739&quot;:240}\">\u00a0<\/span><\/h5>\n<h5><span data-contrast=\"auto\">M\u00e5let er at g\u00f8re sundhedsv\u00e6senet mere n\u00e6rt, mere sammenh\u00e6ngende og mere lige p\u00e5 tv\u00e6rs af landet.<\/span><span data-ccp-props=\"{&quot;134233117&quot;:false,&quot;134233118&quot;:false,&quot;335551550&quot;:0,&quot;335551620&quot;:0,&quot;335559738&quot;:240,&quot;335559739&quot;:240}\">\u00a0<\/span><\/h5>\n<h5><span data-contrast=\"auto\">Fra <\/span><b><span data-contrast=\"auto\">1. januar 2027<\/span><\/b><span data-contrast=\"auto\"> flytter ansvaret for fire sundhedsopgaver fra kommunerne til regionerne:<\/span><span data-ccp-props=\"{&quot;134233117&quot;:false,&quot;134233118&quot;:false,&quot;335551550&quot;:0,&quot;335551620&quot;:0,&quot;335559738&quot;:240,&quot;335559739&quot;:240}\">\u00a0<\/span><\/h5>\n<ul>\n<li data-leveltext=\"\uf0b7\" data-font=\"Symbol\" data-listid=\"1\" data-list-defn-props=\"{&quot;335552541&quot;:1,&quot;335559683&quot;:0,&quot;335559684&quot;:-2,&quot;335559685&quot;:720,&quot;335559991&quot;:360,&quot;469769226&quot;:&quot;Symbol&quot;,&quot;469769242&quot;:[8226],&quot;469777803&quot;:&quot;left&quot;,&quot;469777804&quot;:&quot;\uf0b7&quot;,&quot;469777815&quot;:&quot;hybridMultilevel&quot;}\" data-aria-posinset=\"1\" data-aria-level=\"1\">\n<h5><span data-contrast=\"auto\">Akutsygepleje<\/span><span data-ccp-props=\"{&quot;134233117&quot;:false,&quot;134233118&quot;:false,&quot;335551550&quot;:0,&quot;335551620&quot;:0,&quot;335559738&quot;:240,&quot;335559739&quot;:240}\">\u00a0<\/span><\/h5>\n<\/li>\n<\/ul>\n<ul>\n<li data-leveltext=\"\uf0b7\" data-font=\"Symbol\" data-listid=\"1\" data-list-defn-props=\"{&quot;335552541&quot;:1,&quot;335559683&quot;:0,&quot;335559684&quot;:-2,&quot;335559685&quot;:720,&quot;335559991&quot;:360,&quot;469769226&quot;:&quot;Symbol&quot;,&quot;469769242&quot;:[8226],&quot;469777803&quot;:&quot;left&quot;,&quot;469777804&quot;:&quot;\uf0b7&quot;,&quot;469777815&quot;:&quot;hybridMultilevel&quot;}\" data-aria-posinset=\"2\" data-aria-level=\"1\">\n<h5><span data-contrast=\"auto\">Patientrettet forebyggelse<\/span><span data-ccp-props=\"{&quot;134233117&quot;:false,&quot;134233118&quot;:false,&quot;335551550&quot;:0,&quot;335551620&quot;:0,&quot;335559738&quot;:240,&quot;335559739&quot;:240}\">\u00a0<\/span><\/h5>\n<\/li>\n<\/ul>\n<ul>\n<li data-leveltext=\"\uf0b7\" data-font=\"Symbol\" data-listid=\"1\" data-list-defn-props=\"{&quot;335552541&quot;:1,&quot;335559683&quot;:0,&quot;335559684&quot;:-2,&quot;335559685&quot;:720,&quot;335559991&quot;:360,&quot;469769226&quot;:&quot;Symbol&quot;,&quot;469769242&quot;:[8226],&quot;469777803&quot;:&quot;left&quot;,&quot;469777804&quot;:&quot;\uf0b7&quot;,&quot;469777815&quot;:&quot;hybridMultilevel&quot;}\" data-aria-posinset=\"3\" data-aria-level=\"1\">\n<h5><span data-contrast=\"auto\">Specialiseret rehabilitering<\/span><span data-ccp-props=\"{&quot;134233117&quot;:false,&quot;134233118&quot;:false,&quot;335551550&quot;:0,&quot;335551620&quot;:0,&quot;335559738&quot;:240,&quot;335559739&quot;:240}\">\u00a0<\/span><\/h5>\n<\/li>\n<li>\n<h5><span data-contrast=\"auto\">Sundheds- og omsorgspladser<\/span><span data-ccp-props=\"{&quot;134233117&quot;:false,&quot;134233118&quot;:false,&quot;335551550&quot;:0,&quot;335551620&quot;:0,&quot;335559738&quot;:240,&quot;335559739&quot;:240}\">\u00a0<\/span><\/h5>\n<\/li>\n<\/ul>\n<\/blockquote>\n<p><span data-contrast=\"auto\">\u00c6ndringerne bliver is\u00e6r synlige i \u00d8ster J\u00f8lby, hvor regionen overtager en del af funktionen p\u00e5 Mors\u00f8 Afklaringscenter.<\/span><span data-ccp-props=\"{&quot;134233117&quot;:false,&quot;134233118&quot;:false,&quot;335551550&quot;:0,&quot;335551620&quot;:0,&quot;335559738&quot;:240,&quot;335559739&quot;:240}\">\u00a0<\/span><\/p>\n<p><span data-contrast=\"auto\">Her lader kommunen 11 af de nuv\u00e6rende 18 pladser overg\u00e5 til nye sundheds- og omsorgspladser. Region Nordjylland skal bruge pladserne til borgere, som n\u00e6sten er f\u00e6rdigbehandlede p\u00e5 sygehuset, men stadig er for syge til at komme hjem.<\/span><span data-ccp-props=\"{&quot;134233117&quot;:false,&quot;134233118&quot;:false,&quot;335551550&quot;:0,&quot;335551620&quot;:0,&quot;335559738&quot;:240,&quot;335559739&quot;:240}\">\u00a0<\/span><\/p>\n<p><span data-contrast=\"auto\">\u2013 Man kan godt sammenligne det med en fremskudt sygehusfunktion, siger Jette Jepsen.<\/span><span data-ccp-props=\"{&quot;134233117&quot;:false,&quot;134233118&quot;:false,&quot;335551550&quot;:0,&quot;335551620&quot;:0,&quot;335559738&quot;:240,&quot;335559739&quot;:240}\">\u00a0<\/span><\/p>\n<p><span data-contrast=\"auto\">Hun ser det som et eksempel p\u00e5, at reformen ikke flytter hj\u00e6lpen v\u00e6k fra \u00f8en, men tv\u00e6rtimod tr\u00e6kker mere behandling tilbage til Mors.<\/span><span data-ccp-props=\"{&quot;134233117&quot;:false,&quot;134233118&quot;:false,&quot;335551550&quot;:0,&quot;335551620&quot;:0,&quot;335559738&quot;:240,&quot;335559739&quot;:240}\">\u00a0<\/span><\/p>\n<p><span data-contrast=\"auto\">\u2013 Vi f\u00e5r faktisk l\u00f8ftet en sygehusfunktion tilbage til Mors, siger hun.<\/span><span data-ccp-props=\"{&quot;134233117&quot;:false,&quot;134233118&quot;:false,&quot;335551550&quot;:0,&quot;335551620&quot;:0,&quot;335559738&quot;:240,&quot;335559739&quot;:240}\">\u00a0<\/span><\/p>\n<a class=\"dvrt-link\" onClick=\"cdmtrack_click(147315,jQuery(this));return false\" href=\"https:\/\/sdrhaa.dk\/\"><img decoding=\"async\" style=\"width:100%;\" src=\"https:\/\/kunmedierne.dk\/mors\/wp-content\/uploads\/2025\/05\/260302Sdr-HaaDin-gebyrvenlige-sparekasse_mors-002.gif\"><\/a><script>cdmtrack_view(147315);<\/script>\n<p><span data-contrast=\"auto\">Pointen er alts\u00e5 ikke, at flere borgere skal til Aalborg for at f\u00e5 behandling. Pointen er, at nogle borgere i stedet kan f\u00e5 hj\u00e6lp p\u00e5 Mors frem for at blive liggende p\u00e5 sygehuset.<\/span><span data-ccp-props=\"{&quot;134233117&quot;:false,&quot;134233118&quot;:false,&quot;335551550&quot;:0,&quot;335551620&quot;:0,&quot;335559738&quot;:240,&quot;335559739&quot;:240}\">\u00a0<\/span><\/p>\n<p><span data-contrast=\"auto\">Jette Jepsen bruger selv et konkret eksempel:<\/span><span data-ccp-props=\"{&quot;134233117&quot;:false,&quot;134233118&quot;:false,&quot;335551550&quot;:0,&quot;335551620&quot;:0,&quot;335559738&quot;:240,&quot;335559739&quot;:240}\">\u00a0<\/span><\/p>\n<p><span data-contrast=\"auto\">\u2013 Hvis du for eksempel har en mor, der bor oppe i Aalborg, og hun er s\u00e5 d\u00e5rlig, at hun ikke kan v\u00e6re hjemme, men heller ikke skal v\u00e6re p\u00e5 sygehuset, s\u00e5 kan du m\u00e5ske f\u00e5 hende til at v\u00e6re p\u00e5 afklaringscentret i \u00d8ster J\u00f8lby i stedet. S\u00e5 kan du v\u00e6re t\u00e6ttere p\u00e5 hende, siger hun.<\/span><span data-ccp-props=\"{&quot;134233117&quot;:false,&quot;134233118&quot;:false,&quot;335551550&quot;:0,&quot;335551620&quot;:0,&quot;335559738&quot;:240,&quot;335559739&quot;:240}\">\u00a0<\/span><\/p>\n<p><span data-contrast=\"auto\">Ogs\u00e5 den patientrettede forebyggelse bliver p\u00e5 Mors. Kommunen forts\u00e6tter arbejdet p\u00e5 Sundhedscenter Limfjorden, hvor borgere med blandt andet KOL, diabetes, hjertesygdom og andre kroniske sygdomme kan f\u00e5 st\u00f8tte og vejledning.<\/span><span data-ccp-props=\"{&quot;134233117&quot;:false,&quot;134233118&quot;:false,&quot;335551550&quot;:0,&quot;335551620&quot;:0,&quot;335559738&quot;:240,&quot;335559739&quot;:240}\">\u00a0<\/span><\/p>\n<a class=\"dvrt-link\" onClick=\"cdmtrack_click(111725,jQuery(this));return false\" href=\"https:\/\/www.thistedforsikring.dk\/?utm_source=partnerskaber&amp;utm_campaign=kun_mors\"><img decoding=\"async\" style=\"width:100%;\" src=\"https:\/\/kunmedierne.dk\/mors\/wp-content\/uploads\/2024\/02\/269409KunMors-ThistedFor-1.png\"><\/a><script>cdmtrack_view(111725);<\/script>\n<p><span data-contrast=\"auto\">Kommunen forts\u00e6tter ogs\u00e5 akutsygeplejen p\u00e5 Mors. Her skal sygeplejerskerne fortsat rykke hurtigt ud til borgere med akut sygdom og samtidig forebygge un\u00f8dige indl\u00e6ggelser.<\/span><span data-ccp-props=\"{&quot;134233117&quot;:false,&quot;134233118&quot;:false,&quot;335551550&quot;:0,&quot;335551620&quot;:0,&quot;335559738&quot;:240,&quot;335559739&quot;:240}\">\u00a0<\/span><\/p>\n<p><span data-contrast=\"auto\">Der mangler dog stadig mange afklaringer. I l\u00f8bet af 2026 skal region og kommune blandt andet aftale arbejdsgange, visitation og dokumentation.<\/span><span data-ccp-props=\"{&quot;134233117&quot;:false,&quot;134233118&quot;:false,&quot;335551550&quot;:0,&quot;335551620&quot;:0,&quot;335559738&quot;:240,&quot;335559739&quot;:240}\">\u00a0<\/span><\/p>\n<p><span data-contrast=\"auto\">\u2013 Vi har sat hj\u00f8rnestolperne. Der er mange detaljer, der stadig skal p\u00e5 plads, siger udvalgsformand Jette Jepsen (RV).<\/span><span data-ccp-props=\"{&quot;134233117&quot;:false,&quot;134233118&quot;:false,&quot;335551550&quot;:0,&quot;335551620&quot;:0,&quot;335559738&quot;:240,&quot;335559739&quot;:240}\">\u00a0<\/span><\/p>\n","protected":false},"excerpt":{"rendered":"<p>SUNDHED: N\u00e5r Region Nordjylland fra 1. januar 2027 overtager ansvaret for flere sundhedsopgaver, kan det let lyde, som om hj\u00e6lpen flytter l\u00e6ngere v\u00e6k fra Mors.\u00a0 Men det er ikke det, der skal ske.\u00a0 Tv\u00e6rtimod vil sundhedsreformen flytte mere behandling t\u00e6ttere p\u00e5 borgerne. Det siger formanden for udvalget for social, sundhed og besk\u00e6ftigelse, Jette Jepsen (RV), [&hellip;]<\/p>\n","protected":false},"author":2507,"featured_media":0,"comment_status":"closed","ping_status":"closed","sticky":false,"template":"","format":"standard","meta":{"_acf_changed":false,"footnotes":""},"categories":[51],"tags":[],"class_list":["post-169538","post","type-post","status-publish","format-standard","hentry","category-lokalt"],"acf":[],"yoast_head":"<!-- This site is optimized with the Yoast SEO plugin v26.8 - https:\/\/yoast.com\/product\/yoast-seo-wordpress\/ -->\n<title>Sundhedsreformen: &quot;Vi f\u00e5r en sygehusfunktion tilbage til Mors&quot;\u00a0 - Mors<\/title>\n<meta name=\"robots\" content=\"index, follow, max-snippet:-1, max-image-preview:large, max-video-preview:-1\" \/>\n<link rel=\"canonical\" href=\"https:\/\/kunmedierne.dk\/mors\/sundhedsreformen-vi-faar-en-sygehusfunktion-tilbage-til-mors\/\" \/>\n<meta property=\"og:locale\" content=\"da_DK\" \/>\n<meta property=\"og:type\" content=\"article\" \/>\n<meta property=\"og:title\" content=\"Sundhedsreformen: &quot;Vi f\u00e5r en sygehusfunktion tilbage til Mors&quot;\u00a0 - Mors\" \/>\n<meta property=\"og:description\" content=\"SUNDHED: N\u00e5r Region Nordjylland fra 1. januar 2027 overtager ansvaret for flere sundhedsopgaver, kan det let lyde, som om hj\u00e6lpen flytter l\u00e6ngere v\u00e6k fra Mors.\u00a0 Men det er ikke det, der skal ske.\u00a0 Tv\u00e6rtimod vil sundhedsreformen flytte mere behandling t\u00e6ttere p\u00e5 borgerne. Det siger formanden for udvalget for social, sundhed og besk\u00e6ftigelse, Jette Jepsen (RV), [&hellip;]\" \/>\n<meta property=\"og:url\" content=\"https:\/\/kunmedierne.dk\/mors\/sundhedsreformen-vi-faar-en-sygehusfunktion-tilbage-til-mors\/\" \/>\n<meta property=\"og:site_name\" content=\"Mors\" \/>\n<meta property=\"article:published_time\" content=\"2026-03-13T11:34:09+00:00\" \/>\n<meta property=\"article:modified_time\" content=\"2026-03-28T14:20:49+00:00\" \/>\n<meta name=\"author\" content=\"Katrine Hedegaard\" \/>\n<meta name=\"twitter:card\" content=\"summary_large_image\" \/>\n<meta name=\"twitter:label1\" content=\"Skrevet af\" \/>\n\t<meta name=\"twitter:data1\" content=\"Katrine Hedegaard\" \/>\n\t<meta name=\"twitter:label2\" content=\"Estimeret l\u00e6setid\" \/>\n\t<meta name=\"twitter:data2\" content=\"3 minutter\" \/>\n<script type=\"application\/ld+json\" class=\"yoast-schema-graph\">{\"@context\":\"https:\/\/schema.org\",\"@graph\":[{\"@type\":\"Article\",\"@id\":\"https:\/\/kunmedierne.dk\/mors\/sundhedsreformen-vi-faar-en-sygehusfunktion-tilbage-til-mors\/#article\",\"isPartOf\":{\"@id\":\"https:\/\/kunmedierne.dk\/mors\/sundhedsreformen-vi-faar-en-sygehusfunktion-tilbage-til-mors\/\"},\"author\":{\"name\":\"Katrine Hedegaard\",\"@id\":\"https:\/\/kunmedierne.dk\/mors\/#\/schema\/person\/b2e62a38069b12365e53e087a8709c64\"},\"headline\":\"Sundhedsreformen: &#8220;Vi f\u00e5r en sygehusfunktion tilbage til Mors&#8221;\u00a0\",\"datePublished\":\"2026-03-13T11:34:09+00:00\",\"dateModified\":\"2026-03-28T14:20:49+00:00\",\"mainEntityOfPage\":{\"@id\":\"https:\/\/kunmedierne.dk\/mors\/sundhedsreformen-vi-faar-en-sygehusfunktion-tilbage-til-mors\/\"},\"wordCount\":506,\"publisher\":{\"@id\":\"https:\/\/kunmedierne.dk\/mors\/#organization\"},\"articleSection\":[\"Lokalt\"],\"inLanguage\":\"da-DK\"},{\"@type\":\"WebPage\",\"@id\":\"https:\/\/kunmedierne.dk\/mors\/sundhedsreformen-vi-faar-en-sygehusfunktion-tilbage-til-mors\/\",\"url\":\"https:\/\/kunmedierne.dk\/mors\/sundhedsreformen-vi-faar-en-sygehusfunktion-tilbage-til-mors\/\",\"name\":\"Sundhedsreformen: \\\"Vi f\u00e5r en sygehusfunktion tilbage til Mors\\\"\u00a0 - Mors\",\"isPartOf\":{\"@id\":\"https:\/\/kunmedierne.dk\/mors\/#website\"},\"datePublished\":\"2026-03-13T11:34:09+00:00\",\"dateModified\":\"2026-03-28T14:20:49+00:00\",\"breadcrumb\":{\"@id\":\"https:\/\/kunmedierne.dk\/mors\/sundhedsreformen-vi-faar-en-sygehusfunktion-tilbage-til-mors\/#breadcrumb\"},\"inLanguage\":\"da-DK\",\"potentialAction\":[{\"@type\":\"ReadAction\",\"target\":[\"https:\/\/kunmedierne.dk\/mors\/sundhedsreformen-vi-faar-en-sygehusfunktion-tilbage-til-mors\/\"]}]},{\"@type\":\"BreadcrumbList\",\"@id\":\"https:\/\/kunmedierne.dk\/mors\/sundhedsreformen-vi-faar-en-sygehusfunktion-tilbage-til-mors\/#breadcrumb\",\"itemListElement\":[{\"@type\":\"ListItem\",\"position\":1,\"name\":\"Hjem\",\"item\":\"https:\/\/kunmedierne.dk\/mors\/\"},{\"@type\":\"ListItem\",\"position\":2,\"name\":\"Sundhedsreformen: &#8220;Vi f\u00e5r en sygehusfunktion tilbage til Mors&#8221;\u00a0\"}]},{\"@type\":\"WebSite\",\"@id\":\"https:\/\/kunmedierne.dk\/mors\/#website\",\"url\":\"https:\/\/kunmedierne.dk\/mors\/\",\"name\":\"Mors\",\"description\":\"et netmedie med journalistik om livet p\u00e5 Mors\",\"publisher\":{\"@id\":\"https:\/\/kunmedierne.dk\/mors\/#organization\"},\"potentialAction\":[{\"@type\":\"SearchAction\",\"target\":{\"@type\":\"EntryPoint\",\"urlTemplate\":\"https:\/\/kunmedierne.dk\/mors\/?s={search_term_string}\"},\"query-input\":{\"@type\":\"PropertyValueSpecification\",\"valueRequired\":true,\"valueName\":\"search_term_string\"}}],\"inLanguage\":\"da-DK\"},{\"@type\":\"Organization\",\"@id\":\"https:\/\/kunmedierne.dk\/mors\/#organization\",\"name\":\"Mors\",\"url\":\"https:\/\/kunmedierne.dk\/mors\/\",\"logo\":{\"@type\":\"ImageObject\",\"inLanguage\":\"da-DK\",\"@id\":\"https:\/\/kunmedierne.dk\/mors\/#\/schema\/logo\/image\/\",\"url\":\"https:\/\/kunmedierne.dk\/mors\/wp-content\/uploads\/2024\/08\/kunmors-logo.svg\",\"contentUrl\":\"https:\/\/kunmedierne.dk\/mors\/wp-content\/uploads\/2024\/08\/kunmors-logo.svg\",\"caption\":\"Mors\"},\"image\":{\"@id\":\"https:\/\/kunmedierne.dk\/mors\/#\/schema\/logo\/image\/\"}},{\"@type\":\"Person\",\"@id\":\"https:\/\/kunmedierne.dk\/mors\/#\/schema\/person\/b2e62a38069b12365e53e087a8709c64\",\"name\":\"Katrine Hedegaard\",\"image\":{\"@type\":\"ImageObject\",\"inLanguage\":\"da-DK\",\"@id\":\"https:\/\/kunmedierne.dk\/mors\/#\/schema\/person\/image\/\",\"url\":\"https:\/\/secure.gravatar.com\/avatar\/18a5c72fa9148052fd3ed5a58b40fc83cfdc9811090e6e6eec9539af058edcc0?s=96&d=mm&r=g\",\"contentUrl\":\"https:\/\/secure.gravatar.com\/avatar\/18a5c72fa9148052fd3ed5a58b40fc83cfdc9811090e6e6eec9539af058edcc0?s=96&d=mm&r=g\",\"caption\":\"Katrine Hedegaard\"},\"url\":\"https:\/\/kunmedierne.dk\/mors\/author\/katrine\/\"}]}<\/script>\n<!-- \/ Yoast SEO plugin. -->","yoast_head_json":{"title":"Sundhedsreformen: \"Vi f\u00e5r en sygehusfunktion tilbage til Mors\"\u00a0 - Mors","robots":{"index":"index","follow":"follow","max-snippet":"max-snippet:-1","max-image-preview":"max-image-preview:large","max-video-preview":"max-video-preview:-1"},"canonical":"https:\/\/kunmedierne.dk\/mors\/sundhedsreformen-vi-faar-en-sygehusfunktion-tilbage-til-mors\/","og_locale":"da_DK","og_type":"article","og_title":"Sundhedsreformen: \"Vi f\u00e5r en sygehusfunktion tilbage til Mors\"\u00a0 - Mors","og_description":"SUNDHED: N\u00e5r Region Nordjylland fra 1. januar 2027 overtager ansvaret for flere sundhedsopgaver, kan det let lyde, som om hj\u00e6lpen flytter l\u00e6ngere v\u00e6k fra Mors.\u00a0 Men det er ikke det, der skal ske.\u00a0 Tv\u00e6rtimod vil sundhedsreformen flytte mere behandling t\u00e6ttere p\u00e5 borgerne. Det siger formanden for udvalget for social, sundhed og besk\u00e6ftigelse, Jette Jepsen (RV), [&hellip;]","og_url":"https:\/\/kunmedierne.dk\/mors\/sundhedsreformen-vi-faar-en-sygehusfunktion-tilbage-til-mors\/","og_site_name":"Mors","article_published_time":"2026-03-13T11:34:09+00:00","article_modified_time":"2026-03-28T14:20:49+00:00","author":"Katrine Hedegaard","twitter_card":"summary_large_image","twitter_misc":{"Skrevet af":"Katrine Hedegaard","Estimeret l\u00e6setid":"3 minutter"},"schema":{"@context":"https:\/\/schema.org","@graph":[{"@type":"Article","@id":"https:\/\/kunmedierne.dk\/mors\/sundhedsreformen-vi-faar-en-sygehusfunktion-tilbage-til-mors\/#article","isPartOf":{"@id":"https:\/\/kunmedierne.dk\/mors\/sundhedsreformen-vi-faar-en-sygehusfunktion-tilbage-til-mors\/"},"author":{"name":"Katrine Hedegaard","@id":"https:\/\/kunmedierne.dk\/mors\/#\/schema\/person\/b2e62a38069b12365e53e087a8709c64"},"headline":"Sundhedsreformen: &#8220;Vi f\u00e5r en sygehusfunktion tilbage til Mors&#8221;\u00a0","datePublished":"2026-03-13T11:34:09+00:00","dateModified":"2026-03-28T14:20:49+00:00","mainEntityOfPage":{"@id":"https:\/\/kunmedierne.dk\/mors\/sundhedsreformen-vi-faar-en-sygehusfunktion-tilbage-til-mors\/"},"wordCount":506,"publisher":{"@id":"https:\/\/kunmedierne.dk\/mors\/#organization"},"articleSection":["Lokalt"],"inLanguage":"da-DK"},{"@type":"WebPage","@id":"https:\/\/kunmedierne.dk\/mors\/sundhedsreformen-vi-faar-en-sygehusfunktion-tilbage-til-mors\/","url":"https:\/\/kunmedierne.dk\/mors\/sundhedsreformen-vi-faar-en-sygehusfunktion-tilbage-til-mors\/","name":"Sundhedsreformen: \"Vi f\u00e5r en sygehusfunktion tilbage til Mors\"\u00a0 - Mors","isPartOf":{"@id":"https:\/\/kunmedierne.dk\/mors\/#website"},"datePublished":"2026-03-13T11:34:09+00:00","dateModified":"2026-03-28T14:20:49+00:00","breadcrumb":{"@id":"https:\/\/kunmedierne.dk\/mors\/sundhedsreformen-vi-faar-en-sygehusfunktion-tilbage-til-mors\/#breadcrumb"},"inLanguage":"da-DK","potentialAction":[{"@type":"ReadAction","target":["https:\/\/kunmedierne.dk\/mors\/sundhedsreformen-vi-faar-en-sygehusfunktion-tilbage-til-mors\/"]}]},{"@type":"BreadcrumbList","@id":"https:\/\/kunmedierne.dk\/mors\/sundhedsreformen-vi-faar-en-sygehusfunktion-tilbage-til-mors\/#breadcrumb","itemListElement":[{"@type":"ListItem","position":1,"name":"Hjem","item":"https:\/\/kunmedierne.dk\/mors\/"},{"@type":"ListItem","position":2,"name":"Sundhedsreformen: &#8220;Vi f\u00e5r en sygehusfunktion tilbage til Mors&#8221;\u00a0"}]},{"@type":"WebSite","@id":"https:\/\/kunmedierne.dk\/mors\/#website","url":"https:\/\/kunmedierne.dk\/mors\/","name":"Mors","description":"et netmedie med journalistik om livet p\u00e5 Mors","publisher":{"@id":"https:\/\/kunmedierne.dk\/mors\/#organization"},"potentialAction":[{"@type":"SearchAction","target":{"@type":"EntryPoint","urlTemplate":"https:\/\/kunmedierne.dk\/mors\/?s={search_term_string}"},"query-input":{"@type":"PropertyValueSpecification","valueRequired":true,"valueName":"search_term_string"}}],"inLanguage":"da-DK"},{"@type":"Organization","@id":"https:\/\/kunmedierne.dk\/mors\/#organization","name":"Mors","url":"https:\/\/kunmedierne.dk\/mors\/","logo":{"@type":"ImageObject","inLanguage":"da-DK","@id":"https:\/\/kunmedierne.dk\/mors\/#\/schema\/logo\/image\/","url":"https:\/\/kunmedierne.dk\/mors\/wp-content\/uploads\/2024\/08\/kunmors-logo.svg","contentUrl":"https:\/\/kunmedierne.dk\/mors\/wp-content\/uploads\/2024\/08\/kunmors-logo.svg","caption":"Mors"},"image":{"@id":"https:\/\/kunmedierne.dk\/mors\/#\/schema\/logo\/image\/"}},{"@type":"Person","@id":"https:\/\/kunmedierne.dk\/mors\/#\/schema\/person\/b2e62a38069b12365e53e087a8709c64","name":"Katrine Hedegaard","image":{"@type":"ImageObject","inLanguage":"da-DK","@id":"https:\/\/kunmedierne.dk\/mors\/#\/schema\/person\/image\/","url":"https:\/\/secure.gravatar.com\/avatar\/18a5c72fa9148052fd3ed5a58b40fc83cfdc9811090e6e6eec9539af058edcc0?s=96&d=mm&r=g","contentUrl":"https:\/\/secure.gravatar.com\/avatar\/18a5c72fa9148052fd3ed5a58b40fc83cfdc9811090e6e6eec9539af058edcc0?s=96&d=mm&r=g","caption":"Katrine Hedegaard"},"url":"https:\/\/kunmedierne.dk\/mors\/author\/katrine\/"}]}},"_links":{"self":[{"href":"https:\/\/kunmedierne.dk\/mors\/wp-json\/wp\/v2\/posts\/169538","targetHints":{"allow":["GET"]}}],"collection":[{"href":"https:\/\/kunmedierne.dk\/mors\/wp-json\/wp\/v2\/posts"}],"about":[{"href":"https:\/\/kunmedierne.dk\/mors\/wp-json\/wp\/v2\/types\/post"}],"author":[{"embeddable":true,"href":"https:\/\/kunmedierne.dk\/mors\/wp-json\/wp\/v2\/users\/2507"}],"replies":[{"embeddable":true,"href":"https:\/\/kunmedierne.dk\/mors\/wp-json\/wp\/v2\/comments?post=169538"}],"version-history":[{"count":6,"href":"https:\/\/kunmedierne.dk\/mors\/wp-json\/wp\/v2\/posts\/169538\/revisions"}],"predecessor-version":[{"id":170692,"href":"https:\/\/kunmedierne.dk\/mors\/wp-json\/wp\/v2\/posts\/169538\/revisions\/170692"}],"wp:attachment":[{"href":"https:\/\/kunmedierne.dk\/mors\/wp-json\/wp\/v2\/media?parent=169538"}],"wp:term":[{"taxonomy":"category","embeddable":true,"href":"https:\/\/kunmedierne.dk\/mors\/wp-json\/wp\/v2\/categories?post=169538"},{"taxonomy":"post_tag","embeddable":true,"href":"https:\/\/kunmedierne.dk\/mors\/wp-json\/wp\/v2\/tags?post=169538"}],"curies":[{"name":"wp","href":"https:\/\/api.w.org\/{rel}","templated":true}]}}