{"id":169507,"date":"2026-03-12T22:20:23","date_gmt":"2026-03-12T21:20:23","guid":{"rendered":"https:\/\/kunmedierne.dk\/mors\/?p=169507"},"modified":"2026-03-12T22:20:23","modified_gmt":"2026-03-12T21:20:23","slug":"lettelse-hos-friskoler-politikere-gjorde-ikke-alvor-af-forvaltningens-formulering","status":"publish","type":"post","link":"https:\/\/kunmedierne.dk\/mors\/lettelse-hos-friskoler-politikere-gjorde-ikke-alvor-af-forvaltningens-formulering\/","title":{"rendered":"<span>Lettelse hos friskoler: <\/span>Politikere gjorde ikke alvor af forvaltningens formulering"},"content":{"rendered":"<p><strong>POLITIK<\/strong>: Begrebet &#8220;serviceniveau&#8221; fik i denne uge mindst to friskoleledere p\u00e5 Mors til at h\u00e6ve \u00f8jenbrynene.<\/p>\n<p>Da Manuela St\u00f8vlb\u00e6k, leder af Sydvestmors Friskole, og Kirsten Ringgaard, leder af Naturfriskolen Nordmors, l\u00e6ste dagsordenen for m\u00f8det i udvalget for teknik og milj\u00f8, kunne de se formuleringer om serviceniveau anvendt i forbindelse med foresl\u00e5ede besparelser for den kollektive trafik i skole\u00e5ret 2026-27.<\/p>\n<a class=\"dvrt-link\" onClick=\"cdmtrack_click(104785,jQuery(this));return false\" href=\"https:\/\/www.facebook.com\/lyndrups\"><img decoding=\"async\" style=\"width:100%;\" src=\"https:\/\/kunmedierne.dk\/mors\/wp-content\/uploads\/2022\/02\/vip-lyndrups-rengoering.jpg\"><\/a><script>cdmtrack_view(104785);<\/script>\n<p>For Sydvestmors Friskole var der helt konkret udsigt til, at rute 706 ville forsvinde, og at skolens elever fra Syd\u00f8stmors ville blive ramt &#8211; men alts\u00e5 uden at kommunen, j\u00e6vnf\u00f8r formuleringen i dagsordenen, kunne klandres for ikke at leve op til sit serviceniveau p\u00e5 omr\u00e5det.<\/p>\n<p>Det stod i kontrast til de signaler, Manuela St\u00f8vlb\u00e6k fik fra politikerne under valgkampen i november.<\/p>\n<p>&#8211; Det var ikke det, jeg h\u00f8rte til de valgm\u00f8der, jeg var til. Der ville de jo sidestille friskoleeleverne med folkeskoleeleverne, s\u00e5 det undrer mig, at der var s\u00e5dan en kommentar med, siger hun om administrationens formulering i sagsmaterialet.<\/p>\n<p>Kirsten Ringgaard er enig og havde inden udvalgsm\u00f8det samme bekymring om nedsk\u00e6ringer p\u00e5 busruterne.<\/p>\n<p>&#8211; Det var det, jeg syntes var allermest kritisk. For n\u00e5r nu politikerne har besluttet, at de gerne vil have friskoler, er det rigtig \u00e6rgerligt, at b\u00f8rnene ikke kan komme derhen, siger hun.<\/p>\n<a class=\"dvrt-link\" onClick=\"cdmtrack_click(104780,jQuery(this));return false\" href=\"https:\/\/www.spard.dk\/\"><img decoding=\"async\" style=\"width:100%;\" src=\"https:\/\/kunmedierne.dk\/mors\/wp-content\/uploads\/2023\/12\/sparekassen-dk-maj25.gif\"><\/a><script>cdmtrack_view(104780);<\/script>\n<p>Men nu kan begge skoleledere \u00e5nde lettet op. Et enigt udvalg valgte at sende besparelserne til hj\u00f8rnespark og i stedet se p\u00e5 mulighederne igen.<\/p>\n<p>Udvalgsformand Keld Kortegaard (K) opsummerer:<\/p>\n<p>&#8211; Det er ikke, fordi vi vil favorisere friskolerne, men de skal have samme muligheder som folkeskolerne, for de tilf\u00f8rer Mors en hel masse. Det st\u00e5r i vores konstitueringsaftale, s\u00e5 der var ikke ret meget til diskussion.<\/p>\n<p>&nbsp;<\/p>\n<p><strong>Klogere, billegere og bedre<\/strong><\/p>\n<p>Det var et enigt udvalg, der stod bag beslutningen, og if\u00f8lge Keld Kortegaard var alle partier enige om ikke at f\u00f8lge de anbefalede besparelser &#8211; blandt andet fordi tabet af ganske f\u00e5 elever ville f\u00e5 stor betydning for eksempelvis friskolerne p\u00e5 Nordmors.<\/p>\n<p>&#8211; De penge er vi n\u00f8dt til at finde p\u00e5 en anden m\u00e5de i stedet for at lade det g\u00e5 ud over friskolerne, siger han.<\/p>\n<p>Han udtrykker samtidig forst\u00e5else for, at friskolelederne reagerede p\u00e5 brugen af ordet &#8220;serviceniveau&#8221;, men kommer ogs\u00e5 forvaltningen i forsvar.<\/p>\n<p>&#8211; N\u00e5r de skal komme med forslag om at spare penge, er det helt i orden, at de kommer med det forslag. Men politisk kan vi bare ikke st\u00e5 p\u00e5 m\u00e5l for det, siger han.<\/p>\n<a class=\"dvrt-link\" onClick=\"cdmtrack_click(111725,jQuery(this));return false\" href=\"https:\/\/www.thistedforsikring.dk\/?utm_source=partnerskaber&amp;utm_campaign=kun_mors\"><img decoding=\"async\" style=\"width:100%;\" src=\"https:\/\/kunmedierne.dk\/mors\/wp-content\/uploads\/2024\/02\/269409KunMors-ThistedFor-1.png\"><\/a><script>cdmtrack_view(111725);<\/script>\n<p>P\u00e5 samme m\u00e5de blev et dagsordenpunkt om en flexbusfors\u00f8gsordning, som s\u00e6rligt borgere p\u00e5 Nordvestmors vil blive p\u00e5virket af, sendt tilbage til administrationen. I stedet for Nordjyllands Trafikselskab kan andre l\u00f8sninger dermed komme i spil.<\/p>\n<p>&#8211; Vi vil se, om vi kan f\u00e5 det gjort p\u00e5 en klogere, billigere og bedre m\u00e5de. Ogs\u00e5 for at se, om vi kan f\u00e5 det gjort lokalt. Vi har jo selskaber p\u00e5 Mors, og det kunne v\u00e6re et lokalt selskab eller vognmand, der byder ind p\u00e5 s\u00e5dan noget. Og det kunne v\u00e6re en forening. S\u00e5 vi vil simpelthen bruge lidt tid p\u00e5 at se, om vi kan g\u00f8re det lidt bedre, siger Keld Kortegaard.<\/p>\n<a class=\"dvrt-link\" onClick=\"cdmtrack_click(169437,jQuery(this));return false\" href=\"https:\/\/thymors.dk\/sponsorater\/15-til-faellesskabet?utm_source=kunmors&amp;utm_medium=annonce&amp;utm_campaign=sponsorater\"><img decoding=\"async\" style=\"width:100%;\" src=\"https:\/\/kunmedierne.dk\/mors\/wp-content\/uploads\/2026\/03\/260407ThyMors-energi_faellesskab_generel-1.jpg\"><\/a><script>cdmtrack_view(169437);<\/script>\n<p>Kirsten Ringgaard:<\/p>\n<p>&#8211; Det giver os noget tid. Man \u00e6ndrer ikke planerne nu med virkning fra n\u00e6ste skole\u00e5r, siger hun og p\u00e5peger dermed ogs\u00e5, at faren ikke er drevet endeligt over.<\/p>\n<p>&nbsp;<\/p>\n<p><strong>Loven p\u00e5 sin side<\/strong><\/p>\n<p>Oven p\u00e5 udvalgets beslutning om at tr\u00e6de vande med besparelserne p\u00e5 k\u00f8replanerne kan skolelederne \u00e5nde lettet op.<\/p>\n<p>&#8211; Vi er rigtig glade for deres beslutning. Og det er ikke, fordi vi ikke ogs\u00e5 forst\u00e5r, at der skal v\u00e6re besparelser, siger Manuela St\u00f8vlb\u00e6k fra Sydvestmors Friskole.<\/p>\n<a class=\"dvrt-link\" onClick=\"cdmtrack_click(104780,jQuery(this));return false\" href=\"https:\/\/www.spard.dk\/\"><img decoding=\"async\" style=\"width:100%;\" src=\"https:\/\/kunmedierne.dk\/mors\/wp-content\/uploads\/2023\/12\/sparekassen-dk-maj25.gif\"><\/a><script>cdmtrack_view(104780);<\/script>\n<p>Kirsten Ringgaard deler tilfredsheden og besvarer en indvending om, at kommunen ville have loven p\u00e5 sin side i forhold til serviceniveauet &#8211; ogs\u00e5 med de mulige bespareler:<\/p>\n<p>&#8211; En ting er at have loven p\u00e5 sin side. En anden ting er, at man politisk beslutter, at noget skal prioriteres. Det kan man g\u00f8re p\u00e5 alle mulige m\u00e5der.<\/p>\n<p>&#8211; Jeg vil bare h\u00e5be, at den nye kommunalbestyrelse er lige s\u00e5 positivt indstillet p\u00e5 at st\u00f8tte friskolerne, som varetager forskellige interesser i yderomr\u00e5derne, som den gamle kommunalbestyrelse var, siger hun.<\/p>\n","protected":false},"excerpt":{"rendered":"<p>POLITIK: Begrebet &#8220;serviceniveau&#8221; fik i denne uge mindst to friskoleledere p\u00e5 Mors til at h\u00e6ve \u00f8jenbrynene. Da Manuela St\u00f8vlb\u00e6k, leder af Sydvestmors Friskole, og Kirsten Ringgaard, leder af Naturfriskolen Nordmors, l\u00e6ste dagsordenen for m\u00f8det i udvalget for teknik og milj\u00f8, kunne de se formuleringer om serviceniveau anvendt i forbindelse med foresl\u00e5ede besparelser for den kollektive [&hellip;]<\/p>\n","protected":false},"author":8,"featured_media":0,"comment_status":"closed","ping_status":"closed","sticky":false,"template":"","format":"standard","meta":{"_acf_changed":false,"footnotes":""},"categories":[51],"tags":[167,170],"class_list":["post-169507","post","type-post","status-publish","format-standard","hentry","category-lokalt","tag-politik","tag-uddannelse"],"acf":[],"yoast_head":"<!-- This site is optimized with the Yoast SEO plugin v26.8 - https:\/\/yoast.com\/product\/yoast-seo-wordpress\/ -->\n<title>Lettelse hos friskoler: Politikere gjorde ikke alvor af forvaltningens formulering - Mors<\/title>\n<meta name=\"robots\" content=\"index, follow, max-snippet:-1, max-image-preview:large, max-video-preview:-1\" \/>\n<link rel=\"canonical\" href=\"https:\/\/kunmedierne.dk\/mors\/lettelse-hos-friskoler-politikere-gjorde-ikke-alvor-af-forvaltningens-formulering\/\" \/>\n<meta property=\"og:locale\" content=\"da_DK\" \/>\n<meta property=\"og:type\" content=\"article\" \/>\n<meta property=\"og:title\" content=\"Lettelse hos friskoler: Politikere gjorde ikke alvor af forvaltningens formulering - Mors\" \/>\n<meta property=\"og:description\" content=\"POLITIK: Begrebet &#8220;serviceniveau&#8221; fik i denne uge mindst to friskoleledere p\u00e5 Mors til at h\u00e6ve \u00f8jenbrynene. Da Manuela St\u00f8vlb\u00e6k, leder af Sydvestmors Friskole, og Kirsten Ringgaard, leder af Naturfriskolen Nordmors, l\u00e6ste dagsordenen for m\u00f8det i udvalget for teknik og milj\u00f8, kunne de se formuleringer om serviceniveau anvendt i forbindelse med foresl\u00e5ede besparelser for den kollektive [&hellip;]\" \/>\n<meta property=\"og:url\" content=\"https:\/\/kunmedierne.dk\/mors\/lettelse-hos-friskoler-politikere-gjorde-ikke-alvor-af-forvaltningens-formulering\/\" \/>\n<meta property=\"og:site_name\" content=\"Mors\" \/>\n<meta property=\"article:published_time\" content=\"2026-03-12T21:20:23+00:00\" \/>\n<meta name=\"author\" content=\"David H\u00f8jmark\" \/>\n<meta name=\"twitter:card\" content=\"summary_large_image\" \/>\n<meta name=\"twitter:label1\" content=\"Skrevet af\" \/>\n\t<meta name=\"twitter:data1\" content=\"David H\u00f8jmark\" \/>\n\t<meta name=\"twitter:label2\" content=\"Estimeret l\u00e6setid\" \/>\n\t<meta name=\"twitter:data2\" content=\"4 minutter\" \/>\n<script type=\"application\/ld+json\" class=\"yoast-schema-graph\">{\"@context\":\"https:\/\/schema.org\",\"@graph\":[{\"@type\":\"Article\",\"@id\":\"https:\/\/kunmedierne.dk\/mors\/lettelse-hos-friskoler-politikere-gjorde-ikke-alvor-af-forvaltningens-formulering\/#article\",\"isPartOf\":{\"@id\":\"https:\/\/kunmedierne.dk\/mors\/lettelse-hos-friskoler-politikere-gjorde-ikke-alvor-af-forvaltningens-formulering\/\"},\"author\":{\"name\":\"David H\u00f8jmark\",\"@id\":\"https:\/\/kunmedierne.dk\/mors\/#\/schema\/person\/5fe23251bf1d0abbcdc6f7896579d548\"},\"headline\":\"Lettelse hos friskoler: Politikere gjorde ikke alvor af forvaltningens formulering\",\"datePublished\":\"2026-03-12T21:20:23+00:00\",\"mainEntityOfPage\":{\"@id\":\"https:\/\/kunmedierne.dk\/mors\/lettelse-hos-friskoler-politikere-gjorde-ikke-alvor-af-forvaltningens-formulering\/\"},\"wordCount\":749,\"publisher\":{\"@id\":\"https:\/\/kunmedierne.dk\/mors\/#organization\"},\"keywords\":[\"Politik\",\"Skoler og uddannelse\"],\"articleSection\":[\"Lokalt\"],\"inLanguage\":\"da-DK\"},{\"@type\":\"WebPage\",\"@id\":\"https:\/\/kunmedierne.dk\/mors\/lettelse-hos-friskoler-politikere-gjorde-ikke-alvor-af-forvaltningens-formulering\/\",\"url\":\"https:\/\/kunmedierne.dk\/mors\/lettelse-hos-friskoler-politikere-gjorde-ikke-alvor-af-forvaltningens-formulering\/\",\"name\":\"Lettelse hos friskoler: Politikere gjorde ikke alvor af forvaltningens formulering - Mors\",\"isPartOf\":{\"@id\":\"https:\/\/kunmedierne.dk\/mors\/#website\"},\"datePublished\":\"2026-03-12T21:20:23+00:00\",\"breadcrumb\":{\"@id\":\"https:\/\/kunmedierne.dk\/mors\/lettelse-hos-friskoler-politikere-gjorde-ikke-alvor-af-forvaltningens-formulering\/#breadcrumb\"},\"inLanguage\":\"da-DK\",\"potentialAction\":[{\"@type\":\"ReadAction\",\"target\":[\"https:\/\/kunmedierne.dk\/mors\/lettelse-hos-friskoler-politikere-gjorde-ikke-alvor-af-forvaltningens-formulering\/\"]}]},{\"@type\":\"BreadcrumbList\",\"@id\":\"https:\/\/kunmedierne.dk\/mors\/lettelse-hos-friskoler-politikere-gjorde-ikke-alvor-af-forvaltningens-formulering\/#breadcrumb\",\"itemListElement\":[{\"@type\":\"ListItem\",\"position\":1,\"name\":\"Hjem\",\"item\":\"https:\/\/kunmedierne.dk\/mors\/\"},{\"@type\":\"ListItem\",\"position\":2,\"name\":\"Lettelse hos friskoler: Politikere gjorde ikke alvor af forvaltningens formulering\"}]},{\"@type\":\"WebSite\",\"@id\":\"https:\/\/kunmedierne.dk\/mors\/#website\",\"url\":\"https:\/\/kunmedierne.dk\/mors\/\",\"name\":\"Mors\",\"description\":\"et netmedie med journalistik om livet p\u00e5 Mors\",\"publisher\":{\"@id\":\"https:\/\/kunmedierne.dk\/mors\/#organization\"},\"potentialAction\":[{\"@type\":\"SearchAction\",\"target\":{\"@type\":\"EntryPoint\",\"urlTemplate\":\"https:\/\/kunmedierne.dk\/mors\/?s={search_term_string}\"},\"query-input\":{\"@type\":\"PropertyValueSpecification\",\"valueRequired\":true,\"valueName\":\"search_term_string\"}}],\"inLanguage\":\"da-DK\"},{\"@type\":\"Organization\",\"@id\":\"https:\/\/kunmedierne.dk\/mors\/#organization\",\"name\":\"Mors\",\"url\":\"https:\/\/kunmedierne.dk\/mors\/\",\"logo\":{\"@type\":\"ImageObject\",\"inLanguage\":\"da-DK\",\"@id\":\"https:\/\/kunmedierne.dk\/mors\/#\/schema\/logo\/image\/\",\"url\":\"https:\/\/kunmedierne.dk\/mors\/wp-content\/uploads\/2024\/08\/kunmors-logo.svg\",\"contentUrl\":\"https:\/\/kunmedierne.dk\/mors\/wp-content\/uploads\/2024\/08\/kunmors-logo.svg\",\"caption\":\"Mors\"},\"image\":{\"@id\":\"https:\/\/kunmedierne.dk\/mors\/#\/schema\/logo\/image\/\"}},{\"@type\":\"Person\",\"@id\":\"https:\/\/kunmedierne.dk\/mors\/#\/schema\/person\/5fe23251bf1d0abbcdc6f7896579d548\",\"name\":\"David H\u00f8jmark\",\"image\":{\"@type\":\"ImageObject\",\"inLanguage\":\"da-DK\",\"@id\":\"https:\/\/kunmedierne.dk\/mors\/#\/schema\/person\/image\/\",\"url\":\"https:\/\/secure.gravatar.com\/avatar\/4315d6fb9ef244d729989f5f90268eb08d5bf8a3d84402f595fa194bb35784fd?s=96&d=mm&r=g\",\"contentUrl\":\"https:\/\/secure.gravatar.com\/avatar\/4315d6fb9ef244d729989f5f90268eb08d5bf8a3d84402f595fa194bb35784fd?s=96&d=mm&r=g\",\"caption\":\"David H\u00f8jmark\"},\"sameAs\":[\"https:\/\/www.kunmedierne.dk\"],\"url\":\"https:\/\/kunmedierne.dk\/mors\/author\/david\/\"}]}<\/script>\n<!-- \/ Yoast SEO plugin. -->","yoast_head_json":{"title":"Lettelse hos friskoler: Politikere gjorde ikke alvor af forvaltningens formulering - Mors","robots":{"index":"index","follow":"follow","max-snippet":"max-snippet:-1","max-image-preview":"max-image-preview:large","max-video-preview":"max-video-preview:-1"},"canonical":"https:\/\/kunmedierne.dk\/mors\/lettelse-hos-friskoler-politikere-gjorde-ikke-alvor-af-forvaltningens-formulering\/","og_locale":"da_DK","og_type":"article","og_title":"Lettelse hos friskoler: Politikere gjorde ikke alvor af forvaltningens formulering - Mors","og_description":"POLITIK: Begrebet &#8220;serviceniveau&#8221; fik i denne uge mindst to friskoleledere p\u00e5 Mors til at h\u00e6ve \u00f8jenbrynene. Da Manuela St\u00f8vlb\u00e6k, leder af Sydvestmors Friskole, og Kirsten Ringgaard, leder af Naturfriskolen Nordmors, l\u00e6ste dagsordenen for m\u00f8det i udvalget for teknik og milj\u00f8, kunne de se formuleringer om serviceniveau anvendt i forbindelse med foresl\u00e5ede besparelser for den kollektive [&hellip;]","og_url":"https:\/\/kunmedierne.dk\/mors\/lettelse-hos-friskoler-politikere-gjorde-ikke-alvor-af-forvaltningens-formulering\/","og_site_name":"Mors","article_published_time":"2026-03-12T21:20:23+00:00","author":"David H\u00f8jmark","twitter_card":"summary_large_image","twitter_misc":{"Skrevet af":"David H\u00f8jmark","Estimeret l\u00e6setid":"4 minutter"},"schema":{"@context":"https:\/\/schema.org","@graph":[{"@type":"Article","@id":"https:\/\/kunmedierne.dk\/mors\/lettelse-hos-friskoler-politikere-gjorde-ikke-alvor-af-forvaltningens-formulering\/#article","isPartOf":{"@id":"https:\/\/kunmedierne.dk\/mors\/lettelse-hos-friskoler-politikere-gjorde-ikke-alvor-af-forvaltningens-formulering\/"},"author":{"name":"David H\u00f8jmark","@id":"https:\/\/kunmedierne.dk\/mors\/#\/schema\/person\/5fe23251bf1d0abbcdc6f7896579d548"},"headline":"Lettelse hos friskoler: Politikere gjorde ikke alvor af forvaltningens formulering","datePublished":"2026-03-12T21:20:23+00:00","mainEntityOfPage":{"@id":"https:\/\/kunmedierne.dk\/mors\/lettelse-hos-friskoler-politikere-gjorde-ikke-alvor-af-forvaltningens-formulering\/"},"wordCount":749,"publisher":{"@id":"https:\/\/kunmedierne.dk\/mors\/#organization"},"keywords":["Politik","Skoler og uddannelse"],"articleSection":["Lokalt"],"inLanguage":"da-DK"},{"@type":"WebPage","@id":"https:\/\/kunmedierne.dk\/mors\/lettelse-hos-friskoler-politikere-gjorde-ikke-alvor-af-forvaltningens-formulering\/","url":"https:\/\/kunmedierne.dk\/mors\/lettelse-hos-friskoler-politikere-gjorde-ikke-alvor-af-forvaltningens-formulering\/","name":"Lettelse hos friskoler: Politikere gjorde ikke alvor af forvaltningens formulering - Mors","isPartOf":{"@id":"https:\/\/kunmedierne.dk\/mors\/#website"},"datePublished":"2026-03-12T21:20:23+00:00","breadcrumb":{"@id":"https:\/\/kunmedierne.dk\/mors\/lettelse-hos-friskoler-politikere-gjorde-ikke-alvor-af-forvaltningens-formulering\/#breadcrumb"},"inLanguage":"da-DK","potentialAction":[{"@type":"ReadAction","target":["https:\/\/kunmedierne.dk\/mors\/lettelse-hos-friskoler-politikere-gjorde-ikke-alvor-af-forvaltningens-formulering\/"]}]},{"@type":"BreadcrumbList","@id":"https:\/\/kunmedierne.dk\/mors\/lettelse-hos-friskoler-politikere-gjorde-ikke-alvor-af-forvaltningens-formulering\/#breadcrumb","itemListElement":[{"@type":"ListItem","position":1,"name":"Hjem","item":"https:\/\/kunmedierne.dk\/mors\/"},{"@type":"ListItem","position":2,"name":"Lettelse hos friskoler: Politikere gjorde ikke alvor af forvaltningens formulering"}]},{"@type":"WebSite","@id":"https:\/\/kunmedierne.dk\/mors\/#website","url":"https:\/\/kunmedierne.dk\/mors\/","name":"Mors","description":"et netmedie med journalistik om livet p\u00e5 Mors","publisher":{"@id":"https:\/\/kunmedierne.dk\/mors\/#organization"},"potentialAction":[{"@type":"SearchAction","target":{"@type":"EntryPoint","urlTemplate":"https:\/\/kunmedierne.dk\/mors\/?s={search_term_string}"},"query-input":{"@type":"PropertyValueSpecification","valueRequired":true,"valueName":"search_term_string"}}],"inLanguage":"da-DK"},{"@type":"Organization","@id":"https:\/\/kunmedierne.dk\/mors\/#organization","name":"Mors","url":"https:\/\/kunmedierne.dk\/mors\/","logo":{"@type":"ImageObject","inLanguage":"da-DK","@id":"https:\/\/kunmedierne.dk\/mors\/#\/schema\/logo\/image\/","url":"https:\/\/kunmedierne.dk\/mors\/wp-content\/uploads\/2024\/08\/kunmors-logo.svg","contentUrl":"https:\/\/kunmedierne.dk\/mors\/wp-content\/uploads\/2024\/08\/kunmors-logo.svg","caption":"Mors"},"image":{"@id":"https:\/\/kunmedierne.dk\/mors\/#\/schema\/logo\/image\/"}},{"@type":"Person","@id":"https:\/\/kunmedierne.dk\/mors\/#\/schema\/person\/5fe23251bf1d0abbcdc6f7896579d548","name":"David H\u00f8jmark","image":{"@type":"ImageObject","inLanguage":"da-DK","@id":"https:\/\/kunmedierne.dk\/mors\/#\/schema\/person\/image\/","url":"https:\/\/secure.gravatar.com\/avatar\/4315d6fb9ef244d729989f5f90268eb08d5bf8a3d84402f595fa194bb35784fd?s=96&d=mm&r=g","contentUrl":"https:\/\/secure.gravatar.com\/avatar\/4315d6fb9ef244d729989f5f90268eb08d5bf8a3d84402f595fa194bb35784fd?s=96&d=mm&r=g","caption":"David H\u00f8jmark"},"sameAs":["https:\/\/www.kunmedierne.dk"],"url":"https:\/\/kunmedierne.dk\/mors\/author\/david\/"}]}},"_links":{"self":[{"href":"https:\/\/kunmedierne.dk\/mors\/wp-json\/wp\/v2\/posts\/169507","targetHints":{"allow":["GET"]}}],"collection":[{"href":"https:\/\/kunmedierne.dk\/mors\/wp-json\/wp\/v2\/posts"}],"about":[{"href":"https:\/\/kunmedierne.dk\/mors\/wp-json\/wp\/v2\/types\/post"}],"author":[{"embeddable":true,"href":"https:\/\/kunmedierne.dk\/mors\/wp-json\/wp\/v2\/users\/8"}],"replies":[{"embeddable":true,"href":"https:\/\/kunmedierne.dk\/mors\/wp-json\/wp\/v2\/comments?post=169507"}],"version-history":[{"count":2,"href":"https:\/\/kunmedierne.dk\/mors\/wp-json\/wp\/v2\/posts\/169507\/revisions"}],"predecessor-version":[{"id":169515,"href":"https:\/\/kunmedierne.dk\/mors\/wp-json\/wp\/v2\/posts\/169507\/revisions\/169515"}],"wp:attachment":[{"href":"https:\/\/kunmedierne.dk\/mors\/wp-json\/wp\/v2\/media?parent=169507"}],"wp:term":[{"taxonomy":"category","embeddable":true,"href":"https:\/\/kunmedierne.dk\/mors\/wp-json\/wp\/v2\/categories?post=169507"},{"taxonomy":"post_tag","embeddable":true,"href":"https:\/\/kunmedierne.dk\/mors\/wp-json\/wp\/v2\/tags?post=169507"}],"curies":[{"name":"wp","href":"https:\/\/api.w.org\/{rel}","templated":true}]}}