{"id":169490,"date":"2026-03-12T16:54:36","date_gmt":"2026-03-12T15:54:36","guid":{"rendered":"https:\/\/kunmedierne.dk\/mors\/?p=169490"},"modified":"2026-03-12T15:05:10","modified_gmt":"2026-03-12T14:05:10","slug":"laeserbrev-morgenmoede-om-udlaendinge-og-integrationspolitik","status":"publish","type":"post","link":"https:\/\/kunmedierne.dk\/mors\/laeserbrev-morgenmoede-om-udlaendinge-og-integrationspolitik\/","title":{"rendered":"<span>L\u00e6serbrev:<\/span> Morgenm\u00f8de om udl\u00e6ndinge- og integrationspolitik\u00a0"},"content":{"rendered":"<p><span data-contrast=\"auto\"><strong>DEBAT:<\/strong> Onsdag den 11. marts 2026 deltog udl\u00e6ndinge- og integrationsminister Rasmus Stoklund (S) i et morgenm\u00f8de om udl\u00e6ndinge- og integrationspolitik. M\u00f8det blev afholdt med Simon Kollerup (S), tidligere erhvervsminister og lokal folketingskandidat, som v\u00e6rt, i Hotel Stenberg i Nyk\u00f8bing Mors.<\/span><span data-ccp-props=\"{}\">\u00a0<\/span><\/p>\n<a class=\"dvrt-link\" onClick=\"cdmtrack_click(169437,jQuery(this));return false\" href=\"https:\/\/thymors.dk\/sponsorater\/15-til-faellesskabet?utm_source=kunmors&amp;utm_medium=annonce&amp;utm_campaign=sponsorater\"><img decoding=\"async\" style=\"width:100%;\" src=\"https:\/\/kunmedierne.dk\/mors\/wp-content\/uploads\/2026\/03\/260407ThyMors-energi_faellesskab_generel-1.jpg\"><\/a><script>cdmtrack_view(169437);<\/script>\n<p><span data-contrast=\"auto\">I sin indledning satte Rasmus Stoklund udviklingen i udl\u00e6ndingepolitikken i et historisk perspektiv. Han pegede blandt andet p\u00e5 udl\u00e6ndingeloven fra 1983, som blev vedtaget under Schl\u00fcters regering med bred politisk opbakning. If\u00f8lge ministeren har erfaringerne siden vist, at loven ikke i tilstr\u00e6kkelig grad tog h\u00f8jde for de integrationsudfordringer, der senere opstod.<\/span><span data-ccp-props=\"{}\">\u00a0<\/span><\/p>\n<p><span data-contrast=\"auto\">Simon Kollerup bem\u00e6rkede under m\u00f8det, at posten som udl\u00e6ndinge- og integrationsminister ofte betragtes som en af de mest kr\u00e6vende ministerposter, fordi emnet engagerer mange og deler vandene politisk.<\/span><span data-ccp-props=\"{}\">\u00a0<\/span><\/p>\n<p><span data-contrast=\"auto\">Blandt deltagerne p\u00e5 morgenm\u00f8det var b\u00e5de erhvervsfolk, fagforeningsrepr\u00e6sentanter, kommunalpolitikere og borgere med forskellige politiske holdninger.<\/span><span data-ccp-props=\"{}\">\u00a0<\/span><\/p>\n<p><span data-contrast=\"auto\">Der var undervejs god mulighed for sp\u00f8rgsm\u00e5l fra deltagerne. En del af debatten handlede om integrationspolitikken generelt. Ministeren understregede, at mange udl\u00e6ndinge klarer integrationen godt, men at medierne ofte retter fokus mod de omr\u00e5der, hvor integrationen giver udfordringer. Han n\u00e6vnte blandt andet integrationsproblemer i flere k\u00f8benhavnske omegnskommuner.<\/span><span data-ccp-props=\"{}\">\u00a0<\/span><\/p>\n<p><span data-contrast=\"auto\">Der blev ogs\u00e5 dr\u00f8ftet integration p\u00e5 arbejdsmarkedet. Her pegede flere erhvervsledere p\u00e5, at virksomheder i stigende grad g\u00f8r brug af arbejdskraft med udenlandsk baggrund og generelt har gode erfaringer med det.<\/span><span data-ccp-props=\"{}\">\u00a0<\/span><\/p>\n<p><span data-contrast=\"auto\">M\u00f8det varede omkring en time og blev afsluttet efter en livlig og saglig debat. <\/span><\/p>\n<p><span data-contrast=\"auto\">Ole Bundgaard Jensen<\/span><span data-ccp-props=\"{}\">\u00a0<\/span><\/p>\n","protected":false},"excerpt":{"rendered":"<p>DEBAT: Onsdag den 11. marts 2026 deltog udl\u00e6ndinge- og integrationsminister Rasmus Stoklund (S) i et morgenm\u00f8de om udl\u00e6ndinge- og integrationspolitik. M\u00f8det blev afholdt med Simon Kollerup (S), tidligere erhvervsminister og lokal folketingskandidat, som v\u00e6rt, i Hotel Stenberg i Nyk\u00f8bing Mors.\u00a0 I sin indledning satte Rasmus Stoklund udviklingen i udl\u00e6ndingepolitikken i et historisk perspektiv. Han pegede [&hellip;]<\/p>\n","protected":false},"author":11,"featured_media":0,"comment_status":"closed","ping_status":"closed","sticky":false,"template":"","format":"standard","meta":{"_acf_changed":false,"footnotes":""},"categories":[56,51],"tags":[],"class_list":["post-169490","post","type-post","status-publish","format-standard","hentry","category-debat","category-lokalt"],"acf":[],"yoast_head":"<!-- This site is optimized with the Yoast SEO plugin v26.8 - https:\/\/yoast.com\/product\/yoast-seo-wordpress\/ -->\n<title>L\u00e6serbrev: Morgenm\u00f8de om udl\u00e6ndinge- og integrationspolitik\u00a0 - Mors<\/title>\n<meta name=\"robots\" content=\"index, follow, max-snippet:-1, max-image-preview:large, max-video-preview:-1\" \/>\n<link rel=\"canonical\" href=\"https:\/\/kunmedierne.dk\/mors\/laeserbrev-morgenmoede-om-udlaendinge-og-integrationspolitik\/\" \/>\n<meta property=\"og:locale\" content=\"da_DK\" \/>\n<meta property=\"og:type\" content=\"article\" \/>\n<meta property=\"og:title\" content=\"L\u00e6serbrev: Morgenm\u00f8de om udl\u00e6ndinge- og integrationspolitik\u00a0 - Mors\" \/>\n<meta property=\"og:description\" content=\"DEBAT: Onsdag den 11. marts 2026 deltog udl\u00e6ndinge- og integrationsminister Rasmus Stoklund (S) i et morgenm\u00f8de om udl\u00e6ndinge- og integrationspolitik. M\u00f8det blev afholdt med Simon Kollerup (S), tidligere erhvervsminister og lokal folketingskandidat, som v\u00e6rt, i Hotel Stenberg i Nyk\u00f8bing Mors.\u00a0 I sin indledning satte Rasmus Stoklund udviklingen i udl\u00e6ndingepolitikken i et historisk perspektiv. Han pegede [&hellip;]\" \/>\n<meta property=\"og:url\" content=\"https:\/\/kunmedierne.dk\/mors\/laeserbrev-morgenmoede-om-udlaendinge-og-integrationspolitik\/\" \/>\n<meta property=\"og:site_name\" content=\"Mors\" \/>\n<meta property=\"article:published_time\" content=\"2026-03-12T15:54:36+00:00\" \/>\n<meta name=\"author\" content=\"Debat\" \/>\n<meta name=\"twitter:card\" content=\"summary_large_image\" \/>\n<meta name=\"twitter:label1\" content=\"Skrevet af\" \/>\n\t<meta name=\"twitter:data1\" content=\"Debat\" \/>\n\t<meta name=\"twitter:label2\" content=\"Estimeret l\u00e6setid\" \/>\n\t<meta name=\"twitter:data2\" content=\"2 minutter\" \/>\n<script type=\"application\/ld+json\" class=\"yoast-schema-graph\">{\"@context\":\"https:\/\/schema.org\",\"@graph\":[{\"@type\":\"Article\",\"@id\":\"https:\/\/kunmedierne.dk\/mors\/laeserbrev-morgenmoede-om-udlaendinge-og-integrationspolitik\/#article\",\"isPartOf\":{\"@id\":\"https:\/\/kunmedierne.dk\/mors\/laeserbrev-morgenmoede-om-udlaendinge-og-integrationspolitik\/\"},\"author\":{\"name\":\"Debat\",\"@id\":\"https:\/\/kunmedierne.dk\/mors\/#\/schema\/person\/84c1391bce0b43b9bb3a49736bc0ad78\"},\"headline\":\"L\u00e6serbrev: Morgenm\u00f8de om udl\u00e6ndinge- og integrationspolitik\u00a0\",\"datePublished\":\"2026-03-12T15:54:36+00:00\",\"mainEntityOfPage\":{\"@id\":\"https:\/\/kunmedierne.dk\/mors\/laeserbrev-morgenmoede-om-udlaendinge-og-integrationspolitik\/\"},\"wordCount\":265,\"publisher\":{\"@id\":\"https:\/\/kunmedierne.dk\/mors\/#organization\"},\"articleSection\":[\"Debat\",\"Lokalt\"],\"inLanguage\":\"da-DK\"},{\"@type\":\"WebPage\",\"@id\":\"https:\/\/kunmedierne.dk\/mors\/laeserbrev-morgenmoede-om-udlaendinge-og-integrationspolitik\/\",\"url\":\"https:\/\/kunmedierne.dk\/mors\/laeserbrev-morgenmoede-om-udlaendinge-og-integrationspolitik\/\",\"name\":\"L\u00e6serbrev: Morgenm\u00f8de om udl\u00e6ndinge- og integrationspolitik\u00a0 - Mors\",\"isPartOf\":{\"@id\":\"https:\/\/kunmedierne.dk\/mors\/#website\"},\"datePublished\":\"2026-03-12T15:54:36+00:00\",\"breadcrumb\":{\"@id\":\"https:\/\/kunmedierne.dk\/mors\/laeserbrev-morgenmoede-om-udlaendinge-og-integrationspolitik\/#breadcrumb\"},\"inLanguage\":\"da-DK\",\"potentialAction\":[{\"@type\":\"ReadAction\",\"target\":[\"https:\/\/kunmedierne.dk\/mors\/laeserbrev-morgenmoede-om-udlaendinge-og-integrationspolitik\/\"]}]},{\"@type\":\"BreadcrumbList\",\"@id\":\"https:\/\/kunmedierne.dk\/mors\/laeserbrev-morgenmoede-om-udlaendinge-og-integrationspolitik\/#breadcrumb\",\"itemListElement\":[{\"@type\":\"ListItem\",\"position\":1,\"name\":\"Hjem\",\"item\":\"https:\/\/kunmedierne.dk\/mors\/\"},{\"@type\":\"ListItem\",\"position\":2,\"name\":\"L\u00e6serbrev: Morgenm\u00f8de om udl\u00e6ndinge- og integrationspolitik\u00a0\"}]},{\"@type\":\"WebSite\",\"@id\":\"https:\/\/kunmedierne.dk\/mors\/#website\",\"url\":\"https:\/\/kunmedierne.dk\/mors\/\",\"name\":\"Mors\",\"description\":\"et netmedie med journalistik om livet p\u00e5 Mors\",\"publisher\":{\"@id\":\"https:\/\/kunmedierne.dk\/mors\/#organization\"},\"potentialAction\":[{\"@type\":\"SearchAction\",\"target\":{\"@type\":\"EntryPoint\",\"urlTemplate\":\"https:\/\/kunmedierne.dk\/mors\/?s={search_term_string}\"},\"query-input\":{\"@type\":\"PropertyValueSpecification\",\"valueRequired\":true,\"valueName\":\"search_term_string\"}}],\"inLanguage\":\"da-DK\"},{\"@type\":\"Organization\",\"@id\":\"https:\/\/kunmedierne.dk\/mors\/#organization\",\"name\":\"Mors\",\"url\":\"https:\/\/kunmedierne.dk\/mors\/\",\"logo\":{\"@type\":\"ImageObject\",\"inLanguage\":\"da-DK\",\"@id\":\"https:\/\/kunmedierne.dk\/mors\/#\/schema\/logo\/image\/\",\"url\":\"https:\/\/kunmedierne.dk\/mors\/wp-content\/uploads\/2024\/08\/kunmors-logo.svg\",\"contentUrl\":\"https:\/\/kunmedierne.dk\/mors\/wp-content\/uploads\/2024\/08\/kunmors-logo.svg\",\"caption\":\"Mors\"},\"image\":{\"@id\":\"https:\/\/kunmedierne.dk\/mors\/#\/schema\/logo\/image\/\"}},{\"@type\":\"Person\",\"@id\":\"https:\/\/kunmedierne.dk\/mors\/#\/schema\/person\/84c1391bce0b43b9bb3a49736bc0ad78\",\"name\":\"Debat\",\"image\":{\"@type\":\"ImageObject\",\"inLanguage\":\"da-DK\",\"@id\":\"https:\/\/kunmedierne.dk\/mors\/#\/schema\/person\/image\/\",\"url\":\"https:\/\/secure.gravatar.com\/avatar\/b0fb2e221d618f7c65162ab0d49c7e8a0b580c871ca03af90e42b47b4150654c?s=96&d=mm&r=g\",\"contentUrl\":\"https:\/\/secure.gravatar.com\/avatar\/b0fb2e221d618f7c65162ab0d49c7e8a0b580c871ca03af90e42b47b4150654c?s=96&d=mm&r=g\",\"caption\":\"Debat\"},\"url\":\"https:\/\/kunmedierne.dk\/mors\/author\/debat\/\"}]}<\/script>\n<!-- \/ Yoast SEO plugin. -->","yoast_head_json":{"title":"L\u00e6serbrev: Morgenm\u00f8de om udl\u00e6ndinge- og integrationspolitik\u00a0 - Mors","robots":{"index":"index","follow":"follow","max-snippet":"max-snippet:-1","max-image-preview":"max-image-preview:large","max-video-preview":"max-video-preview:-1"},"canonical":"https:\/\/kunmedierne.dk\/mors\/laeserbrev-morgenmoede-om-udlaendinge-og-integrationspolitik\/","og_locale":"da_DK","og_type":"article","og_title":"L\u00e6serbrev: Morgenm\u00f8de om udl\u00e6ndinge- og integrationspolitik\u00a0 - Mors","og_description":"DEBAT: Onsdag den 11. marts 2026 deltog udl\u00e6ndinge- og integrationsminister Rasmus Stoklund (S) i et morgenm\u00f8de om udl\u00e6ndinge- og integrationspolitik. M\u00f8det blev afholdt med Simon Kollerup (S), tidligere erhvervsminister og lokal folketingskandidat, som v\u00e6rt, i Hotel Stenberg i Nyk\u00f8bing Mors.\u00a0 I sin indledning satte Rasmus Stoklund udviklingen i udl\u00e6ndingepolitikken i et historisk perspektiv. Han pegede [&hellip;]","og_url":"https:\/\/kunmedierne.dk\/mors\/laeserbrev-morgenmoede-om-udlaendinge-og-integrationspolitik\/","og_site_name":"Mors","article_published_time":"2026-03-12T15:54:36+00:00","author":"Debat","twitter_card":"summary_large_image","twitter_misc":{"Skrevet af":"Debat","Estimeret l\u00e6setid":"2 minutter"},"schema":{"@context":"https:\/\/schema.org","@graph":[{"@type":"Article","@id":"https:\/\/kunmedierne.dk\/mors\/laeserbrev-morgenmoede-om-udlaendinge-og-integrationspolitik\/#article","isPartOf":{"@id":"https:\/\/kunmedierne.dk\/mors\/laeserbrev-morgenmoede-om-udlaendinge-og-integrationspolitik\/"},"author":{"name":"Debat","@id":"https:\/\/kunmedierne.dk\/mors\/#\/schema\/person\/84c1391bce0b43b9bb3a49736bc0ad78"},"headline":"L\u00e6serbrev: Morgenm\u00f8de om udl\u00e6ndinge- og integrationspolitik\u00a0","datePublished":"2026-03-12T15:54:36+00:00","mainEntityOfPage":{"@id":"https:\/\/kunmedierne.dk\/mors\/laeserbrev-morgenmoede-om-udlaendinge-og-integrationspolitik\/"},"wordCount":265,"publisher":{"@id":"https:\/\/kunmedierne.dk\/mors\/#organization"},"articleSection":["Debat","Lokalt"],"inLanguage":"da-DK"},{"@type":"WebPage","@id":"https:\/\/kunmedierne.dk\/mors\/laeserbrev-morgenmoede-om-udlaendinge-og-integrationspolitik\/","url":"https:\/\/kunmedierne.dk\/mors\/laeserbrev-morgenmoede-om-udlaendinge-og-integrationspolitik\/","name":"L\u00e6serbrev: Morgenm\u00f8de om udl\u00e6ndinge- og integrationspolitik\u00a0 - Mors","isPartOf":{"@id":"https:\/\/kunmedierne.dk\/mors\/#website"},"datePublished":"2026-03-12T15:54:36+00:00","breadcrumb":{"@id":"https:\/\/kunmedierne.dk\/mors\/laeserbrev-morgenmoede-om-udlaendinge-og-integrationspolitik\/#breadcrumb"},"inLanguage":"da-DK","potentialAction":[{"@type":"ReadAction","target":["https:\/\/kunmedierne.dk\/mors\/laeserbrev-morgenmoede-om-udlaendinge-og-integrationspolitik\/"]}]},{"@type":"BreadcrumbList","@id":"https:\/\/kunmedierne.dk\/mors\/laeserbrev-morgenmoede-om-udlaendinge-og-integrationspolitik\/#breadcrumb","itemListElement":[{"@type":"ListItem","position":1,"name":"Hjem","item":"https:\/\/kunmedierne.dk\/mors\/"},{"@type":"ListItem","position":2,"name":"L\u00e6serbrev: Morgenm\u00f8de om udl\u00e6ndinge- og integrationspolitik\u00a0"}]},{"@type":"WebSite","@id":"https:\/\/kunmedierne.dk\/mors\/#website","url":"https:\/\/kunmedierne.dk\/mors\/","name":"Mors","description":"et netmedie med journalistik om livet p\u00e5 Mors","publisher":{"@id":"https:\/\/kunmedierne.dk\/mors\/#organization"},"potentialAction":[{"@type":"SearchAction","target":{"@type":"EntryPoint","urlTemplate":"https:\/\/kunmedierne.dk\/mors\/?s={search_term_string}"},"query-input":{"@type":"PropertyValueSpecification","valueRequired":true,"valueName":"search_term_string"}}],"inLanguage":"da-DK"},{"@type":"Organization","@id":"https:\/\/kunmedierne.dk\/mors\/#organization","name":"Mors","url":"https:\/\/kunmedierne.dk\/mors\/","logo":{"@type":"ImageObject","inLanguage":"da-DK","@id":"https:\/\/kunmedierne.dk\/mors\/#\/schema\/logo\/image\/","url":"https:\/\/kunmedierne.dk\/mors\/wp-content\/uploads\/2024\/08\/kunmors-logo.svg","contentUrl":"https:\/\/kunmedierne.dk\/mors\/wp-content\/uploads\/2024\/08\/kunmors-logo.svg","caption":"Mors"},"image":{"@id":"https:\/\/kunmedierne.dk\/mors\/#\/schema\/logo\/image\/"}},{"@type":"Person","@id":"https:\/\/kunmedierne.dk\/mors\/#\/schema\/person\/84c1391bce0b43b9bb3a49736bc0ad78","name":"Debat","image":{"@type":"ImageObject","inLanguage":"da-DK","@id":"https:\/\/kunmedierne.dk\/mors\/#\/schema\/person\/image\/","url":"https:\/\/secure.gravatar.com\/avatar\/b0fb2e221d618f7c65162ab0d49c7e8a0b580c871ca03af90e42b47b4150654c?s=96&d=mm&r=g","contentUrl":"https:\/\/secure.gravatar.com\/avatar\/b0fb2e221d618f7c65162ab0d49c7e8a0b580c871ca03af90e42b47b4150654c?s=96&d=mm&r=g","caption":"Debat"},"url":"https:\/\/kunmedierne.dk\/mors\/author\/debat\/"}]}},"_links":{"self":[{"href":"https:\/\/kunmedierne.dk\/mors\/wp-json\/wp\/v2\/posts\/169490","targetHints":{"allow":["GET"]}}],"collection":[{"href":"https:\/\/kunmedierne.dk\/mors\/wp-json\/wp\/v2\/posts"}],"about":[{"href":"https:\/\/kunmedierne.dk\/mors\/wp-json\/wp\/v2\/types\/post"}],"author":[{"embeddable":true,"href":"https:\/\/kunmedierne.dk\/mors\/wp-json\/wp\/v2\/users\/11"}],"replies":[{"embeddable":true,"href":"https:\/\/kunmedierne.dk\/mors\/wp-json\/wp\/v2\/comments?post=169490"}],"version-history":[{"count":3,"href":"https:\/\/kunmedierne.dk\/mors\/wp-json\/wp\/v2\/posts\/169490\/revisions"}],"predecessor-version":[{"id":169498,"href":"https:\/\/kunmedierne.dk\/mors\/wp-json\/wp\/v2\/posts\/169490\/revisions\/169498"}],"wp:attachment":[{"href":"https:\/\/kunmedierne.dk\/mors\/wp-json\/wp\/v2\/media?parent=169490"}],"wp:term":[{"taxonomy":"category","embeddable":true,"href":"https:\/\/kunmedierne.dk\/mors\/wp-json\/wp\/v2\/categories?post=169490"},{"taxonomy":"post_tag","embeddable":true,"href":"https:\/\/kunmedierne.dk\/mors\/wp-json\/wp\/v2\/tags?post=169490"}],"curies":[{"name":"wp","href":"https:\/\/api.w.org\/{rel}","templated":true}]}}