{"id":169424,"date":"2026-03-12T15:02:57","date_gmt":"2026-03-12T14:02:57","guid":{"rendered":"https:\/\/kunmedierne.dk\/mors\/?p=169424"},"modified":"2026-03-12T15:02:57","modified_gmt":"2026-03-12T14:02:57","slug":"vaelgermoede-i-hvidbjerg-var-med-venlige-haandflader","status":"publish","type":"post","link":"https:\/\/kunmedierne.dk\/mors\/vaelgermoede-i-hvidbjerg-var-med-venlige-haandflader\/","title":{"rendered":"V\u00e6lgerm\u00f8de i Hvidbjerg var med venlige h\u00e5ndflader"},"content":{"rendered":"<p><strong>VALG<\/strong>: Det bliver tidligst til n\u00e6ste valg, de kommer til at afg\u00f8re noget som helst, men en flok elever fra 9. klasse p\u00e5 Sydvestmors Friskole ved allerede, hvordan man s\u00e6tter en dagsorden.<\/p>\n<p>Det kan man konstatere onsdag aften i Sydvestmors Kultur- og Fritidscenter, hvor omkring 100 borgere er til v\u00e6lgerm\u00f8de. Som eneste opstillingsberettigede parti til folketingsvalget er Moderaterne frav\u00e6rende, s\u00e5 hele 11 partier er repr\u00e6senteret, og de f\u00e5r i l\u00f8bet af aftenen nogle sp\u00f8rgsm\u00e5l formuleret af unge morsingboer.<\/p>\n<div id=\"attachment_169450\" style=\"width: 1242px\" class=\"wp-caption alignright\"><img loading=\"lazy\" decoding=\"async\" aria-describedby=\"caption-attachment-169450\" class=\"size-full wp-image-169450\" src=\"https:\/\/kunmedierne.dk\/mors\/wp-content\/uploads\/2026\/03\/260311-vaelgermoede-skf-3-rasmus-christensen.jpg\" alt=\"\" width=\"1232\" height=\"821\" srcset=\"https:\/\/kunmedierne.dk\/mors\/wp-content\/uploads\/2026\/03\/260311-vaelgermoede-skf-3-rasmus-christensen.jpg 1232w, https:\/\/kunmedierne.dk\/mors\/wp-content\/uploads\/2026\/03\/260311-vaelgermoede-skf-3-rasmus-christensen-300x200.jpg 300w, https:\/\/kunmedierne.dk\/mors\/wp-content\/uploads\/2026\/03\/260311-vaelgermoede-skf-3-rasmus-christensen-1024x682.jpg 1024w, https:\/\/kunmedierne.dk\/mors\/wp-content\/uploads\/2026\/03\/260311-vaelgermoede-skf-3-rasmus-christensen-510x340.jpg 510w\" sizes=\"auto, (max-width: 1232px) 100vw, 1232px\" \/><p id=\"caption-attachment-169450\" class=\"wp-caption-text\">Rasmus Christensen (V) og Jette Jepsen (RV), begge medlemmer af kommunalbestyrelsen p\u00e5 Mors, var ordstyrere.<\/p><\/div>\n<p>Det f\u00f8rste er relativt harml\u00f8st, da politikerne bliver spurgt, om unge skal have mulighed for at tjene flere penge uden at m\u00e6rke samme skattevilk\u00e5r som andre.<\/p>\n<p>Flertallet i panelet ser positivt p\u00e5 det, og blandt andre Claus Skovmose (DD) argumenterer for, at det vil v\u00e6re en god m\u00e5de at hj\u00e6lpe de unge i gang med arbejdsmarkedet.<\/p>\n<p>Et andet sp\u00f8rgsm\u00e5l har en tungere baggrund og giver ogs\u00e5 flere svar. Det g\u00e5r p\u00e5, om politikerne vil prioritere penge til at afhj\u00e6lpe mistrivsel blandt unge &#8211; ogs\u00e5 selv om det betyder f\u00e6rre penge til andre omr\u00e5der.<\/p>\n<a class=\"dvrt-link\" onClick=\"cdmtrack_click(104778,jQuery(this));return false\" href=\"https:\/\/vester-begr.dk\/?gclid=CjwKCAjw5Kv7BRBSEiwAXGDElQB6WMfm9CgYVrruty-I1gaOkTkC3mlA4QRDtYNsxYgVC8sNzAJ7WhoCmBsQAvD_BwE\"><img decoding=\"async\" style=\"width:100%;\" src=\"https:\/\/kunmedierne.dk\/mors\/wp-content\/uploads\/2023\/10\/260203VesterHoukaer-02022026.jpg\"><\/a><script>cdmtrack_view(104778);<\/script>\n<p>Peter Larsen (LA) sl\u00e5r p\u00e5 behovet for skolepsykologer og tidlig indsats.<\/p>\n<p>&#8211; Vi er n\u00f8dt til at have dem p\u00e5 banen og tage de sm\u00e5 ting, siger han med en tilf\u00f8jelse om, at mange store problemer begynder som sm\u00e5 problemer.<\/p>\n<p>Simon Kollerup (S) argumenterer for en tredelt indsats: Et opg\u00f8r med tech-giganterne, mere autoritet til l\u00e6rerne og investeringer i folkeskolen &#8211; for eksempel med det aktuelle socialdemokratiske forslag om f\u00e6rre elever p\u00e5 de yngste klassetrin.<\/p>\n<div id=\"attachment_169442\" style=\"width: 1242px\" class=\"wp-caption alignright\"><img loading=\"lazy\" decoding=\"async\" aria-describedby=\"caption-attachment-169442\" class=\"size-full wp-image-169442\" src=\"https:\/\/kunmedierne.dk\/mors\/wp-content\/uploads\/2026\/03\/260311-vaelgermoede-skf-16-simon-kollerup.jpg\" alt=\"\" width=\"1232\" height=\"821\" srcset=\"https:\/\/kunmedierne.dk\/mors\/wp-content\/uploads\/2026\/03\/260311-vaelgermoede-skf-16-simon-kollerup.jpg 1232w, https:\/\/kunmedierne.dk\/mors\/wp-content\/uploads\/2026\/03\/260311-vaelgermoede-skf-16-simon-kollerup-300x200.jpg 300w, https:\/\/kunmedierne.dk\/mors\/wp-content\/uploads\/2026\/03\/260311-vaelgermoede-skf-16-simon-kollerup-1024x682.jpg 1024w, https:\/\/kunmedierne.dk\/mors\/wp-content\/uploads\/2026\/03\/260311-vaelgermoede-skf-16-simon-kollerup-510x340.jpg 510w\" sizes=\"auto, (max-width: 1232px) 100vw, 1232px\" \/><p id=\"caption-attachment-169442\" class=\"wp-caption-text\">Simon Kollerup (S), her sammen med Chresten S\u00f8ndergaard efter paneldebatten.<\/p><\/div>\n<p>Anette Jensen (Alt.) mener ikke, at det handler om at flytte penge fra andre omr\u00e5der, men at forebyggelse er vejen frem. Og forebyggelse kan ogs\u00e5 v\u00e6re gr\u00f8n, mener hun:<\/p>\n<p>&#8211; Man skal kunne ordinere natur. Det er noget, der hj\u00e6lper til, at man finder ro.<\/p>\n<a class=\"dvrt-link\" onClick=\"cdmtrack_click(114591,jQuery(this));return false\" href=\"https:\/\/www.facebook.com\/kopogkandemors\"><img decoding=\"async\" style=\"width:100%;\" src=\"https:\/\/kunmedierne.dk\/mors\/wp-content\/uploads\/2024\/03\/kop-og-kande-ja-tak-tilbud.jpg\"><\/a><script>cdmtrack_view(114591);<\/script>\n<p>Claus Skovmose (DD) er for begge dele &#8211; alts\u00e5 bedre forebyggelse, men ogs\u00e5 flere midler til omr\u00e5det, mens ogs\u00e5 Torsten Schack Pedersen (V) sl\u00e5r p\u00e5 behovet for tidlig indsats.<\/p>\n<p>&#8211; Men det er bedre at sende pengene ud p\u00e5 skolerne. Og ikke kun til folkeskolerne, ogs\u00e5 friskolerne, siger han og minder om regeringens 2025-udspil til en 10 \u00e5rs-plan for psykiatrien, der fik bred opbakning i Folketinget.<\/p>\n<p>Heller ikke Morten Bo Bertelsen (SF) mener, at pengene til omr\u00e5det b\u00f8r tages fra andre, men foresl\u00e5r, at man i stedet ruller topskattelettelser tilbage. Og Dorthe Pedersen (K) sl\u00e5r p\u00e5, at indsatsen for unges trivsel ogs\u00e5 handler om, at de -lige som i lokale samfund &#8211; skal f\u00f8le sig set og h\u00f8rt.<\/p>\n<a class=\"dvrt-link\" onClick=\"cdmtrack_click(147315,jQuery(this));return false\" href=\"https:\/\/sdrhaa.dk\/\"><img decoding=\"async\" style=\"width:100%;\" src=\"https:\/\/kunmedierne.dk\/mors\/wp-content\/uploads\/2025\/05\/260302Sdr-HaaDin-gebyrvenlige-sparekasse_mors-002.gif\"><\/a><script>cdmtrack_view(147315);<\/script>\n<p>&#8211; Det kan v\u00e6re en idr\u00e6tsl\u00e6rer, der kommer hen og siger: &#8220;Hej, er du okay?&#8221; N\u00e5r man bliver set og h\u00f8rt, vokser man. Og n\u00e5r man ikke f\u00f8ler sig udenfor. Det er jo den, vi l\u00f8fter i vores idr\u00e6tsforeninger og vores lokalsamfund, siger hun.<\/p>\n<p>Steen Asgeir Petersen (RV) runder emnet af med en henvisning til sit partis udspil med titlen &#8220;b\u00f8rnel\u00f8ftet&#8221; og investeringer for 15 mia. kroner p\u00e5 omr\u00e5det.<\/p>\n<p>&#8211; Vi er n\u00f8dt til at investere i b\u00f8rnenes hverdag fra f\u00f8dslen og frem, siger han.<\/p>\n<p>&nbsp;<\/p>\n<p><strong>Treparten og landbruget<\/strong><\/p>\n<p>Et andet emne, der fylder p\u00e5 v\u00e6lgerm\u00f8det, er den gr\u00f8nne trepart. Her l\u00e6gger Torsten Schack Pedersen (V) ud med at understrege n\u00f8dvendigheden.<\/p>\n<p>&#8211; Der er behov for en indsats for at sikre kvaliteten af de indre farvande, siger han, inden andre politikere tr\u00e6kker svarene lidt h\u00e5rdere op.<\/p>\n<a class=\"dvrt-link\" onClick=\"cdmtrack_click(104785,jQuery(this));return false\" href=\"https:\/\/www.facebook.com\/lyndrups\"><img decoding=\"async\" style=\"width:100%;\" src=\"https:\/\/kunmedierne.dk\/mors\/wp-content\/uploads\/2022\/02\/vip-lyndrups-rengoering.jpg\"><\/a><script>cdmtrack_view(104785);<\/script>\n<p>Steen Asgeir Petersen (RV):<\/p>\n<p>&#8211; Det er problematisk, at de eneste to kommuner, der ikke lever op til kravene i den gr\u00f8nne trepart, er dem i Thy og p\u00e5 Mors. Der er 300.000 svin og 19.000 mennesker p\u00e5 Mors. Det er en ubalance, siger han og advokerer for en st\u00f8rre satsning p\u00e5 \u00f8kologisk landbrug.<\/p>\n<p>Det f\u00e5r en replik fra Peter Larsen (LA):<\/p>\n<p>&#8211; Der er lavet et k\u00e6mpestort stykke arbejde af de to kommuner, og lad os nu se, om det ikke er tilstr\u00e6kkeligt i forhold til den gr\u00f8nne trepart, lyder det med en tilf\u00f8jelse om, at detailstyring fra K\u00f8benhavn ikke vil gavne noget.<\/p>\n<p>Ib Poulsen (BP), der lige som flere andre i panelet f\u00e5r fortalt om sin brug af naturen, ser det fra lystfiskernes perspektiv.<\/p>\n<p>&#8211; Vi kan ogs\u00e5 se, at det g\u00e5r tilbage (med vandkvaliteten, red.), men at give landbruget hele skylden er forkert, siger han og tilf\u00f8jer, at samfundet generelt er afh\u00e6ngig af landbrug og fiskeri.<\/p>\n<div id=\"attachment_169444\" style=\"width: 1242px\" class=\"wp-caption alignright\"><img loading=\"lazy\" decoding=\"async\" aria-describedby=\"caption-attachment-169444\" class=\"wp-image-169444 size-full\" src=\"https:\/\/kunmedierne.dk\/mors\/wp-content\/uploads\/2026\/03\/260311-vaelgermoede-skf-14-ib-poulsen.jpg\" alt=\"\" width=\"1232\" height=\"821\" srcset=\"https:\/\/kunmedierne.dk\/mors\/wp-content\/uploads\/2026\/03\/260311-vaelgermoede-skf-14-ib-poulsen.jpg 1232w, https:\/\/kunmedierne.dk\/mors\/wp-content\/uploads\/2026\/03\/260311-vaelgermoede-skf-14-ib-poulsen-300x200.jpg 300w, https:\/\/kunmedierne.dk\/mors\/wp-content\/uploads\/2026\/03\/260311-vaelgermoede-skf-14-ib-poulsen-1024x682.jpg 1024w, https:\/\/kunmedierne.dk\/mors\/wp-content\/uploads\/2026\/03\/260311-vaelgermoede-skf-14-ib-poulsen-510x340.jpg 510w\" sizes=\"auto, (max-width: 1232px) 100vw, 1232px\" \/><p id=\"caption-attachment-169444\" class=\"wp-caption-text\">Ib Poulsen, der nu stiller op for Borgernes Parti (BP), vil tilbage i Folketinget.<\/p><\/div>\n<p>Emma Houe M\u00f8lgaard (DF) er enig:<\/p>\n<p>&#8211; Det er rigtigt, at landbruget forurener, men det g\u00f8r vi alle sammen. Og vi har brug for landbruget, siger hun.<\/p>\n<p>Udsagnene fra Ib Poulsen og Emma Houe M\u00f8lgaard f\u00e5r to andre politikere til at svare.<\/p>\n<p>Berit Raldin (EL):<\/p>\n<p>&#8211; Det er ikke, fordi jeg vil afskaffe landbruget, men vi skal minimere landbruget.<\/p>\n<div id=\"attachment_169445\" style=\"width: 1242px\" class=\"wp-caption alignright\"><img loading=\"lazy\" decoding=\"async\" aria-describedby=\"caption-attachment-169445\" class=\"size-full wp-image-169445\" src=\"https:\/\/kunmedierne.dk\/mors\/wp-content\/uploads\/2026\/03\/260311-vaelgermoede-skf-11-berit-raldin.jpg\" alt=\"\" width=\"1232\" height=\"821\" srcset=\"https:\/\/kunmedierne.dk\/mors\/wp-content\/uploads\/2026\/03\/260311-vaelgermoede-skf-11-berit-raldin.jpg 1232w, https:\/\/kunmedierne.dk\/mors\/wp-content\/uploads\/2026\/03\/260311-vaelgermoede-skf-11-berit-raldin-300x200.jpg 300w, https:\/\/kunmedierne.dk\/mors\/wp-content\/uploads\/2026\/03\/260311-vaelgermoede-skf-11-berit-raldin-1024x682.jpg 1024w, https:\/\/kunmedierne.dk\/mors\/wp-content\/uploads\/2026\/03\/260311-vaelgermoede-skf-11-berit-raldin-510x340.jpg 510w\" sizes=\"auto, (max-width: 1232px) 100vw, 1232px\" \/><p id=\"caption-attachment-169445\" class=\"wp-caption-text\">Berit Raldin (EL), her sammen med Mors\u00f8-partikammerat Ole Lajgaard.<\/p><\/div>\n<p>Anette Jensen (Alt.)<\/p>\n<p>&#8211; Jeg er overhovedet ikke ude p\u00e5 at jagte landbruget. Jeg er ude p\u00e5 at redde vores drikkevand og havvand.<\/p>\n<p>Simon Kollerup (S) holder sig ude af d\u00e9n sl\u00e5skamp med:<\/p>\n<p>&#8211; Den gr\u00f8nne trepart er et k\u00e6mpestort og vigtigt initiativ, og det kommer til at g\u00f8re noget godt. Men det er ogs\u00e5 klart, at den ikke kan g\u00f8re det hele. Der skal mere til.<\/p>\n<p>&nbsp;<\/p>\n<p><strong>At st\u00e5 p\u00e5 m\u00e5l for demokratiet<\/strong><\/p>\n<p>S\u00e5dan er panelet generelt afd\u00e6mpet i sin argumentation. Der er enkelte gange med kant &#8211; for eksempel da Torsten Schack Pedersen (V) p\u00e5 stort set hele panelets \u00f8nske om at genindf\u00f8re store bededag g\u00e5r dem p\u00e5 klingen med:<\/p>\n<p>&#8211; Det er ogs\u00e5 et sp\u00f8rgsm\u00e5l om arbejdskraft. Det er ogs\u00e5 en del af regnestykket, og det er der ikke nogen her, der har givet en l\u00f8sning p\u00e5, siger han.<\/p>\n<div id=\"attachment_169448\" style=\"width: 1242px\" class=\"wp-caption alignright\"><img loading=\"lazy\" decoding=\"async\" aria-describedby=\"caption-attachment-169448\" class=\"size-full wp-image-169448\" src=\"https:\/\/kunmedierne.dk\/mors\/wp-content\/uploads\/2026\/03\/260311-vaelgermoede-skf-7-torsten-schack-pedersen.jpg\" alt=\"\" width=\"1232\" height=\"821\" srcset=\"https:\/\/kunmedierne.dk\/mors\/wp-content\/uploads\/2026\/03\/260311-vaelgermoede-skf-7-torsten-schack-pedersen.jpg 1232w, https:\/\/kunmedierne.dk\/mors\/wp-content\/uploads\/2026\/03\/260311-vaelgermoede-skf-7-torsten-schack-pedersen-300x200.jpg 300w, https:\/\/kunmedierne.dk\/mors\/wp-content\/uploads\/2026\/03\/260311-vaelgermoede-skf-7-torsten-schack-pedersen-1024x682.jpg 1024w, https:\/\/kunmedierne.dk\/mors\/wp-content\/uploads\/2026\/03\/260311-vaelgermoede-skf-7-torsten-schack-pedersen-510x340.jpg 510w\" sizes=\"auto, (max-width: 1232px) 100vw, 1232px\" \/><p id=\"caption-attachment-169448\" class=\"wp-caption-text\">Torsten Schack Pedersen (V) efterlyste finansieringsforslag, da flertallet ville tilbagef\u00f8re store bededag.<\/p><\/div>\n<p>De store gnister ser man dog aldrig denne onsdag aften i SKF, s\u00e5 alt efter temperament kan man skose politikerne for ikke at g\u00e5 mere til biddet &#8211; eller man kan rose dem for at debattere i civiliseret toneleje og med respekt for hinandens holdninger.<\/p>\n<a class=\"dvrt-link\" onClick=\"cdmtrack_click(104783,jQuery(this));return false\" href=\"https:\/\/konpap.dk\/\"><img decoding=\"async\" style=\"width:100%;\" src=\"https:\/\/kunmedierne.dk\/mors\/wp-content\/uploads\/2023\/10\/Kun-Mors-banner.jpg\"><\/a><script>cdmtrack_view(104783);<\/script>\n<p>M\u00e5ske er det derfor, budskaberne kun sj\u00e6ldent bliver afbrudt af klapsalver fra salen, hvor partisoldater ellers optager en del af stolene. Til geng\u00e6ld er der venlighed i h\u00e5ndfladerne, de de fremm\u00f8dte takker for et par timer i god ro og orden, inden de f\u00e5r chancen for at m\u00f8de politikerne p\u00e5 tomandsh\u00e5nd.<\/p>\n<p>Chresten S\u00f8ndergaard er en af dem, der g\u00f8r brug af muligheden. Og han er tilfreds med v\u00e6lgerm\u00f8det. Stort set.<\/p>\n<p>&#8211; Det var sobert. Men nu er vi jo landdistriktsomr\u00e5de, og jeg kunne godt t\u00e6nke mig, at der havde v\u00e6ret mere fokus p\u00e5 bos\u00e6tning, siger han.<\/p>\n<a class=\"dvrt-link\" onClick=\"cdmtrack_click(104785,jQuery(this));return false\" href=\"https:\/\/www.facebook.com\/lyndrups\"><img decoding=\"async\" style=\"width:100%;\" src=\"https:\/\/kunmedierne.dk\/mors\/wp-content\/uploads\/2022\/02\/vip-lyndrups-rengoering.jpg\"><\/a><script>cdmtrack_view(104785);<\/script>\n<p>Tania Marie H\u00f8yer, centerleder i SKF, gl\u00e6der sig over, at politikerne tog godt imod sp\u00f8rgsm\u00e5lene fra skoleeleverne &#8211; og at de f\u00f8rte en god debat. Og s\u00e5 gl\u00e6der hun sig ver, at det igen lykkedes at arrangere et v\u00e6lgerm\u00f8de i Hvidbjerg. For p\u00e5 den m\u00e5de har centret ogs\u00e5 i 2026 levet op til sin tradition med at st\u00e5 p\u00e5 m\u00e5l for demokratiet.<\/p>\n<p>&#8211; Det er altid vigtigt, at v\u00e6lgerne f\u00e5r mulighed for at m\u00f8de deres kandidater, understreger hun.<\/p>\n<p>Lige s\u00e5 vigtigt er det dog, at de lokale st\u00e5r p\u00e5 m\u00e5l for dem, der st\u00e5r p\u00e5 m\u00e5l for demokratiet. For som Jenny og Knud Erik Jepsen forklarer deres fremm\u00f8de p\u00e5 trods af, at de allerede ved, hvem de vil stemme p\u00e5:<\/p>\n<p>&#8211; N\u00e5r der sker noget ude ved os, skal vi ikke bare sidde derhjemme. S\u00e5 skal vi bakke op det.<\/p>\n<blockquote>\n<h4>FAKTA<\/h4>\n<h5>Folketingskandidater til v\u00e6lgerm\u00f8det i Hvidbjerg:<\/h5>\n<ul>\n<li>\n<h5>Anette Jensen, Alternativet (Alt.)<\/h5>\n<\/li>\n<li>\n<h5>Berit Raldin, Enhedslisten (EL)<\/h5>\n<\/li>\n<li>\n<h5>Claus Bisgaard Skovmose, Danmarksdemokraterne (DD)<\/h5>\n<\/li>\n<li>\n<h5>Dorthe Pedersen, De Konservative (K)<\/h5>\n<\/li>\n<li>\n<h5>Emma Houe M\u00f8lgaard, Dansk Folkeparti (DF)<\/h5>\n<\/li>\n<li>\n<h5>Ib Poulsen, Borgernes Parti (BP)<\/h5>\n<\/li>\n<li>\n<h5>Morten Bo Bertelsen, Socialistisk Folkeparti (SF)<\/h5>\n<\/li>\n<li>\n<h5>Peter Larsen, Liberal Allicance (LA)<\/h5>\n<\/li>\n<li>\n<h5>Simon Kollerup, Socialdemokratiet (S)<\/h5>\n<\/li>\n<li>\n<h5>Steen Asgeir Petersen, Radikale Venstre (RV)<\/h5>\n<\/li>\n<li>\n<h5>Torsten Schack Pedersen, Venstre (V)<\/h5>\n<\/li>\n<\/ul>\n<\/blockquote>\n<div id=\"attachment_169449\" style=\"width: 1242px\" class=\"wp-caption alignright\"><img loading=\"lazy\" decoding=\"async\" aria-describedby=\"caption-attachment-169449\" class=\"size-full wp-image-169449\" src=\"https:\/\/kunmedierne.dk\/mors\/wp-content\/uploads\/2026\/03\/260311-vaelgermoede-skf-5.jpg\" alt=\"\" width=\"1232\" height=\"821\" srcset=\"https:\/\/kunmedierne.dk\/mors\/wp-content\/uploads\/2026\/03\/260311-vaelgermoede-skf-5.jpg 1232w, https:\/\/kunmedierne.dk\/mors\/wp-content\/uploads\/2026\/03\/260311-vaelgermoede-skf-5-300x200.jpg 300w, https:\/\/kunmedierne.dk\/mors\/wp-content\/uploads\/2026\/03\/260311-vaelgermoede-skf-5-1024x682.jpg 1024w, https:\/\/kunmedierne.dk\/mors\/wp-content\/uploads\/2026\/03\/260311-vaelgermoede-skf-5-510x340.jpg 510w\" sizes=\"auto, (max-width: 1232px) 100vw, 1232px\" \/><p id=\"caption-attachment-169449\" class=\"wp-caption-text\">De 11 kandidater blev bedt om at svare p\u00e5 sp\u00f8rgsm\u00e5l fra 9. klasse p\u00e5 Sydvestmors Friskole.<\/p><\/div>\n<p>&nbsp;<\/p>\n","protected":false},"excerpt":{"rendered":"<p>VALG: Det bliver tidligst til n\u00e6ste valg, de kommer til at afg\u00f8re noget som helst, men en flok elever fra 9. klasse p\u00e5 Sydvestmors Friskole ved allerede, hvordan man s\u00e6tter en dagsorden. Det kan man konstatere onsdag aften i Sydvestmors Kultur- og Fritidscenter, hvor omkring 100 borgere er til v\u00e6lgerm\u00f8de. Som eneste opstillingsberettigede parti til [&hellip;]<\/p>\n","protected":false},"author":8,"featured_media":0,"comment_status":"closed","ping_status":"closed","sticky":false,"template":"","format":"standard","meta":{"_acf_changed":false,"footnotes":""},"categories":[51],"tags":[167],"class_list":["post-169424","post","type-post","status-publish","format-standard","hentry","category-lokalt","tag-politik"],"acf":[],"yoast_head":"<!-- This site is optimized with the Yoast SEO plugin v26.8 - https:\/\/yoast.com\/product\/yoast-seo-wordpress\/ -->\n<title>V\u00e6lgerm\u00f8de i Hvidbjerg var med venlige h\u00e5ndflader - Mors<\/title>\n<meta name=\"robots\" content=\"index, follow, max-snippet:-1, max-image-preview:large, max-video-preview:-1\" \/>\n<link rel=\"canonical\" href=\"https:\/\/kunmedierne.dk\/mors\/vaelgermoede-i-hvidbjerg-var-med-venlige-haandflader\/\" \/>\n<meta property=\"og:locale\" content=\"da_DK\" \/>\n<meta property=\"og:type\" content=\"article\" \/>\n<meta property=\"og:title\" content=\"V\u00e6lgerm\u00f8de i Hvidbjerg var med venlige h\u00e5ndflader - Mors\" \/>\n<meta property=\"og:description\" content=\"VALG: Det bliver tidligst til n\u00e6ste valg, de kommer til at afg\u00f8re noget som helst, men en flok elever fra 9. klasse p\u00e5 Sydvestmors Friskole ved allerede, hvordan man s\u00e6tter en dagsorden. Det kan man konstatere onsdag aften i Sydvestmors Kultur- og Fritidscenter, hvor omkring 100 borgere er til v\u00e6lgerm\u00f8de. Som eneste opstillingsberettigede parti til [&hellip;]\" \/>\n<meta property=\"og:url\" content=\"https:\/\/kunmedierne.dk\/mors\/vaelgermoede-i-hvidbjerg-var-med-venlige-haandflader\/\" \/>\n<meta property=\"og:site_name\" content=\"Mors\" \/>\n<meta property=\"article:published_time\" content=\"2026-03-12T14:02:57+00:00\" \/>\n<meta property=\"og:image\" content=\"https:\/\/kunmedierne.dk\/mors\/wp-content\/uploads\/2026\/03\/260311-vaelgermoede-skf-3-rasmus-christensen.jpg\" \/>\n\t<meta property=\"og:image:width\" content=\"1232\" \/>\n\t<meta property=\"og:image:height\" content=\"821\" \/>\n\t<meta property=\"og:image:type\" content=\"image\/jpeg\" \/>\n<meta name=\"author\" content=\"David H\u00f8jmark\" \/>\n<meta name=\"twitter:card\" content=\"summary_large_image\" \/>\n<meta name=\"twitter:label1\" content=\"Skrevet af\" \/>\n\t<meta name=\"twitter:data1\" content=\"David H\u00f8jmark\" \/>\n\t<meta name=\"twitter:label2\" content=\"Estimeret l\u00e6setid\" \/>\n\t<meta name=\"twitter:data2\" content=\"9 minutter\" \/>\n<script type=\"application\/ld+json\" class=\"yoast-schema-graph\">{\"@context\":\"https:\/\/schema.org\",\"@graph\":[{\"@type\":\"Article\",\"@id\":\"https:\/\/kunmedierne.dk\/mors\/vaelgermoede-i-hvidbjerg-var-med-venlige-haandflader\/#article\",\"isPartOf\":{\"@id\":\"https:\/\/kunmedierne.dk\/mors\/vaelgermoede-i-hvidbjerg-var-med-venlige-haandflader\/\"},\"author\":{\"name\":\"David H\u00f8jmark\",\"@id\":\"https:\/\/kunmedierne.dk\/mors\/#\/schema\/person\/5fe23251bf1d0abbcdc6f7896579d548\"},\"headline\":\"V\u00e6lgerm\u00f8de i Hvidbjerg var med venlige h\u00e5ndflader\",\"datePublished\":\"2026-03-12T14:02:57+00:00\",\"mainEntityOfPage\":{\"@id\":\"https:\/\/kunmedierne.dk\/mors\/vaelgermoede-i-hvidbjerg-var-med-venlige-haandflader\/\"},\"wordCount\":1515,\"publisher\":{\"@id\":\"https:\/\/kunmedierne.dk\/mors\/#organization\"},\"image\":{\"@id\":\"https:\/\/kunmedierne.dk\/mors\/vaelgermoede-i-hvidbjerg-var-med-venlige-haandflader\/#primaryimage\"},\"thumbnailUrl\":\"https:\/\/kunmedierne.dk\/mors\/wp-content\/uploads\/2026\/03\/260311-vaelgermoede-skf-3-rasmus-christensen.jpg\",\"keywords\":[\"Politik\"],\"articleSection\":[\"Lokalt\"],\"inLanguage\":\"da-DK\"},{\"@type\":\"WebPage\",\"@id\":\"https:\/\/kunmedierne.dk\/mors\/vaelgermoede-i-hvidbjerg-var-med-venlige-haandflader\/\",\"url\":\"https:\/\/kunmedierne.dk\/mors\/vaelgermoede-i-hvidbjerg-var-med-venlige-haandflader\/\",\"name\":\"V\u00e6lgerm\u00f8de i Hvidbjerg var med venlige h\u00e5ndflader - Mors\",\"isPartOf\":{\"@id\":\"https:\/\/kunmedierne.dk\/mors\/#website\"},\"primaryImageOfPage\":{\"@id\":\"https:\/\/kunmedierne.dk\/mors\/vaelgermoede-i-hvidbjerg-var-med-venlige-haandflader\/#primaryimage\"},\"image\":{\"@id\":\"https:\/\/kunmedierne.dk\/mors\/vaelgermoede-i-hvidbjerg-var-med-venlige-haandflader\/#primaryimage\"},\"thumbnailUrl\":\"https:\/\/kunmedierne.dk\/mors\/wp-content\/uploads\/2026\/03\/260311-vaelgermoede-skf-3-rasmus-christensen.jpg\",\"datePublished\":\"2026-03-12T14:02:57+00:00\",\"breadcrumb\":{\"@id\":\"https:\/\/kunmedierne.dk\/mors\/vaelgermoede-i-hvidbjerg-var-med-venlige-haandflader\/#breadcrumb\"},\"inLanguage\":\"da-DK\",\"potentialAction\":[{\"@type\":\"ReadAction\",\"target\":[\"https:\/\/kunmedierne.dk\/mors\/vaelgermoede-i-hvidbjerg-var-med-venlige-haandflader\/\"]}]},{\"@type\":\"ImageObject\",\"inLanguage\":\"da-DK\",\"@id\":\"https:\/\/kunmedierne.dk\/mors\/vaelgermoede-i-hvidbjerg-var-med-venlige-haandflader\/#primaryimage\",\"url\":\"https:\/\/kunmedierne.dk\/mors\/wp-content\/uploads\/2026\/03\/260311-vaelgermoede-skf-3-rasmus-christensen.jpg\",\"contentUrl\":\"https:\/\/kunmedierne.dk\/mors\/wp-content\/uploads\/2026\/03\/260311-vaelgermoede-skf-3-rasmus-christensen.jpg\",\"width\":1232,\"height\":821,\"caption\":\"Rasmus Christensen (V) argumenterede for nytten ved et budgetseminar, da kommunalbestyrelsen vedtog at droppe det som led i en ny proces for den kommunale budgetl\u00e6gning. Arkivfoto.\"},{\"@type\":\"BreadcrumbList\",\"@id\":\"https:\/\/kunmedierne.dk\/mors\/vaelgermoede-i-hvidbjerg-var-med-venlige-haandflader\/#breadcrumb\",\"itemListElement\":[{\"@type\":\"ListItem\",\"position\":1,\"name\":\"Hjem\",\"item\":\"https:\/\/kunmedierne.dk\/mors\/\"},{\"@type\":\"ListItem\",\"position\":2,\"name\":\"V\u00e6lgerm\u00f8de i Hvidbjerg var med venlige h\u00e5ndflader\"}]},{\"@type\":\"WebSite\",\"@id\":\"https:\/\/kunmedierne.dk\/mors\/#website\",\"url\":\"https:\/\/kunmedierne.dk\/mors\/\",\"name\":\"Mors\",\"description\":\"et netmedie med journalistik om livet p\u00e5 Mors\",\"publisher\":{\"@id\":\"https:\/\/kunmedierne.dk\/mors\/#organization\"},\"potentialAction\":[{\"@type\":\"SearchAction\",\"target\":{\"@type\":\"EntryPoint\",\"urlTemplate\":\"https:\/\/kunmedierne.dk\/mors\/?s={search_term_string}\"},\"query-input\":{\"@type\":\"PropertyValueSpecification\",\"valueRequired\":true,\"valueName\":\"search_term_string\"}}],\"inLanguage\":\"da-DK\"},{\"@type\":\"Organization\",\"@id\":\"https:\/\/kunmedierne.dk\/mors\/#organization\",\"name\":\"Mors\",\"url\":\"https:\/\/kunmedierne.dk\/mors\/\",\"logo\":{\"@type\":\"ImageObject\",\"inLanguage\":\"da-DK\",\"@id\":\"https:\/\/kunmedierne.dk\/mors\/#\/schema\/logo\/image\/\",\"url\":\"https:\/\/kunmedierne.dk\/mors\/wp-content\/uploads\/2024\/08\/kunmors-logo.svg\",\"contentUrl\":\"https:\/\/kunmedierne.dk\/mors\/wp-content\/uploads\/2024\/08\/kunmors-logo.svg\",\"caption\":\"Mors\"},\"image\":{\"@id\":\"https:\/\/kunmedierne.dk\/mors\/#\/schema\/logo\/image\/\"}},{\"@type\":\"Person\",\"@id\":\"https:\/\/kunmedierne.dk\/mors\/#\/schema\/person\/5fe23251bf1d0abbcdc6f7896579d548\",\"name\":\"David H\u00f8jmark\",\"image\":{\"@type\":\"ImageObject\",\"inLanguage\":\"da-DK\",\"@id\":\"https:\/\/kunmedierne.dk\/mors\/#\/schema\/person\/image\/\",\"url\":\"https:\/\/secure.gravatar.com\/avatar\/4315d6fb9ef244d729989f5f90268eb08d5bf8a3d84402f595fa194bb35784fd?s=96&d=mm&r=g\",\"contentUrl\":\"https:\/\/secure.gravatar.com\/avatar\/4315d6fb9ef244d729989f5f90268eb08d5bf8a3d84402f595fa194bb35784fd?s=96&d=mm&r=g\",\"caption\":\"David H\u00f8jmark\"},\"sameAs\":[\"https:\/\/www.kunmedierne.dk\"],\"url\":\"https:\/\/kunmedierne.dk\/mors\/author\/david\/\"}]}<\/script>\n<!-- \/ Yoast SEO plugin. -->","yoast_head_json":{"title":"V\u00e6lgerm\u00f8de i Hvidbjerg var med venlige h\u00e5ndflader - Mors","robots":{"index":"index","follow":"follow","max-snippet":"max-snippet:-1","max-image-preview":"max-image-preview:large","max-video-preview":"max-video-preview:-1"},"canonical":"https:\/\/kunmedierne.dk\/mors\/vaelgermoede-i-hvidbjerg-var-med-venlige-haandflader\/","og_locale":"da_DK","og_type":"article","og_title":"V\u00e6lgerm\u00f8de i Hvidbjerg var med venlige h\u00e5ndflader - Mors","og_description":"VALG: Det bliver tidligst til n\u00e6ste valg, de kommer til at afg\u00f8re noget som helst, men en flok elever fra 9. klasse p\u00e5 Sydvestmors Friskole ved allerede, hvordan man s\u00e6tter en dagsorden. Det kan man konstatere onsdag aften i Sydvestmors Kultur- og Fritidscenter, hvor omkring 100 borgere er til v\u00e6lgerm\u00f8de. Som eneste opstillingsberettigede parti til [&hellip;]","og_url":"https:\/\/kunmedierne.dk\/mors\/vaelgermoede-i-hvidbjerg-var-med-venlige-haandflader\/","og_site_name":"Mors","article_published_time":"2026-03-12T14:02:57+00:00","og_image":[{"width":1232,"height":821,"url":"https:\/\/kunmedierne.dk\/mors\/wp-content\/uploads\/2026\/03\/260311-vaelgermoede-skf-3-rasmus-christensen.jpg","type":"image\/jpeg"}],"author":"David H\u00f8jmark","twitter_card":"summary_large_image","twitter_misc":{"Skrevet af":"David H\u00f8jmark","Estimeret l\u00e6setid":"9 minutter"},"schema":{"@context":"https:\/\/schema.org","@graph":[{"@type":"Article","@id":"https:\/\/kunmedierne.dk\/mors\/vaelgermoede-i-hvidbjerg-var-med-venlige-haandflader\/#article","isPartOf":{"@id":"https:\/\/kunmedierne.dk\/mors\/vaelgermoede-i-hvidbjerg-var-med-venlige-haandflader\/"},"author":{"name":"David H\u00f8jmark","@id":"https:\/\/kunmedierne.dk\/mors\/#\/schema\/person\/5fe23251bf1d0abbcdc6f7896579d548"},"headline":"V\u00e6lgerm\u00f8de i Hvidbjerg var med venlige h\u00e5ndflader","datePublished":"2026-03-12T14:02:57+00:00","mainEntityOfPage":{"@id":"https:\/\/kunmedierne.dk\/mors\/vaelgermoede-i-hvidbjerg-var-med-venlige-haandflader\/"},"wordCount":1515,"publisher":{"@id":"https:\/\/kunmedierne.dk\/mors\/#organization"},"image":{"@id":"https:\/\/kunmedierne.dk\/mors\/vaelgermoede-i-hvidbjerg-var-med-venlige-haandflader\/#primaryimage"},"thumbnailUrl":"https:\/\/kunmedierne.dk\/mors\/wp-content\/uploads\/2026\/03\/260311-vaelgermoede-skf-3-rasmus-christensen.jpg","keywords":["Politik"],"articleSection":["Lokalt"],"inLanguage":"da-DK"},{"@type":"WebPage","@id":"https:\/\/kunmedierne.dk\/mors\/vaelgermoede-i-hvidbjerg-var-med-venlige-haandflader\/","url":"https:\/\/kunmedierne.dk\/mors\/vaelgermoede-i-hvidbjerg-var-med-venlige-haandflader\/","name":"V\u00e6lgerm\u00f8de i Hvidbjerg var med venlige h\u00e5ndflader - Mors","isPartOf":{"@id":"https:\/\/kunmedierne.dk\/mors\/#website"},"primaryImageOfPage":{"@id":"https:\/\/kunmedierne.dk\/mors\/vaelgermoede-i-hvidbjerg-var-med-venlige-haandflader\/#primaryimage"},"image":{"@id":"https:\/\/kunmedierne.dk\/mors\/vaelgermoede-i-hvidbjerg-var-med-venlige-haandflader\/#primaryimage"},"thumbnailUrl":"https:\/\/kunmedierne.dk\/mors\/wp-content\/uploads\/2026\/03\/260311-vaelgermoede-skf-3-rasmus-christensen.jpg","datePublished":"2026-03-12T14:02:57+00:00","breadcrumb":{"@id":"https:\/\/kunmedierne.dk\/mors\/vaelgermoede-i-hvidbjerg-var-med-venlige-haandflader\/#breadcrumb"},"inLanguage":"da-DK","potentialAction":[{"@type":"ReadAction","target":["https:\/\/kunmedierne.dk\/mors\/vaelgermoede-i-hvidbjerg-var-med-venlige-haandflader\/"]}]},{"@type":"ImageObject","inLanguage":"da-DK","@id":"https:\/\/kunmedierne.dk\/mors\/vaelgermoede-i-hvidbjerg-var-med-venlige-haandflader\/#primaryimage","url":"https:\/\/kunmedierne.dk\/mors\/wp-content\/uploads\/2026\/03\/260311-vaelgermoede-skf-3-rasmus-christensen.jpg","contentUrl":"https:\/\/kunmedierne.dk\/mors\/wp-content\/uploads\/2026\/03\/260311-vaelgermoede-skf-3-rasmus-christensen.jpg","width":1232,"height":821,"caption":"Rasmus Christensen (V) argumenterede for nytten ved et budgetseminar, da kommunalbestyrelsen vedtog at droppe det som led i en ny proces for den kommunale budgetl\u00e6gning. Arkivfoto."},{"@type":"BreadcrumbList","@id":"https:\/\/kunmedierne.dk\/mors\/vaelgermoede-i-hvidbjerg-var-med-venlige-haandflader\/#breadcrumb","itemListElement":[{"@type":"ListItem","position":1,"name":"Hjem","item":"https:\/\/kunmedierne.dk\/mors\/"},{"@type":"ListItem","position":2,"name":"V\u00e6lgerm\u00f8de i Hvidbjerg var med venlige h\u00e5ndflader"}]},{"@type":"WebSite","@id":"https:\/\/kunmedierne.dk\/mors\/#website","url":"https:\/\/kunmedierne.dk\/mors\/","name":"Mors","description":"et netmedie med journalistik om livet p\u00e5 Mors","publisher":{"@id":"https:\/\/kunmedierne.dk\/mors\/#organization"},"potentialAction":[{"@type":"SearchAction","target":{"@type":"EntryPoint","urlTemplate":"https:\/\/kunmedierne.dk\/mors\/?s={search_term_string}"},"query-input":{"@type":"PropertyValueSpecification","valueRequired":true,"valueName":"search_term_string"}}],"inLanguage":"da-DK"},{"@type":"Organization","@id":"https:\/\/kunmedierne.dk\/mors\/#organization","name":"Mors","url":"https:\/\/kunmedierne.dk\/mors\/","logo":{"@type":"ImageObject","inLanguage":"da-DK","@id":"https:\/\/kunmedierne.dk\/mors\/#\/schema\/logo\/image\/","url":"https:\/\/kunmedierne.dk\/mors\/wp-content\/uploads\/2024\/08\/kunmors-logo.svg","contentUrl":"https:\/\/kunmedierne.dk\/mors\/wp-content\/uploads\/2024\/08\/kunmors-logo.svg","caption":"Mors"},"image":{"@id":"https:\/\/kunmedierne.dk\/mors\/#\/schema\/logo\/image\/"}},{"@type":"Person","@id":"https:\/\/kunmedierne.dk\/mors\/#\/schema\/person\/5fe23251bf1d0abbcdc6f7896579d548","name":"David H\u00f8jmark","image":{"@type":"ImageObject","inLanguage":"da-DK","@id":"https:\/\/kunmedierne.dk\/mors\/#\/schema\/person\/image\/","url":"https:\/\/secure.gravatar.com\/avatar\/4315d6fb9ef244d729989f5f90268eb08d5bf8a3d84402f595fa194bb35784fd?s=96&d=mm&r=g","contentUrl":"https:\/\/secure.gravatar.com\/avatar\/4315d6fb9ef244d729989f5f90268eb08d5bf8a3d84402f595fa194bb35784fd?s=96&d=mm&r=g","caption":"David H\u00f8jmark"},"sameAs":["https:\/\/www.kunmedierne.dk"],"url":"https:\/\/kunmedierne.dk\/mors\/author\/david\/"}]}},"_links":{"self":[{"href":"https:\/\/kunmedierne.dk\/mors\/wp-json\/wp\/v2\/posts\/169424","targetHints":{"allow":["GET"]}}],"collection":[{"href":"https:\/\/kunmedierne.dk\/mors\/wp-json\/wp\/v2\/posts"}],"about":[{"href":"https:\/\/kunmedierne.dk\/mors\/wp-json\/wp\/v2\/types\/post"}],"author":[{"embeddable":true,"href":"https:\/\/kunmedierne.dk\/mors\/wp-json\/wp\/v2\/users\/8"}],"replies":[{"embeddable":true,"href":"https:\/\/kunmedierne.dk\/mors\/wp-json\/wp\/v2\/comments?post=169424"}],"version-history":[{"count":8,"href":"https:\/\/kunmedierne.dk\/mors\/wp-json\/wp\/v2\/posts\/169424\/revisions"}],"predecessor-version":[{"id":169488,"href":"https:\/\/kunmedierne.dk\/mors\/wp-json\/wp\/v2\/posts\/169424\/revisions\/169488"}],"wp:attachment":[{"href":"https:\/\/kunmedierne.dk\/mors\/wp-json\/wp\/v2\/media?parent=169424"}],"wp:term":[{"taxonomy":"category","embeddable":true,"href":"https:\/\/kunmedierne.dk\/mors\/wp-json\/wp\/v2\/categories?post=169424"},{"taxonomy":"post_tag","embeddable":true,"href":"https:\/\/kunmedierne.dk\/mors\/wp-json\/wp\/v2\/tags?post=169424"}],"curies":[{"name":"wp","href":"https:\/\/api.w.org\/{rel}","templated":true}]}}