{"id":16925,"date":"2020-04-07T20:36:33","date_gmt":"2020-04-07T18:36:33","guid":{"rendered":"https:\/\/kunmedierne.dk\/mors\/?p=16925"},"modified":"2024-08-12T14:06:15","modified_gmt":"2024-08-12T12:06:15","slug":"borgmesteren-vi-er-allerede-langt","status":"publish","type":"post","link":"https:\/\/kunmedierne.dk\/mors\/borgmesteren-vi-er-allerede-langt\/","title":{"rendered":"Borgmesteren: &#8211; Vi er allerede langt"},"content":{"rendered":"<p><strong>MORS<\/strong>: Som omtalt i en artikel mandag \u00f8nsker Socialdemokratiet p\u00e5 Mors at iv\u00e6rks\u00e6tte en lokal hj\u00e6lpepakke p\u00e5 cirka tre millioner kroner. Partiet foresl\u00e5r blandt andet, at Mors\u00f8 Kommune <span style=\"display: inline !important; float: none; background-color: #ffffff; color: #444444; font-family: 'Open Sans',Arial,Helvetica,sans-serif; font-size: 16px; font-style: normal; font-variant: normal; font-weight: normal; letter-spacing: normal; line-height: 26px; orphans: 2; text-align: left; text-decoration: none; text-indent: 0px; text-transform: none; visibility: visible; -webkit-text-stroke-width: 0px; white-space: normal; word-spacing: 0px;\">s\u00e6tter gang i en r\u00e6kke anl\u00e6gsinitiativer ud over dem, der allerede er besluttet.\u00a0<\/span><\/p>\n<p>&#8220;<span style=\"display: inline !important; float: none; background-color: #ffffff; color: #444444; font-family: 'Open Sans',Arial,Helvetica,sans-serif; font-size: 16px; font-style: normal; font-variant: normal; font-weight: normal; letter-spacing: normal; line-height: 26px; orphans: 2; text-align: left; text-decoration: none; text-indent: 0px; text-transform: none; visibility: visible; -webkit-text-stroke-width: 0px; white-space: normal; word-spacing: 0px;\">Anl\u00e6g, der er m\u00e5lrettet forbedring af eksisterende bygninger, forbedring af faciliteter for turister og offentligheden samt bidrag til klimaforbedringer,\u201d hedder det i et opl\u00e6g fra de fem socialdemokrater i kommunalbestyrelsen.<\/span><\/p>\n<p>Borgmester Hans Ejner Bertelsen (V) bifalder udspillet, som han beskriver som et udtryk for, at alle har et \u00f8nske om at hj\u00e6lpe til med udfordringen.<\/p>\n<p>&#8220;Men i forhold til at g\u00f8re noget ekstra er vi faktisk allerede n\u00e5et langt. P\u00e5 n\u00e6ste dagsorden for udvalget for teknik og milj\u00f8 er der for eksempel et punkt p\u00e5 dagsordenen om energirenovering,&#8221; siger Hans Ejner Bertelsen.<\/p>\n<p>Han henviser til, at udvalget 15. april skal tage stilling til et forslag om at fremrykke energirenoveringsprojekter p\u00e5 op til 4.865.000 kroner. En fremrykning, der er kommet p\u00e5 tegnebr\u00e6ttet for at afb\u00f8de konsekvenserne af coronakrisen for det lokale erhvervsliv.<\/p>\n<p>&#8220;S\u00e5 Socialdemokratiet bliver m\u00e5ske overhalet af det arbejde, der allerede er sat i gang,&#8221; siger Hans Ejner Bertelsen, som alligevel kvitterer for forslaget.<\/p>\n<p>&#8220;Alt det, vi kan tr\u00e6kke frem, er med til at hj\u00e6lpe erhvervslivet,&#8221; siger han.<\/p>\n","protected":false},"excerpt":{"rendered":"<p>MORS: Som omtalt i en artikel mandag \u00f8nsker Socialdemokratiet p\u00e5 Mors at iv\u00e6rks\u00e6tte en lokal hj\u00e6lpepakke p\u00e5 cirka tre millioner kroner. Partiet foresl\u00e5r blandt andet, at Mors\u00f8 Kommune s\u00e6tter gang i en r\u00e6kke anl\u00e6gsinitiativer ud over dem, der allerede er besluttet.\u00a0 &#8220;Anl\u00e6g, der er m\u00e5lrettet forbedring af eksisterende bygninger, forbedring af faciliteter for turister og [&hellip;]<\/p>\n","protected":false},"author":8,"featured_media":13995,"comment_status":"open","ping_status":"open","sticky":false,"template":"","format":"standard","meta":{"_acf_changed":false,"footnotes":""},"categories":[51],"tags":[159,167],"class_list":["post-16925","post","type-post","status-publish","format-standard","has-post-thumbnail","hentry","category-lokalt","tag-erhverv","tag-politik"],"acf":[],"yoast_head":"<!-- This site is optimized with the Yoast SEO plugin v26.8 - https:\/\/yoast.com\/product\/yoast-seo-wordpress\/ -->\n<title>Borgmesteren: - Vi er allerede langt - Mors<\/title>\n<meta name=\"robots\" content=\"index, follow, max-snippet:-1, max-image-preview:large, max-video-preview:-1\" \/>\n<link rel=\"canonical\" href=\"https:\/\/kunmedierne.dk\/mors\/borgmesteren-vi-er-allerede-langt\/\" \/>\n<meta property=\"og:locale\" content=\"da_DK\" \/>\n<meta property=\"og:type\" content=\"article\" \/>\n<meta property=\"og:title\" content=\"Borgmesteren: - Vi er allerede langt - Mors\" \/>\n<meta property=\"og:description\" content=\"MORS: Som omtalt i en artikel mandag \u00f8nsker Socialdemokratiet p\u00e5 Mors at iv\u00e6rks\u00e6tte en lokal hj\u00e6lpepakke p\u00e5 cirka tre millioner kroner. Partiet foresl\u00e5r blandt andet, at Mors\u00f8 Kommune s\u00e6tter gang i en r\u00e6kke anl\u00e6gsinitiativer ud over dem, der allerede er besluttet.\u00a0 &#8220;Anl\u00e6g, der er m\u00e5lrettet forbedring af eksisterende bygninger, forbedring af faciliteter for turister og [&hellip;]\" \/>\n<meta property=\"og:url\" content=\"https:\/\/kunmedierne.dk\/mors\/borgmesteren-vi-er-allerede-langt\/\" \/>\n<meta property=\"og:site_name\" content=\"Mors\" \/>\n<meta property=\"article:published_time\" content=\"2020-04-07T18:36:33+00:00\" \/>\n<meta property=\"article:modified_time\" content=\"2024-08-12T12:06:15+00:00\" \/>\n<meta property=\"og:image\" content=\"https:\/\/kunmedierne.dk\/mors\/wp-content\/uploads\/2020\/03\/200101-hans-ejner-bertelsen-V.jpg\" \/>\n\t<meta property=\"og:image:width\" content=\"770\" \/>\n\t<meta property=\"og:image:height\" content=\"513\" \/>\n\t<meta property=\"og:image:type\" content=\"image\/jpeg\" \/>\n<meta name=\"author\" content=\"David H\u00f8jmark\" \/>\n<meta name=\"twitter:card\" content=\"summary_large_image\" \/>\n<meta name=\"twitter:label1\" content=\"Skrevet af\" \/>\n\t<meta name=\"twitter:data1\" content=\"David H\u00f8jmark\" \/>\n\t<meta name=\"twitter:label2\" content=\"Estimeret l\u00e6setid\" \/>\n\t<meta name=\"twitter:data2\" content=\"1 minut\" \/>\n<script type=\"application\/ld+json\" class=\"yoast-schema-graph\">{\"@context\":\"https:\/\/schema.org\",\"@graph\":[{\"@type\":\"Article\",\"@id\":\"https:\/\/kunmedierne.dk\/mors\/borgmesteren-vi-er-allerede-langt\/#article\",\"isPartOf\":{\"@id\":\"https:\/\/kunmedierne.dk\/mors\/borgmesteren-vi-er-allerede-langt\/\"},\"author\":{\"name\":\"David H\u00f8jmark\",\"@id\":\"https:\/\/kunmedierne.dk\/mors\/#\/schema\/person\/5fe23251bf1d0abbcdc6f7896579d548\"},\"headline\":\"Borgmesteren: &#8211; Vi er allerede langt\",\"datePublished\":\"2020-04-07T18:36:33+00:00\",\"dateModified\":\"2024-08-12T12:06:15+00:00\",\"mainEntityOfPage\":{\"@id\":\"https:\/\/kunmedierne.dk\/mors\/borgmesteren-vi-er-allerede-langt\/\"},\"wordCount\":232,\"commentCount\":0,\"publisher\":{\"@id\":\"https:\/\/kunmedierne.dk\/mors\/#organization\"},\"image\":{\"@id\":\"https:\/\/kunmedierne.dk\/mors\/borgmesteren-vi-er-allerede-langt\/#primaryimage\"},\"thumbnailUrl\":\"https:\/\/kunmedierne.dk\/mors\/wp-content\/uploads\/2020\/03\/200101-hans-ejner-bertelsen-V.jpg\",\"keywords\":[\"Erhverv\",\"Politik\"],\"articleSection\":[\"Lokalt\"],\"inLanguage\":\"da-DK\",\"potentialAction\":[{\"@type\":\"CommentAction\",\"name\":\"Comment\",\"target\":[\"https:\/\/kunmedierne.dk\/mors\/borgmesteren-vi-er-allerede-langt\/#respond\"]}]},{\"@type\":\"WebPage\",\"@id\":\"https:\/\/kunmedierne.dk\/mors\/borgmesteren-vi-er-allerede-langt\/\",\"url\":\"https:\/\/kunmedierne.dk\/mors\/borgmesteren-vi-er-allerede-langt\/\",\"name\":\"Borgmesteren: - Vi er allerede langt - Mors\",\"isPartOf\":{\"@id\":\"https:\/\/kunmedierne.dk\/mors\/#website\"},\"primaryImageOfPage\":{\"@id\":\"https:\/\/kunmedierne.dk\/mors\/borgmesteren-vi-er-allerede-langt\/#primaryimage\"},\"image\":{\"@id\":\"https:\/\/kunmedierne.dk\/mors\/borgmesteren-vi-er-allerede-langt\/#primaryimage\"},\"thumbnailUrl\":\"https:\/\/kunmedierne.dk\/mors\/wp-content\/uploads\/2020\/03\/200101-hans-ejner-bertelsen-V.jpg\",\"datePublished\":\"2020-04-07T18:36:33+00:00\",\"dateModified\":\"2024-08-12T12:06:15+00:00\",\"breadcrumb\":{\"@id\":\"https:\/\/kunmedierne.dk\/mors\/borgmesteren-vi-er-allerede-langt\/#breadcrumb\"},\"inLanguage\":\"da-DK\",\"potentialAction\":[{\"@type\":\"ReadAction\",\"target\":[\"https:\/\/kunmedierne.dk\/mors\/borgmesteren-vi-er-allerede-langt\/\"]}]},{\"@type\":\"ImageObject\",\"inLanguage\":\"da-DK\",\"@id\":\"https:\/\/kunmedierne.dk\/mors\/borgmesteren-vi-er-allerede-langt\/#primaryimage\",\"url\":\"https:\/\/kunmedierne.dk\/mors\/wp-content\/uploads\/2020\/03\/200101-hans-ejner-bertelsen-V.jpg\",\"contentUrl\":\"https:\/\/kunmedierne.dk\/mors\/wp-content\/uploads\/2020\/03\/200101-hans-ejner-bertelsen-V.jpg\",\"width\":770,\"height\":513,\"caption\":\"Borgmester Hans Ejner Bertelsen (V). Foto: Per Bech\/Mors\u00f8 Kommune.\"},{\"@type\":\"BreadcrumbList\",\"@id\":\"https:\/\/kunmedierne.dk\/mors\/borgmesteren-vi-er-allerede-langt\/#breadcrumb\",\"itemListElement\":[{\"@type\":\"ListItem\",\"position\":1,\"name\":\"Hjem\",\"item\":\"https:\/\/kunmedierne.dk\/mors\/\"},{\"@type\":\"ListItem\",\"position\":2,\"name\":\"Borgmesteren: &#8211; Vi er allerede langt\"}]},{\"@type\":\"WebSite\",\"@id\":\"https:\/\/kunmedierne.dk\/mors\/#website\",\"url\":\"https:\/\/kunmedierne.dk\/mors\/\",\"name\":\"Mors\",\"description\":\"et netmedie med journalistik om livet p\u00e5 Mors\",\"publisher\":{\"@id\":\"https:\/\/kunmedierne.dk\/mors\/#organization\"},\"potentialAction\":[{\"@type\":\"SearchAction\",\"target\":{\"@type\":\"EntryPoint\",\"urlTemplate\":\"https:\/\/kunmedierne.dk\/mors\/?s={search_term_string}\"},\"query-input\":{\"@type\":\"PropertyValueSpecification\",\"valueRequired\":true,\"valueName\":\"search_term_string\"}}],\"inLanguage\":\"da-DK\"},{\"@type\":\"Organization\",\"@id\":\"https:\/\/kunmedierne.dk\/mors\/#organization\",\"name\":\"Mors\",\"url\":\"https:\/\/kunmedierne.dk\/mors\/\",\"logo\":{\"@type\":\"ImageObject\",\"inLanguage\":\"da-DK\",\"@id\":\"https:\/\/kunmedierne.dk\/mors\/#\/schema\/logo\/image\/\",\"url\":\"https:\/\/kunmedierne.dk\/mors\/wp-content\/uploads\/2024\/08\/kunmors-logo.svg\",\"contentUrl\":\"https:\/\/kunmedierne.dk\/mors\/wp-content\/uploads\/2024\/08\/kunmors-logo.svg\",\"caption\":\"Mors\"},\"image\":{\"@id\":\"https:\/\/kunmedierne.dk\/mors\/#\/schema\/logo\/image\/\"}},{\"@type\":\"Person\",\"@id\":\"https:\/\/kunmedierne.dk\/mors\/#\/schema\/person\/5fe23251bf1d0abbcdc6f7896579d548\",\"name\":\"David H\u00f8jmark\",\"image\":{\"@type\":\"ImageObject\",\"inLanguage\":\"da-DK\",\"@id\":\"https:\/\/kunmedierne.dk\/mors\/#\/schema\/person\/image\/\",\"url\":\"https:\/\/secure.gravatar.com\/avatar\/4315d6fb9ef244d729989f5f90268eb08d5bf8a3d84402f595fa194bb35784fd?s=96&d=mm&r=g\",\"contentUrl\":\"https:\/\/secure.gravatar.com\/avatar\/4315d6fb9ef244d729989f5f90268eb08d5bf8a3d84402f595fa194bb35784fd?s=96&d=mm&r=g\",\"caption\":\"David H\u00f8jmark\"},\"sameAs\":[\"https:\/\/www.kunmedierne.dk\"],\"url\":\"https:\/\/kunmedierne.dk\/mors\/author\/david\/\"}]}<\/script>\n<!-- \/ Yoast SEO plugin. -->","yoast_head_json":{"title":"Borgmesteren: - Vi er allerede langt - Mors","robots":{"index":"index","follow":"follow","max-snippet":"max-snippet:-1","max-image-preview":"max-image-preview:large","max-video-preview":"max-video-preview:-1"},"canonical":"https:\/\/kunmedierne.dk\/mors\/borgmesteren-vi-er-allerede-langt\/","og_locale":"da_DK","og_type":"article","og_title":"Borgmesteren: - Vi er allerede langt - Mors","og_description":"MORS: Som omtalt i en artikel mandag \u00f8nsker Socialdemokratiet p\u00e5 Mors at iv\u00e6rks\u00e6tte en lokal hj\u00e6lpepakke p\u00e5 cirka tre millioner kroner. Partiet foresl\u00e5r blandt andet, at Mors\u00f8 Kommune s\u00e6tter gang i en r\u00e6kke anl\u00e6gsinitiativer ud over dem, der allerede er besluttet.\u00a0 &#8220;Anl\u00e6g, der er m\u00e5lrettet forbedring af eksisterende bygninger, forbedring af faciliteter for turister og [&hellip;]","og_url":"https:\/\/kunmedierne.dk\/mors\/borgmesteren-vi-er-allerede-langt\/","og_site_name":"Mors","article_published_time":"2020-04-07T18:36:33+00:00","article_modified_time":"2024-08-12T12:06:15+00:00","og_image":[{"width":770,"height":513,"url":"https:\/\/kunmedierne.dk\/mors\/wp-content\/uploads\/2020\/03\/200101-hans-ejner-bertelsen-V.jpg","type":"image\/jpeg"}],"author":"David H\u00f8jmark","twitter_card":"summary_large_image","twitter_misc":{"Skrevet af":"David H\u00f8jmark","Estimeret l\u00e6setid":"1 minut"},"schema":{"@context":"https:\/\/schema.org","@graph":[{"@type":"Article","@id":"https:\/\/kunmedierne.dk\/mors\/borgmesteren-vi-er-allerede-langt\/#article","isPartOf":{"@id":"https:\/\/kunmedierne.dk\/mors\/borgmesteren-vi-er-allerede-langt\/"},"author":{"name":"David H\u00f8jmark","@id":"https:\/\/kunmedierne.dk\/mors\/#\/schema\/person\/5fe23251bf1d0abbcdc6f7896579d548"},"headline":"Borgmesteren: &#8211; Vi er allerede langt","datePublished":"2020-04-07T18:36:33+00:00","dateModified":"2024-08-12T12:06:15+00:00","mainEntityOfPage":{"@id":"https:\/\/kunmedierne.dk\/mors\/borgmesteren-vi-er-allerede-langt\/"},"wordCount":232,"commentCount":0,"publisher":{"@id":"https:\/\/kunmedierne.dk\/mors\/#organization"},"image":{"@id":"https:\/\/kunmedierne.dk\/mors\/borgmesteren-vi-er-allerede-langt\/#primaryimage"},"thumbnailUrl":"https:\/\/kunmedierne.dk\/mors\/wp-content\/uploads\/2020\/03\/200101-hans-ejner-bertelsen-V.jpg","keywords":["Erhverv","Politik"],"articleSection":["Lokalt"],"inLanguage":"da-DK","potentialAction":[{"@type":"CommentAction","name":"Comment","target":["https:\/\/kunmedierne.dk\/mors\/borgmesteren-vi-er-allerede-langt\/#respond"]}]},{"@type":"WebPage","@id":"https:\/\/kunmedierne.dk\/mors\/borgmesteren-vi-er-allerede-langt\/","url":"https:\/\/kunmedierne.dk\/mors\/borgmesteren-vi-er-allerede-langt\/","name":"Borgmesteren: - Vi er allerede langt - Mors","isPartOf":{"@id":"https:\/\/kunmedierne.dk\/mors\/#website"},"primaryImageOfPage":{"@id":"https:\/\/kunmedierne.dk\/mors\/borgmesteren-vi-er-allerede-langt\/#primaryimage"},"image":{"@id":"https:\/\/kunmedierne.dk\/mors\/borgmesteren-vi-er-allerede-langt\/#primaryimage"},"thumbnailUrl":"https:\/\/kunmedierne.dk\/mors\/wp-content\/uploads\/2020\/03\/200101-hans-ejner-bertelsen-V.jpg","datePublished":"2020-04-07T18:36:33+00:00","dateModified":"2024-08-12T12:06:15+00:00","breadcrumb":{"@id":"https:\/\/kunmedierne.dk\/mors\/borgmesteren-vi-er-allerede-langt\/#breadcrumb"},"inLanguage":"da-DK","potentialAction":[{"@type":"ReadAction","target":["https:\/\/kunmedierne.dk\/mors\/borgmesteren-vi-er-allerede-langt\/"]}]},{"@type":"ImageObject","inLanguage":"da-DK","@id":"https:\/\/kunmedierne.dk\/mors\/borgmesteren-vi-er-allerede-langt\/#primaryimage","url":"https:\/\/kunmedierne.dk\/mors\/wp-content\/uploads\/2020\/03\/200101-hans-ejner-bertelsen-V.jpg","contentUrl":"https:\/\/kunmedierne.dk\/mors\/wp-content\/uploads\/2020\/03\/200101-hans-ejner-bertelsen-V.jpg","width":770,"height":513,"caption":"Borgmester Hans Ejner Bertelsen (V). Foto: Per Bech\/Mors\u00f8 Kommune."},{"@type":"BreadcrumbList","@id":"https:\/\/kunmedierne.dk\/mors\/borgmesteren-vi-er-allerede-langt\/#breadcrumb","itemListElement":[{"@type":"ListItem","position":1,"name":"Hjem","item":"https:\/\/kunmedierne.dk\/mors\/"},{"@type":"ListItem","position":2,"name":"Borgmesteren: &#8211; Vi er allerede langt"}]},{"@type":"WebSite","@id":"https:\/\/kunmedierne.dk\/mors\/#website","url":"https:\/\/kunmedierne.dk\/mors\/","name":"Mors","description":"et netmedie med journalistik om livet p\u00e5 Mors","publisher":{"@id":"https:\/\/kunmedierne.dk\/mors\/#organization"},"potentialAction":[{"@type":"SearchAction","target":{"@type":"EntryPoint","urlTemplate":"https:\/\/kunmedierne.dk\/mors\/?s={search_term_string}"},"query-input":{"@type":"PropertyValueSpecification","valueRequired":true,"valueName":"search_term_string"}}],"inLanguage":"da-DK"},{"@type":"Organization","@id":"https:\/\/kunmedierne.dk\/mors\/#organization","name":"Mors","url":"https:\/\/kunmedierne.dk\/mors\/","logo":{"@type":"ImageObject","inLanguage":"da-DK","@id":"https:\/\/kunmedierne.dk\/mors\/#\/schema\/logo\/image\/","url":"https:\/\/kunmedierne.dk\/mors\/wp-content\/uploads\/2024\/08\/kunmors-logo.svg","contentUrl":"https:\/\/kunmedierne.dk\/mors\/wp-content\/uploads\/2024\/08\/kunmors-logo.svg","caption":"Mors"},"image":{"@id":"https:\/\/kunmedierne.dk\/mors\/#\/schema\/logo\/image\/"}},{"@type":"Person","@id":"https:\/\/kunmedierne.dk\/mors\/#\/schema\/person\/5fe23251bf1d0abbcdc6f7896579d548","name":"David H\u00f8jmark","image":{"@type":"ImageObject","inLanguage":"da-DK","@id":"https:\/\/kunmedierne.dk\/mors\/#\/schema\/person\/image\/","url":"https:\/\/secure.gravatar.com\/avatar\/4315d6fb9ef244d729989f5f90268eb08d5bf8a3d84402f595fa194bb35784fd?s=96&d=mm&r=g","contentUrl":"https:\/\/secure.gravatar.com\/avatar\/4315d6fb9ef244d729989f5f90268eb08d5bf8a3d84402f595fa194bb35784fd?s=96&d=mm&r=g","caption":"David H\u00f8jmark"},"sameAs":["https:\/\/www.kunmedierne.dk"],"url":"https:\/\/kunmedierne.dk\/mors\/author\/david\/"}]}},"_links":{"self":[{"href":"https:\/\/kunmedierne.dk\/mors\/wp-json\/wp\/v2\/posts\/16925","targetHints":{"allow":["GET"]}}],"collection":[{"href":"https:\/\/kunmedierne.dk\/mors\/wp-json\/wp\/v2\/posts"}],"about":[{"href":"https:\/\/kunmedierne.dk\/mors\/wp-json\/wp\/v2\/types\/post"}],"author":[{"embeddable":true,"href":"https:\/\/kunmedierne.dk\/mors\/wp-json\/wp\/v2\/users\/8"}],"replies":[{"embeddable":true,"href":"https:\/\/kunmedierne.dk\/mors\/wp-json\/wp\/v2\/comments?post=16925"}],"version-history":[{"count":1,"href":"https:\/\/kunmedierne.dk\/mors\/wp-json\/wp\/v2\/posts\/16925\/revisions"}],"predecessor-version":[{"id":16926,"href":"https:\/\/kunmedierne.dk\/mors\/wp-json\/wp\/v2\/posts\/16925\/revisions\/16926"}],"wp:featuredmedia":[{"embeddable":true,"href":"https:\/\/kunmedierne.dk\/mors\/wp-json\/wp\/v2\/media\/13995"}],"wp:attachment":[{"href":"https:\/\/kunmedierne.dk\/mors\/wp-json\/wp\/v2\/media?parent=16925"}],"wp:term":[{"taxonomy":"category","embeddable":true,"href":"https:\/\/kunmedierne.dk\/mors\/wp-json\/wp\/v2\/categories?post=16925"},{"taxonomy":"post_tag","embeddable":true,"href":"https:\/\/kunmedierne.dk\/mors\/wp-json\/wp\/v2\/tags?post=16925"}],"curies":[{"name":"wp","href":"https:\/\/api.w.org\/{rel}","templated":true}]}}