{"id":169080,"date":"2026-03-07T10:45:58","date_gmt":"2026-03-07T09:45:58","guid":{"rendered":"https:\/\/kunmedierne.dk\/mors\/?p=169080"},"modified":"2026-03-07T10:45:58","modified_gmt":"2026-03-07T09:45:58","slug":"hoejskoleforeningen-lukker-saesonen-med-et-foredrag-om-jeppe-aakjaer","status":"publish","type":"post","link":"https:\/\/kunmedierne.dk\/mors\/hoejskoleforeningen-lukker-saesonen-med-et-foredrag-om-jeppe-aakjaer\/","title":{"rendered":"<span>H\u00f8jskoleforeningen lukker s\u00e6sonen med et foredrag om Jeppe Aakj\u00e6r<\/span>"},"content":{"rendered":"<hr \/>\n<h5 style=\"text-align: center;\">Annonc\u00f8rbetalt indhold<\/h5>\n<hr \/>\n<p>S\u00e6sonen for sp\u00e6ndende foredrag hos Nyk\u00f8bing Mors H\u00f8jskoleforening slutter med et lokalt perspektiv.<\/p>\n<p>Tirsdag den 10. marts bes\u00f8ger Mors Rok kirkecentret i Nyk\u00f8bing for en fort\u00e6llekoncert om forfatteren Jeppe Aakj\u00e6r fra Jenle i Salling.<\/p>\n<p>Aftenens overskrift er &#8220;Jeppe Aakj\u00e6r &#8211; Liv og Sang fra Aakj\u00e6r til Jenle&#8221;, og udgangspunktet for Mors Rok, der blev dannet i 2016, er passionen for forfatteren, der levede fra 1866 til 1930. Hans liv og v\u00e6r samt lyst til at formidle hans lysende klare og stadig h\u00f8jaktuelle budskaber kommer til inspiration og debat.<\/p>\n<p>Efter kaffen er der generalforsamling i i Nyk\u00f8bing Mors H\u00f8jskoleforening, som dermed lukker ned for r\u00e6kken af foredrag i s\u00e6sonen 2025-26.<\/p>\n","protected":false},"excerpt":{"rendered":"<p>Annonc\u00f8rbetalt indhold S\u00e6sonen for sp\u00e6ndende foredrag hos Nyk\u00f8bing Mors H\u00f8jskoleforening slutter med et lokalt perspektiv. Tirsdag den 10. marts bes\u00f8ger Mors Rok kirkecentret i Nyk\u00f8bing for en fort\u00e6llekoncert om forfatteren Jeppe Aakj\u00e6r fra Jenle i Salling. Aftenens overskrift er &#8220;Jeppe Aakj\u00e6r &#8211; Liv og Sang fra Aakj\u00e6r til Jenle&#8221;, og udgangspunktet for Mors Rok, der [&hellip;]<\/p>\n","protected":false},"author":8,"featured_media":0,"comment_status":"closed","ping_status":"closed","sticky":false,"template":"","format":"standard","meta":{"_acf_changed":false,"footnotes":""},"categories":[183,51],"tags":[],"class_list":["post-169080","post","type-post","status-publish","format-standard","hentry","category-annonce","category-lokalt"],"acf":[],"yoast_head":"<!-- This site is optimized with the Yoast SEO plugin v26.8 - https:\/\/yoast.com\/product\/yoast-seo-wordpress\/ -->\n<title>H\u00f8jskoleforeningen lukker s\u00e6sonen med et foredrag om Jeppe Aakj\u00e6r - Mors<\/title>\n<meta name=\"robots\" content=\"index, follow, max-snippet:-1, max-image-preview:large, max-video-preview:-1\" \/>\n<link rel=\"canonical\" href=\"https:\/\/kunmedierne.dk\/mors\/hoejskoleforeningen-lukker-saesonen-med-et-foredrag-om-jeppe-aakjaer\/\" \/>\n<meta property=\"og:locale\" content=\"da_DK\" \/>\n<meta property=\"og:type\" content=\"article\" \/>\n<meta property=\"og:title\" content=\"H\u00f8jskoleforeningen lukker s\u00e6sonen med et foredrag om Jeppe Aakj\u00e6r - Mors\" \/>\n<meta property=\"og:description\" content=\"Annonc\u00f8rbetalt indhold S\u00e6sonen for sp\u00e6ndende foredrag hos Nyk\u00f8bing Mors H\u00f8jskoleforening slutter med et lokalt perspektiv. Tirsdag den 10. marts bes\u00f8ger Mors Rok kirkecentret i Nyk\u00f8bing for en fort\u00e6llekoncert om forfatteren Jeppe Aakj\u00e6r fra Jenle i Salling. Aftenens overskrift er &#8220;Jeppe Aakj\u00e6r &#8211; Liv og Sang fra Aakj\u00e6r til Jenle&#8221;, og udgangspunktet for Mors Rok, der [&hellip;]\" \/>\n<meta property=\"og:url\" content=\"https:\/\/kunmedierne.dk\/mors\/hoejskoleforeningen-lukker-saesonen-med-et-foredrag-om-jeppe-aakjaer\/\" \/>\n<meta property=\"og:site_name\" content=\"Mors\" \/>\n<meta property=\"article:published_time\" content=\"2026-03-07T09:45:58+00:00\" \/>\n<meta name=\"author\" content=\"David H\u00f8jmark\" \/>\n<meta name=\"twitter:card\" content=\"summary_large_image\" \/>\n<meta name=\"twitter:label1\" content=\"Skrevet af\" \/>\n\t<meta name=\"twitter:data1\" content=\"David H\u00f8jmark\" \/>\n\t<meta name=\"twitter:label2\" content=\"Estimeret l\u00e6setid\" \/>\n\t<meta name=\"twitter:data2\" content=\"1 minut\" \/>\n<script type=\"application\/ld+json\" class=\"yoast-schema-graph\">{\"@context\":\"https:\/\/schema.org\",\"@graph\":[{\"@type\":\"Article\",\"@id\":\"https:\/\/kunmedierne.dk\/mors\/hoejskoleforeningen-lukker-saesonen-med-et-foredrag-om-jeppe-aakjaer\/#article\",\"isPartOf\":{\"@id\":\"https:\/\/kunmedierne.dk\/mors\/hoejskoleforeningen-lukker-saesonen-med-et-foredrag-om-jeppe-aakjaer\/\"},\"author\":{\"name\":\"David H\u00f8jmark\",\"@id\":\"https:\/\/kunmedierne.dk\/mors\/#\/schema\/person\/5fe23251bf1d0abbcdc6f7896579d548\"},\"headline\":\"H\u00f8jskoleforeningen lukker s\u00e6sonen med et foredrag om Jeppe Aakj\u00e6r\",\"datePublished\":\"2026-03-07T09:45:58+00:00\",\"mainEntityOfPage\":{\"@id\":\"https:\/\/kunmedierne.dk\/mors\/hoejskoleforeningen-lukker-saesonen-med-et-foredrag-om-jeppe-aakjaer\/\"},\"wordCount\":136,\"publisher\":{\"@id\":\"https:\/\/kunmedierne.dk\/mors\/#organization\"},\"articleSection\":[\"ANNONC\u00d8RBETALT INDHOLD\",\"Lokalt\"],\"inLanguage\":\"da-DK\"},{\"@type\":\"WebPage\",\"@id\":\"https:\/\/kunmedierne.dk\/mors\/hoejskoleforeningen-lukker-saesonen-med-et-foredrag-om-jeppe-aakjaer\/\",\"url\":\"https:\/\/kunmedierne.dk\/mors\/hoejskoleforeningen-lukker-saesonen-med-et-foredrag-om-jeppe-aakjaer\/\",\"name\":\"H\u00f8jskoleforeningen lukker s\u00e6sonen med et foredrag om Jeppe Aakj\u00e6r - Mors\",\"isPartOf\":{\"@id\":\"https:\/\/kunmedierne.dk\/mors\/#website\"},\"datePublished\":\"2026-03-07T09:45:58+00:00\",\"breadcrumb\":{\"@id\":\"https:\/\/kunmedierne.dk\/mors\/hoejskoleforeningen-lukker-saesonen-med-et-foredrag-om-jeppe-aakjaer\/#breadcrumb\"},\"inLanguage\":\"da-DK\",\"potentialAction\":[{\"@type\":\"ReadAction\",\"target\":[\"https:\/\/kunmedierne.dk\/mors\/hoejskoleforeningen-lukker-saesonen-med-et-foredrag-om-jeppe-aakjaer\/\"]}]},{\"@type\":\"BreadcrumbList\",\"@id\":\"https:\/\/kunmedierne.dk\/mors\/hoejskoleforeningen-lukker-saesonen-med-et-foredrag-om-jeppe-aakjaer\/#breadcrumb\",\"itemListElement\":[{\"@type\":\"ListItem\",\"position\":1,\"name\":\"Hjem\",\"item\":\"https:\/\/kunmedierne.dk\/mors\/\"},{\"@type\":\"ListItem\",\"position\":2,\"name\":\"H\u00f8jskoleforeningen lukker s\u00e6sonen med et foredrag om Jeppe Aakj\u00e6r\"}]},{\"@type\":\"WebSite\",\"@id\":\"https:\/\/kunmedierne.dk\/mors\/#website\",\"url\":\"https:\/\/kunmedierne.dk\/mors\/\",\"name\":\"Mors\",\"description\":\"et netmedie med journalistik om livet p\u00e5 Mors\",\"publisher\":{\"@id\":\"https:\/\/kunmedierne.dk\/mors\/#organization\"},\"potentialAction\":[{\"@type\":\"SearchAction\",\"target\":{\"@type\":\"EntryPoint\",\"urlTemplate\":\"https:\/\/kunmedierne.dk\/mors\/?s={search_term_string}\"},\"query-input\":{\"@type\":\"PropertyValueSpecification\",\"valueRequired\":true,\"valueName\":\"search_term_string\"}}],\"inLanguage\":\"da-DK\"},{\"@type\":\"Organization\",\"@id\":\"https:\/\/kunmedierne.dk\/mors\/#organization\",\"name\":\"Mors\",\"url\":\"https:\/\/kunmedierne.dk\/mors\/\",\"logo\":{\"@type\":\"ImageObject\",\"inLanguage\":\"da-DK\",\"@id\":\"https:\/\/kunmedierne.dk\/mors\/#\/schema\/logo\/image\/\",\"url\":\"https:\/\/kunmedierne.dk\/mors\/wp-content\/uploads\/2024\/08\/kunmors-logo.svg\",\"contentUrl\":\"https:\/\/kunmedierne.dk\/mors\/wp-content\/uploads\/2024\/08\/kunmors-logo.svg\",\"caption\":\"Mors\"},\"image\":{\"@id\":\"https:\/\/kunmedierne.dk\/mors\/#\/schema\/logo\/image\/\"}},{\"@type\":\"Person\",\"@id\":\"https:\/\/kunmedierne.dk\/mors\/#\/schema\/person\/5fe23251bf1d0abbcdc6f7896579d548\",\"name\":\"David H\u00f8jmark\",\"image\":{\"@type\":\"ImageObject\",\"inLanguage\":\"da-DK\",\"@id\":\"https:\/\/kunmedierne.dk\/mors\/#\/schema\/person\/image\/\",\"url\":\"https:\/\/secure.gravatar.com\/avatar\/4315d6fb9ef244d729989f5f90268eb08d5bf8a3d84402f595fa194bb35784fd?s=96&d=mm&r=g\",\"contentUrl\":\"https:\/\/secure.gravatar.com\/avatar\/4315d6fb9ef244d729989f5f90268eb08d5bf8a3d84402f595fa194bb35784fd?s=96&d=mm&r=g\",\"caption\":\"David H\u00f8jmark\"},\"sameAs\":[\"https:\/\/www.kunmedierne.dk\"],\"url\":\"https:\/\/kunmedierne.dk\/mors\/author\/david\/\"}]}<\/script>\n<!-- \/ Yoast SEO plugin. -->","yoast_head_json":{"title":"H\u00f8jskoleforeningen lukker s\u00e6sonen med et foredrag om Jeppe Aakj\u00e6r - Mors","robots":{"index":"index","follow":"follow","max-snippet":"max-snippet:-1","max-image-preview":"max-image-preview:large","max-video-preview":"max-video-preview:-1"},"canonical":"https:\/\/kunmedierne.dk\/mors\/hoejskoleforeningen-lukker-saesonen-med-et-foredrag-om-jeppe-aakjaer\/","og_locale":"da_DK","og_type":"article","og_title":"H\u00f8jskoleforeningen lukker s\u00e6sonen med et foredrag om Jeppe Aakj\u00e6r - Mors","og_description":"Annonc\u00f8rbetalt indhold S\u00e6sonen for sp\u00e6ndende foredrag hos Nyk\u00f8bing Mors H\u00f8jskoleforening slutter med et lokalt perspektiv. Tirsdag den 10. marts bes\u00f8ger Mors Rok kirkecentret i Nyk\u00f8bing for en fort\u00e6llekoncert om forfatteren Jeppe Aakj\u00e6r fra Jenle i Salling. Aftenens overskrift er &#8220;Jeppe Aakj\u00e6r &#8211; Liv og Sang fra Aakj\u00e6r til Jenle&#8221;, og udgangspunktet for Mors Rok, der [&hellip;]","og_url":"https:\/\/kunmedierne.dk\/mors\/hoejskoleforeningen-lukker-saesonen-med-et-foredrag-om-jeppe-aakjaer\/","og_site_name":"Mors","article_published_time":"2026-03-07T09:45:58+00:00","author":"David H\u00f8jmark","twitter_card":"summary_large_image","twitter_misc":{"Skrevet af":"David H\u00f8jmark","Estimeret l\u00e6setid":"1 minut"},"schema":{"@context":"https:\/\/schema.org","@graph":[{"@type":"Article","@id":"https:\/\/kunmedierne.dk\/mors\/hoejskoleforeningen-lukker-saesonen-med-et-foredrag-om-jeppe-aakjaer\/#article","isPartOf":{"@id":"https:\/\/kunmedierne.dk\/mors\/hoejskoleforeningen-lukker-saesonen-med-et-foredrag-om-jeppe-aakjaer\/"},"author":{"name":"David H\u00f8jmark","@id":"https:\/\/kunmedierne.dk\/mors\/#\/schema\/person\/5fe23251bf1d0abbcdc6f7896579d548"},"headline":"H\u00f8jskoleforeningen lukker s\u00e6sonen med et foredrag om Jeppe Aakj\u00e6r","datePublished":"2026-03-07T09:45:58+00:00","mainEntityOfPage":{"@id":"https:\/\/kunmedierne.dk\/mors\/hoejskoleforeningen-lukker-saesonen-med-et-foredrag-om-jeppe-aakjaer\/"},"wordCount":136,"publisher":{"@id":"https:\/\/kunmedierne.dk\/mors\/#organization"},"articleSection":["ANNONC\u00d8RBETALT INDHOLD","Lokalt"],"inLanguage":"da-DK"},{"@type":"WebPage","@id":"https:\/\/kunmedierne.dk\/mors\/hoejskoleforeningen-lukker-saesonen-med-et-foredrag-om-jeppe-aakjaer\/","url":"https:\/\/kunmedierne.dk\/mors\/hoejskoleforeningen-lukker-saesonen-med-et-foredrag-om-jeppe-aakjaer\/","name":"H\u00f8jskoleforeningen lukker s\u00e6sonen med et foredrag om Jeppe Aakj\u00e6r - Mors","isPartOf":{"@id":"https:\/\/kunmedierne.dk\/mors\/#website"},"datePublished":"2026-03-07T09:45:58+00:00","breadcrumb":{"@id":"https:\/\/kunmedierne.dk\/mors\/hoejskoleforeningen-lukker-saesonen-med-et-foredrag-om-jeppe-aakjaer\/#breadcrumb"},"inLanguage":"da-DK","potentialAction":[{"@type":"ReadAction","target":["https:\/\/kunmedierne.dk\/mors\/hoejskoleforeningen-lukker-saesonen-med-et-foredrag-om-jeppe-aakjaer\/"]}]},{"@type":"BreadcrumbList","@id":"https:\/\/kunmedierne.dk\/mors\/hoejskoleforeningen-lukker-saesonen-med-et-foredrag-om-jeppe-aakjaer\/#breadcrumb","itemListElement":[{"@type":"ListItem","position":1,"name":"Hjem","item":"https:\/\/kunmedierne.dk\/mors\/"},{"@type":"ListItem","position":2,"name":"H\u00f8jskoleforeningen lukker s\u00e6sonen med et foredrag om Jeppe Aakj\u00e6r"}]},{"@type":"WebSite","@id":"https:\/\/kunmedierne.dk\/mors\/#website","url":"https:\/\/kunmedierne.dk\/mors\/","name":"Mors","description":"et netmedie med journalistik om livet p\u00e5 Mors","publisher":{"@id":"https:\/\/kunmedierne.dk\/mors\/#organization"},"potentialAction":[{"@type":"SearchAction","target":{"@type":"EntryPoint","urlTemplate":"https:\/\/kunmedierne.dk\/mors\/?s={search_term_string}"},"query-input":{"@type":"PropertyValueSpecification","valueRequired":true,"valueName":"search_term_string"}}],"inLanguage":"da-DK"},{"@type":"Organization","@id":"https:\/\/kunmedierne.dk\/mors\/#organization","name":"Mors","url":"https:\/\/kunmedierne.dk\/mors\/","logo":{"@type":"ImageObject","inLanguage":"da-DK","@id":"https:\/\/kunmedierne.dk\/mors\/#\/schema\/logo\/image\/","url":"https:\/\/kunmedierne.dk\/mors\/wp-content\/uploads\/2024\/08\/kunmors-logo.svg","contentUrl":"https:\/\/kunmedierne.dk\/mors\/wp-content\/uploads\/2024\/08\/kunmors-logo.svg","caption":"Mors"},"image":{"@id":"https:\/\/kunmedierne.dk\/mors\/#\/schema\/logo\/image\/"}},{"@type":"Person","@id":"https:\/\/kunmedierne.dk\/mors\/#\/schema\/person\/5fe23251bf1d0abbcdc6f7896579d548","name":"David H\u00f8jmark","image":{"@type":"ImageObject","inLanguage":"da-DK","@id":"https:\/\/kunmedierne.dk\/mors\/#\/schema\/person\/image\/","url":"https:\/\/secure.gravatar.com\/avatar\/4315d6fb9ef244d729989f5f90268eb08d5bf8a3d84402f595fa194bb35784fd?s=96&d=mm&r=g","contentUrl":"https:\/\/secure.gravatar.com\/avatar\/4315d6fb9ef244d729989f5f90268eb08d5bf8a3d84402f595fa194bb35784fd?s=96&d=mm&r=g","caption":"David H\u00f8jmark"},"sameAs":["https:\/\/www.kunmedierne.dk"],"url":"https:\/\/kunmedierne.dk\/mors\/author\/david\/"}]}},"_links":{"self":[{"href":"https:\/\/kunmedierne.dk\/mors\/wp-json\/wp\/v2\/posts\/169080","targetHints":{"allow":["GET"]}}],"collection":[{"href":"https:\/\/kunmedierne.dk\/mors\/wp-json\/wp\/v2\/posts"}],"about":[{"href":"https:\/\/kunmedierne.dk\/mors\/wp-json\/wp\/v2\/types\/post"}],"author":[{"embeddable":true,"href":"https:\/\/kunmedierne.dk\/mors\/wp-json\/wp\/v2\/users\/8"}],"replies":[{"embeddable":true,"href":"https:\/\/kunmedierne.dk\/mors\/wp-json\/wp\/v2\/comments?post=169080"}],"version-history":[{"count":1,"href":"https:\/\/kunmedierne.dk\/mors\/wp-json\/wp\/v2\/posts\/169080\/revisions"}],"predecessor-version":[{"id":169084,"href":"https:\/\/kunmedierne.dk\/mors\/wp-json\/wp\/v2\/posts\/169080\/revisions\/169084"}],"wp:attachment":[{"href":"https:\/\/kunmedierne.dk\/mors\/wp-json\/wp\/v2\/media?parent=169080"}],"wp:term":[{"taxonomy":"category","embeddable":true,"href":"https:\/\/kunmedierne.dk\/mors\/wp-json\/wp\/v2\/categories?post=169080"},{"taxonomy":"post_tag","embeddable":true,"href":"https:\/\/kunmedierne.dk\/mors\/wp-json\/wp\/v2\/tags?post=169080"}],"curies":[{"name":"wp","href":"https:\/\/api.w.org\/{rel}","templated":true}]}}