{"id":169017,"date":"2026-03-06T12:52:01","date_gmt":"2026-03-06T11:52:01","guid":{"rendered":"https:\/\/kunmedierne.dk\/mors\/?p=169017"},"modified":"2026-03-06T12:52:01","modified_gmt":"2026-03-06T11:52:01","slug":"tre-skoler-i-morsoe-kommune-er-udpeget-med-bekymrende-kvalitet","status":"publish","type":"post","link":"https:\/\/kunmedierne.dk\/mors\/tre-skoler-i-morsoe-kommune-er-udpeget-med-bekymrende-kvalitet\/","title":{"rendered":"Tre skoler i Mors\u00f8 Kommune er udpeget med bekymrende kvalitet\u00a0"},"content":{"rendered":"<p><span data-contrast=\"auto\"><strong>TRIVSEL:<\/strong> N\u00e5r udvalget for b\u00f8rn, kultur og turisme m\u00f8des den 11. marts, skal medlemmerne dr\u00f8fte en alvorlig sag om kvaliteten p\u00e5 tre af kommunens folkeskoler. Baggrunden er en ny orientering fra Styrelsen for Undervisning og Kvalitet, som peger p\u00e5, at tre skoler i Mors\u00f8 Kommune har s\u00e5 store udfordringer, at de er udpeget som skoler med bekymrende kvalitet.<\/span><span data-ccp-props=\"{}\">\u00a0<\/span><\/p>\n<a class=\"dvrt-link\" onClick=\"cdmtrack_click(104786,jQuery(this));return false\" href=\"https:\/\/limfjordsteatret.dk\/events\/tobias-dybvad-mit-bedste-onemanshow\/\"><img decoding=\"async\" style=\"width:100%;\" src=\"https:\/\/kunmedierne.dk\/mors\/wp-content\/uploads\/2023\/10\/aarskortLim_KunMors_1100x125.jpg\"><\/a><script>cdmtrack_view(104786);<\/script>\n<p><span data-contrast=\"auto\">Det drejer sig om Midtmors Skole i almenomr\u00e5det samt specialklasser p\u00e5 Sydmors Skole og Dueholmskolen.<\/span><span data-ccp-props=\"{}\">\u00a0<\/span><\/p>\n<p>&nbsp;<\/p>\n<p><strong>Styrelsen har sk\u00e6rpet modellen<\/strong><span data-ccp-props=\"{}\">\u00a0<\/span><\/p>\n<p><span data-contrast=\"auto\">Udpegningen sker efter folkeskolelovens \u00a7 57 d, og i \u00e5r er ordningen blevet strammet op. Tidligere blev skoler vurderet p\u00e5 baggrund af \u00e9t skole\u00e5r, men nu ser man p\u00e5 de seneste to skole\u00e5r samlet, nemlig 2023\/24 og 2024\/25. Samtidig er der indf\u00f8rt flere indikatorer, og for f\u00f8rste gang bliver kommunerne ogs\u00e5 orienteret om problemer i specialklasser og specialskoler, ikke kun i almindelige folkeskoleklasser.<\/span><span data-ccp-props=\"{}\">\u00a0<\/span><\/p>\n<p><span data-contrast=\"auto\">Styrelsen gennemg\u00e5r hvert \u00e5r skolernes resultater og indberetninger for at finde de steder, hvor der er risiko for vedvarende d\u00e5rlig kvalitet. En skole bliver udpeget, hvis den i begge de seneste to skole\u00e5r ligger under gr\u00e6nsev\u00e6rdien p\u00e5 mindst \u00e9n af de fastsatte indikatorer.<\/span><span data-ccp-props=\"{}\">\u00a0<\/span><\/p>\n<p><span data-contrast=\"auto\">For almenklasser handler det blandt andet om faglige resultater, frav\u00e6r og trivsel. For specialklasser og specialskoler er det i \u00f8jeblikket is\u00e6r frav\u00e6r og trivsel, der m\u00e5les p\u00e5.<\/span><span data-ccp-props=\"{}\">\u00a0<\/span><\/p>\n<p>&nbsp;<\/p>\n<p><strong>Midtmors Skole har udfordringer med trivsel\u00a0<\/strong><\/p>\n<p><span data-contrast=\"auto\">P\u00e5 Midtmors Skole i \u00d8ster J\u00f8lby er det elevernes trivsel, der har f\u00f8rt til udpegningen. If\u00f8lge styrelsens tal l\u00e5 35,4 procent af eleverne i 2023\/24 i gruppen med lavest trivsel. I 2024\/25 var tallet faldet til 26,1 procent, men det ligger stadig over gr\u00e6nsen for, hvorn\u00e5r en skole vurderes at have bekymrende kvalitet.<\/span><span data-ccp-props=\"{}\">\u00a0<\/span><\/p>\n<p><span data-contrast=\"auto\">Skolen peger dog selv p\u00e5, at udviklingen g\u00e5r i den rigtige retning. I kommunens sagsfremstilling hedder det, at skolen gennem tre \u00e5r har arbejdet med skolesprog, skoleadf\u00e6rd og elevinddragelse, og at det har medvirket til en markant forbedring af elevtrivslen.<\/span><span data-ccp-props=\"{}\"> Dette har vi <a href=\"https:\/\/kunmedierne.dk\/mors\/fra-haarde-ord-til-skolesprog-midtmors-skole-er-i-fuld-gang-med-at-aendre-kulturen\/\" target=\"_blank\" rel=\"noopener\">tidligere skrevet om i KunMors. <\/a>I 2022 fik skolen bes\u00f8g af Arbejdstilsynet, hvilket satte gang i en proces med fokus p\u00e5 at \u00e6ndre tonen b\u00e5de p\u00e5 l\u00e6rerv\u00e6relset og ude i klasserne.\u00a0\u00a0<\/span><\/p>\n<p>&nbsp;<\/p>\n<p><strong>To specialklasse-tilbud er ogs\u00e5 udpeget\u00a0<\/strong><\/p>\n<p><span data-contrast=\"auto\">Sydmors Skole er udpeget p\u00e5 baggrund af h\u00f8jt frav\u00e6r i specialklasserne. Her havde 52,9 procent af eleverne mere end 10 procents frav\u00e6r i 2023\/24, og i 2024\/25 var tallet steget til 57,1 procent.<\/span><span data-ccp-props=\"{}\">\u00a0<\/span><\/p>\n<p><span data-contrast=\"auto\">If\u00f8lge kommunens oplysninger findes der dog ikke l\u00e6ngere specialklasser p\u00e5 skolen. Kommunen oplyser samtidig, at frav\u00e6ret i elevgruppen er blevet nedbragt gennem indsatser p\u00e5 skolen og ved visitation til andre skoletilbud.<\/span><span data-ccp-props=\"{}\">\u00a0<\/span><\/p>\n<a class=\"dvrt-link\" onClick=\"cdmtrack_click(114591,jQuery(this));return false\" href=\"https:\/\/www.facebook.com\/kopogkandemors\"><img decoding=\"async\" style=\"width:100%;\" src=\"https:\/\/kunmedierne.dk\/mors\/wp-content\/uploads\/2024\/03\/kop-og-kande-ja-tak-tilbud.jpg\"><\/a><script>cdmtrack_view(114591);<\/script>\n<p><span data-contrast=\"auto\">P\u00e5 Dueholmskolen er det trivslen i specialklasserne, der har udl\u00f8st bekymringen. Her l\u00e5 andelen af elever med lavest trivsel p\u00e5 54,3 procent i 2023\/24 og 50 procent i 2024\/25. Ogs\u00e5 her oplyser kommunen, at der er sat ind. Skolen har arbejdet med et generelt l\u00f8ft af elevtrivslen, og specialklassen er nu under udfasning. Der er kun ni elever tilbage, og klassen lukkes helt fra skole\u00e5ret 2026\/27.<\/span><span data-ccp-props=\"{}\">\u00a0<\/span><\/p>\n<p>&nbsp;<\/p>\n<p><strong>Politikerne skal nu vurdere, om der skal s\u00e6ttes mere ind\u00a0<\/strong><\/p>\n<p><span data-contrast=\"auto\">Selve orienteringen fra styrelsen forpligter ikke kommunen til at sende svar tilbage eller redeg\u00f8re for nye tiltag. Men det er kommunens ansvar at f\u00f8lge kvaliteten p\u00e5 skolerne og reagere, hvis der er behov for det.<\/span><span data-ccp-props=\"{}\">\u00a0<\/span><\/p>\n<p><span data-contrast=\"auto\">Det er netop det, der nu skal dr\u00f8ftes politisk. I dagsordenen til m\u00f8det i udvalget for b\u00f8rn, kultur og turisme indstiller administrationen, at orienteringen dr\u00f8ftes, og at det vurderes, om der er behov for yderligere initiativer eller indsatser.<\/span><span data-ccp-props=\"{}\">\u00a0<\/span><\/p>\n<p><span data-contrast=\"auto\">Med andre ord skal lokalpolitikerne nu tage stilling til, om de nuv\u00e6rende indsatser er tilstr\u00e6kkelige, eller om der skal g\u00f8res mere for at sikre bedre trivsel og mindre frav\u00e6r p\u00e5 de ber\u00f8rte skoler.<\/span><span data-ccp-props=\"{}\">\u00a0<\/span><\/p>\n<a class=\"dvrt-link\" onClick=\"cdmtrack_click(104783,jQuery(this));return false\" href=\"https:\/\/konpap.dk\/\"><img decoding=\"async\" style=\"width:100%;\" src=\"https:\/\/kunmedierne.dk\/mors\/wp-content\/uploads\/2023\/10\/Kun-Mors-banner.jpg\"><\/a><script>cdmtrack_view(104783);<\/script>\n<p><span data-contrast=\"auto\">Sagen kommer videre til kommunalbestyrelsen den 24. marts, efter at direktionen allerede den 23. februar har taget orienteringen til efterretning.<\/span><span data-ccp-props=\"{}\">\u00a0<\/span><\/p>\n<p><span data-contrast=\"auto\">P\u00e5 KunMors arbejder vi p\u00e5 at f\u00e5 en kommentar fra udvalgsformand Lars R\u00f8ntved Jensen (SF) samt udvalgsmedlem Malte Houe (V)<\/span><\/p>\n","protected":false},"excerpt":{"rendered":"<p>TRIVSEL: N\u00e5r udvalget for b\u00f8rn, kultur og turisme m\u00f8des den 11. marts, skal medlemmerne dr\u00f8fte en alvorlig sag om kvaliteten p\u00e5 tre af kommunens folkeskoler. Baggrunden er en ny orientering fra Styrelsen for Undervisning og Kvalitet, som peger p\u00e5, at tre skoler i Mors\u00f8 Kommune har s\u00e5 store udfordringer, at de er udpeget som skoler [&hellip;]<\/p>\n","protected":false},"author":2507,"featured_media":0,"comment_status":"closed","ping_status":"closed","sticky":false,"template":"","format":"standard","meta":{"_acf_changed":false,"footnotes":""},"categories":[51],"tags":[334,170],"class_list":["post-169017","post","type-post","status-publish","format-standard","hentry","category-lokalt","tag-boerneliv","tag-uddannelse"],"acf":[],"yoast_head":"<!-- This site is optimized with the Yoast SEO plugin v26.8 - https:\/\/yoast.com\/product\/yoast-seo-wordpress\/ -->\n<title>Tre skoler i Mors\u00f8 Kommune er udpeget med bekymrende kvalitet\u00a0 - Mors<\/title>\n<meta name=\"robots\" content=\"index, follow, max-snippet:-1, max-image-preview:large, max-video-preview:-1\" \/>\n<link rel=\"canonical\" href=\"https:\/\/kunmedierne.dk\/mors\/tre-skoler-i-morsoe-kommune-er-udpeget-med-bekymrende-kvalitet\/\" \/>\n<meta property=\"og:locale\" content=\"da_DK\" \/>\n<meta property=\"og:type\" content=\"article\" \/>\n<meta property=\"og:title\" content=\"Tre skoler i Mors\u00f8 Kommune er udpeget med bekymrende kvalitet\u00a0 - Mors\" \/>\n<meta property=\"og:description\" content=\"TRIVSEL: N\u00e5r udvalget for b\u00f8rn, kultur og turisme m\u00f8des den 11. marts, skal medlemmerne dr\u00f8fte en alvorlig sag om kvaliteten p\u00e5 tre af kommunens folkeskoler. Baggrunden er en ny orientering fra Styrelsen for Undervisning og Kvalitet, som peger p\u00e5, at tre skoler i Mors\u00f8 Kommune har s\u00e5 store udfordringer, at de er udpeget som skoler [&hellip;]\" \/>\n<meta property=\"og:url\" content=\"https:\/\/kunmedierne.dk\/mors\/tre-skoler-i-morsoe-kommune-er-udpeget-med-bekymrende-kvalitet\/\" \/>\n<meta property=\"og:site_name\" content=\"Mors\" \/>\n<meta property=\"article:published_time\" content=\"2026-03-06T11:52:01+00:00\" \/>\n<meta name=\"author\" content=\"Katrine Hedegaard\" \/>\n<meta name=\"twitter:card\" content=\"summary_large_image\" \/>\n<meta name=\"twitter:label1\" content=\"Skrevet af\" \/>\n\t<meta name=\"twitter:data1\" content=\"Katrine Hedegaard\" \/>\n\t<meta name=\"twitter:label2\" content=\"Estimeret l\u00e6setid\" \/>\n\t<meta name=\"twitter:data2\" content=\"4 minutter\" \/>\n<script type=\"application\/ld+json\" class=\"yoast-schema-graph\">{\"@context\":\"https:\/\/schema.org\",\"@graph\":[{\"@type\":\"Article\",\"@id\":\"https:\/\/kunmedierne.dk\/mors\/tre-skoler-i-morsoe-kommune-er-udpeget-med-bekymrende-kvalitet\/#article\",\"isPartOf\":{\"@id\":\"https:\/\/kunmedierne.dk\/mors\/tre-skoler-i-morsoe-kommune-er-udpeget-med-bekymrende-kvalitet\/\"},\"author\":{\"name\":\"Katrine Hedegaard\",\"@id\":\"https:\/\/kunmedierne.dk\/mors\/#\/schema\/person\/b2e62a38069b12365e53e087a8709c64\"},\"headline\":\"Tre skoler i Mors\u00f8 Kommune er udpeget med bekymrende kvalitet\u00a0\",\"datePublished\":\"2026-03-06T11:52:01+00:00\",\"mainEntityOfPage\":{\"@id\":\"https:\/\/kunmedierne.dk\/mors\/tre-skoler-i-morsoe-kommune-er-udpeget-med-bekymrende-kvalitet\/\"},\"wordCount\":684,\"publisher\":{\"@id\":\"https:\/\/kunmedierne.dk\/mors\/#organization\"},\"keywords\":[\"b\u00f8rneliv\",\"Skoler og uddannelse\"],\"articleSection\":[\"Lokalt\"],\"inLanguage\":\"da-DK\"},{\"@type\":\"WebPage\",\"@id\":\"https:\/\/kunmedierne.dk\/mors\/tre-skoler-i-morsoe-kommune-er-udpeget-med-bekymrende-kvalitet\/\",\"url\":\"https:\/\/kunmedierne.dk\/mors\/tre-skoler-i-morsoe-kommune-er-udpeget-med-bekymrende-kvalitet\/\",\"name\":\"Tre skoler i Mors\u00f8 Kommune er udpeget med bekymrende kvalitet\u00a0 - Mors\",\"isPartOf\":{\"@id\":\"https:\/\/kunmedierne.dk\/mors\/#website\"},\"datePublished\":\"2026-03-06T11:52:01+00:00\",\"breadcrumb\":{\"@id\":\"https:\/\/kunmedierne.dk\/mors\/tre-skoler-i-morsoe-kommune-er-udpeget-med-bekymrende-kvalitet\/#breadcrumb\"},\"inLanguage\":\"da-DK\",\"potentialAction\":[{\"@type\":\"ReadAction\",\"target\":[\"https:\/\/kunmedierne.dk\/mors\/tre-skoler-i-morsoe-kommune-er-udpeget-med-bekymrende-kvalitet\/\"]}]},{\"@type\":\"BreadcrumbList\",\"@id\":\"https:\/\/kunmedierne.dk\/mors\/tre-skoler-i-morsoe-kommune-er-udpeget-med-bekymrende-kvalitet\/#breadcrumb\",\"itemListElement\":[{\"@type\":\"ListItem\",\"position\":1,\"name\":\"Hjem\",\"item\":\"https:\/\/kunmedierne.dk\/mors\/\"},{\"@type\":\"ListItem\",\"position\":2,\"name\":\"Tre skoler i Mors\u00f8 Kommune er udpeget med bekymrende kvalitet\u00a0\"}]},{\"@type\":\"WebSite\",\"@id\":\"https:\/\/kunmedierne.dk\/mors\/#website\",\"url\":\"https:\/\/kunmedierne.dk\/mors\/\",\"name\":\"Mors\",\"description\":\"et netmedie med journalistik om livet p\u00e5 Mors\",\"publisher\":{\"@id\":\"https:\/\/kunmedierne.dk\/mors\/#organization\"},\"potentialAction\":[{\"@type\":\"SearchAction\",\"target\":{\"@type\":\"EntryPoint\",\"urlTemplate\":\"https:\/\/kunmedierne.dk\/mors\/?s={search_term_string}\"},\"query-input\":{\"@type\":\"PropertyValueSpecification\",\"valueRequired\":true,\"valueName\":\"search_term_string\"}}],\"inLanguage\":\"da-DK\"},{\"@type\":\"Organization\",\"@id\":\"https:\/\/kunmedierne.dk\/mors\/#organization\",\"name\":\"Mors\",\"url\":\"https:\/\/kunmedierne.dk\/mors\/\",\"logo\":{\"@type\":\"ImageObject\",\"inLanguage\":\"da-DK\",\"@id\":\"https:\/\/kunmedierne.dk\/mors\/#\/schema\/logo\/image\/\",\"url\":\"https:\/\/kunmedierne.dk\/mors\/wp-content\/uploads\/2024\/08\/kunmors-logo.svg\",\"contentUrl\":\"https:\/\/kunmedierne.dk\/mors\/wp-content\/uploads\/2024\/08\/kunmors-logo.svg\",\"caption\":\"Mors\"},\"image\":{\"@id\":\"https:\/\/kunmedierne.dk\/mors\/#\/schema\/logo\/image\/\"}},{\"@type\":\"Person\",\"@id\":\"https:\/\/kunmedierne.dk\/mors\/#\/schema\/person\/b2e62a38069b12365e53e087a8709c64\",\"name\":\"Katrine Hedegaard\",\"image\":{\"@type\":\"ImageObject\",\"inLanguage\":\"da-DK\",\"@id\":\"https:\/\/kunmedierne.dk\/mors\/#\/schema\/person\/image\/\",\"url\":\"https:\/\/secure.gravatar.com\/avatar\/18a5c72fa9148052fd3ed5a58b40fc83cfdc9811090e6e6eec9539af058edcc0?s=96&d=mm&r=g\",\"contentUrl\":\"https:\/\/secure.gravatar.com\/avatar\/18a5c72fa9148052fd3ed5a58b40fc83cfdc9811090e6e6eec9539af058edcc0?s=96&d=mm&r=g\",\"caption\":\"Katrine Hedegaard\"},\"url\":\"https:\/\/kunmedierne.dk\/mors\/author\/katrine\/\"}]}<\/script>\n<!-- \/ Yoast SEO plugin. -->","yoast_head_json":{"title":"Tre skoler i Mors\u00f8 Kommune er udpeget med bekymrende kvalitet\u00a0 - Mors","robots":{"index":"index","follow":"follow","max-snippet":"max-snippet:-1","max-image-preview":"max-image-preview:large","max-video-preview":"max-video-preview:-1"},"canonical":"https:\/\/kunmedierne.dk\/mors\/tre-skoler-i-morsoe-kommune-er-udpeget-med-bekymrende-kvalitet\/","og_locale":"da_DK","og_type":"article","og_title":"Tre skoler i Mors\u00f8 Kommune er udpeget med bekymrende kvalitet\u00a0 - Mors","og_description":"TRIVSEL: N\u00e5r udvalget for b\u00f8rn, kultur og turisme m\u00f8des den 11. marts, skal medlemmerne dr\u00f8fte en alvorlig sag om kvaliteten p\u00e5 tre af kommunens folkeskoler. Baggrunden er en ny orientering fra Styrelsen for Undervisning og Kvalitet, som peger p\u00e5, at tre skoler i Mors\u00f8 Kommune har s\u00e5 store udfordringer, at de er udpeget som skoler [&hellip;]","og_url":"https:\/\/kunmedierne.dk\/mors\/tre-skoler-i-morsoe-kommune-er-udpeget-med-bekymrende-kvalitet\/","og_site_name":"Mors","article_published_time":"2026-03-06T11:52:01+00:00","author":"Katrine Hedegaard","twitter_card":"summary_large_image","twitter_misc":{"Skrevet af":"Katrine Hedegaard","Estimeret l\u00e6setid":"4 minutter"},"schema":{"@context":"https:\/\/schema.org","@graph":[{"@type":"Article","@id":"https:\/\/kunmedierne.dk\/mors\/tre-skoler-i-morsoe-kommune-er-udpeget-med-bekymrende-kvalitet\/#article","isPartOf":{"@id":"https:\/\/kunmedierne.dk\/mors\/tre-skoler-i-morsoe-kommune-er-udpeget-med-bekymrende-kvalitet\/"},"author":{"name":"Katrine Hedegaard","@id":"https:\/\/kunmedierne.dk\/mors\/#\/schema\/person\/b2e62a38069b12365e53e087a8709c64"},"headline":"Tre skoler i Mors\u00f8 Kommune er udpeget med bekymrende kvalitet\u00a0","datePublished":"2026-03-06T11:52:01+00:00","mainEntityOfPage":{"@id":"https:\/\/kunmedierne.dk\/mors\/tre-skoler-i-morsoe-kommune-er-udpeget-med-bekymrende-kvalitet\/"},"wordCount":684,"publisher":{"@id":"https:\/\/kunmedierne.dk\/mors\/#organization"},"keywords":["b\u00f8rneliv","Skoler og uddannelse"],"articleSection":["Lokalt"],"inLanguage":"da-DK"},{"@type":"WebPage","@id":"https:\/\/kunmedierne.dk\/mors\/tre-skoler-i-morsoe-kommune-er-udpeget-med-bekymrende-kvalitet\/","url":"https:\/\/kunmedierne.dk\/mors\/tre-skoler-i-morsoe-kommune-er-udpeget-med-bekymrende-kvalitet\/","name":"Tre skoler i Mors\u00f8 Kommune er udpeget med bekymrende kvalitet\u00a0 - Mors","isPartOf":{"@id":"https:\/\/kunmedierne.dk\/mors\/#website"},"datePublished":"2026-03-06T11:52:01+00:00","breadcrumb":{"@id":"https:\/\/kunmedierne.dk\/mors\/tre-skoler-i-morsoe-kommune-er-udpeget-med-bekymrende-kvalitet\/#breadcrumb"},"inLanguage":"da-DK","potentialAction":[{"@type":"ReadAction","target":["https:\/\/kunmedierne.dk\/mors\/tre-skoler-i-morsoe-kommune-er-udpeget-med-bekymrende-kvalitet\/"]}]},{"@type":"BreadcrumbList","@id":"https:\/\/kunmedierne.dk\/mors\/tre-skoler-i-morsoe-kommune-er-udpeget-med-bekymrende-kvalitet\/#breadcrumb","itemListElement":[{"@type":"ListItem","position":1,"name":"Hjem","item":"https:\/\/kunmedierne.dk\/mors\/"},{"@type":"ListItem","position":2,"name":"Tre skoler i Mors\u00f8 Kommune er udpeget med bekymrende kvalitet\u00a0"}]},{"@type":"WebSite","@id":"https:\/\/kunmedierne.dk\/mors\/#website","url":"https:\/\/kunmedierne.dk\/mors\/","name":"Mors","description":"et netmedie med journalistik om livet p\u00e5 Mors","publisher":{"@id":"https:\/\/kunmedierne.dk\/mors\/#organization"},"potentialAction":[{"@type":"SearchAction","target":{"@type":"EntryPoint","urlTemplate":"https:\/\/kunmedierne.dk\/mors\/?s={search_term_string}"},"query-input":{"@type":"PropertyValueSpecification","valueRequired":true,"valueName":"search_term_string"}}],"inLanguage":"da-DK"},{"@type":"Organization","@id":"https:\/\/kunmedierne.dk\/mors\/#organization","name":"Mors","url":"https:\/\/kunmedierne.dk\/mors\/","logo":{"@type":"ImageObject","inLanguage":"da-DK","@id":"https:\/\/kunmedierne.dk\/mors\/#\/schema\/logo\/image\/","url":"https:\/\/kunmedierne.dk\/mors\/wp-content\/uploads\/2024\/08\/kunmors-logo.svg","contentUrl":"https:\/\/kunmedierne.dk\/mors\/wp-content\/uploads\/2024\/08\/kunmors-logo.svg","caption":"Mors"},"image":{"@id":"https:\/\/kunmedierne.dk\/mors\/#\/schema\/logo\/image\/"}},{"@type":"Person","@id":"https:\/\/kunmedierne.dk\/mors\/#\/schema\/person\/b2e62a38069b12365e53e087a8709c64","name":"Katrine Hedegaard","image":{"@type":"ImageObject","inLanguage":"da-DK","@id":"https:\/\/kunmedierne.dk\/mors\/#\/schema\/person\/image\/","url":"https:\/\/secure.gravatar.com\/avatar\/18a5c72fa9148052fd3ed5a58b40fc83cfdc9811090e6e6eec9539af058edcc0?s=96&d=mm&r=g","contentUrl":"https:\/\/secure.gravatar.com\/avatar\/18a5c72fa9148052fd3ed5a58b40fc83cfdc9811090e6e6eec9539af058edcc0?s=96&d=mm&r=g","caption":"Katrine Hedegaard"},"url":"https:\/\/kunmedierne.dk\/mors\/author\/katrine\/"}]}},"_links":{"self":[{"href":"https:\/\/kunmedierne.dk\/mors\/wp-json\/wp\/v2\/posts\/169017","targetHints":{"allow":["GET"]}}],"collection":[{"href":"https:\/\/kunmedierne.dk\/mors\/wp-json\/wp\/v2\/posts"}],"about":[{"href":"https:\/\/kunmedierne.dk\/mors\/wp-json\/wp\/v2\/types\/post"}],"author":[{"embeddable":true,"href":"https:\/\/kunmedierne.dk\/mors\/wp-json\/wp\/v2\/users\/2507"}],"replies":[{"embeddable":true,"href":"https:\/\/kunmedierne.dk\/mors\/wp-json\/wp\/v2\/comments?post=169017"}],"version-history":[{"count":3,"href":"https:\/\/kunmedierne.dk\/mors\/wp-json\/wp\/v2\/posts\/169017\/revisions"}],"predecessor-version":[{"id":169022,"href":"https:\/\/kunmedierne.dk\/mors\/wp-json\/wp\/v2\/posts\/169017\/revisions\/169022"}],"wp:attachment":[{"href":"https:\/\/kunmedierne.dk\/mors\/wp-json\/wp\/v2\/media?parent=169017"}],"wp:term":[{"taxonomy":"category","embeddable":true,"href":"https:\/\/kunmedierne.dk\/mors\/wp-json\/wp\/v2\/categories?post=169017"},{"taxonomy":"post_tag","embeddable":true,"href":"https:\/\/kunmedierne.dk\/mors\/wp-json\/wp\/v2\/tags?post=169017"}],"curies":[{"name":"wp","href":"https:\/\/api.w.org\/{rel}","templated":true}]}}