{"id":168924,"date":"2026-03-05T20:10:15","date_gmt":"2026-03-05T19:10:15","guid":{"rendered":"https:\/\/kunmedierne.dk\/mors\/?p=168924"},"modified":"2026-03-09T09:25:26","modified_gmt":"2026-03-09T08:25:26","slug":"syv-staerke-virksomheder-kaaret-som-gazeller-paa-mors","status":"publish","type":"post","link":"https:\/\/kunmedierne.dk\/mors\/syv-staerke-virksomheder-kaaret-som-gazeller-paa-mors\/","title":{"rendered":"Otte st\u00e6rke virksomheder k\u00e5ret som gazeller p\u00e5 Mors"},"content":{"rendered":"<p><b><span data-contrast=\"auto\">ERHVERV:<\/span><\/b><span data-contrast=\"auto\"> Gazelleprisen uddeles hvert \u00e5r af Dagbladet B\u00f8rsen til virksomheder, der har oplevet kontinuerlig v\u00e6kst og minimum fordoblet deres oms\u00e6tning over en fire\u00e5rig periode.<\/span><span data-ccp-props=\"{}\">\u00a0<\/span><\/p>\n<a class=\"dvrt-link\" onClick=\"cdmtrack_click(169437,jQuery(this));return false\" href=\"https:\/\/thymors.dk\/sponsorater\/15-til-faellesskabet?utm_source=kunmors&amp;utm_medium=annonce&amp;utm_campaign=sponsorater\"><img decoding=\"async\" style=\"width:100%;\" src=\"https:\/\/kunmedierne.dk\/mors\/wp-content\/uploads\/2026\/03\/260407ThyMors-energi_faellesskab_generel-1.jpg\"><\/a><script>cdmtrack_view(169437);<\/script>\n<p><span data-contrast=\"auto\">I 2025 er otte virksomheder p\u00e5 Mors kommet igennem n\u00e5le\u00f8jet \u2013 og det er i f\u00f8lge Mors\u00f8 Kommune en pr\u00e6station, som fortjener anerkendelse og fejring. Det f\u00e5r de den 17. marts i \u00d8ster J\u00f8lby, hvor Mors\u00f8 Erhvervsr\u00e5d holder generalforsamling i Midtmors Sport.<\/span><span data-ccp-props=\"{}\">\u00a0<\/span><\/p>\n<p><span data-ccp-props=\"{}\">\u00a0<\/span><\/p>\n<p><b><span data-contrast=\"auto\">Vigtige rollemodeller for det lokale erhvervsliv<\/span><\/b><span data-ccp-props=\"{}\">\u00a0<\/span><\/p>\n<p><span data-contrast=\"auto\">Hos Mors\u00f8 Erhvervsr\u00e5d gl\u00e6der erhvervschef Susanne Toftegaard Hansen sig til at hylde<\/span><span data-ccp-props=\"{}\">\u00a0<\/span><span data-contrast=\"auto\">virksomhederne:<\/span><span data-ccp-props=\"{}\">\u00a0<\/span><\/p>\n<p><span data-contrast=\"auto\">\u2013 Gazellevirksomhederne er st\u00e6rke rollemodeller, der viser, hvordan man skaber v\u00e6kst, udvikling og optimisme. De er med til at l\u00f8fte hele erhvervsklimaet p\u00e5 Mors, og vi synes, det er vigtigt at anerkende deres indsats og resultater. Det er en forn\u00f8jelse at kunne fejre dem ved \u00e5rets generalforsamling, lyder det fra erhvervschefen.<\/span><span data-ccp-props=\"{}\">\u00a0<\/span><\/p>\n<blockquote>\n<h4><span data-contrast=\"auto\">Hvad er en gazellevirksomhed? <\/span><span data-ccp-props=\"{&quot;134233117&quot;:false,&quot;134233118&quot;:false,&quot;335551550&quot;:0,&quot;335551620&quot;:0,&quot;335559738&quot;:0,&quot;335559739&quot;:0}\">\u00a0<\/span><\/h4>\n<h5><span data-contrast=\"auto\">En betegnelse for en dansk virksomhed i kraftig, kontinuerlig v\u00e6kst, som er blevet k\u00e5ret af Dagbladet <\/span><a href=\"https:\/\/borsen.dk\/gazelle\/\" target=\"_blank\" rel=\"noopener\"><span data-contrast=\"none\">B\u00f8rsen<\/span><\/a><span data-contrast=\"auto\">. Kriterierne er, at virksomheden over fire regnskabs\u00e5r skal have positiv v\u00e6kst hvert \u00e5r og samlet set som minimum fordoble sin oms\u00e6tning eller bruttofortjeneste<\/span><span data-ccp-props=\"{}\">\u00a0<\/span><\/h5>\n<\/blockquote>\n<p><span data-contrast=\"auto\">Borgmester Jens Dahlgaard (S) ser ogs\u00e5 gazellerne som v\u00e6sentlige for kommunens udvikling:<\/span><span data-ccp-props=\"{}\">\u00a0<\/span><\/p>\n<p><span data-contrast=\"auto\">\u2013 Hver gazellevirksomhed er et bevis p\u00e5, at der t\u00e6nkes stort, handles modigt og arbejdes h\u00e5rdt p\u00e5 Mors. De skaber arbejdspladser, udvikling og bidrager til v\u00e6kst. Deres indsats er inspirerende for os alle og fortjener at blive hyldet, siger borgmesteren.<\/span><span data-ccp-props=\"{}\">\u00a0<\/span><\/p>\n<blockquote>\n<h4><span data-contrast=\"auto\">F\u00f8lgende syv virksomheder i Mors\u00f8 Kommune er udn\u00e6vnt til gazellevirksomheder i 2025:<\/span><span data-ccp-props=\"{}\">\u00a0<\/span><\/h4>\n<ul>\n<li>\n<h5><span data-contrast=\"auto\"> K.S. Pedersen Entrepren\u00f8r ApS<\/span><\/h5>\n<\/li>\n<li>\n<h5><strong>Relocare ApS<\/strong><\/h5>\n<\/li>\n<li>\n<h5><span data-contrast=\"auto\"> HE-VA Landbrug ApS<\/span><\/h5>\n<\/li>\n<li>\n<h5><span data-contrast=\"auto\"> Vils Tagpapservice ApS<\/span><\/h5>\n<\/li>\n<li>\n<h5><span data-contrast=\"auto\"> Thorup Teknik A\/S<\/span><\/h5>\n<\/li>\n<li>\n<h5><span data-contrast=\"auto\"> \u00d8ksendal D\u00e6k ApS<\/span><\/h5>\n<\/li>\n<li>\n<h5><span data-contrast=\"auto\"> Jysk Telt &amp; Serviceudlejning ApS<\/span><\/h5>\n<\/li>\n<li>\n<h5><span data-contrast=\"auto\"> K.H. Transport ApS<\/span><\/h5>\n<\/li>\n<\/ul>\n<\/blockquote>\n<a class=\"dvrt-link\" onClick=\"cdmtrack_click(104786,jQuery(this));return false\" href=\"https:\/\/limfjordsteatret.dk\/events\/tobias-dybvad-mit-bedste-onemanshow\/\"><img decoding=\"async\" style=\"width:100%;\" src=\"https:\/\/kunmedierne.dk\/mors\/wp-content\/uploads\/2023\/10\/aarskortLim_KunMors_1100x125.jpg\"><\/a><script>cdmtrack_view(104786);<\/script>\n<p><span data-contrast=\"auto\">Gazellerne repr\u00e6senterer et bredt udsnit af det lokale erhvervsliv \u2013 fra entrepren\u00f8r- og h\u00e5ndv\u00e6rksfag til transport, industri og service. F\u00e6lles for dem er, at de gennem en \u00e5rr\u00e6kke har leveret kontinuerlig fremgang og skabt resultater, som g\u00f8r en reel forskel i lokalomr\u00e5det.<\/span><span data-ccp-props=\"{}\">\u00a0<\/span><\/p>\n<p><span data-ccp-props=\"{}\">\u00a0<\/span><\/p>\n<p><b><span data-contrast=\"auto\">Fejring og erfaringsudveksling<\/span><\/b><span data-ccp-props=\"{}\">\u00a0<\/span><\/p>\n<p><span data-contrast=\"auto\">De seneste \u00e5r er gazellevirksomhederne blevet fejret med en gazellefrokost p\u00e5 Det Gamle R\u00e5dhus i Nyk\u00f8bing. I \u00e5r har det &#8211; i f\u00f8lge en pressemeddelelse fra Mors\u00f8 Kommune &#8211; passet bedre for virksomhederne at sl\u00e5 fejringen sammen med generalforsamlingen i Mors\u00f8 Erhvervsr\u00e5d.<\/span><span data-ccp-props=\"{}\">\u00a0<\/span><\/p>\n","protected":false},"excerpt":{"rendered":"<p>ERHVERV: Gazelleprisen uddeles hvert \u00e5r af Dagbladet B\u00f8rsen til virksomheder, der har oplevet kontinuerlig v\u00e6kst og minimum fordoblet deres oms\u00e6tning over en fire\u00e5rig periode.\u00a0 I 2025 er otte virksomheder p\u00e5 Mors kommet igennem n\u00e5le\u00f8jet \u2013 og det er i f\u00f8lge Mors\u00f8 Kommune en pr\u00e6station, som fortjener anerkendelse og fejring. Det f\u00e5r de den 17. marts [&hellip;]<\/p>\n","protected":false},"author":2507,"featured_media":0,"comment_status":"closed","ping_status":"closed","sticky":false,"template":"","format":"standard","meta":{"_acf_changed":false,"footnotes":""},"categories":[51],"tags":[159,295],"class_list":["post-168924","post","type-post","status-publish","format-standard","hentry","category-lokalt","tag-erhverv","tag-oekonomi"],"acf":[],"yoast_head":"<!-- This site is optimized with the Yoast SEO plugin v26.8 - https:\/\/yoast.com\/product\/yoast-seo-wordpress\/ -->\n<title>Otte st\u00e6rke virksomheder k\u00e5ret som gazeller p\u00e5 Mors - Mors<\/title>\n<meta name=\"robots\" content=\"index, follow, max-snippet:-1, max-image-preview:large, max-video-preview:-1\" \/>\n<link rel=\"canonical\" href=\"https:\/\/kunmedierne.dk\/mors\/syv-staerke-virksomheder-kaaret-som-gazeller-paa-mors\/\" \/>\n<meta property=\"og:locale\" content=\"da_DK\" \/>\n<meta property=\"og:type\" content=\"article\" \/>\n<meta property=\"og:title\" content=\"Otte st\u00e6rke virksomheder k\u00e5ret som gazeller p\u00e5 Mors - Mors\" \/>\n<meta property=\"og:description\" content=\"ERHVERV: Gazelleprisen uddeles hvert \u00e5r af Dagbladet B\u00f8rsen til virksomheder, der har oplevet kontinuerlig v\u00e6kst og minimum fordoblet deres oms\u00e6tning over en fire\u00e5rig periode.\u00a0 I 2025 er otte virksomheder p\u00e5 Mors kommet igennem n\u00e5le\u00f8jet \u2013 og det er i f\u00f8lge Mors\u00f8 Kommune en pr\u00e6station, som fortjener anerkendelse og fejring. Det f\u00e5r de den 17. marts [&hellip;]\" \/>\n<meta property=\"og:url\" content=\"https:\/\/kunmedierne.dk\/mors\/syv-staerke-virksomheder-kaaret-som-gazeller-paa-mors\/\" \/>\n<meta property=\"og:site_name\" content=\"Mors\" \/>\n<meta property=\"article:published_time\" content=\"2026-03-05T19:10:15+00:00\" \/>\n<meta property=\"article:modified_time\" content=\"2026-03-09T08:25:26+00:00\" \/>\n<meta name=\"author\" content=\"Katrine Hedegaard\" \/>\n<meta name=\"twitter:card\" content=\"summary_large_image\" \/>\n<meta name=\"twitter:label1\" content=\"Skrevet af\" \/>\n\t<meta name=\"twitter:data1\" content=\"Katrine Hedegaard\" \/>\n\t<meta name=\"twitter:label2\" content=\"Estimeret l\u00e6setid\" \/>\n\t<meta name=\"twitter:data2\" content=\"2 minutter\" \/>\n<script type=\"application\/ld+json\" class=\"yoast-schema-graph\">{\"@context\":\"https:\/\/schema.org\",\"@graph\":[{\"@type\":\"Article\",\"@id\":\"https:\/\/kunmedierne.dk\/mors\/syv-staerke-virksomheder-kaaret-som-gazeller-paa-mors\/#article\",\"isPartOf\":{\"@id\":\"https:\/\/kunmedierne.dk\/mors\/syv-staerke-virksomheder-kaaret-som-gazeller-paa-mors\/\"},\"author\":{\"name\":\"Katrine Hedegaard\",\"@id\":\"https:\/\/kunmedierne.dk\/mors\/#\/schema\/person\/b2e62a38069b12365e53e087a8709c64\"},\"headline\":\"Otte st\u00e6rke virksomheder k\u00e5ret som gazeller p\u00e5 Mors\",\"datePublished\":\"2026-03-05T19:10:15+00:00\",\"dateModified\":\"2026-03-09T08:25:26+00:00\",\"mainEntityOfPage\":{\"@id\":\"https:\/\/kunmedierne.dk\/mors\/syv-staerke-virksomheder-kaaret-som-gazeller-paa-mors\/\"},\"wordCount\":410,\"publisher\":{\"@id\":\"https:\/\/kunmedierne.dk\/mors\/#organization\"},\"keywords\":[\"Erhverv\",\"\u00d8konomi\"],\"articleSection\":[\"Lokalt\"],\"inLanguage\":\"da-DK\"},{\"@type\":\"WebPage\",\"@id\":\"https:\/\/kunmedierne.dk\/mors\/syv-staerke-virksomheder-kaaret-som-gazeller-paa-mors\/\",\"url\":\"https:\/\/kunmedierne.dk\/mors\/syv-staerke-virksomheder-kaaret-som-gazeller-paa-mors\/\",\"name\":\"Otte st\u00e6rke virksomheder k\u00e5ret som gazeller p\u00e5 Mors - Mors\",\"isPartOf\":{\"@id\":\"https:\/\/kunmedierne.dk\/mors\/#website\"},\"datePublished\":\"2026-03-05T19:10:15+00:00\",\"dateModified\":\"2026-03-09T08:25:26+00:00\",\"breadcrumb\":{\"@id\":\"https:\/\/kunmedierne.dk\/mors\/syv-staerke-virksomheder-kaaret-som-gazeller-paa-mors\/#breadcrumb\"},\"inLanguage\":\"da-DK\",\"potentialAction\":[{\"@type\":\"ReadAction\",\"target\":[\"https:\/\/kunmedierne.dk\/mors\/syv-staerke-virksomheder-kaaret-som-gazeller-paa-mors\/\"]}]},{\"@type\":\"BreadcrumbList\",\"@id\":\"https:\/\/kunmedierne.dk\/mors\/syv-staerke-virksomheder-kaaret-som-gazeller-paa-mors\/#breadcrumb\",\"itemListElement\":[{\"@type\":\"ListItem\",\"position\":1,\"name\":\"Hjem\",\"item\":\"https:\/\/kunmedierne.dk\/mors\/\"},{\"@type\":\"ListItem\",\"position\":2,\"name\":\"Otte st\u00e6rke virksomheder k\u00e5ret som gazeller p\u00e5 Mors\"}]},{\"@type\":\"WebSite\",\"@id\":\"https:\/\/kunmedierne.dk\/mors\/#website\",\"url\":\"https:\/\/kunmedierne.dk\/mors\/\",\"name\":\"Mors\",\"description\":\"et netmedie med journalistik om livet p\u00e5 Mors\",\"publisher\":{\"@id\":\"https:\/\/kunmedierne.dk\/mors\/#organization\"},\"potentialAction\":[{\"@type\":\"SearchAction\",\"target\":{\"@type\":\"EntryPoint\",\"urlTemplate\":\"https:\/\/kunmedierne.dk\/mors\/?s={search_term_string}\"},\"query-input\":{\"@type\":\"PropertyValueSpecification\",\"valueRequired\":true,\"valueName\":\"search_term_string\"}}],\"inLanguage\":\"da-DK\"},{\"@type\":\"Organization\",\"@id\":\"https:\/\/kunmedierne.dk\/mors\/#organization\",\"name\":\"Mors\",\"url\":\"https:\/\/kunmedierne.dk\/mors\/\",\"logo\":{\"@type\":\"ImageObject\",\"inLanguage\":\"da-DK\",\"@id\":\"https:\/\/kunmedierne.dk\/mors\/#\/schema\/logo\/image\/\",\"url\":\"https:\/\/kunmedierne.dk\/mors\/wp-content\/uploads\/2024\/08\/kunmors-logo.svg\",\"contentUrl\":\"https:\/\/kunmedierne.dk\/mors\/wp-content\/uploads\/2024\/08\/kunmors-logo.svg\",\"caption\":\"Mors\"},\"image\":{\"@id\":\"https:\/\/kunmedierne.dk\/mors\/#\/schema\/logo\/image\/\"}},{\"@type\":\"Person\",\"@id\":\"https:\/\/kunmedierne.dk\/mors\/#\/schema\/person\/b2e62a38069b12365e53e087a8709c64\",\"name\":\"Katrine Hedegaard\",\"image\":{\"@type\":\"ImageObject\",\"inLanguage\":\"da-DK\",\"@id\":\"https:\/\/kunmedierne.dk\/mors\/#\/schema\/person\/image\/\",\"url\":\"https:\/\/secure.gravatar.com\/avatar\/18a5c72fa9148052fd3ed5a58b40fc83cfdc9811090e6e6eec9539af058edcc0?s=96&d=mm&r=g\",\"contentUrl\":\"https:\/\/secure.gravatar.com\/avatar\/18a5c72fa9148052fd3ed5a58b40fc83cfdc9811090e6e6eec9539af058edcc0?s=96&d=mm&r=g\",\"caption\":\"Katrine Hedegaard\"},\"url\":\"https:\/\/kunmedierne.dk\/mors\/author\/katrine\/\"}]}<\/script>\n<!-- \/ Yoast SEO plugin. -->","yoast_head_json":{"title":"Otte st\u00e6rke virksomheder k\u00e5ret som gazeller p\u00e5 Mors - Mors","robots":{"index":"index","follow":"follow","max-snippet":"max-snippet:-1","max-image-preview":"max-image-preview:large","max-video-preview":"max-video-preview:-1"},"canonical":"https:\/\/kunmedierne.dk\/mors\/syv-staerke-virksomheder-kaaret-som-gazeller-paa-mors\/","og_locale":"da_DK","og_type":"article","og_title":"Otte st\u00e6rke virksomheder k\u00e5ret som gazeller p\u00e5 Mors - Mors","og_description":"ERHVERV: Gazelleprisen uddeles hvert \u00e5r af Dagbladet B\u00f8rsen til virksomheder, der har oplevet kontinuerlig v\u00e6kst og minimum fordoblet deres oms\u00e6tning over en fire\u00e5rig periode.\u00a0 I 2025 er otte virksomheder p\u00e5 Mors kommet igennem n\u00e5le\u00f8jet \u2013 og det er i f\u00f8lge Mors\u00f8 Kommune en pr\u00e6station, som fortjener anerkendelse og fejring. Det f\u00e5r de den 17. marts [&hellip;]","og_url":"https:\/\/kunmedierne.dk\/mors\/syv-staerke-virksomheder-kaaret-som-gazeller-paa-mors\/","og_site_name":"Mors","article_published_time":"2026-03-05T19:10:15+00:00","article_modified_time":"2026-03-09T08:25:26+00:00","author":"Katrine Hedegaard","twitter_card":"summary_large_image","twitter_misc":{"Skrevet af":"Katrine Hedegaard","Estimeret l\u00e6setid":"2 minutter"},"schema":{"@context":"https:\/\/schema.org","@graph":[{"@type":"Article","@id":"https:\/\/kunmedierne.dk\/mors\/syv-staerke-virksomheder-kaaret-som-gazeller-paa-mors\/#article","isPartOf":{"@id":"https:\/\/kunmedierne.dk\/mors\/syv-staerke-virksomheder-kaaret-som-gazeller-paa-mors\/"},"author":{"name":"Katrine Hedegaard","@id":"https:\/\/kunmedierne.dk\/mors\/#\/schema\/person\/b2e62a38069b12365e53e087a8709c64"},"headline":"Otte st\u00e6rke virksomheder k\u00e5ret som gazeller p\u00e5 Mors","datePublished":"2026-03-05T19:10:15+00:00","dateModified":"2026-03-09T08:25:26+00:00","mainEntityOfPage":{"@id":"https:\/\/kunmedierne.dk\/mors\/syv-staerke-virksomheder-kaaret-som-gazeller-paa-mors\/"},"wordCount":410,"publisher":{"@id":"https:\/\/kunmedierne.dk\/mors\/#organization"},"keywords":["Erhverv","\u00d8konomi"],"articleSection":["Lokalt"],"inLanguage":"da-DK"},{"@type":"WebPage","@id":"https:\/\/kunmedierne.dk\/mors\/syv-staerke-virksomheder-kaaret-som-gazeller-paa-mors\/","url":"https:\/\/kunmedierne.dk\/mors\/syv-staerke-virksomheder-kaaret-som-gazeller-paa-mors\/","name":"Otte st\u00e6rke virksomheder k\u00e5ret som gazeller p\u00e5 Mors - Mors","isPartOf":{"@id":"https:\/\/kunmedierne.dk\/mors\/#website"},"datePublished":"2026-03-05T19:10:15+00:00","dateModified":"2026-03-09T08:25:26+00:00","breadcrumb":{"@id":"https:\/\/kunmedierne.dk\/mors\/syv-staerke-virksomheder-kaaret-som-gazeller-paa-mors\/#breadcrumb"},"inLanguage":"da-DK","potentialAction":[{"@type":"ReadAction","target":["https:\/\/kunmedierne.dk\/mors\/syv-staerke-virksomheder-kaaret-som-gazeller-paa-mors\/"]}]},{"@type":"BreadcrumbList","@id":"https:\/\/kunmedierne.dk\/mors\/syv-staerke-virksomheder-kaaret-som-gazeller-paa-mors\/#breadcrumb","itemListElement":[{"@type":"ListItem","position":1,"name":"Hjem","item":"https:\/\/kunmedierne.dk\/mors\/"},{"@type":"ListItem","position":2,"name":"Otte st\u00e6rke virksomheder k\u00e5ret som gazeller p\u00e5 Mors"}]},{"@type":"WebSite","@id":"https:\/\/kunmedierne.dk\/mors\/#website","url":"https:\/\/kunmedierne.dk\/mors\/","name":"Mors","description":"et netmedie med journalistik om livet p\u00e5 Mors","publisher":{"@id":"https:\/\/kunmedierne.dk\/mors\/#organization"},"potentialAction":[{"@type":"SearchAction","target":{"@type":"EntryPoint","urlTemplate":"https:\/\/kunmedierne.dk\/mors\/?s={search_term_string}"},"query-input":{"@type":"PropertyValueSpecification","valueRequired":true,"valueName":"search_term_string"}}],"inLanguage":"da-DK"},{"@type":"Organization","@id":"https:\/\/kunmedierne.dk\/mors\/#organization","name":"Mors","url":"https:\/\/kunmedierne.dk\/mors\/","logo":{"@type":"ImageObject","inLanguage":"da-DK","@id":"https:\/\/kunmedierne.dk\/mors\/#\/schema\/logo\/image\/","url":"https:\/\/kunmedierne.dk\/mors\/wp-content\/uploads\/2024\/08\/kunmors-logo.svg","contentUrl":"https:\/\/kunmedierne.dk\/mors\/wp-content\/uploads\/2024\/08\/kunmors-logo.svg","caption":"Mors"},"image":{"@id":"https:\/\/kunmedierne.dk\/mors\/#\/schema\/logo\/image\/"}},{"@type":"Person","@id":"https:\/\/kunmedierne.dk\/mors\/#\/schema\/person\/b2e62a38069b12365e53e087a8709c64","name":"Katrine Hedegaard","image":{"@type":"ImageObject","inLanguage":"da-DK","@id":"https:\/\/kunmedierne.dk\/mors\/#\/schema\/person\/image\/","url":"https:\/\/secure.gravatar.com\/avatar\/18a5c72fa9148052fd3ed5a58b40fc83cfdc9811090e6e6eec9539af058edcc0?s=96&d=mm&r=g","contentUrl":"https:\/\/secure.gravatar.com\/avatar\/18a5c72fa9148052fd3ed5a58b40fc83cfdc9811090e6e6eec9539af058edcc0?s=96&d=mm&r=g","caption":"Katrine Hedegaard"},"url":"https:\/\/kunmedierne.dk\/mors\/author\/katrine\/"}]}},"_links":{"self":[{"href":"https:\/\/kunmedierne.dk\/mors\/wp-json\/wp\/v2\/posts\/168924","targetHints":{"allow":["GET"]}}],"collection":[{"href":"https:\/\/kunmedierne.dk\/mors\/wp-json\/wp\/v2\/posts"}],"about":[{"href":"https:\/\/kunmedierne.dk\/mors\/wp-json\/wp\/v2\/types\/post"}],"author":[{"embeddable":true,"href":"https:\/\/kunmedierne.dk\/mors\/wp-json\/wp\/v2\/users\/2507"}],"replies":[{"embeddable":true,"href":"https:\/\/kunmedierne.dk\/mors\/wp-json\/wp\/v2\/comments?post=168924"}],"version-history":[{"count":9,"href":"https:\/\/kunmedierne.dk\/mors\/wp-json\/wp\/v2\/posts\/168924\/revisions"}],"predecessor-version":[{"id":169204,"href":"https:\/\/kunmedierne.dk\/mors\/wp-json\/wp\/v2\/posts\/168924\/revisions\/169204"}],"wp:attachment":[{"href":"https:\/\/kunmedierne.dk\/mors\/wp-json\/wp\/v2\/media?parent=168924"}],"wp:term":[{"taxonomy":"category","embeddable":true,"href":"https:\/\/kunmedierne.dk\/mors\/wp-json\/wp\/v2\/categories?post=168924"},{"taxonomy":"post_tag","embeddable":true,"href":"https:\/\/kunmedierne.dk\/mors\/wp-json\/wp\/v2\/tags?post=168924"}],"curies":[{"name":"wp","href":"https:\/\/api.w.org\/{rel}","templated":true}]}}