{"id":16890,"date":"2020-04-07T09:54:58","date_gmt":"2020-04-07T07:54:58","guid":{"rendered":"https:\/\/kunmedierne.dk\/mors\/?p=16890"},"modified":"2024-08-12T14:06:15","modified_gmt":"2024-08-12T12:06:15","slug":"aarets-pilgrimsvandring-bliver-hver-for-sig","status":"publish","type":"post","link":"https:\/\/kunmedierne.dk\/mors\/aarets-pilgrimsvandring-bliver-hver-for-sig\/","title":{"rendered":"\u00c5rets pilgrimsvandring bliver hver for sig"},"content":{"rendered":"<p><strong>MORS<\/strong>: Der bliver ingen f\u00e6lles pilgrimsvandring p\u00e5 Mors i \u00e5r.<\/p>\n<p>Pilgrim Mors 2020 har p\u00e5 grund af coronakrisen valgt at aflyse \u00e5rets vandring og meddeler, at alle tilmeldte vil f\u00e5 deres penge tilbagebetalt.<\/p>\n<p>Samtidig l\u00e6gger man op til en alternativ l\u00f8sning med pilgrimsvandringer hver for sig.<\/p>\n<p>&#8220;En\u00a0pilgrimsvandring er tid til dig selv, fordybelse, stilhed og tilbagetr\u00e6kning. Alle, der har lyst, inviteres i \u00e5r i stedet til at deltage i &#8216;Pilgrim Mors 2020 &#8211; hver for sig!&#8217; Hver morgen klokken ni kan man se\/h\u00f8re et kort opl\u00e6g over dagens pilgrimsord. Det sendes live p\u00e5 Pilgrim Mors\u2019 <a href=\"https:\/\/www.facebook.com\/PilgrimMors\/\" target=\"_blank\" rel=\"noopener noreferrer\">facebookside<\/a>, hvorefter man kan drage ud p\u00e5 sin egen pilgrimsf\u00e6rd. I Pilgrim Mors bruger man dagsvandringer p\u00e5 ca. 20 km ad &#8216;Kystruten&#8217;, men det st\u00e5r jo enhver frit for, hvor og hvor langt man vil vandre,&#8221; lyder det i en meddelelse fra Pilgrim Mors.<\/p>\n<p>N\u00e6ste \u00e5rs pilgrimsvandring, Pilgrim Mors 2021, er igen programsat fra 2. pinsedag med startdato 24. maj 2021.<\/p>\n<blockquote>\n<h3>FAKTA<\/h3>\n<p>Programmet for vandringerne i 2020:<\/p>\n<p>Mandag d. 1. juni. (2. pinsedag): Langsomhed. Opl\u00e6g v. pilgrimshyrde, Charlotte Kristensen Heide.<\/p>\n<p>Tirsdag d. 2. juni. Frihed. Opl\u00e6g v. sognepr\u00e6st, Peter Noer.<\/p>\n<p>Onsdag d. 3. juni. Enkelhed. Opl\u00e6g v. pilgrimshyrde, Charlotte Kristensen Heide.<\/p>\n<p>Torsdag d. 4. juni. Bekymringsl\u00f8shed. Opl\u00e6g v. pilgrimshyrde, Charlotte Kristensen Heide.<\/p>\n<p>Fredag d. 5. juni.\u00a0 Stilhed. Opl\u00e6g v. sognepr\u00e6st, Astrid Glargaard.<\/p>\n<p>L\u00f8rdag d. 6. juni. F\u00e6llesskab. Opl\u00e6g v. sognepr\u00e6st, Steen Sunesen.<\/p>\n<p>S\u00f8ndag d. 7. juni.\u00a0 \u00c5ndelighed. Opl\u00e6g v. sognepr\u00e6st, Trine Gj\u00f8rtz.<\/p>\n<p>&nbsp;<\/p>\n<p>Mere information p\u00e5 <a href=\"https:\/\/www.pilgrimmors.dk\/\" target=\"_blank\" rel=\"noopener noreferrer\">hjemmesiden<\/a> for Pilgrim Mors.<\/p><\/blockquote>\n<p>&nbsp;<\/p>\n","protected":false},"excerpt":{"rendered":"<p>MORS: Der bliver ingen f\u00e6lles pilgrimsvandring p\u00e5 Mors i \u00e5r. Pilgrim Mors 2020 har p\u00e5 grund af coronakrisen valgt at aflyse \u00e5rets vandring og meddeler, at alle tilmeldte vil f\u00e5 deres penge tilbagebetalt. Samtidig l\u00e6gger man op til en alternativ l\u00f8sning med pilgrimsvandringer hver for sig. &#8220;En\u00a0pilgrimsvandring er tid til dig selv, fordybelse, stilhed og [&hellip;]<\/p>\n","protected":false},"author":8,"featured_media":16891,"comment_status":"open","ping_status":"open","sticky":false,"template":"","format":"standard","meta":{"_acf_changed":false,"footnotes":""},"categories":[51],"tags":[161],"class_list":["post-16890","post","type-post","status-publish","format-standard","has-post-thumbnail","hentry","category-lokalt","tag-kirker"],"acf":[],"yoast_head":"<!-- This site is optimized with the Yoast SEO plugin v26.8 - https:\/\/yoast.com\/product\/yoast-seo-wordpress\/ -->\n<title>\u00c5rets pilgrimsvandring bliver hver for sig - Mors<\/title>\n<meta name=\"robots\" content=\"index, follow, max-snippet:-1, max-image-preview:large, max-video-preview:-1\" \/>\n<link rel=\"canonical\" href=\"https:\/\/kunmedierne.dk\/mors\/aarets-pilgrimsvandring-bliver-hver-for-sig\/\" \/>\n<meta property=\"og:locale\" content=\"da_DK\" \/>\n<meta property=\"og:type\" content=\"article\" \/>\n<meta property=\"og:title\" content=\"\u00c5rets pilgrimsvandring bliver hver for sig - Mors\" \/>\n<meta property=\"og:description\" content=\"MORS: Der bliver ingen f\u00e6lles pilgrimsvandring p\u00e5 Mors i \u00e5r. Pilgrim Mors 2020 har p\u00e5 grund af coronakrisen valgt at aflyse \u00e5rets vandring og meddeler, at alle tilmeldte vil f\u00e5 deres penge tilbagebetalt. Samtidig l\u00e6gger man op til en alternativ l\u00f8sning med pilgrimsvandringer hver for sig. &#8220;En\u00a0pilgrimsvandring er tid til dig selv, fordybelse, stilhed og [&hellip;]\" \/>\n<meta property=\"og:url\" content=\"https:\/\/kunmedierne.dk\/mors\/aarets-pilgrimsvandring-bliver-hver-for-sig\/\" \/>\n<meta property=\"og:site_name\" content=\"Mors\" \/>\n<meta property=\"article:published_time\" content=\"2020-04-07T07:54:58+00:00\" \/>\n<meta property=\"article:modified_time\" content=\"2024-08-12T12:06:15+00:00\" \/>\n<meta property=\"og:image\" content=\"https:\/\/kunmedierne.dk\/mors\/wp-content\/uploads\/2020\/04\/200407-pilgrimsvandring-mr-autthaporn-pradidpong-unsplash.jpg\" \/>\n\t<meta property=\"og:image:width\" content=\"770\" \/>\n\t<meta property=\"og:image:height\" content=\"514\" \/>\n\t<meta property=\"og:image:type\" content=\"image\/jpeg\" \/>\n<meta name=\"author\" content=\"David H\u00f8jmark\" \/>\n<meta name=\"twitter:card\" content=\"summary_large_image\" \/>\n<meta name=\"twitter:label1\" content=\"Skrevet af\" \/>\n\t<meta name=\"twitter:data1\" content=\"David H\u00f8jmark\" \/>\n\t<meta name=\"twitter:label2\" content=\"Estimeret l\u00e6setid\" \/>\n\t<meta name=\"twitter:data2\" content=\"1 minut\" \/>\n<script type=\"application\/ld+json\" class=\"yoast-schema-graph\">{\"@context\":\"https:\/\/schema.org\",\"@graph\":[{\"@type\":\"Article\",\"@id\":\"https:\/\/kunmedierne.dk\/mors\/aarets-pilgrimsvandring-bliver-hver-for-sig\/#article\",\"isPartOf\":{\"@id\":\"https:\/\/kunmedierne.dk\/mors\/aarets-pilgrimsvandring-bliver-hver-for-sig\/\"},\"author\":{\"name\":\"David H\u00f8jmark\",\"@id\":\"https:\/\/kunmedierne.dk\/mors\/#\/schema\/person\/5fe23251bf1d0abbcdc6f7896579d548\"},\"headline\":\"\u00c5rets pilgrimsvandring bliver hver for sig\",\"datePublished\":\"2020-04-07T07:54:58+00:00\",\"dateModified\":\"2024-08-12T12:06:15+00:00\",\"mainEntityOfPage\":{\"@id\":\"https:\/\/kunmedierne.dk\/mors\/aarets-pilgrimsvandring-bliver-hver-for-sig\/\"},\"wordCount\":263,\"commentCount\":0,\"publisher\":{\"@id\":\"https:\/\/kunmedierne.dk\/mors\/#organization\"},\"image\":{\"@id\":\"https:\/\/kunmedierne.dk\/mors\/aarets-pilgrimsvandring-bliver-hver-for-sig\/#primaryimage\"},\"thumbnailUrl\":\"https:\/\/kunmedierne.dk\/mors\/wp-content\/uploads\/2020\/04\/200407-pilgrimsvandring-mr-autthaporn-pradidpong-unsplash.jpg\",\"keywords\":[\"Kirkestof\"],\"articleSection\":[\"Lokalt\"],\"inLanguage\":\"da-DK\",\"potentialAction\":[{\"@type\":\"CommentAction\",\"name\":\"Comment\",\"target\":[\"https:\/\/kunmedierne.dk\/mors\/aarets-pilgrimsvandring-bliver-hver-for-sig\/#respond\"]}]},{\"@type\":\"WebPage\",\"@id\":\"https:\/\/kunmedierne.dk\/mors\/aarets-pilgrimsvandring-bliver-hver-for-sig\/\",\"url\":\"https:\/\/kunmedierne.dk\/mors\/aarets-pilgrimsvandring-bliver-hver-for-sig\/\",\"name\":\"\u00c5rets pilgrimsvandring bliver hver for sig - Mors\",\"isPartOf\":{\"@id\":\"https:\/\/kunmedierne.dk\/mors\/#website\"},\"primaryImageOfPage\":{\"@id\":\"https:\/\/kunmedierne.dk\/mors\/aarets-pilgrimsvandring-bliver-hver-for-sig\/#primaryimage\"},\"image\":{\"@id\":\"https:\/\/kunmedierne.dk\/mors\/aarets-pilgrimsvandring-bliver-hver-for-sig\/#primaryimage\"},\"thumbnailUrl\":\"https:\/\/kunmedierne.dk\/mors\/wp-content\/uploads\/2020\/04\/200407-pilgrimsvandring-mr-autthaporn-pradidpong-unsplash.jpg\",\"datePublished\":\"2020-04-07T07:54:58+00:00\",\"dateModified\":\"2024-08-12T12:06:15+00:00\",\"breadcrumb\":{\"@id\":\"https:\/\/kunmedierne.dk\/mors\/aarets-pilgrimsvandring-bliver-hver-for-sig\/#breadcrumb\"},\"inLanguage\":\"da-DK\",\"potentialAction\":[{\"@type\":\"ReadAction\",\"target\":[\"https:\/\/kunmedierne.dk\/mors\/aarets-pilgrimsvandring-bliver-hver-for-sig\/\"]}]},{\"@type\":\"ImageObject\",\"inLanguage\":\"da-DK\",\"@id\":\"https:\/\/kunmedierne.dk\/mors\/aarets-pilgrimsvandring-bliver-hver-for-sig\/#primaryimage\",\"url\":\"https:\/\/kunmedierne.dk\/mors\/wp-content\/uploads\/2020\/04\/200407-pilgrimsvandring-mr-autthaporn-pradidpong-unsplash.jpg\",\"contentUrl\":\"https:\/\/kunmedierne.dk\/mors\/wp-content\/uploads\/2020\/04\/200407-pilgrimsvandring-mr-autthaporn-pradidpong-unsplash.jpg\",\"width\":770,\"height\":514,\"caption\":\"Pilgrimsvandringerne p\u00e5 Mors foreg\u00e5r i \u00e5r hver for sig. Modelfoto: Mr. Autthaporn Pradidpong\/Unsplash.\"},{\"@type\":\"BreadcrumbList\",\"@id\":\"https:\/\/kunmedierne.dk\/mors\/aarets-pilgrimsvandring-bliver-hver-for-sig\/#breadcrumb\",\"itemListElement\":[{\"@type\":\"ListItem\",\"position\":1,\"name\":\"Hjem\",\"item\":\"https:\/\/kunmedierne.dk\/mors\/\"},{\"@type\":\"ListItem\",\"position\":2,\"name\":\"\u00c5rets pilgrimsvandring bliver hver for sig\"}]},{\"@type\":\"WebSite\",\"@id\":\"https:\/\/kunmedierne.dk\/mors\/#website\",\"url\":\"https:\/\/kunmedierne.dk\/mors\/\",\"name\":\"Mors\",\"description\":\"et netmedie med journalistik om livet p\u00e5 Mors\",\"publisher\":{\"@id\":\"https:\/\/kunmedierne.dk\/mors\/#organization\"},\"potentialAction\":[{\"@type\":\"SearchAction\",\"target\":{\"@type\":\"EntryPoint\",\"urlTemplate\":\"https:\/\/kunmedierne.dk\/mors\/?s={search_term_string}\"},\"query-input\":{\"@type\":\"PropertyValueSpecification\",\"valueRequired\":true,\"valueName\":\"search_term_string\"}}],\"inLanguage\":\"da-DK\"},{\"@type\":\"Organization\",\"@id\":\"https:\/\/kunmedierne.dk\/mors\/#organization\",\"name\":\"Mors\",\"url\":\"https:\/\/kunmedierne.dk\/mors\/\",\"logo\":{\"@type\":\"ImageObject\",\"inLanguage\":\"da-DK\",\"@id\":\"https:\/\/kunmedierne.dk\/mors\/#\/schema\/logo\/image\/\",\"url\":\"https:\/\/kunmedierne.dk\/mors\/wp-content\/uploads\/2024\/08\/kunmors-logo.svg\",\"contentUrl\":\"https:\/\/kunmedierne.dk\/mors\/wp-content\/uploads\/2024\/08\/kunmors-logo.svg\",\"caption\":\"Mors\"},\"image\":{\"@id\":\"https:\/\/kunmedierne.dk\/mors\/#\/schema\/logo\/image\/\"}},{\"@type\":\"Person\",\"@id\":\"https:\/\/kunmedierne.dk\/mors\/#\/schema\/person\/5fe23251bf1d0abbcdc6f7896579d548\",\"name\":\"David H\u00f8jmark\",\"image\":{\"@type\":\"ImageObject\",\"inLanguage\":\"da-DK\",\"@id\":\"https:\/\/kunmedierne.dk\/mors\/#\/schema\/person\/image\/\",\"url\":\"https:\/\/secure.gravatar.com\/avatar\/4315d6fb9ef244d729989f5f90268eb08d5bf8a3d84402f595fa194bb35784fd?s=96&d=mm&r=g\",\"contentUrl\":\"https:\/\/secure.gravatar.com\/avatar\/4315d6fb9ef244d729989f5f90268eb08d5bf8a3d84402f595fa194bb35784fd?s=96&d=mm&r=g\",\"caption\":\"David H\u00f8jmark\"},\"sameAs\":[\"https:\/\/www.kunmedierne.dk\"],\"url\":\"https:\/\/kunmedierne.dk\/mors\/author\/david\/\"}]}<\/script>\n<!-- \/ Yoast SEO plugin. -->","yoast_head_json":{"title":"\u00c5rets pilgrimsvandring bliver hver for sig - Mors","robots":{"index":"index","follow":"follow","max-snippet":"max-snippet:-1","max-image-preview":"max-image-preview:large","max-video-preview":"max-video-preview:-1"},"canonical":"https:\/\/kunmedierne.dk\/mors\/aarets-pilgrimsvandring-bliver-hver-for-sig\/","og_locale":"da_DK","og_type":"article","og_title":"\u00c5rets pilgrimsvandring bliver hver for sig - Mors","og_description":"MORS: Der bliver ingen f\u00e6lles pilgrimsvandring p\u00e5 Mors i \u00e5r. Pilgrim Mors 2020 har p\u00e5 grund af coronakrisen valgt at aflyse \u00e5rets vandring og meddeler, at alle tilmeldte vil f\u00e5 deres penge tilbagebetalt. Samtidig l\u00e6gger man op til en alternativ l\u00f8sning med pilgrimsvandringer hver for sig. &#8220;En\u00a0pilgrimsvandring er tid til dig selv, fordybelse, stilhed og [&hellip;]","og_url":"https:\/\/kunmedierne.dk\/mors\/aarets-pilgrimsvandring-bliver-hver-for-sig\/","og_site_name":"Mors","article_published_time":"2020-04-07T07:54:58+00:00","article_modified_time":"2024-08-12T12:06:15+00:00","og_image":[{"width":770,"height":514,"url":"https:\/\/kunmedierne.dk\/mors\/wp-content\/uploads\/2020\/04\/200407-pilgrimsvandring-mr-autthaporn-pradidpong-unsplash.jpg","type":"image\/jpeg"}],"author":"David H\u00f8jmark","twitter_card":"summary_large_image","twitter_misc":{"Skrevet af":"David H\u00f8jmark","Estimeret l\u00e6setid":"1 minut"},"schema":{"@context":"https:\/\/schema.org","@graph":[{"@type":"Article","@id":"https:\/\/kunmedierne.dk\/mors\/aarets-pilgrimsvandring-bliver-hver-for-sig\/#article","isPartOf":{"@id":"https:\/\/kunmedierne.dk\/mors\/aarets-pilgrimsvandring-bliver-hver-for-sig\/"},"author":{"name":"David H\u00f8jmark","@id":"https:\/\/kunmedierne.dk\/mors\/#\/schema\/person\/5fe23251bf1d0abbcdc6f7896579d548"},"headline":"\u00c5rets pilgrimsvandring bliver hver for sig","datePublished":"2020-04-07T07:54:58+00:00","dateModified":"2024-08-12T12:06:15+00:00","mainEntityOfPage":{"@id":"https:\/\/kunmedierne.dk\/mors\/aarets-pilgrimsvandring-bliver-hver-for-sig\/"},"wordCount":263,"commentCount":0,"publisher":{"@id":"https:\/\/kunmedierne.dk\/mors\/#organization"},"image":{"@id":"https:\/\/kunmedierne.dk\/mors\/aarets-pilgrimsvandring-bliver-hver-for-sig\/#primaryimage"},"thumbnailUrl":"https:\/\/kunmedierne.dk\/mors\/wp-content\/uploads\/2020\/04\/200407-pilgrimsvandring-mr-autthaporn-pradidpong-unsplash.jpg","keywords":["Kirkestof"],"articleSection":["Lokalt"],"inLanguage":"da-DK","potentialAction":[{"@type":"CommentAction","name":"Comment","target":["https:\/\/kunmedierne.dk\/mors\/aarets-pilgrimsvandring-bliver-hver-for-sig\/#respond"]}]},{"@type":"WebPage","@id":"https:\/\/kunmedierne.dk\/mors\/aarets-pilgrimsvandring-bliver-hver-for-sig\/","url":"https:\/\/kunmedierne.dk\/mors\/aarets-pilgrimsvandring-bliver-hver-for-sig\/","name":"\u00c5rets pilgrimsvandring bliver hver for sig - Mors","isPartOf":{"@id":"https:\/\/kunmedierne.dk\/mors\/#website"},"primaryImageOfPage":{"@id":"https:\/\/kunmedierne.dk\/mors\/aarets-pilgrimsvandring-bliver-hver-for-sig\/#primaryimage"},"image":{"@id":"https:\/\/kunmedierne.dk\/mors\/aarets-pilgrimsvandring-bliver-hver-for-sig\/#primaryimage"},"thumbnailUrl":"https:\/\/kunmedierne.dk\/mors\/wp-content\/uploads\/2020\/04\/200407-pilgrimsvandring-mr-autthaporn-pradidpong-unsplash.jpg","datePublished":"2020-04-07T07:54:58+00:00","dateModified":"2024-08-12T12:06:15+00:00","breadcrumb":{"@id":"https:\/\/kunmedierne.dk\/mors\/aarets-pilgrimsvandring-bliver-hver-for-sig\/#breadcrumb"},"inLanguage":"da-DK","potentialAction":[{"@type":"ReadAction","target":["https:\/\/kunmedierne.dk\/mors\/aarets-pilgrimsvandring-bliver-hver-for-sig\/"]}]},{"@type":"ImageObject","inLanguage":"da-DK","@id":"https:\/\/kunmedierne.dk\/mors\/aarets-pilgrimsvandring-bliver-hver-for-sig\/#primaryimage","url":"https:\/\/kunmedierne.dk\/mors\/wp-content\/uploads\/2020\/04\/200407-pilgrimsvandring-mr-autthaporn-pradidpong-unsplash.jpg","contentUrl":"https:\/\/kunmedierne.dk\/mors\/wp-content\/uploads\/2020\/04\/200407-pilgrimsvandring-mr-autthaporn-pradidpong-unsplash.jpg","width":770,"height":514,"caption":"Pilgrimsvandringerne p\u00e5 Mors foreg\u00e5r i \u00e5r hver for sig. Modelfoto: Mr. Autthaporn Pradidpong\/Unsplash."},{"@type":"BreadcrumbList","@id":"https:\/\/kunmedierne.dk\/mors\/aarets-pilgrimsvandring-bliver-hver-for-sig\/#breadcrumb","itemListElement":[{"@type":"ListItem","position":1,"name":"Hjem","item":"https:\/\/kunmedierne.dk\/mors\/"},{"@type":"ListItem","position":2,"name":"\u00c5rets pilgrimsvandring bliver hver for sig"}]},{"@type":"WebSite","@id":"https:\/\/kunmedierne.dk\/mors\/#website","url":"https:\/\/kunmedierne.dk\/mors\/","name":"Mors","description":"et netmedie med journalistik om livet p\u00e5 Mors","publisher":{"@id":"https:\/\/kunmedierne.dk\/mors\/#organization"},"potentialAction":[{"@type":"SearchAction","target":{"@type":"EntryPoint","urlTemplate":"https:\/\/kunmedierne.dk\/mors\/?s={search_term_string}"},"query-input":{"@type":"PropertyValueSpecification","valueRequired":true,"valueName":"search_term_string"}}],"inLanguage":"da-DK"},{"@type":"Organization","@id":"https:\/\/kunmedierne.dk\/mors\/#organization","name":"Mors","url":"https:\/\/kunmedierne.dk\/mors\/","logo":{"@type":"ImageObject","inLanguage":"da-DK","@id":"https:\/\/kunmedierne.dk\/mors\/#\/schema\/logo\/image\/","url":"https:\/\/kunmedierne.dk\/mors\/wp-content\/uploads\/2024\/08\/kunmors-logo.svg","contentUrl":"https:\/\/kunmedierne.dk\/mors\/wp-content\/uploads\/2024\/08\/kunmors-logo.svg","caption":"Mors"},"image":{"@id":"https:\/\/kunmedierne.dk\/mors\/#\/schema\/logo\/image\/"}},{"@type":"Person","@id":"https:\/\/kunmedierne.dk\/mors\/#\/schema\/person\/5fe23251bf1d0abbcdc6f7896579d548","name":"David H\u00f8jmark","image":{"@type":"ImageObject","inLanguage":"da-DK","@id":"https:\/\/kunmedierne.dk\/mors\/#\/schema\/person\/image\/","url":"https:\/\/secure.gravatar.com\/avatar\/4315d6fb9ef244d729989f5f90268eb08d5bf8a3d84402f595fa194bb35784fd?s=96&d=mm&r=g","contentUrl":"https:\/\/secure.gravatar.com\/avatar\/4315d6fb9ef244d729989f5f90268eb08d5bf8a3d84402f595fa194bb35784fd?s=96&d=mm&r=g","caption":"David H\u00f8jmark"},"sameAs":["https:\/\/www.kunmedierne.dk"],"url":"https:\/\/kunmedierne.dk\/mors\/author\/david\/"}]}},"_links":{"self":[{"href":"https:\/\/kunmedierne.dk\/mors\/wp-json\/wp\/v2\/posts\/16890","targetHints":{"allow":["GET"]}}],"collection":[{"href":"https:\/\/kunmedierne.dk\/mors\/wp-json\/wp\/v2\/posts"}],"about":[{"href":"https:\/\/kunmedierne.dk\/mors\/wp-json\/wp\/v2\/types\/post"}],"author":[{"embeddable":true,"href":"https:\/\/kunmedierne.dk\/mors\/wp-json\/wp\/v2\/users\/8"}],"replies":[{"embeddable":true,"href":"https:\/\/kunmedierne.dk\/mors\/wp-json\/wp\/v2\/comments?post=16890"}],"version-history":[{"count":2,"href":"https:\/\/kunmedierne.dk\/mors\/wp-json\/wp\/v2\/posts\/16890\/revisions"}],"predecessor-version":[{"id":16893,"href":"https:\/\/kunmedierne.dk\/mors\/wp-json\/wp\/v2\/posts\/16890\/revisions\/16893"}],"wp:featuredmedia":[{"embeddable":true,"href":"https:\/\/kunmedierne.dk\/mors\/wp-json\/wp\/v2\/media\/16891"}],"wp:attachment":[{"href":"https:\/\/kunmedierne.dk\/mors\/wp-json\/wp\/v2\/media?parent=16890"}],"wp:term":[{"taxonomy":"category","embeddable":true,"href":"https:\/\/kunmedierne.dk\/mors\/wp-json\/wp\/v2\/categories?post=16890"},{"taxonomy":"post_tag","embeddable":true,"href":"https:\/\/kunmedierne.dk\/mors\/wp-json\/wp\/v2\/tags?post=16890"}],"curies":[{"name":"wp","href":"https:\/\/api.w.org\/{rel}","templated":true}]}}