{"id":168672,"date":"2026-03-02T14:01:52","date_gmt":"2026-03-02T13:01:52","guid":{"rendered":"https:\/\/kunmedierne.dk\/mors\/?p=168672"},"modified":"2026-03-02T14:14:28","modified_gmt":"2026-03-02T13:14:28","slug":"victor-norlyk-klar-til-landsholdet-jeg-gik-lidt-i-chok","status":"publish","type":"post","link":"https:\/\/kunmedierne.dk\/mors\/victor-norlyk-klar-til-landsholdet-jeg-gik-lidt-i-chok\/","title":{"rendered":"<span>Victor Norlyk klar til landsholdet: <\/span>&#8211; Jeg gik lidt i chok"},"content":{"rendered":"<p><strong>H\u00c5NDBOLD<\/strong>: Klubskifte til HBC Nantes. Bonuspoint til slutspillet med Mors-Thy. Topscorertitlen i en af verdens st\u00e6rkeste ligaer. Og nu ogs\u00e5 tre kampe p\u00e5 verdens bedste landshold.<\/p>\n<p>Hvis Victor Amnitzb\u00f8ll Norlyk, 22-\u00e5rig playmaker i Mors-Thy H\u00e5ndbold, f\u00f8ler, at han har meget omkring h\u00e5ndbold\u00f8rerne for tiden, er der ikke noget at sige til det. Men det seneste kapitel i historien om et formidabelt for\u00e5r tager han med stor forn\u00f8jelse: den kommende debut for verdens bedste h\u00e5ndboldherrer.<\/p>\n<a class=\"dvrt-link\" onClick=\"cdmtrack_click(104779,jQuery(this));return false\" href=\"https:\/\/morsoe-begravelsesforretning.dk\/\"><img decoding=\"async\" style=\"width:100%;\" src=\"https:\/\/kunmedierne.dk\/mors\/wp-content\/uploads\/2023\/11\/251215-morsoe-begravelsesforretning.jpg\"><\/a><script>cdmtrack_view(104779);<\/script>\n<p>L\u00f8rdag blev han ringet op af landstr\u00e6ner Nikolaj Jacobsen og udtaget til kampene i Golden League senere i marts.<\/p>\n<p>&#8211; Jeg gik lidt i chok. Jeg har jo altid dr\u00f8mt om det, men at f\u00e5 et opkald som kun 22-\u00e5rig, og mens man spiller i Mors-Thy, er ikke lige det f\u00f8rste, man regner med. Men det er megafedt, siger Victor Norlyk.<\/p>\n<p>&nbsp;<\/p>\n<p><strong>Nyder muligheden helt vildt<\/strong><\/p>\n<p>Udtagelsen overrasker ikke nogen, der har fulgt den danske liga i denne s\u00e6son &#8211; og i s\u00e6rdeleshed efter nyt\u00e5r. Igen og igen toppr\u00e6sterer Victor Norlyk med et tocifret antal m\u00e5l, f\u00e5 tekniske fejl og br\u00e6ndte chancer &#8211; og med et assistspil, der ogs\u00e5 er en stor del af forklaringen p\u00e5 Mors-Thys succes.<\/p>\n<p>Han er da ogs\u00e5 selv opm\u00e6rksom p\u00e5, at det er pr\u00e6stationer over tid, der nu har givet landsholdsbonus.<\/p>\n<p>&#8211; Det er fedt, at man kan pr\u00e6stere i lange perioder, og at det s\u00e5 giver pote i sidste ende, lyder den n\u00f8gterne konstatering fra en hovedperson, der sj\u00e6ldent sl\u00e5r ud med armene over egne pr\u00e6stationer, men som dog ikke l\u00e6gger skjul p\u00e5 sin stolthed over at kunne kalde sig landsholdsspiller.<\/p>\n<a class=\"dvrt-link\" onClick=\"cdmtrack_click(169437,jQuery(this));return false\" href=\"https:\/\/thymors.dk\/sponsorater\/15-til-faellesskabet?utm_source=kunmors&amp;utm_medium=annonce&amp;utm_campaign=sponsorater\"><img decoding=\"async\" style=\"width:100%;\" src=\"https:\/\/kunmedierne.dk\/mors\/wp-content\/uploads\/2026\/03\/260407ThyMors-energi_faellesskab_generel-1.jpg\"><\/a><script>cdmtrack_view(169437);<\/script>\n<p>&#8211; F\u00f8rst og fremmest nyder jeg muligheden for det helt vildt. Og s\u00e5 gl\u00e6der jeg mig bare til at m\u00f8de drengene og holdet omkring landsholdet. Det er jo tre hjemmekampe, og jeg er virkelig glad for at kunne spille p\u00e5 hjemmebane. Det betyder utrolig meget, og jeg gl\u00e6der mig enormt meget til det, siger han.<\/p>\n<p><em>Har du sat dig m\u00e5l i forhold til spilletid og antal scoringer?<\/em><\/p>\n<p>&#8211; Nej. Det er f\u00f8rste gang, jeg er med, og jeg er stadig ung. Jeg tager det virkelig som en oplevelse og suger alting til mig. Jeg har selvf\u00f8lgelig nogle forventninger, men ikke noget, jeg har t\u00e6nkt n\u00e6rmere over.<\/p>\n<p>&nbsp;<\/p>\n<p><strong>Ro p\u00e5 efter Nantes-udmelding<\/strong><\/p>\n<p>I den senere tid har han t\u00e6nkt over noget andet: Hvad han skal svare p\u00e5 sp\u00f8rgsm\u00e5l om h\u00e5ndboldfremtiden.<\/p>\n<p>Rygterne om et klubskifte til storklubben HBC Nantes har k\u00f8rt l\u00e6nge, og da KunMors for nylig ringede til ham som optakt til en ligakamp, bad han specifikt om, at interviewet skulle handle om kampen.<\/p>\n<a class=\"dvrt-link\" onClick=\"cdmtrack_click(114591,jQuery(this));return false\" href=\"https:\/\/www.facebook.com\/kopogkandemors\"><img decoding=\"async\" style=\"width:100%;\" src=\"https:\/\/kunmedierne.dk\/mors\/wp-content\/uploads\/2024\/03\/kop-og-kande-ja-tak-tilbud.jpg\"><\/a><script>cdmtrack_view(114591);<\/script>\n<p>Forleden blev det s\u00e5 endelig officielt, at Victor Norlyk fra n\u00e6ste s\u00e6son spiller h\u00e5ndbold i Frankrig, og han beskriver det som en stor lettelse, at han nu kan fokusere alene p\u00e5 sit h\u00e5ndboldspil.<\/p>\n<p>&#8211; Jeg er glad for, at det er kommet ud og er kommet p\u00e5 plads. Det giver mig en helt anden ro i forhold til, at man kan snakke h\u00f8jt om det &#8211; og at der er styr p\u00e5 det, siger han og ser frem imod sin sidste tid i Mors-Thy.<\/p>\n<p>Her er ambitionerne ogs\u00e5 store.<\/p>\n<p>&#8211; Nu fik vi en stor skalp i Skjern og har sikret os slutspillet. S\u00e5 nu skal vi se, om vi ikke kan jagte nogle point at f\u00e5 med over. Og s\u00e5 vil jeg helt vildt gerne i semifinalen med den her klub.<\/p>\n<p>Det har Victor Norlyk f\u00f8r v\u00e6ret t\u00e6t p\u00e5 sammen med Mors-Thy, s\u00e5 han har ogs\u00e5 en id\u00e9 om, hvad der skal til for at tage det sidste skridt.<\/p>\n<a class=\"dvrt-link\" onClick=\"cdmtrack_click(113414,jQuery(this));return false\" href=\"https:\/\/www.p-soerensen.dk\/\"><img decoding=\"async\" style=\"width:100%;\" src=\"https:\/\/kunmedierne.dk\/mors\/wp-content\/uploads\/2024\/03\/p-soerensen-juni25.jpg\"><\/a><script>cdmtrack_view(113414);<\/script>\n<p>&#8211; N\u00e5r man kommer i slutspillet, skruer holdene lige 10 procent op for det hele. Der skal vi selvf\u00f8lgelig kunne v\u00e6re med og m\u00e5ske lige grave lidt dybere i v\u00e6rkt\u00f8jskassen. Men det har vi ogs\u00e5 en forventning p\u00e5 holdet og i tr\u00e6nerteamet om, at vi kan. S\u00e5 jeg gl\u00e6der mig utrolig meget til at se os i slutspillet. Jeg h\u00e5ber, vi kan drille dem, der skal drilles, lyder det fra den nyk\u00e5rede landsholdsspiller.<\/p>\n<p>&nbsp;<\/p>\n<p><strong>Fire med relation til Mors-Thy<\/strong><\/p>\n<p>Victor Norlyk er bare \u00e9n af hele fire spillere i landsholdstruppen med relation til Mors-Thy H\u00e5ndbold. Morsingboen Mads Svane Knudsen og thyboen Mads Hoxer har f\u00e5et genvalg oven p\u00e5 EM-slutrunden. Derudover er den tidligere MTH-fl\u00f8j Frederik Bjerre (GOG), som Victor Norlyk k\u00e6mper med om titlen som ligatopscorer, udtaget.<\/p>\n<p>Udtagelsen af Victor Norlyk bliver p\u00e5 Dansk H\u00e5ndbolds hjemmeside kommenteret af Nikolaj Jacobsen.<\/p>\n<p>&#8211; Viktor Norlyk har haft en virkelig flot s\u00e6son i Mors-Thy. Han er en k\u00e6mpe drivkraft i deres flotte resultater. Med hans m\u00e5de at l\u00e6se spillet p\u00e5 og hans hurtige f\u00f8dder bliver det sp\u00e6ndende at se ham sammen med de andre i angrebet, lyder det fra landstr\u00e6neren, der ogs\u00e5 beskriver det som fortjent, at Frederik Bjerre f\u00e5r sin landsholdsdebut.<\/p>\n<a class=\"dvrt-link\" onClick=\"cdmtrack_click(114591,jQuery(this));return false\" href=\"https:\/\/www.facebook.com\/kopogkandemors\"><img decoding=\"async\" style=\"width:100%;\" src=\"https:\/\/kunmedierne.dk\/mors\/wp-content\/uploads\/2024\/03\/kop-og-kande-ja-tak-tilbud.jpg\"><\/a><script>cdmtrack_view(114591);<\/script>\n<p>Samtidig s\u00e6tter han ord p\u00e5 truppens repr\u00e6sentation fra Mors og Thy.<\/p>\n<p>&#8211; Kampene skal bruges til at se og pr\u00f8ve noget defensivt. Vi skal blandt andet pr\u00f8ve med Mads Hoxer defensivt i midten. Steven Pucnar skal have chancen for at se, hvordan vi kan udnytte ham. Og s\u00e5 bliver det sp\u00e6ndende at se Viktor Norlyk og Mads Svane og deres fart sammen med Pytlick og Gidsel, siger Nikola Jacobsen.<\/p>\n<p>Golden League-kampene bliver spillet i Royal Stage Arena i K\u00f8benhavn, hvor Danmark m\u00f8der Norge (19. marts), USA (21. marts) og Holland (22. marts).<\/p>\n<blockquote>\n<h5>FAKTA<\/h5>\n<h4>Landsholdstruppen til Golden League:<\/h4>\n<h5 style=\"font-weight: 300;\"><strong style=\"font-weight: 600;\">M\u00e5lm\u00e6nd<\/strong><br \/>\nEmil Nielsen, Barcelona<br \/>\nChristoffer Bonde, Skjern H\u00e5ndbold<\/h5>\n<h5 style=\"font-weight: 300;\"><strong style=\"font-weight: 600;\">Fl\u00f8jspillere<br \/>\n<\/strong>Magnus Landin, THW Kiel<br \/>\nFrederik Bjerre, GOG<br \/>\nJohan Hansen, Skanderborg AGF H\u00e5ndbold<br \/>\nOskar Vind, GOG<br \/>\nNiklas Kirkel\u00f8kke, SG Flensburg Handewitt<\/h5>\n<h5 style=\"font-weight: 300;\"><strong style=\"font-weight: 600;\">Stregspillere<\/strong><br \/>\nMagnus Saugstrup, SC Magdeburg<br \/>\nSimon Hald, Aalborg H\u00e5ndbold<br \/>\nSteven Plucnar, Rhein Neckar L\u00f6wen<\/h5>\n<h5 style=\"font-weight: 300;\"><strong style=\"font-weight: 600;\">Bagspillere<\/strong><br \/>\nMathias Gidsel, F\u00fcchse Berlin<br \/>\nSimon Pytlick, SG Flensburg Handewitt<br \/>\nThomas Arnoldsen, Aalborg H\u00e5ndbold<br \/>\nLasse Andersson, F\u00fcchse Berlin<br \/>\nMads Svane, Bjerringbro-Silkeborg H\u00e5ndbold<br \/>\nMads Hoxer, Aalborg H\u00e5ndbold<br \/>\nHjalte Lykke, GOG<br \/>\nViktor Norlyk, Mors-Thy H\u00e5ndbold<br \/>\nMarinus Munk, Aalborg H\u00e5ndbold<\/h5>\n<\/blockquote>\n","protected":false},"excerpt":{"rendered":"<p>H\u00c5NDBOLD: Klubskifte til HBC Nantes. Bonuspoint til slutspillet med Mors-Thy. Topscorertitlen i en af verdens st\u00e6rkeste ligaer. Og nu ogs\u00e5 tre kampe p\u00e5 verdens bedste landshold. Hvis Victor Amnitzb\u00f8ll Norlyk, 22-\u00e5rig playmaker i Mors-Thy H\u00e5ndbold, f\u00f8ler, at han har meget omkring h\u00e5ndbold\u00f8rerne for tiden, er der ikke noget at sige til det. Men det seneste [&hellip;]<\/p>\n","protected":false},"author":8,"featured_media":0,"comment_status":"closed","ping_status":"closed","sticky":false,"template":"","format":"standard","meta":{"_acf_changed":false,"footnotes":""},"categories":[53],"tags":[],"class_list":["post-168672","post","type-post","status-publish","format-standard","hentry","category-sport"],"acf":[],"yoast_head":"<!-- This site is optimized with the Yoast SEO plugin v26.8 - https:\/\/yoast.com\/product\/yoast-seo-wordpress\/ -->\n<title>Victor Norlyk klar til landsholdet: - Jeg gik lidt i chok - Mors<\/title>\n<meta name=\"robots\" content=\"index, follow, max-snippet:-1, max-image-preview:large, max-video-preview:-1\" \/>\n<link rel=\"canonical\" href=\"https:\/\/kunmedierne.dk\/mors\/victor-norlyk-klar-til-landsholdet-jeg-gik-lidt-i-chok\/\" \/>\n<meta property=\"og:locale\" content=\"da_DK\" \/>\n<meta property=\"og:type\" content=\"article\" \/>\n<meta property=\"og:title\" content=\"Victor Norlyk klar til landsholdet: - Jeg gik lidt i chok - Mors\" \/>\n<meta property=\"og:description\" content=\"H\u00c5NDBOLD: Klubskifte til HBC Nantes. Bonuspoint til slutspillet med Mors-Thy. Topscorertitlen i en af verdens st\u00e6rkeste ligaer. Og nu ogs\u00e5 tre kampe p\u00e5 verdens bedste landshold. Hvis Victor Amnitzb\u00f8ll Norlyk, 22-\u00e5rig playmaker i Mors-Thy H\u00e5ndbold, f\u00f8ler, at han har meget omkring h\u00e5ndbold\u00f8rerne for tiden, er der ikke noget at sige til det. Men det seneste [&hellip;]\" \/>\n<meta property=\"og:url\" content=\"https:\/\/kunmedierne.dk\/mors\/victor-norlyk-klar-til-landsholdet-jeg-gik-lidt-i-chok\/\" \/>\n<meta property=\"og:site_name\" content=\"Mors\" \/>\n<meta property=\"article:published_time\" content=\"2026-03-02T13:01:52+00:00\" \/>\n<meta property=\"article:modified_time\" content=\"2026-03-02T13:14:28+00:00\" \/>\n<meta name=\"author\" content=\"David H\u00f8jmark\" \/>\n<meta name=\"twitter:card\" content=\"summary_large_image\" \/>\n<meta name=\"twitter:label1\" content=\"Skrevet af\" \/>\n\t<meta name=\"twitter:data1\" content=\"David H\u00f8jmark\" \/>\n\t<meta name=\"twitter:label2\" content=\"Estimeret l\u00e6setid\" \/>\n\t<meta name=\"twitter:data2\" content=\"5 minutter\" \/>\n<script type=\"application\/ld+json\" class=\"yoast-schema-graph\">{\"@context\":\"https:\/\/schema.org\",\"@graph\":[{\"@type\":\"Article\",\"@id\":\"https:\/\/kunmedierne.dk\/mors\/victor-norlyk-klar-til-landsholdet-jeg-gik-lidt-i-chok\/#article\",\"isPartOf\":{\"@id\":\"https:\/\/kunmedierne.dk\/mors\/victor-norlyk-klar-til-landsholdet-jeg-gik-lidt-i-chok\/\"},\"author\":{\"name\":\"David H\u00f8jmark\",\"@id\":\"https:\/\/kunmedierne.dk\/mors\/#\/schema\/person\/5fe23251bf1d0abbcdc6f7896579d548\"},\"headline\":\"Victor Norlyk klar til landsholdet: &#8211; Jeg gik lidt i chok\",\"datePublished\":\"2026-03-02T13:01:52+00:00\",\"dateModified\":\"2026-03-02T13:14:28+00:00\",\"mainEntityOfPage\":{\"@id\":\"https:\/\/kunmedierne.dk\/mors\/victor-norlyk-klar-til-landsholdet-jeg-gik-lidt-i-chok\/\"},\"wordCount\":1075,\"publisher\":{\"@id\":\"https:\/\/kunmedierne.dk\/mors\/#organization\"},\"articleSection\":[\"Sport\"],\"inLanguage\":\"da-DK\"},{\"@type\":\"WebPage\",\"@id\":\"https:\/\/kunmedierne.dk\/mors\/victor-norlyk-klar-til-landsholdet-jeg-gik-lidt-i-chok\/\",\"url\":\"https:\/\/kunmedierne.dk\/mors\/victor-norlyk-klar-til-landsholdet-jeg-gik-lidt-i-chok\/\",\"name\":\"Victor Norlyk klar til landsholdet: - Jeg gik lidt i chok - Mors\",\"isPartOf\":{\"@id\":\"https:\/\/kunmedierne.dk\/mors\/#website\"},\"datePublished\":\"2026-03-02T13:01:52+00:00\",\"dateModified\":\"2026-03-02T13:14:28+00:00\",\"breadcrumb\":{\"@id\":\"https:\/\/kunmedierne.dk\/mors\/victor-norlyk-klar-til-landsholdet-jeg-gik-lidt-i-chok\/#breadcrumb\"},\"inLanguage\":\"da-DK\",\"potentialAction\":[{\"@type\":\"ReadAction\",\"target\":[\"https:\/\/kunmedierne.dk\/mors\/victor-norlyk-klar-til-landsholdet-jeg-gik-lidt-i-chok\/\"]}]},{\"@type\":\"BreadcrumbList\",\"@id\":\"https:\/\/kunmedierne.dk\/mors\/victor-norlyk-klar-til-landsholdet-jeg-gik-lidt-i-chok\/#breadcrumb\",\"itemListElement\":[{\"@type\":\"ListItem\",\"position\":1,\"name\":\"Hjem\",\"item\":\"https:\/\/kunmedierne.dk\/mors\/\"},{\"@type\":\"ListItem\",\"position\":2,\"name\":\"Victor Norlyk klar til landsholdet: &#8211; Jeg gik lidt i chok\"}]},{\"@type\":\"WebSite\",\"@id\":\"https:\/\/kunmedierne.dk\/mors\/#website\",\"url\":\"https:\/\/kunmedierne.dk\/mors\/\",\"name\":\"Mors\",\"description\":\"et netmedie med journalistik om livet p\u00e5 Mors\",\"publisher\":{\"@id\":\"https:\/\/kunmedierne.dk\/mors\/#organization\"},\"potentialAction\":[{\"@type\":\"SearchAction\",\"target\":{\"@type\":\"EntryPoint\",\"urlTemplate\":\"https:\/\/kunmedierne.dk\/mors\/?s={search_term_string}\"},\"query-input\":{\"@type\":\"PropertyValueSpecification\",\"valueRequired\":true,\"valueName\":\"search_term_string\"}}],\"inLanguage\":\"da-DK\"},{\"@type\":\"Organization\",\"@id\":\"https:\/\/kunmedierne.dk\/mors\/#organization\",\"name\":\"Mors\",\"url\":\"https:\/\/kunmedierne.dk\/mors\/\",\"logo\":{\"@type\":\"ImageObject\",\"inLanguage\":\"da-DK\",\"@id\":\"https:\/\/kunmedierne.dk\/mors\/#\/schema\/logo\/image\/\",\"url\":\"https:\/\/kunmedierne.dk\/mors\/wp-content\/uploads\/2024\/08\/kunmors-logo.svg\",\"contentUrl\":\"https:\/\/kunmedierne.dk\/mors\/wp-content\/uploads\/2024\/08\/kunmors-logo.svg\",\"caption\":\"Mors\"},\"image\":{\"@id\":\"https:\/\/kunmedierne.dk\/mors\/#\/schema\/logo\/image\/\"}},{\"@type\":\"Person\",\"@id\":\"https:\/\/kunmedierne.dk\/mors\/#\/schema\/person\/5fe23251bf1d0abbcdc6f7896579d548\",\"name\":\"David H\u00f8jmark\",\"image\":{\"@type\":\"ImageObject\",\"inLanguage\":\"da-DK\",\"@id\":\"https:\/\/kunmedierne.dk\/mors\/#\/schema\/person\/image\/\",\"url\":\"https:\/\/secure.gravatar.com\/avatar\/4315d6fb9ef244d729989f5f90268eb08d5bf8a3d84402f595fa194bb35784fd?s=96&d=mm&r=g\",\"contentUrl\":\"https:\/\/secure.gravatar.com\/avatar\/4315d6fb9ef244d729989f5f90268eb08d5bf8a3d84402f595fa194bb35784fd?s=96&d=mm&r=g\",\"caption\":\"David H\u00f8jmark\"},\"sameAs\":[\"https:\/\/www.kunmedierne.dk\"],\"url\":\"https:\/\/kunmedierne.dk\/mors\/author\/david\/\"}]}<\/script>\n<!-- \/ Yoast SEO plugin. -->","yoast_head_json":{"title":"Victor Norlyk klar til landsholdet: - Jeg gik lidt i chok - Mors","robots":{"index":"index","follow":"follow","max-snippet":"max-snippet:-1","max-image-preview":"max-image-preview:large","max-video-preview":"max-video-preview:-1"},"canonical":"https:\/\/kunmedierne.dk\/mors\/victor-norlyk-klar-til-landsholdet-jeg-gik-lidt-i-chok\/","og_locale":"da_DK","og_type":"article","og_title":"Victor Norlyk klar til landsholdet: - Jeg gik lidt i chok - Mors","og_description":"H\u00c5NDBOLD: Klubskifte til HBC Nantes. Bonuspoint til slutspillet med Mors-Thy. Topscorertitlen i en af verdens st\u00e6rkeste ligaer. Og nu ogs\u00e5 tre kampe p\u00e5 verdens bedste landshold. Hvis Victor Amnitzb\u00f8ll Norlyk, 22-\u00e5rig playmaker i Mors-Thy H\u00e5ndbold, f\u00f8ler, at han har meget omkring h\u00e5ndbold\u00f8rerne for tiden, er der ikke noget at sige til det. Men det seneste [&hellip;]","og_url":"https:\/\/kunmedierne.dk\/mors\/victor-norlyk-klar-til-landsholdet-jeg-gik-lidt-i-chok\/","og_site_name":"Mors","article_published_time":"2026-03-02T13:01:52+00:00","article_modified_time":"2026-03-02T13:14:28+00:00","author":"David H\u00f8jmark","twitter_card":"summary_large_image","twitter_misc":{"Skrevet af":"David H\u00f8jmark","Estimeret l\u00e6setid":"5 minutter"},"schema":{"@context":"https:\/\/schema.org","@graph":[{"@type":"Article","@id":"https:\/\/kunmedierne.dk\/mors\/victor-norlyk-klar-til-landsholdet-jeg-gik-lidt-i-chok\/#article","isPartOf":{"@id":"https:\/\/kunmedierne.dk\/mors\/victor-norlyk-klar-til-landsholdet-jeg-gik-lidt-i-chok\/"},"author":{"name":"David H\u00f8jmark","@id":"https:\/\/kunmedierne.dk\/mors\/#\/schema\/person\/5fe23251bf1d0abbcdc6f7896579d548"},"headline":"Victor Norlyk klar til landsholdet: &#8211; Jeg gik lidt i chok","datePublished":"2026-03-02T13:01:52+00:00","dateModified":"2026-03-02T13:14:28+00:00","mainEntityOfPage":{"@id":"https:\/\/kunmedierne.dk\/mors\/victor-norlyk-klar-til-landsholdet-jeg-gik-lidt-i-chok\/"},"wordCount":1075,"publisher":{"@id":"https:\/\/kunmedierne.dk\/mors\/#organization"},"articleSection":["Sport"],"inLanguage":"da-DK"},{"@type":"WebPage","@id":"https:\/\/kunmedierne.dk\/mors\/victor-norlyk-klar-til-landsholdet-jeg-gik-lidt-i-chok\/","url":"https:\/\/kunmedierne.dk\/mors\/victor-norlyk-klar-til-landsholdet-jeg-gik-lidt-i-chok\/","name":"Victor Norlyk klar til landsholdet: - Jeg gik lidt i chok - Mors","isPartOf":{"@id":"https:\/\/kunmedierne.dk\/mors\/#website"},"datePublished":"2026-03-02T13:01:52+00:00","dateModified":"2026-03-02T13:14:28+00:00","breadcrumb":{"@id":"https:\/\/kunmedierne.dk\/mors\/victor-norlyk-klar-til-landsholdet-jeg-gik-lidt-i-chok\/#breadcrumb"},"inLanguage":"da-DK","potentialAction":[{"@type":"ReadAction","target":["https:\/\/kunmedierne.dk\/mors\/victor-norlyk-klar-til-landsholdet-jeg-gik-lidt-i-chok\/"]}]},{"@type":"BreadcrumbList","@id":"https:\/\/kunmedierne.dk\/mors\/victor-norlyk-klar-til-landsholdet-jeg-gik-lidt-i-chok\/#breadcrumb","itemListElement":[{"@type":"ListItem","position":1,"name":"Hjem","item":"https:\/\/kunmedierne.dk\/mors\/"},{"@type":"ListItem","position":2,"name":"Victor Norlyk klar til landsholdet: &#8211; Jeg gik lidt i chok"}]},{"@type":"WebSite","@id":"https:\/\/kunmedierne.dk\/mors\/#website","url":"https:\/\/kunmedierne.dk\/mors\/","name":"Mors","description":"et netmedie med journalistik om livet p\u00e5 Mors","publisher":{"@id":"https:\/\/kunmedierne.dk\/mors\/#organization"},"potentialAction":[{"@type":"SearchAction","target":{"@type":"EntryPoint","urlTemplate":"https:\/\/kunmedierne.dk\/mors\/?s={search_term_string}"},"query-input":{"@type":"PropertyValueSpecification","valueRequired":true,"valueName":"search_term_string"}}],"inLanguage":"da-DK"},{"@type":"Organization","@id":"https:\/\/kunmedierne.dk\/mors\/#organization","name":"Mors","url":"https:\/\/kunmedierne.dk\/mors\/","logo":{"@type":"ImageObject","inLanguage":"da-DK","@id":"https:\/\/kunmedierne.dk\/mors\/#\/schema\/logo\/image\/","url":"https:\/\/kunmedierne.dk\/mors\/wp-content\/uploads\/2024\/08\/kunmors-logo.svg","contentUrl":"https:\/\/kunmedierne.dk\/mors\/wp-content\/uploads\/2024\/08\/kunmors-logo.svg","caption":"Mors"},"image":{"@id":"https:\/\/kunmedierne.dk\/mors\/#\/schema\/logo\/image\/"}},{"@type":"Person","@id":"https:\/\/kunmedierne.dk\/mors\/#\/schema\/person\/5fe23251bf1d0abbcdc6f7896579d548","name":"David H\u00f8jmark","image":{"@type":"ImageObject","inLanguage":"da-DK","@id":"https:\/\/kunmedierne.dk\/mors\/#\/schema\/person\/image\/","url":"https:\/\/secure.gravatar.com\/avatar\/4315d6fb9ef244d729989f5f90268eb08d5bf8a3d84402f595fa194bb35784fd?s=96&d=mm&r=g","contentUrl":"https:\/\/secure.gravatar.com\/avatar\/4315d6fb9ef244d729989f5f90268eb08d5bf8a3d84402f595fa194bb35784fd?s=96&d=mm&r=g","caption":"David H\u00f8jmark"},"sameAs":["https:\/\/www.kunmedierne.dk"],"url":"https:\/\/kunmedierne.dk\/mors\/author\/david\/"}]}},"_links":{"self":[{"href":"https:\/\/kunmedierne.dk\/mors\/wp-json\/wp\/v2\/posts\/168672","targetHints":{"allow":["GET"]}}],"collection":[{"href":"https:\/\/kunmedierne.dk\/mors\/wp-json\/wp\/v2\/posts"}],"about":[{"href":"https:\/\/kunmedierne.dk\/mors\/wp-json\/wp\/v2\/types\/post"}],"author":[{"embeddable":true,"href":"https:\/\/kunmedierne.dk\/mors\/wp-json\/wp\/v2\/users\/8"}],"replies":[{"embeddable":true,"href":"https:\/\/kunmedierne.dk\/mors\/wp-json\/wp\/v2\/comments?post=168672"}],"version-history":[{"count":4,"href":"https:\/\/kunmedierne.dk\/mors\/wp-json\/wp\/v2\/posts\/168672\/revisions"}],"predecessor-version":[{"id":168688,"href":"https:\/\/kunmedierne.dk\/mors\/wp-json\/wp\/v2\/posts\/168672\/revisions\/168688"}],"wp:attachment":[{"href":"https:\/\/kunmedierne.dk\/mors\/wp-json\/wp\/v2\/media?parent=168672"}],"wp:term":[{"taxonomy":"category","embeddable":true,"href":"https:\/\/kunmedierne.dk\/mors\/wp-json\/wp\/v2\/categories?post=168672"},{"taxonomy":"post_tag","embeddable":true,"href":"https:\/\/kunmedierne.dk\/mors\/wp-json\/wp\/v2\/tags?post=168672"}],"curies":[{"name":"wp","href":"https:\/\/api.w.org\/{rel}","templated":true}]}}