{"id":168395,"date":"2026-02-27T08:39:33","date_gmt":"2026-02-27T07:39:33","guid":{"rendered":"https:\/\/kunmedierne.dk\/mors\/?p=168395"},"modified":"2026-02-27T08:40:28","modified_gmt":"2026-02-27T07:40:28","slug":"jysk-elteknik-aabner-ny-afdeling-i-struer","status":"publish","type":"post","link":"https:\/\/kunmedierne.dk\/mors\/jysk-elteknik-aabner-ny-afdeling-i-struer\/","title":{"rendered":"Jysk Elteknik \u00e5bner ny afdeling i Struer"},"content":{"rendered":"<p><span data-contrast=\"auto\"><strong>THY\/MORS:<\/strong> Frank og Gerda N\u00f8rgaard Linde fra Asp El-forretning har efter mere end 50 \u00e5r besluttet at lade deres virksomhed f\u00f8re videre.<\/span><span data-ccp-props=\"{&quot;134233117&quot;:false,&quot;134233118&quot;:false,&quot;201341983&quot;:0,&quot;335551550&quot;:0,&quot;335551620&quot;:0,&quot;335559738&quot;:0,&quot;335559739&quot;:160,&quot;335559740&quot;:276}\">\u00a0<\/span><\/p>\n<a class=\"dvrt-link\" onClick=\"cdmtrack_click(104781,jQuery(this));return false\" href=\"https:\/\/www.fmspks.dk\/\"><img decoding=\"async\" style=\"width:100%;\" src=\"https:\/\/kunmedierne.dk\/mors\/wp-content\/uploads\/2022\/02\/vip-froeslev-mollerup-sparekasse.jpg\"><\/a><script>cdmtrack_view(104781);<\/script>\n<p><span data-contrast=\"auto\">\u2013 Det vigtigste for os har altid v\u00e6ret en tilfreds kundekreds og den gensidige tillid, som vi har oplevet gennem \u00e5rene. Vi har lagt v\u00e6gt p\u00e5 at udf\u00f8re arbejdet s\u00e5 godt som muligt og at skabe en god arbejdsplads for vores medarbejdere. Vi kan m\u00e6rke, at Jysk Elteknik og Torben vil v\u00e6rne om de v\u00e6rdier, og det betyder meget for os, fort\u00e6ller Frank N\u00f8rgaaard Linde i en pressemeddelelse.<\/span><span data-ccp-props=\"{&quot;134233117&quot;:false,&quot;134233118&quot;:false,&quot;201341983&quot;:0,&quot;335551550&quot;:0,&quot;335551620&quot;:0,&quot;335559738&quot;:0,&quot;335559739&quot;:160,&quot;335559740&quot;:276}\">\u00a0<\/span><\/p>\n<p><b><span data-contrast=\"auto\">\u00a0<\/span><\/b><span data-ccp-props=\"{&quot;134233117&quot;:false,&quot;134233118&quot;:false,&quot;201341983&quot;:0,&quot;335551550&quot;:0,&quot;335551620&quot;:0,&quot;335559738&quot;:0,&quot;335559739&quot;:160,&quot;335559740&quot;:276}\">\u00a0<\/span><\/p>\n<p><b><span data-contrast=\"auto\">Struerbo bliver leder af afdelingen<\/span><\/b><span data-ccp-props=\"{&quot;134233117&quot;:false,&quot;134233118&quot;:false,&quot;201341983&quot;:0,&quot;335551550&quot;:0,&quot;335551620&quot;:0,&quot;335559738&quot;:0,&quot;335559739&quot;:160,&quot;335559740&quot;:276}\">\u00a0<\/span><\/p>\n<p><span data-contrast=\"auto\">Torben Bertelsen der bliver leder for afdelingen i Struer udtaler:\u00a0<\/span><\/p>\n<p><span data-contrast=\"auto\">\u2013 Jeg gl\u00e6der mig til at \u201ckomme hjem\u201d og lave kvalitetsarbejde ude hos kunderne i Struer. Jysk Elteknik favner bredt i det vi kan, fra helt almindelige elinstallationer til specialiseret el-arbejde som landbrug, brand og sikringsl\u00f8sninger, entreprise og automation, siger Torben Bertelsen.<\/span><span data-ccp-props=\"{&quot;134233117&quot;:false,&quot;134233118&quot;:false,&quot;201341983&quot;:0,&quot;335551550&quot;:0,&quot;335551620&quot;:0,&quot;335559738&quot;:0,&quot;335559739&quot;:160,&quot;335559740&quot;:276}\">\u00a0<\/span><\/p>\n<p><span data-contrast=\"auto\">Med til Jysk Elteknik f\u00f8lger Asp El-forretnings to medarbejdere Mads Lund Nielsen og S\u00f8ren Sandholm som begynder i Struer-afdelingen den 16. marts.<\/span><span data-ccp-props=\"{&quot;134233117&quot;:false,&quot;134233118&quot;:false,&quot;201341983&quot;:0,&quot;335551550&quot;:0,&quot;335551620&quot;:0,&quot;335559738&quot;:0,&quot;335559739&quot;:160,&quot;335559740&quot;:276}\">\u00a0<\/span><\/p>\n<p><span data-contrast=\"auto\">\u00a0<\/span><span data-ccp-props=\"{&quot;134233117&quot;:false,&quot;134233118&quot;:false,&quot;201341983&quot;:0,&quot;335551550&quot;:0,&quot;335551620&quot;:0,&quot;335559738&quot;:0,&quot;335559739&quot;:160,&quot;335559740&quot;:276}\">\u00a0<\/span><\/p>\n<p><b><span data-contrast=\"auto\">Hjertet skal f\u00f8lge med<\/span><\/b><span data-ccp-props=\"{&quot;134233117&quot;:false,&quot;134233118&quot;:false,&quot;201341983&quot;:0,&quot;335551550&quot;:0,&quot;335551620&quot;:0,&quot;335559738&quot;:0,&quot;335559739&quot;:160,&quot;335559740&quot;:276}\">\u00a0<\/span><\/p>\n<p><span data-contrast=\"auto\">Jysk Elteknik har afdelinger i Nyk\u00f8bing, Thisted og Hurup &#8211; og nu alts\u00e5 ogs\u00e5 Struer. Virksomheden t\u00e6ller i dag 120 medarbejdere og er i god og sund v\u00e6kst.<\/span><span data-ccp-props=\"{&quot;134233117&quot;:false,&quot;134233118&quot;:false,&quot;201341983&quot;:0,&quot;335551550&quot;:0,&quot;335551620&quot;:0,&quot;335559738&quot;:0,&quot;335559739&quot;:160,&quot;335559740&quot;:276}\">\u00a0<\/span><\/p>\n<p><span data-contrast=\"auto\">\u2013 I Jysk Elteknik vil vi gerne vokse, men det er helt afg\u00f8rende for os, at hjertet f\u00f8lger med, og vi er til stede t\u00e6t p\u00e5 vores kunder. Derfor greb vi muligheden for at \u00e5bne i Struer med gode, erfarne medarbejdere, der har st\u00e6rke lokale relationer og et n\u00e6rt kendskab til kunderne. Vi er stolte over, at Frank og Gerda har valgt os til at overtage deres livsv\u00e6rk i Struer, siger administrerende direkt\u00f8r i Jysk Elteknik Jesper Dragsb\u00e6k Overgaard. <\/span><span data-ccp-props=\"{&quot;134233117&quot;:false,&quot;134233118&quot;:false,&quot;201341983&quot;:0,&quot;335551550&quot;:0,&quot;335551620&quot;:0,&quot;335559738&quot;:0,&quot;335559739&quot;:160,&quot;335559740&quot;:276}\">\u00a0<\/span><\/p>\n<a class=\"dvrt-link\" onClick=\"cdmtrack_click(104785,jQuery(this));return false\" href=\"https:\/\/www.facebook.com\/lyndrups\"><img decoding=\"async\" style=\"width:100%;\" src=\"https:\/\/kunmedierne.dk\/mors\/wp-content\/uploads\/2022\/02\/vip-lyndrups-rengoering.jpg\"><\/a><script>cdmtrack_view(104785);<\/script>\n<p><span data-contrast=\"auto\">\u00a0<\/span><span data-ccp-props=\"{&quot;134233117&quot;:false,&quot;134233118&quot;:false,&quot;201341983&quot;:0,&quot;335551550&quot;:0,&quot;335551620&quot;:0,&quot;335559738&quot;:0,&quot;335559739&quot;:160,&quot;335559740&quot;:276}\">\u00a0<\/span><\/p>\n<blockquote>\n<h4><b><span data-contrast=\"auto\">FAKTA OM JYSK ELTEKNIK<\/span><\/b><span data-ccp-props=\"{&quot;134233117&quot;:false,&quot;134233118&quot;:false,&quot;201341983&quot;:0,&quot;335551550&quot;:0,&quot;335551620&quot;:0,&quot;335559738&quot;:0,&quot;335559739&quot;:160,&quot;335559740&quot;:276}\">\u00a0<\/span><\/h4>\n<h5><span data-contrast=\"auto\">Ny Struer-afdeling p\u00e5 Industrivej 18 \u00e5bner den 1. marts 2026<\/span><span data-ccp-props=\"{&quot;134233117&quot;:false,&quot;134233118&quot;:false,&quot;201341983&quot;:0,&quot;335551550&quot;:0,&quot;335551620&quot;:0,&quot;335559738&quot;:0,&quot;335559739&quot;:0,&quot;335559740&quot;:276}\">\u00a0<\/span><\/h5>\n<h5><span data-contrast=\"auto\">Jysk Elteknik blev stiftet i 1974 som Thisted El-forretning<\/span><span data-ccp-props=\"{&quot;134233117&quot;:false,&quot;134233118&quot;:false,&quot;201341983&quot;:0,&quot;335551550&quot;:0,&quot;335551620&quot;:0,&quot;335559738&quot;:0,&quot;335559739&quot;:0,&quot;335559740&quot;:276}\">\u00a0<\/span><\/h5>\n<h5><span data-contrast=\"auto\">120 medarbejdere i afdelinger i Hurup, Thisted, Nyk\u00f8bing og Struer<\/span><span data-ccp-props=\"{&quot;134233117&quot;:false,&quot;134233118&quot;:false,&quot;201341983&quot;:0,&quot;335551550&quot;:0,&quot;335551620&quot;:0,&quot;335559738&quot;:0,&quot;335559739&quot;:0,&quot;335559740&quot;:276}\">\u00a0<\/span><\/h5>\n<h5><span data-contrast=\"auto\">Ledes af ejerne Niels J\u00f8rn Poulsen, Troels Overgaard og Jesper Dragsb\u00e6k Overgaard<\/span><span data-ccp-props=\"{&quot;134233117&quot;:false,&quot;134233118&quot;:false,&quot;201341983&quot;:0,&quot;335551550&quot;:0,&quot;335551620&quot;:0,&quot;335559738&quot;:0,&quot;335559739&quot;:0,&quot;335559740&quot;:276}\">\u00a0<\/span><\/h5>\n<h5><span data-contrast=\"auto\">Elarbejde for privat og erhverv, landbrug, brand &amp; sikring, entreprise, automation<\/span><span data-ccp-props=\"{&quot;134233117&quot;:false,&quot;134233118&quot;:false,&quot;201341983&quot;:0,&quot;335551550&quot;:0,&quot;335551620&quot;:0,&quot;335559738&quot;:0,&quot;335559739&quot;:0,&quot;335559740&quot;:276}\">\u00a0<\/span><\/h5>\n<\/blockquote>\n","protected":false},"excerpt":{"rendered":"<p>THY\/MORS: Frank og Gerda N\u00f8rgaard Linde fra Asp El-forretning har efter mere end 50 \u00e5r besluttet at lade deres virksomhed f\u00f8re videre.\u00a0 \u2013 Det vigtigste for os har altid v\u00e6ret en tilfreds kundekreds og den gensidige tillid, som vi har oplevet gennem \u00e5rene. Vi har lagt v\u00e6gt p\u00e5 at udf\u00f8re arbejdet s\u00e5 godt som muligt [&hellip;]<\/p>\n","protected":false},"author":2507,"featured_media":0,"comment_status":"closed","ping_status":"closed","sticky":false,"template":"","format":"standard","meta":{"_acf_changed":false,"footnotes":""},"categories":[51],"tags":[159],"class_list":["post-168395","post","type-post","status-publish","format-standard","hentry","category-lokalt","tag-erhverv"],"acf":[],"yoast_head":"<!-- This site is optimized with the Yoast SEO plugin v26.8 - https:\/\/yoast.com\/product\/yoast-seo-wordpress\/ -->\n<title>Jysk Elteknik \u00e5bner ny afdeling i Struer - Mors<\/title>\n<meta name=\"robots\" content=\"index, follow, max-snippet:-1, max-image-preview:large, max-video-preview:-1\" \/>\n<link rel=\"canonical\" href=\"https:\/\/kunmedierne.dk\/mors\/jysk-elteknik-aabner-ny-afdeling-i-struer\/\" \/>\n<meta property=\"og:locale\" content=\"da_DK\" \/>\n<meta property=\"og:type\" content=\"article\" \/>\n<meta property=\"og:title\" content=\"Jysk Elteknik \u00e5bner ny afdeling i Struer - Mors\" \/>\n<meta property=\"og:description\" content=\"THY\/MORS: Frank og Gerda N\u00f8rgaard Linde fra Asp El-forretning har efter mere end 50 \u00e5r besluttet at lade deres virksomhed f\u00f8re videre.\u00a0 \u2013 Det vigtigste for os har altid v\u00e6ret en tilfreds kundekreds og den gensidige tillid, som vi har oplevet gennem \u00e5rene. Vi har lagt v\u00e6gt p\u00e5 at udf\u00f8re arbejdet s\u00e5 godt som muligt [&hellip;]\" \/>\n<meta property=\"og:url\" content=\"https:\/\/kunmedierne.dk\/mors\/jysk-elteknik-aabner-ny-afdeling-i-struer\/\" \/>\n<meta property=\"og:site_name\" content=\"Mors\" \/>\n<meta property=\"article:published_time\" content=\"2026-02-27T07:39:33+00:00\" \/>\n<meta property=\"article:modified_time\" content=\"2026-02-27T07:40:28+00:00\" \/>\n<meta name=\"author\" content=\"Katrine Hedegaard\" \/>\n<meta name=\"twitter:card\" content=\"summary_large_image\" \/>\n<meta name=\"twitter:label1\" content=\"Skrevet af\" \/>\n\t<meta name=\"twitter:data1\" content=\"Katrine Hedegaard\" \/>\n\t<meta name=\"twitter:label2\" content=\"Estimeret l\u00e6setid\" \/>\n\t<meta name=\"twitter:data2\" content=\"2 minutter\" \/>\n<script type=\"application\/ld+json\" class=\"yoast-schema-graph\">{\"@context\":\"https:\/\/schema.org\",\"@graph\":[{\"@type\":\"Article\",\"@id\":\"https:\/\/kunmedierne.dk\/mors\/jysk-elteknik-aabner-ny-afdeling-i-struer\/#article\",\"isPartOf\":{\"@id\":\"https:\/\/kunmedierne.dk\/mors\/jysk-elteknik-aabner-ny-afdeling-i-struer\/\"},\"author\":{\"name\":\"Katrine Hedegaard\",\"@id\":\"https:\/\/kunmedierne.dk\/mors\/#\/schema\/person\/b2e62a38069b12365e53e087a8709c64\"},\"headline\":\"Jysk Elteknik \u00e5bner ny afdeling i Struer\",\"datePublished\":\"2026-02-27T07:39:33+00:00\",\"dateModified\":\"2026-02-27T07:40:28+00:00\",\"mainEntityOfPage\":{\"@id\":\"https:\/\/kunmedierne.dk\/mors\/jysk-elteknik-aabner-ny-afdeling-i-struer\/\"},\"wordCount\":366,\"publisher\":{\"@id\":\"https:\/\/kunmedierne.dk\/mors\/#organization\"},\"keywords\":[\"Erhverv\"],\"articleSection\":[\"Lokalt\"],\"inLanguage\":\"da-DK\"},{\"@type\":\"WebPage\",\"@id\":\"https:\/\/kunmedierne.dk\/mors\/jysk-elteknik-aabner-ny-afdeling-i-struer\/\",\"url\":\"https:\/\/kunmedierne.dk\/mors\/jysk-elteknik-aabner-ny-afdeling-i-struer\/\",\"name\":\"Jysk Elteknik \u00e5bner ny afdeling i Struer - Mors\",\"isPartOf\":{\"@id\":\"https:\/\/kunmedierne.dk\/mors\/#website\"},\"datePublished\":\"2026-02-27T07:39:33+00:00\",\"dateModified\":\"2026-02-27T07:40:28+00:00\",\"breadcrumb\":{\"@id\":\"https:\/\/kunmedierne.dk\/mors\/jysk-elteknik-aabner-ny-afdeling-i-struer\/#breadcrumb\"},\"inLanguage\":\"da-DK\",\"potentialAction\":[{\"@type\":\"ReadAction\",\"target\":[\"https:\/\/kunmedierne.dk\/mors\/jysk-elteknik-aabner-ny-afdeling-i-struer\/\"]}]},{\"@type\":\"BreadcrumbList\",\"@id\":\"https:\/\/kunmedierne.dk\/mors\/jysk-elteknik-aabner-ny-afdeling-i-struer\/#breadcrumb\",\"itemListElement\":[{\"@type\":\"ListItem\",\"position\":1,\"name\":\"Hjem\",\"item\":\"https:\/\/kunmedierne.dk\/mors\/\"},{\"@type\":\"ListItem\",\"position\":2,\"name\":\"Jysk Elteknik \u00e5bner ny afdeling i Struer\"}]},{\"@type\":\"WebSite\",\"@id\":\"https:\/\/kunmedierne.dk\/mors\/#website\",\"url\":\"https:\/\/kunmedierne.dk\/mors\/\",\"name\":\"Mors\",\"description\":\"et netmedie med journalistik om livet p\u00e5 Mors\",\"publisher\":{\"@id\":\"https:\/\/kunmedierne.dk\/mors\/#organization\"},\"potentialAction\":[{\"@type\":\"SearchAction\",\"target\":{\"@type\":\"EntryPoint\",\"urlTemplate\":\"https:\/\/kunmedierne.dk\/mors\/?s={search_term_string}\"},\"query-input\":{\"@type\":\"PropertyValueSpecification\",\"valueRequired\":true,\"valueName\":\"search_term_string\"}}],\"inLanguage\":\"da-DK\"},{\"@type\":\"Organization\",\"@id\":\"https:\/\/kunmedierne.dk\/mors\/#organization\",\"name\":\"Mors\",\"url\":\"https:\/\/kunmedierne.dk\/mors\/\",\"logo\":{\"@type\":\"ImageObject\",\"inLanguage\":\"da-DK\",\"@id\":\"https:\/\/kunmedierne.dk\/mors\/#\/schema\/logo\/image\/\",\"url\":\"https:\/\/kunmedierne.dk\/mors\/wp-content\/uploads\/2024\/08\/kunmors-logo.svg\",\"contentUrl\":\"https:\/\/kunmedierne.dk\/mors\/wp-content\/uploads\/2024\/08\/kunmors-logo.svg\",\"caption\":\"Mors\"},\"image\":{\"@id\":\"https:\/\/kunmedierne.dk\/mors\/#\/schema\/logo\/image\/\"}},{\"@type\":\"Person\",\"@id\":\"https:\/\/kunmedierne.dk\/mors\/#\/schema\/person\/b2e62a38069b12365e53e087a8709c64\",\"name\":\"Katrine Hedegaard\",\"image\":{\"@type\":\"ImageObject\",\"inLanguage\":\"da-DK\",\"@id\":\"https:\/\/kunmedierne.dk\/mors\/#\/schema\/person\/image\/\",\"url\":\"https:\/\/secure.gravatar.com\/avatar\/18a5c72fa9148052fd3ed5a58b40fc83cfdc9811090e6e6eec9539af058edcc0?s=96&d=mm&r=g\",\"contentUrl\":\"https:\/\/secure.gravatar.com\/avatar\/18a5c72fa9148052fd3ed5a58b40fc83cfdc9811090e6e6eec9539af058edcc0?s=96&d=mm&r=g\",\"caption\":\"Katrine Hedegaard\"},\"url\":\"https:\/\/kunmedierne.dk\/mors\/author\/katrine\/\"}]}<\/script>\n<!-- \/ Yoast SEO plugin. -->","yoast_head_json":{"title":"Jysk Elteknik \u00e5bner ny afdeling i Struer - Mors","robots":{"index":"index","follow":"follow","max-snippet":"max-snippet:-1","max-image-preview":"max-image-preview:large","max-video-preview":"max-video-preview:-1"},"canonical":"https:\/\/kunmedierne.dk\/mors\/jysk-elteknik-aabner-ny-afdeling-i-struer\/","og_locale":"da_DK","og_type":"article","og_title":"Jysk Elteknik \u00e5bner ny afdeling i Struer - Mors","og_description":"THY\/MORS: Frank og Gerda N\u00f8rgaard Linde fra Asp El-forretning har efter mere end 50 \u00e5r besluttet at lade deres virksomhed f\u00f8re videre.\u00a0 \u2013 Det vigtigste for os har altid v\u00e6ret en tilfreds kundekreds og den gensidige tillid, som vi har oplevet gennem \u00e5rene. Vi har lagt v\u00e6gt p\u00e5 at udf\u00f8re arbejdet s\u00e5 godt som muligt [&hellip;]","og_url":"https:\/\/kunmedierne.dk\/mors\/jysk-elteknik-aabner-ny-afdeling-i-struer\/","og_site_name":"Mors","article_published_time":"2026-02-27T07:39:33+00:00","article_modified_time":"2026-02-27T07:40:28+00:00","author":"Katrine Hedegaard","twitter_card":"summary_large_image","twitter_misc":{"Skrevet af":"Katrine Hedegaard","Estimeret l\u00e6setid":"2 minutter"},"schema":{"@context":"https:\/\/schema.org","@graph":[{"@type":"Article","@id":"https:\/\/kunmedierne.dk\/mors\/jysk-elteknik-aabner-ny-afdeling-i-struer\/#article","isPartOf":{"@id":"https:\/\/kunmedierne.dk\/mors\/jysk-elteknik-aabner-ny-afdeling-i-struer\/"},"author":{"name":"Katrine Hedegaard","@id":"https:\/\/kunmedierne.dk\/mors\/#\/schema\/person\/b2e62a38069b12365e53e087a8709c64"},"headline":"Jysk Elteknik \u00e5bner ny afdeling i Struer","datePublished":"2026-02-27T07:39:33+00:00","dateModified":"2026-02-27T07:40:28+00:00","mainEntityOfPage":{"@id":"https:\/\/kunmedierne.dk\/mors\/jysk-elteknik-aabner-ny-afdeling-i-struer\/"},"wordCount":366,"publisher":{"@id":"https:\/\/kunmedierne.dk\/mors\/#organization"},"keywords":["Erhverv"],"articleSection":["Lokalt"],"inLanguage":"da-DK"},{"@type":"WebPage","@id":"https:\/\/kunmedierne.dk\/mors\/jysk-elteknik-aabner-ny-afdeling-i-struer\/","url":"https:\/\/kunmedierne.dk\/mors\/jysk-elteknik-aabner-ny-afdeling-i-struer\/","name":"Jysk Elteknik \u00e5bner ny afdeling i Struer - Mors","isPartOf":{"@id":"https:\/\/kunmedierne.dk\/mors\/#website"},"datePublished":"2026-02-27T07:39:33+00:00","dateModified":"2026-02-27T07:40:28+00:00","breadcrumb":{"@id":"https:\/\/kunmedierne.dk\/mors\/jysk-elteknik-aabner-ny-afdeling-i-struer\/#breadcrumb"},"inLanguage":"da-DK","potentialAction":[{"@type":"ReadAction","target":["https:\/\/kunmedierne.dk\/mors\/jysk-elteknik-aabner-ny-afdeling-i-struer\/"]}]},{"@type":"BreadcrumbList","@id":"https:\/\/kunmedierne.dk\/mors\/jysk-elteknik-aabner-ny-afdeling-i-struer\/#breadcrumb","itemListElement":[{"@type":"ListItem","position":1,"name":"Hjem","item":"https:\/\/kunmedierne.dk\/mors\/"},{"@type":"ListItem","position":2,"name":"Jysk Elteknik \u00e5bner ny afdeling i Struer"}]},{"@type":"WebSite","@id":"https:\/\/kunmedierne.dk\/mors\/#website","url":"https:\/\/kunmedierne.dk\/mors\/","name":"Mors","description":"et netmedie med journalistik om livet p\u00e5 Mors","publisher":{"@id":"https:\/\/kunmedierne.dk\/mors\/#organization"},"potentialAction":[{"@type":"SearchAction","target":{"@type":"EntryPoint","urlTemplate":"https:\/\/kunmedierne.dk\/mors\/?s={search_term_string}"},"query-input":{"@type":"PropertyValueSpecification","valueRequired":true,"valueName":"search_term_string"}}],"inLanguage":"da-DK"},{"@type":"Organization","@id":"https:\/\/kunmedierne.dk\/mors\/#organization","name":"Mors","url":"https:\/\/kunmedierne.dk\/mors\/","logo":{"@type":"ImageObject","inLanguage":"da-DK","@id":"https:\/\/kunmedierne.dk\/mors\/#\/schema\/logo\/image\/","url":"https:\/\/kunmedierne.dk\/mors\/wp-content\/uploads\/2024\/08\/kunmors-logo.svg","contentUrl":"https:\/\/kunmedierne.dk\/mors\/wp-content\/uploads\/2024\/08\/kunmors-logo.svg","caption":"Mors"},"image":{"@id":"https:\/\/kunmedierne.dk\/mors\/#\/schema\/logo\/image\/"}},{"@type":"Person","@id":"https:\/\/kunmedierne.dk\/mors\/#\/schema\/person\/b2e62a38069b12365e53e087a8709c64","name":"Katrine Hedegaard","image":{"@type":"ImageObject","inLanguage":"da-DK","@id":"https:\/\/kunmedierne.dk\/mors\/#\/schema\/person\/image\/","url":"https:\/\/secure.gravatar.com\/avatar\/18a5c72fa9148052fd3ed5a58b40fc83cfdc9811090e6e6eec9539af058edcc0?s=96&d=mm&r=g","contentUrl":"https:\/\/secure.gravatar.com\/avatar\/18a5c72fa9148052fd3ed5a58b40fc83cfdc9811090e6e6eec9539af058edcc0?s=96&d=mm&r=g","caption":"Katrine Hedegaard"},"url":"https:\/\/kunmedierne.dk\/mors\/author\/katrine\/"}]}},"_links":{"self":[{"href":"https:\/\/kunmedierne.dk\/mors\/wp-json\/wp\/v2\/posts\/168395","targetHints":{"allow":["GET"]}}],"collection":[{"href":"https:\/\/kunmedierne.dk\/mors\/wp-json\/wp\/v2\/posts"}],"about":[{"href":"https:\/\/kunmedierne.dk\/mors\/wp-json\/wp\/v2\/types\/post"}],"author":[{"embeddable":true,"href":"https:\/\/kunmedierne.dk\/mors\/wp-json\/wp\/v2\/users\/2507"}],"replies":[{"embeddable":true,"href":"https:\/\/kunmedierne.dk\/mors\/wp-json\/wp\/v2\/comments?post=168395"}],"version-history":[{"count":2,"href":"https:\/\/kunmedierne.dk\/mors\/wp-json\/wp\/v2\/posts\/168395\/revisions"}],"predecessor-version":[{"id":168399,"href":"https:\/\/kunmedierne.dk\/mors\/wp-json\/wp\/v2\/posts\/168395\/revisions\/168399"}],"wp:attachment":[{"href":"https:\/\/kunmedierne.dk\/mors\/wp-json\/wp\/v2\/media?parent=168395"}],"wp:term":[{"taxonomy":"category","embeddable":true,"href":"https:\/\/kunmedierne.dk\/mors\/wp-json\/wp\/v2\/categories?post=168395"},{"taxonomy":"post_tag","embeddable":true,"href":"https:\/\/kunmedierne.dk\/mors\/wp-json\/wp\/v2\/tags?post=168395"}],"curies":[{"name":"wp","href":"https:\/\/api.w.org\/{rel}","templated":true}]}}