{"id":168124,"date":"2026-02-24T13:18:26","date_gmt":"2026-02-24T12:18:26","guid":{"rendered":"https:\/\/kunmedierne.dk\/mors\/?p=168124"},"modified":"2026-02-24T13:18:26","modified_gmt":"2026-02-24T12:18:26","slug":"en-haj-i-doeren-og-et-digt-i-lommen-businesspark-mors-er-aabnet","status":"publish","type":"post","link":"https:\/\/kunmedierne.dk\/mors\/en-haj-i-doeren-og-et-digt-i-lommen-businesspark-mors-er-aabnet\/","title":{"rendered":"<span>En haj i d\u00f8ren og et digt i lommen:<\/span> BusinessPark Mors er \u00e5bnet\u00a0"},"content":{"rendered":"<p><span data-contrast=\"auto\"><strong>NYK\u00d8BING: <\/strong>Det er eftermiddag. <\/span>Torben Eilskov Leth <span data-contrast=\"auto\">har ikke sovet meget natten til mandag. Han sidder i et hyggeligt, lille kontor i den nye BusinessPark p\u00e5 Els\u00f8vej. Ude p\u00e5 gangen summer snakken fra g\u00e6ster, der er m\u00f8dt op for at deltage i \u00e5bningen af det nye kontorf\u00e6llesskab. <\/span><span data-ccp-props=\"{}\">\u00a0<\/span><\/p>\n<a class=\"dvrt-link\" onClick=\"cdmtrack_click(104786,jQuery(this));return false\" href=\"https:\/\/limfjordsteatret.dk\/events\/tobias-dybvad-mit-bedste-onemanshow\/\"><img decoding=\"async\" style=\"width:100%;\" src=\"https:\/\/kunmedierne.dk\/mors\/wp-content\/uploads\/2023\/10\/aarskortLim_KunMors_1100x125.jpg\"><\/a><script>cdmtrack_view(104786);<\/script>\n<p><span data-contrast=\"auto\">\u2013 Jeg er sp\u00e6ndt og superglad. Det er over tre \u00e5rs arbejde. Det er mange, mange timer vi har lagt i det her. Jeg er stolt af, at s\u00e5 mange mennesker har v\u00e6ret med til at g\u00f8re det her til virkelighed, siger han.<\/span><span data-ccp-props=\"{&quot;335559685&quot;:0}\">\u00a0<\/span><\/p>\n<div id=\"attachment_168132\" style=\"width: 5194px\" class=\"wp-caption alignnone\"><img loading=\"lazy\" decoding=\"async\" aria-describedby=\"caption-attachment-168132\" class=\"wp-image-168132 size-full\" src=\"https:\/\/kunmedierne.dk\/mors\/wp-content\/uploads\/2026\/02\/design-uden-navn48.jpg\" alt=\"\" width=\"5184\" height=\"3456\" srcset=\"https:\/\/kunmedierne.dk\/mors\/wp-content\/uploads\/2026\/02\/design-uden-navn48.jpg 5184w, https:\/\/kunmedierne.dk\/mors\/wp-content\/uploads\/2026\/02\/design-uden-navn48-300x200.jpg 300w, https:\/\/kunmedierne.dk\/mors\/wp-content\/uploads\/2026\/02\/design-uden-navn48-1024x683.jpg 1024w, https:\/\/kunmedierne.dk\/mors\/wp-content\/uploads\/2026\/02\/design-uden-navn48-510x340.jpg 510w\" sizes=\"auto, (max-width: 5184px) 100vw, 5184px\" \/><p id=\"caption-attachment-168132\" class=\"wp-caption-text\">Torben Eilskov Leth i den nye <span data-contrast=\"auto\">BusinessPark<\/span><\/p><\/div>\n<p><span data-contrast=\"auto\">Torben Eilskov Leth\u00a0er initiativtager og formand for styregruppen bag projektet. Ideen er \u00e6ldre end bygningen i dens nuv\u00e6rende form. For n\u00e6sten 20 \u00e5r siden, da han som konsulent arbejdede med serviceerhverv i samarbejde med Erhvervsr\u00e5det og st\u00f8ttede projekter med blandt andet EU-midler, pegede en konklusion i et udviklingsprojekt p\u00e5 behovet for et sted som dette.<\/span><span data-ccp-props=\"{}\">\u00a0<\/span><\/p>\n<p><span data-contrast=\"auto\">\u2013 Ideen er gammel. Den har \u00e6ndret sig lidt over tid, men grundideen er der stadig. Det handler om f\u00e6llesskab, siger han.<\/span><\/p>\n<a class=\"dvrt-link\" onClick=\"cdmtrack_click(116504,jQuery(this));return false\" href=\"https:\/\/www.nybolig.dk\/ejendomsmaeglere\/nordvestjylland\/nybolig-morsoe-nykoebing-mors\"><img decoding=\"async\" style=\"width:100%;\" src=\"https:\/\/kunmedierne.dk\/mors\/wp-content\/uploads\/2024\/04\/250825Nybolig.jpg\"><\/a><script>cdmtrack_view(116504);<\/script>\n<p><span data-ccp-props=\"{}\">\u2013 Jeg dr\u00f8mmer om, at der er nogle virksomheder, som bliver for store til at v\u00e6re her, fordi de har succes. Jeg dr\u00f8mmer om et blomstrende f\u00e6llesskab, hvor man hj\u00e6lper hinanden. Og s\u00e5 dr\u00f8mmer jeg om, at vi p\u00e5 sigt kan lave satellitter af BusinessParken p\u00e5 Nordmors, Vestmors og Sydmors, siger han.\u00a0\u00a0<\/span><\/p>\n<p><span data-contrast=\"auto\">De 630 tidligere aviskvadratmeter, hvor Mors\u00f8 Folkeblad engang lugtede af tryksv\u00e6rte, er nu blevet til 12 kontorer, 18 flyverpladser, m\u00f8delokaler og hyggelige f\u00e6llesrum. I indgangen st\u00e5r en skulptur formet som et hajhoved. En &#8220;business-haj&#8221;, kunne man fristes til at kalde den. Den hilser g\u00e6sterne velkommen.\u00a0<\/span><\/p>\n<div id=\"attachment_168139\" style=\"width: 5194px\" class=\"wp-caption alignnone\"><img loading=\"lazy\" decoding=\"async\" aria-describedby=\"caption-attachment-168139\" class=\"wp-image-168139 size-full\" src=\"https:\/\/kunmedierne.dk\/mors\/wp-content\/uploads\/2026\/02\/design-uden-navn51.jpg\" alt=\"\" width=\"5184\" height=\"3456\" srcset=\"https:\/\/kunmedierne.dk\/mors\/wp-content\/uploads\/2026\/02\/design-uden-navn51.jpg 5184w, https:\/\/kunmedierne.dk\/mors\/wp-content\/uploads\/2026\/02\/design-uden-navn51-300x200.jpg 300w, https:\/\/kunmedierne.dk\/mors\/wp-content\/uploads\/2026\/02\/design-uden-navn51-1024x683.jpg 1024w, https:\/\/kunmedierne.dk\/mors\/wp-content\/uploads\/2026\/02\/design-uden-navn51-510x340.jpg 510w\" sizes=\"auto, (max-width: 5184px) 100vw, 5184px\" \/><p id=\"caption-attachment-168139\" class=\"wp-caption-text\">Hajen og viceborgmester Keld Kortegaard (K) i indgangen til den nye BusinessPark Mors. V\u00e6rket er skabt af Tore Beck Carstensen.<\/p><\/div>\n<p><span data-contrast=\"auto\">Erhvervschef Susanne Toftegaard Hansen fra Mors\u00f8 Erhvervsr\u00e5d, er, sammen med Torben Eilskov Leth, v\u00e6rt ved \u00e5bningen af de nye lokaler. Hun er i gang med at vise g\u00e6sterne rundt.\u00a0<\/span><\/p>\n<p><span data-contrast=\"auto\">Da KunMors talte med hende i november sidste \u00e5r sagde hun f\u00f8lgende: \u201cNu skal vi dr\u00f8mme stort.\u201d Dengang havde erhvervsr\u00e5det netop f\u00e5et n\u00f8glerne til de tomme lokaler og 750.000 kroner i startkapital \u2013 250.000 fra Mors\u00f8 Kommune, 250.000 fra LAG-midler og 250.000 fra egne midler.<\/span><span data-ccp-props=\"{}\">\u00a0<\/span><\/p>\n<p><span data-contrast=\"auto\">\u2013 Vi vil skabe et innovativt iv\u00e6rks\u00e6ttermilj\u00f8 p\u00e5 Mors, der skal v\u00e6re med til at udvikle og tiltr\u00e6kke fremtidens virksomheder p\u00e5 \u00f8en, sagde hun og kaldte projektet et arnested for netv\u00e6rk og innovation.<\/span><span data-ccp-props=\"{}\">\u00a0<\/span><\/p>\n<a class=\"dvrt-link\" onClick=\"cdmtrack_click(104778,jQuery(this));return false\" href=\"https:\/\/vester-begr.dk\/?gclid=CjwKCAjw5Kv7BRBSEiwAXGDElQB6WMfm9CgYVrruty-I1gaOkTkC3mlA4QRDtYNsxYgVC8sNzAJ7WhoCmBsQAvD_BwE\"><img decoding=\"async\" style=\"width:100%;\" src=\"https:\/\/kunmedierne.dk\/mors\/wp-content\/uploads\/2023\/10\/260203VesterHoukaer-02022026.jpg\"><\/a><script>cdmtrack_view(104778);<\/script>\n<p><span data-contrast=\"auto\">Mandag blev dr\u00f8mmen konkret.<\/span><span data-ccp-props=\"{}\">\u00a0<\/span><\/p>\n<p><span data-contrast=\"auto\">Og nu st\u00e5r Susanne Toftegaard Hansen med en begejstret energi midt i Mors\u00f8 Folkeblads gamle kantine, som nu har f\u00e5et navnet \u201cForsamlingshuset\u201d og som resten af huset en bl\u00e5 make-over. Nye borde og b\u00e6nke malet i en st\u00f8vet bl\u00e5 farve er stillet op. P\u00e5 et bord er der kransekage, chips, sodavand og h\u00f8je glas med bobler.\u00a0<\/span><\/p>\n<p><span data-contrast=\"auto\">Hele Venstres partihold, med den tidligere borgmester Hans Ejner Bertelsen (V) er m\u00f8dt op. En stemme i rummet bem\u00e6rker t\u00f8rt, at man m\u00e5 h\u00e5be, malingen ikke l\u00e6ngere er v\u00e5d.<\/span><span data-ccp-props=\"{}\">\u00a0<\/span><\/p>\n<p><span data-contrast=\"auto\">&#8220;Ellers g\u00e5r det nok. S\u00e5 f\u00e5r vi lidt bl\u00e5 farve p\u00e5 bukserne. Det er jo ikke en grim farve&#8221;, lyder det, og latteren breder sig mellem de bl\u00e5 b\u00e6nke.<\/span><span data-ccp-props=\"{}\">\u00a0<\/span><\/p>\n<p><span data-contrast=\"auto\">Der bliver stille i rummet, da erhvervschef Susanne Toftegaard Hansen klinger p\u00e5 et glas og byder velkommen.<\/span><span data-ccp-props=\"{&quot;134233117&quot;:false,&quot;134233118&quot;:false,&quot;335551550&quot;:0,&quot;335551620&quot;:0,&quot;335559738&quot;:0,&quot;335559739&quot;:240}\">\u00a0<\/span><\/p>\n<p><span data-contrast=\"auto\">Hun giver ordet videre til den nye borgmester Jens Dahlgaard (S), som stiller sig foran de bl\u00e5 b\u00e6nke. Han begynder et andet sted end i de store visioner.<\/span><span data-ccp-props=\"{&quot;134233117&quot;:false,&quot;134233118&quot;:false,&quot;335551550&quot;:0,&quot;335551620&quot;:0,&quot;335559738&quot;:240,&quot;335559739&quot;:240}\">\u00a0<\/span><\/p>\n<p><span data-contrast=\"auto\">Han fort\u00e6ller, at han som ung arbejdede som avisbud for Mors\u00f8 Folkeblad. Og at det var lige her, uden for d\u00f8ren, at han en morgen blev bidt af en hund.<\/span><span data-ccp-props=\"{&quot;134233117&quot;:false,&quot;134233118&quot;:false,&quot;335551550&quot;:0,&quot;335551620&quot;:0,&quot;335559738&quot;:240,&quot;335559739&quot;:240}\">\u00a0<\/span><\/p>\n<p><span data-contrast=\"auto\">Derfra l\u00f8fter han blikket og taler om initiativet bag den nye park og de muligheder, huset giver \u00f8en. Om f\u00e6llesskab. Om iv\u00e6rks\u00e6ttere, der ikke l\u00e6ngere skal sidde alene ved k\u00f8kkenbordet.<\/span><span data-ccp-props=\"{&quot;134233117&quot;:false,&quot;134233118&quot;:false,&quot;335551550&quot;:0,&quot;335551620&quot;:0,&quot;335559738&quot;:240,&quot;335559739&quot;:240}\">\u00a0<\/span><\/p>\n<a class=\"dvrt-link\" onClick=\"cdmtrack_click(104786,jQuery(this));return false\" href=\"https:\/\/limfjordsteatret.dk\/events\/tobias-dybvad-mit-bedste-onemanshow\/\"><img decoding=\"async\" style=\"width:100%;\" src=\"https:\/\/kunmedierne.dk\/mors\/wp-content\/uploads\/2023\/10\/aarskortLim_KunMors_1100x125.jpg\"><\/a><script>cdmtrack_view(104786);<\/script>\n<p><span data-contrast=\"auto\">S\u00e5 stopper han op.<\/span><span data-ccp-props=\"{&quot;134233117&quot;:false,&quot;134233118&quot;:false,&quot;335551550&quot;:0,&quot;335551620&quot;:0,&quot;335559738&quot;:240,&quot;335559739&quot;:240}\">\u00a0<\/span><\/p>\n<p><span data-contrast=\"auto\">\u2013 Jeg synes, jeg ville g\u00f8re noget andet. Jeg har g\u00e5et og t\u00e6nkt p\u00e5,\u00a0 hvordan jeg kunne s\u00e6tte mit personlige pr\u00e6g p\u00e5, at vi \u00e5bner s\u00e5dan et hus? Jeg er sangskriver, l\u00e6rer og musiker. S\u00e5 t\u00e6nkte jeg, at jeg ville lave et digt, siger han.<\/span><span data-ccp-props=\"{&quot;134233117&quot;:false,&quot;134233118&quot;:false,&quot;335551550&quot;:0,&quot;335551620&quot;:0,&quot;335559738&quot;:240,&quot;335559739&quot;:240}\">\u00a0<\/span><\/p>\n<p><span data-contrast=\"auto\">Han folder papiret ud og l\u00e6ser:<\/span><span data-ccp-props=\"{&quot;134233117&quot;:false,&quot;134233118&quot;:false,&quot;335551550&quot;:0,&quot;335551620&quot;:0,&quot;335559738&quot;:240,&quot;335559739&quot;:240}\">\u00a0<\/span><\/p>\n<p>(&#8230;)<\/p>\n<p><span data-contrast=\"auto\">N\u00e5r vi i dag kan \u00e5bne op<\/span><span data-ccp-props=\"{&quot;134233117&quot;:false,&quot;134233118&quot;:false,&quot;335551550&quot;:0,&quot;335551620&quot;:0,&quot;335559738&quot;:0,&quot;335559739&quot;:0}\">\u00a0<\/span><\/p>\n<p><span data-contrast=\"auto\">Viser Mors igen sin energi<\/span><span data-ccp-props=\"{&quot;134233117&quot;:false,&quot;134233118&quot;:false,&quot;335551550&quot;:0,&quot;335551620&quot;:0,&quot;335559738&quot;:0,&quot;335559739&quot;:0}\">\u00a0<\/span><\/p>\n<p><span data-contrast=\"auto\">Med ambitionerne helt i top<\/span><span data-ccp-props=\"{&quot;134233117&quot;:false,&quot;134233118&quot;:false,&quot;335551550&quot;:0,&quot;335551620&quot;:0,&quot;335559738&quot;:0,&quot;335559739&quot;:0}\">\u00a0<\/span><\/p>\n<p><span data-contrast=\"auto\">Skal fremtiden skabes med fantasi<\/span><span data-ccp-props=\"{&quot;134233117&quot;:false,&quot;134233118&quot;:false,&quot;335551550&quot;:0,&quot;335551620&quot;:0,&quot;335559738&quot;:0,&quot;335559739&quot;:0}\">\u00a0<\/span><span data-ccp-props=\"{&quot;134233117&quot;:false,&quot;134233118&quot;:false,&quot;335551550&quot;:0,&quot;335551620&quot;:0,&quot;335559738&quot;:0,&quot;335559739&quot;:0}\">\u00a0<\/span><\/p>\n<p>&nbsp;<\/p>\n<p><span data-contrast=\"auto\">N\u00e5r innovation bliver rammesat<\/span><span data-ccp-props=\"{&quot;134233117&quot;:false,&quot;134233118&quot;:false,&quot;335551550&quot;:0,&quot;335551620&quot;:0,&quot;335559738&quot;:0,&quot;335559739&quot;:0}\">\u00a0<\/span><\/p>\n<p><span data-contrast=\"auto\">Kommer iv\u00e6rks\u00e6tteri p\u00e5 skinner<\/span><span data-ccp-props=\"{&quot;134233117&quot;:false,&quot;134233118&quot;:false,&quot;335551550&quot;:0,&quot;335551620&quot;:0,&quot;335559738&quot;:0,&quot;335559739&quot;:0}\">\u00a0<\/span><\/p>\n<p><span data-contrast=\"auto\">N\u00e5r nye tanker bliver omsat<\/span><span data-ccp-props=\"{&quot;134233117&quot;:false,&quot;134233118&quot;:false,&quot;335551550&quot;:0,&quot;335551620&quot;:0,&quot;335559738&quot;:0,&quot;335559739&quot;:0}\">\u00a0<\/span><\/p>\n<p><span data-contrast=\"auto\">Bliver BusinessPark Mors en vinder<\/span><span data-ccp-props=\"{&quot;134233117&quot;:false,&quot;134233118&quot;:false,&quot;335551550&quot;:0,&quot;335551620&quot;:0,&quot;335559738&quot;:0,&quot;335559739&quot;:0}\">\u00a0<\/span><\/p>\n<p>(Uddrag af digtet)<\/p>\n<p><span data-contrast=\"auto\">Efter borgmesterens digt om f\u00e6llesskab, innovation og om at skabe fremtiden med fantasi, siger han, at han sender digtet til huset.<\/span><span data-ccp-props=\"{&quot;134233117&quot;:false,&quot;134233118&quot;:false,&quot;335551550&quot;:0,&quot;335551620&quot;:0,&quot;335559738&quot;:240,&quot;335559739&quot;:240}\">\u00a0<\/span><\/p>\n<p><span data-contrast=\"auto\">\u2013 S\u00e5 kan I h\u00e6nge det op, hvis I har lyst.<\/span><span data-ccp-props=\"{&quot;134233117&quot;:false,&quot;134233118&quot;:false,&quot;335551550&quot;:0,&quot;335551620&quot;:0,&quot;335559738&quot;:240,&quot;335559739&quot;:240}\"> \u00a0<\/span><\/p>\n<p><span data-contrast=\"auto\">Simon Kollerup (S) &#8211; tidligere erhvervsminister er ogs\u00e5 m\u00f8dt op. Da KunMors fanger ham l\u00e6gger han ikke skjul p\u00e5, at han ser \u00e5bningen som mere end en lokal begivenhed.<\/span><span data-ccp-props=\"{}\">\u00a0<\/span><\/p>\n<p><span data-contrast=\"auto\">\u2013 Jeg synes, det er en stor ting, at Mors f\u00e5r sin egen business park nu. Forskning viser, at overlevelseschancerne bliver noget st\u00f8rre, n\u00e5r man starter op i f\u00e6llesskab med andre, siger han.<\/span><span data-ccp-props=\"{}\">\u00a0<\/span><\/p>\n<a class=\"dvrt-link\" onClick=\"cdmtrack_click(111725,jQuery(this));return false\" href=\"https:\/\/www.thistedforsikring.dk\/?utm_source=partnerskaber&amp;utm_campaign=kun_mors\"><img decoding=\"async\" style=\"width:100%;\" src=\"https:\/\/kunmedierne.dk\/mors\/wp-content\/uploads\/2024\/02\/269409KunMors-ThistedFor-1.png\"><\/a><script>cdmtrack_view(111725);<\/script>\n<p><span data-contrast=\"auto\">Han taler om sm\u00e5 og mellemstore virksomheder som en kronjuvel i dansk erhvervspolitik. <\/span><span data-ccp-props=\"{}\">\u00a0<\/span><\/p>\n<p><span data-contrast=\"auto\">\u2013 Meget af det erhvervspolitiske har jeg dybt inde i mig, siger han.<\/span><span data-ccp-props=\"{}\">\u00a0<\/span><\/p>\n<p><span data-contrast=\"auto\">I indgangen st\u00e5r den bl\u00e5 haj stadig og m\u00e5ber, mens Jens Dahlgaard (S) klipper snoren til det nye f\u00e6llesskab.\u00a0<\/span><\/p>\n<div id=\"attachment_168125\" style=\"width: 5194px\" class=\"wp-caption alignnone\"><img loading=\"lazy\" decoding=\"async\" aria-describedby=\"caption-attachment-168125\" class=\"wp-image-168125 size-full\" src=\"https:\/\/kunmedierne.dk\/mors\/wp-content\/uploads\/2026\/02\/design-uden-navn46.jpg\" alt=\"\" width=\"5184\" height=\"3456\" srcset=\"https:\/\/kunmedierne.dk\/mors\/wp-content\/uploads\/2026\/02\/design-uden-navn46.jpg 5184w, https:\/\/kunmedierne.dk\/mors\/wp-content\/uploads\/2026\/02\/design-uden-navn46-300x200.jpg 300w, https:\/\/kunmedierne.dk\/mors\/wp-content\/uploads\/2026\/02\/design-uden-navn46-1024x683.jpg 1024w, https:\/\/kunmedierne.dk\/mors\/wp-content\/uploads\/2026\/02\/design-uden-navn46-510x340.jpg 510w\" sizes=\"auto, (max-width: 5184px) 100vw, 5184px\" \/><p id=\"caption-attachment-168125\" class=\"wp-caption-text\">Borgmester Jens Dahlgaard klipper snoren til BusinessPark Mors<\/p><\/div>\n<p><span data-contrast=\"auto\">Indenfor er der bl\u00e5 b\u00e6nke, bobler i glassene og et borgmester-digt p\u00e5 vej op p\u00e5 v\u00e6ggen.<\/span><span data-ccp-props=\"{}\">\u00a0<\/span><\/p>\n<p><span data-contrast=\"auto\">Mandag den 23. februar fik Mors en BusinessPark. Og med den et nyt rum for id\u00e9er, f\u00e6llesskab og modet til at g\u00f8re tingene lidt anderledes.<\/span><span data-ccp-props=\"{}\">\u00a0<\/span><\/p>\n<blockquote>\n<h5><span data-contrast=\"auto\">Hele BusinessPark Mors er indrettet med genbrugsfund af tv-v\u00e6rt og havemand S\u00f8ren Vester, kendt for sit blik for \u00e6stetik og genbrug, og den lokale designer Tore Beck Carstensen, som arbejder med b\u00e6redygtigt design og rum. Parken b\u00e6rer stadig tydeligt pr\u00e6g af husets historie som Mors\u00f8 Folkeblad. Man kan ane fortiden, men den er pudset op og har f\u00e5et ny retning.<\/span><\/h5>\n<h4>L\u00e6s ogs\u00e5:<\/h4>\n<h5><a href=\"https:\/\/kunmedierne.dk\/mors\/nu-skal-vi-droemme-stort-erhvervschefen-vil-goere-det-gamle-folkeblad-til-et-arnested-for-fremtidens-virksomheder\/\" target=\"_blank\" rel=\"noopener\">\u201cNu skal vi dr\u00f8mme stort\u201d \u2013 erhvervschefen vil g\u00f8re det gamle Folkeblad til et arnested for fremtidens virksomheder<\/a><\/h5>\n<\/blockquote>\n","protected":false},"excerpt":{"rendered":"<p>NYK\u00d8BING: Det er eftermiddag. Torben Eilskov Leth har ikke sovet meget natten til mandag. Han sidder i et hyggeligt, lille kontor i den nye BusinessPark p\u00e5 Els\u00f8vej. Ude p\u00e5 gangen summer snakken fra g\u00e6ster, der er m\u00f8dt op for at deltage i \u00e5bningen af det nye kontorf\u00e6llesskab. \u00a0 \u2013 Jeg er sp\u00e6ndt og superglad. Det [&hellip;]<\/p>\n","protected":false},"author":2507,"featured_media":0,"comment_status":"closed","ping_status":"closed","sticky":false,"template":"","format":"standard","meta":{"_acf_changed":false,"footnotes":""},"categories":[51],"tags":[159,160],"class_list":["post-168124","post","type-post","status-publish","format-standard","hentry","category-lokalt","tag-erhverv","tag-handel"],"acf":[],"yoast_head":"<!-- This site is optimized with the Yoast SEO plugin v26.8 - https:\/\/yoast.com\/product\/yoast-seo-wordpress\/ -->\n<title>En haj i d\u00f8ren og et digt i lommen: BusinessPark Mors er \u00e5bnet\u00a0 - Mors<\/title>\n<meta name=\"robots\" content=\"index, follow, max-snippet:-1, max-image-preview:large, max-video-preview:-1\" \/>\n<link rel=\"canonical\" href=\"https:\/\/kunmedierne.dk\/mors\/en-haj-i-doeren-og-et-digt-i-lommen-businesspark-mors-er-aabnet\/\" \/>\n<meta property=\"og:locale\" content=\"da_DK\" \/>\n<meta property=\"og:type\" content=\"article\" \/>\n<meta property=\"og:title\" content=\"En haj i d\u00f8ren og et digt i lommen: BusinessPark Mors er \u00e5bnet\u00a0 - Mors\" \/>\n<meta property=\"og:description\" content=\"NYK\u00d8BING: Det er eftermiddag. Torben Eilskov Leth har ikke sovet meget natten til mandag. Han sidder i et hyggeligt, lille kontor i den nye BusinessPark p\u00e5 Els\u00f8vej. Ude p\u00e5 gangen summer snakken fra g\u00e6ster, der er m\u00f8dt op for at deltage i \u00e5bningen af det nye kontorf\u00e6llesskab. \u00a0 \u2013 Jeg er sp\u00e6ndt og superglad. Det [&hellip;]\" \/>\n<meta property=\"og:url\" content=\"https:\/\/kunmedierne.dk\/mors\/en-haj-i-doeren-og-et-digt-i-lommen-businesspark-mors-er-aabnet\/\" \/>\n<meta property=\"og:site_name\" content=\"Mors\" \/>\n<meta property=\"article:published_time\" content=\"2026-02-24T12:18:26+00:00\" \/>\n<meta property=\"og:image\" content=\"https:\/\/kunmedierne.dk\/mors\/wp-content\/uploads\/2026\/02\/design-uden-navn48.jpg\" \/>\n<meta name=\"author\" content=\"Katrine Hedegaard\" \/>\n<meta name=\"twitter:card\" content=\"summary_large_image\" \/>\n<meta name=\"twitter:label1\" content=\"Skrevet af\" \/>\n\t<meta name=\"twitter:data1\" content=\"Katrine Hedegaard\" \/>\n\t<meta name=\"twitter:label2\" content=\"Estimeret l\u00e6setid\" \/>\n\t<meta name=\"twitter:data2\" content=\"6 minutter\" \/>\n<script type=\"application\/ld+json\" class=\"yoast-schema-graph\">{\"@context\":\"https:\/\/schema.org\",\"@graph\":[{\"@type\":\"Article\",\"@id\":\"https:\/\/kunmedierne.dk\/mors\/en-haj-i-doeren-og-et-digt-i-lommen-businesspark-mors-er-aabnet\/#article\",\"isPartOf\":{\"@id\":\"https:\/\/kunmedierne.dk\/mors\/en-haj-i-doeren-og-et-digt-i-lommen-businesspark-mors-er-aabnet\/\"},\"author\":{\"name\":\"Katrine Hedegaard\",\"@id\":\"https:\/\/kunmedierne.dk\/mors\/#\/schema\/person\/b2e62a38069b12365e53e087a8709c64\"},\"headline\":\"En haj i d\u00f8ren og et digt i lommen: BusinessPark Mors er \u00e5bnet\u00a0\",\"datePublished\":\"2026-02-24T12:18:26+00:00\",\"mainEntityOfPage\":{\"@id\":\"https:\/\/kunmedierne.dk\/mors\/en-haj-i-doeren-og-et-digt-i-lommen-businesspark-mors-er-aabnet\/\"},\"wordCount\":1116,\"publisher\":{\"@id\":\"https:\/\/kunmedierne.dk\/mors\/#organization\"},\"image\":{\"@id\":\"https:\/\/kunmedierne.dk\/mors\/en-haj-i-doeren-og-et-digt-i-lommen-businesspark-mors-er-aabnet\/#primaryimage\"},\"thumbnailUrl\":\"https:\/\/kunmedierne.dk\/mors\/wp-content\/uploads\/2026\/02\/design-uden-navn48.jpg\",\"keywords\":[\"Erhverv\",\"Handel\"],\"articleSection\":[\"Lokalt\"],\"inLanguage\":\"da-DK\"},{\"@type\":\"WebPage\",\"@id\":\"https:\/\/kunmedierne.dk\/mors\/en-haj-i-doeren-og-et-digt-i-lommen-businesspark-mors-er-aabnet\/\",\"url\":\"https:\/\/kunmedierne.dk\/mors\/en-haj-i-doeren-og-et-digt-i-lommen-businesspark-mors-er-aabnet\/\",\"name\":\"En haj i d\u00f8ren og et digt i lommen: BusinessPark Mors er \u00e5bnet\u00a0 - Mors\",\"isPartOf\":{\"@id\":\"https:\/\/kunmedierne.dk\/mors\/#website\"},\"primaryImageOfPage\":{\"@id\":\"https:\/\/kunmedierne.dk\/mors\/en-haj-i-doeren-og-et-digt-i-lommen-businesspark-mors-er-aabnet\/#primaryimage\"},\"image\":{\"@id\":\"https:\/\/kunmedierne.dk\/mors\/en-haj-i-doeren-og-et-digt-i-lommen-businesspark-mors-er-aabnet\/#primaryimage\"},\"thumbnailUrl\":\"https:\/\/kunmedierne.dk\/mors\/wp-content\/uploads\/2026\/02\/design-uden-navn48.jpg\",\"datePublished\":\"2026-02-24T12:18:26+00:00\",\"breadcrumb\":{\"@id\":\"https:\/\/kunmedierne.dk\/mors\/en-haj-i-doeren-og-et-digt-i-lommen-businesspark-mors-er-aabnet\/#breadcrumb\"},\"inLanguage\":\"da-DK\",\"potentialAction\":[{\"@type\":\"ReadAction\",\"target\":[\"https:\/\/kunmedierne.dk\/mors\/en-haj-i-doeren-og-et-digt-i-lommen-businesspark-mors-er-aabnet\/\"]}]},{\"@type\":\"ImageObject\",\"inLanguage\":\"da-DK\",\"@id\":\"https:\/\/kunmedierne.dk\/mors\/en-haj-i-doeren-og-et-digt-i-lommen-businesspark-mors-er-aabnet\/#primaryimage\",\"url\":\"https:\/\/kunmedierne.dk\/mors\/wp-content\/uploads\/2026\/02\/design-uden-navn48.jpg\",\"contentUrl\":\"https:\/\/kunmedierne.dk\/mors\/wp-content\/uploads\/2026\/02\/design-uden-navn48.jpg\",\"width\":5184,\"height\":3456,\"caption\":\"Torben Eilskov Leth\"},{\"@type\":\"BreadcrumbList\",\"@id\":\"https:\/\/kunmedierne.dk\/mors\/en-haj-i-doeren-og-et-digt-i-lommen-businesspark-mors-er-aabnet\/#breadcrumb\",\"itemListElement\":[{\"@type\":\"ListItem\",\"position\":1,\"name\":\"Hjem\",\"item\":\"https:\/\/kunmedierne.dk\/mors\/\"},{\"@type\":\"ListItem\",\"position\":2,\"name\":\"En haj i d\u00f8ren og et digt i lommen: BusinessPark Mors er \u00e5bnet\u00a0\"}]},{\"@type\":\"WebSite\",\"@id\":\"https:\/\/kunmedierne.dk\/mors\/#website\",\"url\":\"https:\/\/kunmedierne.dk\/mors\/\",\"name\":\"Mors\",\"description\":\"et netmedie med journalistik om livet p\u00e5 Mors\",\"publisher\":{\"@id\":\"https:\/\/kunmedierne.dk\/mors\/#organization\"},\"potentialAction\":[{\"@type\":\"SearchAction\",\"target\":{\"@type\":\"EntryPoint\",\"urlTemplate\":\"https:\/\/kunmedierne.dk\/mors\/?s={search_term_string}\"},\"query-input\":{\"@type\":\"PropertyValueSpecification\",\"valueRequired\":true,\"valueName\":\"search_term_string\"}}],\"inLanguage\":\"da-DK\"},{\"@type\":\"Organization\",\"@id\":\"https:\/\/kunmedierne.dk\/mors\/#organization\",\"name\":\"Mors\",\"url\":\"https:\/\/kunmedierne.dk\/mors\/\",\"logo\":{\"@type\":\"ImageObject\",\"inLanguage\":\"da-DK\",\"@id\":\"https:\/\/kunmedierne.dk\/mors\/#\/schema\/logo\/image\/\",\"url\":\"https:\/\/kunmedierne.dk\/mors\/wp-content\/uploads\/2024\/08\/kunmors-logo.svg\",\"contentUrl\":\"https:\/\/kunmedierne.dk\/mors\/wp-content\/uploads\/2024\/08\/kunmors-logo.svg\",\"caption\":\"Mors\"},\"image\":{\"@id\":\"https:\/\/kunmedierne.dk\/mors\/#\/schema\/logo\/image\/\"}},{\"@type\":\"Person\",\"@id\":\"https:\/\/kunmedierne.dk\/mors\/#\/schema\/person\/b2e62a38069b12365e53e087a8709c64\",\"name\":\"Katrine Hedegaard\",\"image\":{\"@type\":\"ImageObject\",\"inLanguage\":\"da-DK\",\"@id\":\"https:\/\/kunmedierne.dk\/mors\/#\/schema\/person\/image\/\",\"url\":\"https:\/\/secure.gravatar.com\/avatar\/18a5c72fa9148052fd3ed5a58b40fc83cfdc9811090e6e6eec9539af058edcc0?s=96&d=mm&r=g\",\"contentUrl\":\"https:\/\/secure.gravatar.com\/avatar\/18a5c72fa9148052fd3ed5a58b40fc83cfdc9811090e6e6eec9539af058edcc0?s=96&d=mm&r=g\",\"caption\":\"Katrine Hedegaard\"},\"url\":\"https:\/\/kunmedierne.dk\/mors\/author\/katrine\/\"}]}<\/script>\n<!-- \/ Yoast SEO plugin. -->","yoast_head_json":{"title":"En haj i d\u00f8ren og et digt i lommen: BusinessPark Mors er \u00e5bnet\u00a0 - Mors","robots":{"index":"index","follow":"follow","max-snippet":"max-snippet:-1","max-image-preview":"max-image-preview:large","max-video-preview":"max-video-preview:-1"},"canonical":"https:\/\/kunmedierne.dk\/mors\/en-haj-i-doeren-og-et-digt-i-lommen-businesspark-mors-er-aabnet\/","og_locale":"da_DK","og_type":"article","og_title":"En haj i d\u00f8ren og et digt i lommen: BusinessPark Mors er \u00e5bnet\u00a0 - Mors","og_description":"NYK\u00d8BING: Det er eftermiddag. Torben Eilskov Leth har ikke sovet meget natten til mandag. Han sidder i et hyggeligt, lille kontor i den nye BusinessPark p\u00e5 Els\u00f8vej. Ude p\u00e5 gangen summer snakken fra g\u00e6ster, der er m\u00f8dt op for at deltage i \u00e5bningen af det nye kontorf\u00e6llesskab. \u00a0 \u2013 Jeg er sp\u00e6ndt og superglad. Det [&hellip;]","og_url":"https:\/\/kunmedierne.dk\/mors\/en-haj-i-doeren-og-et-digt-i-lommen-businesspark-mors-er-aabnet\/","og_site_name":"Mors","article_published_time":"2026-02-24T12:18:26+00:00","og_image":[{"url":"https:\/\/kunmedierne.dk\/mors\/wp-content\/uploads\/2026\/02\/design-uden-navn48.jpg","type":"","width":"","height":""}],"author":"Katrine Hedegaard","twitter_card":"summary_large_image","twitter_misc":{"Skrevet af":"Katrine Hedegaard","Estimeret l\u00e6setid":"6 minutter"},"schema":{"@context":"https:\/\/schema.org","@graph":[{"@type":"Article","@id":"https:\/\/kunmedierne.dk\/mors\/en-haj-i-doeren-og-et-digt-i-lommen-businesspark-mors-er-aabnet\/#article","isPartOf":{"@id":"https:\/\/kunmedierne.dk\/mors\/en-haj-i-doeren-og-et-digt-i-lommen-businesspark-mors-er-aabnet\/"},"author":{"name":"Katrine Hedegaard","@id":"https:\/\/kunmedierne.dk\/mors\/#\/schema\/person\/b2e62a38069b12365e53e087a8709c64"},"headline":"En haj i d\u00f8ren og et digt i lommen: BusinessPark Mors er \u00e5bnet\u00a0","datePublished":"2026-02-24T12:18:26+00:00","mainEntityOfPage":{"@id":"https:\/\/kunmedierne.dk\/mors\/en-haj-i-doeren-og-et-digt-i-lommen-businesspark-mors-er-aabnet\/"},"wordCount":1116,"publisher":{"@id":"https:\/\/kunmedierne.dk\/mors\/#organization"},"image":{"@id":"https:\/\/kunmedierne.dk\/mors\/en-haj-i-doeren-og-et-digt-i-lommen-businesspark-mors-er-aabnet\/#primaryimage"},"thumbnailUrl":"https:\/\/kunmedierne.dk\/mors\/wp-content\/uploads\/2026\/02\/design-uden-navn48.jpg","keywords":["Erhverv","Handel"],"articleSection":["Lokalt"],"inLanguage":"da-DK"},{"@type":"WebPage","@id":"https:\/\/kunmedierne.dk\/mors\/en-haj-i-doeren-og-et-digt-i-lommen-businesspark-mors-er-aabnet\/","url":"https:\/\/kunmedierne.dk\/mors\/en-haj-i-doeren-og-et-digt-i-lommen-businesspark-mors-er-aabnet\/","name":"En haj i d\u00f8ren og et digt i lommen: BusinessPark Mors er \u00e5bnet\u00a0 - Mors","isPartOf":{"@id":"https:\/\/kunmedierne.dk\/mors\/#website"},"primaryImageOfPage":{"@id":"https:\/\/kunmedierne.dk\/mors\/en-haj-i-doeren-og-et-digt-i-lommen-businesspark-mors-er-aabnet\/#primaryimage"},"image":{"@id":"https:\/\/kunmedierne.dk\/mors\/en-haj-i-doeren-og-et-digt-i-lommen-businesspark-mors-er-aabnet\/#primaryimage"},"thumbnailUrl":"https:\/\/kunmedierne.dk\/mors\/wp-content\/uploads\/2026\/02\/design-uden-navn48.jpg","datePublished":"2026-02-24T12:18:26+00:00","breadcrumb":{"@id":"https:\/\/kunmedierne.dk\/mors\/en-haj-i-doeren-og-et-digt-i-lommen-businesspark-mors-er-aabnet\/#breadcrumb"},"inLanguage":"da-DK","potentialAction":[{"@type":"ReadAction","target":["https:\/\/kunmedierne.dk\/mors\/en-haj-i-doeren-og-et-digt-i-lommen-businesspark-mors-er-aabnet\/"]}]},{"@type":"ImageObject","inLanguage":"da-DK","@id":"https:\/\/kunmedierne.dk\/mors\/en-haj-i-doeren-og-et-digt-i-lommen-businesspark-mors-er-aabnet\/#primaryimage","url":"https:\/\/kunmedierne.dk\/mors\/wp-content\/uploads\/2026\/02\/design-uden-navn48.jpg","contentUrl":"https:\/\/kunmedierne.dk\/mors\/wp-content\/uploads\/2026\/02\/design-uden-navn48.jpg","width":5184,"height":3456,"caption":"Torben Eilskov Leth"},{"@type":"BreadcrumbList","@id":"https:\/\/kunmedierne.dk\/mors\/en-haj-i-doeren-og-et-digt-i-lommen-businesspark-mors-er-aabnet\/#breadcrumb","itemListElement":[{"@type":"ListItem","position":1,"name":"Hjem","item":"https:\/\/kunmedierne.dk\/mors\/"},{"@type":"ListItem","position":2,"name":"En haj i d\u00f8ren og et digt i lommen: BusinessPark Mors er \u00e5bnet\u00a0"}]},{"@type":"WebSite","@id":"https:\/\/kunmedierne.dk\/mors\/#website","url":"https:\/\/kunmedierne.dk\/mors\/","name":"Mors","description":"et netmedie med journalistik om livet p\u00e5 Mors","publisher":{"@id":"https:\/\/kunmedierne.dk\/mors\/#organization"},"potentialAction":[{"@type":"SearchAction","target":{"@type":"EntryPoint","urlTemplate":"https:\/\/kunmedierne.dk\/mors\/?s={search_term_string}"},"query-input":{"@type":"PropertyValueSpecification","valueRequired":true,"valueName":"search_term_string"}}],"inLanguage":"da-DK"},{"@type":"Organization","@id":"https:\/\/kunmedierne.dk\/mors\/#organization","name":"Mors","url":"https:\/\/kunmedierne.dk\/mors\/","logo":{"@type":"ImageObject","inLanguage":"da-DK","@id":"https:\/\/kunmedierne.dk\/mors\/#\/schema\/logo\/image\/","url":"https:\/\/kunmedierne.dk\/mors\/wp-content\/uploads\/2024\/08\/kunmors-logo.svg","contentUrl":"https:\/\/kunmedierne.dk\/mors\/wp-content\/uploads\/2024\/08\/kunmors-logo.svg","caption":"Mors"},"image":{"@id":"https:\/\/kunmedierne.dk\/mors\/#\/schema\/logo\/image\/"}},{"@type":"Person","@id":"https:\/\/kunmedierne.dk\/mors\/#\/schema\/person\/b2e62a38069b12365e53e087a8709c64","name":"Katrine Hedegaard","image":{"@type":"ImageObject","inLanguage":"da-DK","@id":"https:\/\/kunmedierne.dk\/mors\/#\/schema\/person\/image\/","url":"https:\/\/secure.gravatar.com\/avatar\/18a5c72fa9148052fd3ed5a58b40fc83cfdc9811090e6e6eec9539af058edcc0?s=96&d=mm&r=g","contentUrl":"https:\/\/secure.gravatar.com\/avatar\/18a5c72fa9148052fd3ed5a58b40fc83cfdc9811090e6e6eec9539af058edcc0?s=96&d=mm&r=g","caption":"Katrine Hedegaard"},"url":"https:\/\/kunmedierne.dk\/mors\/author\/katrine\/"}]}},"_links":{"self":[{"href":"https:\/\/kunmedierne.dk\/mors\/wp-json\/wp\/v2\/posts\/168124","targetHints":{"allow":["GET"]}}],"collection":[{"href":"https:\/\/kunmedierne.dk\/mors\/wp-json\/wp\/v2\/posts"}],"about":[{"href":"https:\/\/kunmedierne.dk\/mors\/wp-json\/wp\/v2\/types\/post"}],"author":[{"embeddable":true,"href":"https:\/\/kunmedierne.dk\/mors\/wp-json\/wp\/v2\/users\/2507"}],"replies":[{"embeddable":true,"href":"https:\/\/kunmedierne.dk\/mors\/wp-json\/wp\/v2\/comments?post=168124"}],"version-history":[{"count":14,"href":"https:\/\/kunmedierne.dk\/mors\/wp-json\/wp\/v2\/posts\/168124\/revisions"}],"predecessor-version":[{"id":168156,"href":"https:\/\/kunmedierne.dk\/mors\/wp-json\/wp\/v2\/posts\/168124\/revisions\/168156"}],"wp:attachment":[{"href":"https:\/\/kunmedierne.dk\/mors\/wp-json\/wp\/v2\/media?parent=168124"}],"wp:term":[{"taxonomy":"category","embeddable":true,"href":"https:\/\/kunmedierne.dk\/mors\/wp-json\/wp\/v2\/categories?post=168124"},{"taxonomy":"post_tag","embeddable":true,"href":"https:\/\/kunmedierne.dk\/mors\/wp-json\/wp\/v2\/tags?post=168124"}],"curies":[{"name":"wp","href":"https:\/\/api.w.org\/{rel}","templated":true}]}}