{"id":16596,"date":"2020-04-05T17:10:45","date_gmt":"2020-04-05T15:10:45","guid":{"rendered":"https:\/\/kunmedierne.dk\/mors\/?p=16596"},"modified":"2024-08-12T14:06:16","modified_gmt":"2024-08-12T12:06:16","slug":"storken-er-landet-og-floejet-igen","status":"publish","type":"post","link":"https:\/\/kunmedierne.dk\/mors\/storken-er-landet-og-floejet-igen\/","title":{"rendered":"Storken er landet &#8211; og fl\u00f8jet igen"},"content":{"rendered":"<p><strong>REDSTED<\/strong>: En smuk s\u00f8ndag blev gjort ekstra for\u00e5rsagtig for Jeppe Kortb\u00e6k Bertelsen i dag.<\/p>\n<p>Ombord i sin traktor oplevede han nemlig noget, han aldrig har gjort f\u00f8r.<\/p>\n<p>&#8220;Midt i dagens markarbejde landede storken p\u00e5 marken,&#8221; fort\u00e6ller den lokale landmand, der ejer g\u00e5rden Mariesminde ved Redsted.<\/p>\n<p>Han fik stoppet sin traktor og foreviget storken med kameraet p\u00e5 sin mobiltelefon. Den tog i \u00f8vrigt situationen med stoisk ro og spankulerede stille og roligt rundt p\u00e5 marken, mens landmanden s\u00e5 p\u00e5.<\/p>\n<div id=\"attachment_16605\" style=\"width: 348px\" class=\"wp-caption alignright\"><img loading=\"lazy\" decoding=\"async\" aria-describedby=\"caption-attachment-16605\" class=\"wp-image-16605 size-full\" src=\"https:\/\/kunmedierne.dk\/mors\/wp-content\/uploads\/2020\/04\/stork3-e1586164168596.jpg\" alt=\"\" width=\"338\" height=\"454\" srcset=\"https:\/\/kunmedierne.dk\/mors\/wp-content\/uploads\/2020\/04\/stork3-e1586164168596.jpg 338w, https:\/\/kunmedierne.dk\/mors\/wp-content\/uploads\/2020\/04\/stork3-e1586164168596-223x300.jpg 223w\" sizes=\"auto, (max-width: 338px) 100vw, 338px\" \/><p id=\"caption-attachment-16605\" class=\"wp-caption-text\">Foto: Jeppe Kortb\u00e6k Bertelsen.<\/p><\/div>\n<p>&#8220;Jeg blev noget overrasket over at se den her. Det har vi aldrig pr\u00f8vet f\u00f8r,&#8221; siger Jeppe Kortb\u00e6k Bertelsen, der vurderer, at den store fugl blot gjorde et ophold for hvile sig, inden den skulle videre p\u00e5 sin rejse.<\/p>\n<p>&#8220;Den gik her stille og roligt i en halv times tid,&#8221; siger han.<\/p>\n<p>&nbsp;<\/p>\n<p><strong>De vil hellere op til vejlerne<\/strong><\/p>\n<p>Og det er meget sandsynligt, at storken blot skulle hvile sine tr\u00e6tte vinger p\u00e5 Mors. Det vurderer naturvejleder J\u00f8rgen Frank Rasmussen.<\/p>\n<p>&#8220;Nogle gange kommer der nogle hanner, men de tager videre herfra igen. S\u00e5 tager de op til vejlerne eller for eksempel til Vesl\u00f8s, hvor der er en storkerede,&#8221; siger han og vurderer, at det sker af og til, men ikke hvert \u00e5r, at en stork lander p\u00e5 Mors.<\/p>\n<p>Men de flyver altid videre igen.<\/p>\n<p>Der er nemlig ikke f\u00f8de nok p\u00e5 \u00f8en til, at de kan finde p\u00e5 at sl\u00e5 sig ned. Heller ikke selv om nogle morsingboer har fors\u00f8gt at bygge storkereder. Dertil er for meget af jorden landbrugsjord, forklarer naturvejlederen.<\/p>\n<div id=\"attachment_16678\" style=\"width: 253px\" class=\"wp-caption alignright\"><img loading=\"lazy\" decoding=\"async\" aria-describedby=\"caption-attachment-16678\" class=\"size-full wp-image-16678\" src=\"https:\/\/kunmedierne.dk\/mors\/wp-content\/uploads\/2020\/04\/stork4.jpg\" alt=\"\" width=\"243\" height=\"318\" srcset=\"https:\/\/kunmedierne.dk\/mors\/wp-content\/uploads\/2020\/04\/stork4.jpg 243w, https:\/\/kunmedierne.dk\/mors\/wp-content\/uploads\/2020\/04\/stork4-229x300.jpg 229w\" sizes=\"auto, (max-width: 243px) 100vw, 243px\" \/><p id=\"caption-attachment-16678\" class=\"wp-caption-text\">Foto: Ingrid Sandal Pedersen.<\/p><\/div>\n<p>&#8220;Der skal v\u00e6re nogle s\u00f8er med tudser, de kan leve af,&#8221; siger han, men tilf\u00f8jer, at det nye v\u00e5domr\u00e5de ved Erslev med tiden kan f\u00e5 et storkepar til at sl\u00e5 sig ned og bygge rede p\u00e5 Mors.<\/p>\n<p>&#8220;Men det kommer ikke bare lige fra den ene dag til den anden. Der skal v\u00e6re nogle sm\u00e5fisk og padder, f\u00f8r de g\u00f8r det,&#8221; siger J\u00f8rgen Frank Rasmussen.<\/p>\n<p><em>Opdatering mandag klokken 11: Storken er stadig p\u00e5 Mors. Mandag formiddag blev den set nord for T\u00f8ds\u00f8 af Ingrid Sandal Pedersen.<\/em><\/p>\n","protected":false},"excerpt":{"rendered":"<p>REDSTED: En smuk s\u00f8ndag blev gjort ekstra for\u00e5rsagtig for Jeppe Kortb\u00e6k Bertelsen i dag. Ombord i sin traktor oplevede han nemlig noget, han aldrig har gjort f\u00f8r. &#8220;Midt i dagens markarbejde landede storken p\u00e5 marken,&#8221; fort\u00e6ller den lokale landmand, der ejer g\u00e5rden Mariesminde ved Redsted. Han fik stoppet sin traktor og foreviget storken med kameraet [&hellip;]<\/p>\n","protected":false},"author":8,"featured_media":16607,"comment_status":"open","ping_status":"open","sticky":false,"template":"","format":"standard","meta":{"_acf_changed":false,"footnotes":""},"categories":[51],"tags":[],"class_list":["post-16596","post","type-post","status-publish","format-standard","has-post-thumbnail","hentry","category-lokalt"],"acf":[],"yoast_head":"<!-- This site is optimized with the Yoast SEO plugin v26.8 - https:\/\/yoast.com\/product\/yoast-seo-wordpress\/ -->\n<title>Storken er landet - og fl\u00f8jet igen - Mors<\/title>\n<meta name=\"robots\" content=\"index, follow, max-snippet:-1, max-image-preview:large, max-video-preview:-1\" \/>\n<link rel=\"canonical\" href=\"https:\/\/kunmedierne.dk\/mors\/storken-er-landet-og-floejet-igen\/\" \/>\n<meta property=\"og:locale\" content=\"da_DK\" \/>\n<meta property=\"og:type\" content=\"article\" \/>\n<meta property=\"og:title\" content=\"Storken er landet - og fl\u00f8jet igen - Mors\" \/>\n<meta property=\"og:description\" content=\"REDSTED: En smuk s\u00f8ndag blev gjort ekstra for\u00e5rsagtig for Jeppe Kortb\u00e6k Bertelsen i dag. Ombord i sin traktor oplevede han nemlig noget, han aldrig har gjort f\u00f8r. &#8220;Midt i dagens markarbejde landede storken p\u00e5 marken,&#8221; fort\u00e6ller den lokale landmand, der ejer g\u00e5rden Mariesminde ved Redsted. Han fik stoppet sin traktor og foreviget storken med kameraet [&hellip;]\" \/>\n<meta property=\"og:url\" content=\"https:\/\/kunmedierne.dk\/mors\/storken-er-landet-og-floejet-igen\/\" \/>\n<meta property=\"og:site_name\" content=\"Mors\" \/>\n<meta property=\"article:published_time\" content=\"2020-04-05T15:10:45+00:00\" \/>\n<meta property=\"article:modified_time\" content=\"2024-08-12T12:06:16+00:00\" \/>\n<meta property=\"og:image\" content=\"https:\/\/kunmedierne.dk\/mors\/wp-content\/uploads\/2020\/04\/stork1ny.jpg\" \/>\n\t<meta property=\"og:image:width\" content=\"770\" \/>\n\t<meta property=\"og:image:height\" content=\"513\" \/>\n\t<meta property=\"og:image:type\" content=\"image\/jpeg\" \/>\n<meta name=\"author\" content=\"David H\u00f8jmark\" \/>\n<meta name=\"twitter:card\" content=\"summary_large_image\" \/>\n<meta name=\"twitter:label1\" content=\"Skrevet af\" \/>\n\t<meta name=\"twitter:data1\" content=\"David H\u00f8jmark\" \/>\n\t<meta name=\"twitter:label2\" content=\"Estimeret l\u00e6setid\" \/>\n\t<meta name=\"twitter:data2\" content=\"2 minutter\" \/>\n<script type=\"application\/ld+json\" class=\"yoast-schema-graph\">{\"@context\":\"https:\/\/schema.org\",\"@graph\":[{\"@type\":\"Article\",\"@id\":\"https:\/\/kunmedierne.dk\/mors\/storken-er-landet-og-floejet-igen\/#article\",\"isPartOf\":{\"@id\":\"https:\/\/kunmedierne.dk\/mors\/storken-er-landet-og-floejet-igen\/\"},\"author\":{\"name\":\"David H\u00f8jmark\",\"@id\":\"https:\/\/kunmedierne.dk\/mors\/#\/schema\/person\/5fe23251bf1d0abbcdc6f7896579d548\"},\"headline\":\"Storken er landet &#8211; og fl\u00f8jet igen\",\"datePublished\":\"2020-04-05T15:10:45+00:00\",\"dateModified\":\"2024-08-12T12:06:16+00:00\",\"mainEntityOfPage\":{\"@id\":\"https:\/\/kunmedierne.dk\/mors\/storken-er-landet-og-floejet-igen\/\"},\"wordCount\":391,\"commentCount\":0,\"publisher\":{\"@id\":\"https:\/\/kunmedierne.dk\/mors\/#organization\"},\"image\":{\"@id\":\"https:\/\/kunmedierne.dk\/mors\/storken-er-landet-og-floejet-igen\/#primaryimage\"},\"thumbnailUrl\":\"https:\/\/kunmedierne.dk\/mors\/wp-content\/uploads\/2020\/04\/stork1ny.jpg\",\"articleSection\":[\"Lokalt\"],\"inLanguage\":\"da-DK\",\"potentialAction\":[{\"@type\":\"CommentAction\",\"name\":\"Comment\",\"target\":[\"https:\/\/kunmedierne.dk\/mors\/storken-er-landet-og-floejet-igen\/#respond\"]}]},{\"@type\":\"WebPage\",\"@id\":\"https:\/\/kunmedierne.dk\/mors\/storken-er-landet-og-floejet-igen\/\",\"url\":\"https:\/\/kunmedierne.dk\/mors\/storken-er-landet-og-floejet-igen\/\",\"name\":\"Storken er landet - og fl\u00f8jet igen - Mors\",\"isPartOf\":{\"@id\":\"https:\/\/kunmedierne.dk\/mors\/#website\"},\"primaryImageOfPage\":{\"@id\":\"https:\/\/kunmedierne.dk\/mors\/storken-er-landet-og-floejet-igen\/#primaryimage\"},\"image\":{\"@id\":\"https:\/\/kunmedierne.dk\/mors\/storken-er-landet-og-floejet-igen\/#primaryimage\"},\"thumbnailUrl\":\"https:\/\/kunmedierne.dk\/mors\/wp-content\/uploads\/2020\/04\/stork1ny.jpg\",\"datePublished\":\"2020-04-05T15:10:45+00:00\",\"dateModified\":\"2024-08-12T12:06:16+00:00\",\"breadcrumb\":{\"@id\":\"https:\/\/kunmedierne.dk\/mors\/storken-er-landet-og-floejet-igen\/#breadcrumb\"},\"inLanguage\":\"da-DK\",\"potentialAction\":[{\"@type\":\"ReadAction\",\"target\":[\"https:\/\/kunmedierne.dk\/mors\/storken-er-landet-og-floejet-igen\/\"]}]},{\"@type\":\"ImageObject\",\"inLanguage\":\"da-DK\",\"@id\":\"https:\/\/kunmedierne.dk\/mors\/storken-er-landet-og-floejet-igen\/#primaryimage\",\"url\":\"https:\/\/kunmedierne.dk\/mors\/wp-content\/uploads\/2020\/04\/stork1ny.jpg\",\"contentUrl\":\"https:\/\/kunmedierne.dk\/mors\/wp-content\/uploads\/2020\/04\/stork1ny.jpg\",\"width\":770,\"height\":513,\"caption\":\"Storken ved Redsted s\u00f8ndag. Foto: Jeppe Kortb\u00e6k Bertelsen.\"},{\"@type\":\"BreadcrumbList\",\"@id\":\"https:\/\/kunmedierne.dk\/mors\/storken-er-landet-og-floejet-igen\/#breadcrumb\",\"itemListElement\":[{\"@type\":\"ListItem\",\"position\":1,\"name\":\"Hjem\",\"item\":\"https:\/\/kunmedierne.dk\/mors\/\"},{\"@type\":\"ListItem\",\"position\":2,\"name\":\"Storken er landet &#8211; og fl\u00f8jet igen\"}]},{\"@type\":\"WebSite\",\"@id\":\"https:\/\/kunmedierne.dk\/mors\/#website\",\"url\":\"https:\/\/kunmedierne.dk\/mors\/\",\"name\":\"Mors\",\"description\":\"et netmedie med journalistik om livet p\u00e5 Mors\",\"publisher\":{\"@id\":\"https:\/\/kunmedierne.dk\/mors\/#organization\"},\"potentialAction\":[{\"@type\":\"SearchAction\",\"target\":{\"@type\":\"EntryPoint\",\"urlTemplate\":\"https:\/\/kunmedierne.dk\/mors\/?s={search_term_string}\"},\"query-input\":{\"@type\":\"PropertyValueSpecification\",\"valueRequired\":true,\"valueName\":\"search_term_string\"}}],\"inLanguage\":\"da-DK\"},{\"@type\":\"Organization\",\"@id\":\"https:\/\/kunmedierne.dk\/mors\/#organization\",\"name\":\"Mors\",\"url\":\"https:\/\/kunmedierne.dk\/mors\/\",\"logo\":{\"@type\":\"ImageObject\",\"inLanguage\":\"da-DK\",\"@id\":\"https:\/\/kunmedierne.dk\/mors\/#\/schema\/logo\/image\/\",\"url\":\"https:\/\/kunmedierne.dk\/mors\/wp-content\/uploads\/2024\/08\/kunmors-logo.svg\",\"contentUrl\":\"https:\/\/kunmedierne.dk\/mors\/wp-content\/uploads\/2024\/08\/kunmors-logo.svg\",\"caption\":\"Mors\"},\"image\":{\"@id\":\"https:\/\/kunmedierne.dk\/mors\/#\/schema\/logo\/image\/\"}},{\"@type\":\"Person\",\"@id\":\"https:\/\/kunmedierne.dk\/mors\/#\/schema\/person\/5fe23251bf1d0abbcdc6f7896579d548\",\"name\":\"David H\u00f8jmark\",\"image\":{\"@type\":\"ImageObject\",\"inLanguage\":\"da-DK\",\"@id\":\"https:\/\/kunmedierne.dk\/mors\/#\/schema\/person\/image\/\",\"url\":\"https:\/\/secure.gravatar.com\/avatar\/4315d6fb9ef244d729989f5f90268eb08d5bf8a3d84402f595fa194bb35784fd?s=96&d=mm&r=g\",\"contentUrl\":\"https:\/\/secure.gravatar.com\/avatar\/4315d6fb9ef244d729989f5f90268eb08d5bf8a3d84402f595fa194bb35784fd?s=96&d=mm&r=g\",\"caption\":\"David H\u00f8jmark\"},\"sameAs\":[\"https:\/\/www.kunmedierne.dk\"],\"url\":\"https:\/\/kunmedierne.dk\/mors\/author\/david\/\"}]}<\/script>\n<!-- \/ Yoast SEO plugin. -->","yoast_head_json":{"title":"Storken er landet - og fl\u00f8jet igen - Mors","robots":{"index":"index","follow":"follow","max-snippet":"max-snippet:-1","max-image-preview":"max-image-preview:large","max-video-preview":"max-video-preview:-1"},"canonical":"https:\/\/kunmedierne.dk\/mors\/storken-er-landet-og-floejet-igen\/","og_locale":"da_DK","og_type":"article","og_title":"Storken er landet - og fl\u00f8jet igen - Mors","og_description":"REDSTED: En smuk s\u00f8ndag blev gjort ekstra for\u00e5rsagtig for Jeppe Kortb\u00e6k Bertelsen i dag. Ombord i sin traktor oplevede han nemlig noget, han aldrig har gjort f\u00f8r. &#8220;Midt i dagens markarbejde landede storken p\u00e5 marken,&#8221; fort\u00e6ller den lokale landmand, der ejer g\u00e5rden Mariesminde ved Redsted. Han fik stoppet sin traktor og foreviget storken med kameraet [&hellip;]","og_url":"https:\/\/kunmedierne.dk\/mors\/storken-er-landet-og-floejet-igen\/","og_site_name":"Mors","article_published_time":"2020-04-05T15:10:45+00:00","article_modified_time":"2024-08-12T12:06:16+00:00","og_image":[{"width":770,"height":513,"url":"https:\/\/kunmedierne.dk\/mors\/wp-content\/uploads\/2020\/04\/stork1ny.jpg","type":"image\/jpeg"}],"author":"David H\u00f8jmark","twitter_card":"summary_large_image","twitter_misc":{"Skrevet af":"David H\u00f8jmark","Estimeret l\u00e6setid":"2 minutter"},"schema":{"@context":"https:\/\/schema.org","@graph":[{"@type":"Article","@id":"https:\/\/kunmedierne.dk\/mors\/storken-er-landet-og-floejet-igen\/#article","isPartOf":{"@id":"https:\/\/kunmedierne.dk\/mors\/storken-er-landet-og-floejet-igen\/"},"author":{"name":"David H\u00f8jmark","@id":"https:\/\/kunmedierne.dk\/mors\/#\/schema\/person\/5fe23251bf1d0abbcdc6f7896579d548"},"headline":"Storken er landet &#8211; og fl\u00f8jet igen","datePublished":"2020-04-05T15:10:45+00:00","dateModified":"2024-08-12T12:06:16+00:00","mainEntityOfPage":{"@id":"https:\/\/kunmedierne.dk\/mors\/storken-er-landet-og-floejet-igen\/"},"wordCount":391,"commentCount":0,"publisher":{"@id":"https:\/\/kunmedierne.dk\/mors\/#organization"},"image":{"@id":"https:\/\/kunmedierne.dk\/mors\/storken-er-landet-og-floejet-igen\/#primaryimage"},"thumbnailUrl":"https:\/\/kunmedierne.dk\/mors\/wp-content\/uploads\/2020\/04\/stork1ny.jpg","articleSection":["Lokalt"],"inLanguage":"da-DK","potentialAction":[{"@type":"CommentAction","name":"Comment","target":["https:\/\/kunmedierne.dk\/mors\/storken-er-landet-og-floejet-igen\/#respond"]}]},{"@type":"WebPage","@id":"https:\/\/kunmedierne.dk\/mors\/storken-er-landet-og-floejet-igen\/","url":"https:\/\/kunmedierne.dk\/mors\/storken-er-landet-og-floejet-igen\/","name":"Storken er landet - og fl\u00f8jet igen - Mors","isPartOf":{"@id":"https:\/\/kunmedierne.dk\/mors\/#website"},"primaryImageOfPage":{"@id":"https:\/\/kunmedierne.dk\/mors\/storken-er-landet-og-floejet-igen\/#primaryimage"},"image":{"@id":"https:\/\/kunmedierne.dk\/mors\/storken-er-landet-og-floejet-igen\/#primaryimage"},"thumbnailUrl":"https:\/\/kunmedierne.dk\/mors\/wp-content\/uploads\/2020\/04\/stork1ny.jpg","datePublished":"2020-04-05T15:10:45+00:00","dateModified":"2024-08-12T12:06:16+00:00","breadcrumb":{"@id":"https:\/\/kunmedierne.dk\/mors\/storken-er-landet-og-floejet-igen\/#breadcrumb"},"inLanguage":"da-DK","potentialAction":[{"@type":"ReadAction","target":["https:\/\/kunmedierne.dk\/mors\/storken-er-landet-og-floejet-igen\/"]}]},{"@type":"ImageObject","inLanguage":"da-DK","@id":"https:\/\/kunmedierne.dk\/mors\/storken-er-landet-og-floejet-igen\/#primaryimage","url":"https:\/\/kunmedierne.dk\/mors\/wp-content\/uploads\/2020\/04\/stork1ny.jpg","contentUrl":"https:\/\/kunmedierne.dk\/mors\/wp-content\/uploads\/2020\/04\/stork1ny.jpg","width":770,"height":513,"caption":"Storken ved Redsted s\u00f8ndag. Foto: Jeppe Kortb\u00e6k Bertelsen."},{"@type":"BreadcrumbList","@id":"https:\/\/kunmedierne.dk\/mors\/storken-er-landet-og-floejet-igen\/#breadcrumb","itemListElement":[{"@type":"ListItem","position":1,"name":"Hjem","item":"https:\/\/kunmedierne.dk\/mors\/"},{"@type":"ListItem","position":2,"name":"Storken er landet &#8211; og fl\u00f8jet igen"}]},{"@type":"WebSite","@id":"https:\/\/kunmedierne.dk\/mors\/#website","url":"https:\/\/kunmedierne.dk\/mors\/","name":"Mors","description":"et netmedie med journalistik om livet p\u00e5 Mors","publisher":{"@id":"https:\/\/kunmedierne.dk\/mors\/#organization"},"potentialAction":[{"@type":"SearchAction","target":{"@type":"EntryPoint","urlTemplate":"https:\/\/kunmedierne.dk\/mors\/?s={search_term_string}"},"query-input":{"@type":"PropertyValueSpecification","valueRequired":true,"valueName":"search_term_string"}}],"inLanguage":"da-DK"},{"@type":"Organization","@id":"https:\/\/kunmedierne.dk\/mors\/#organization","name":"Mors","url":"https:\/\/kunmedierne.dk\/mors\/","logo":{"@type":"ImageObject","inLanguage":"da-DK","@id":"https:\/\/kunmedierne.dk\/mors\/#\/schema\/logo\/image\/","url":"https:\/\/kunmedierne.dk\/mors\/wp-content\/uploads\/2024\/08\/kunmors-logo.svg","contentUrl":"https:\/\/kunmedierne.dk\/mors\/wp-content\/uploads\/2024\/08\/kunmors-logo.svg","caption":"Mors"},"image":{"@id":"https:\/\/kunmedierne.dk\/mors\/#\/schema\/logo\/image\/"}},{"@type":"Person","@id":"https:\/\/kunmedierne.dk\/mors\/#\/schema\/person\/5fe23251bf1d0abbcdc6f7896579d548","name":"David H\u00f8jmark","image":{"@type":"ImageObject","inLanguage":"da-DK","@id":"https:\/\/kunmedierne.dk\/mors\/#\/schema\/person\/image\/","url":"https:\/\/secure.gravatar.com\/avatar\/4315d6fb9ef244d729989f5f90268eb08d5bf8a3d84402f595fa194bb35784fd?s=96&d=mm&r=g","contentUrl":"https:\/\/secure.gravatar.com\/avatar\/4315d6fb9ef244d729989f5f90268eb08d5bf8a3d84402f595fa194bb35784fd?s=96&d=mm&r=g","caption":"David H\u00f8jmark"},"sameAs":["https:\/\/www.kunmedierne.dk"],"url":"https:\/\/kunmedierne.dk\/mors\/author\/david\/"}]}},"_links":{"self":[{"href":"https:\/\/kunmedierne.dk\/mors\/wp-json\/wp\/v2\/posts\/16596","targetHints":{"allow":["GET"]}}],"collection":[{"href":"https:\/\/kunmedierne.dk\/mors\/wp-json\/wp\/v2\/posts"}],"about":[{"href":"https:\/\/kunmedierne.dk\/mors\/wp-json\/wp\/v2\/types\/post"}],"author":[{"embeddable":true,"href":"https:\/\/kunmedierne.dk\/mors\/wp-json\/wp\/v2\/users\/8"}],"replies":[{"embeddable":true,"href":"https:\/\/kunmedierne.dk\/mors\/wp-json\/wp\/v2\/comments?post=16596"}],"version-history":[{"count":5,"href":"https:\/\/kunmedierne.dk\/mors\/wp-json\/wp\/v2\/posts\/16596\/revisions"}],"predecessor-version":[{"id":16679,"href":"https:\/\/kunmedierne.dk\/mors\/wp-json\/wp\/v2\/posts\/16596\/revisions\/16679"}],"wp:featuredmedia":[{"embeddable":true,"href":"https:\/\/kunmedierne.dk\/mors\/wp-json\/wp\/v2\/media\/16607"}],"wp:attachment":[{"href":"https:\/\/kunmedierne.dk\/mors\/wp-json\/wp\/v2\/media?parent=16596"}],"wp:term":[{"taxonomy":"category","embeddable":true,"href":"https:\/\/kunmedierne.dk\/mors\/wp-json\/wp\/v2\/categories?post=16596"},{"taxonomy":"post_tag","embeddable":true,"href":"https:\/\/kunmedierne.dk\/mors\/wp-json\/wp\/v2\/tags?post=16596"}],"curies":[{"name":"wp","href":"https:\/\/api.w.org\/{rel}","templated":true}]}}