{"id":16571,"date":"2020-04-05T14:08:11","date_gmt":"2020-04-05T12:08:11","guid":{"rendered":"https:\/\/kunmedierne.dk\/mors\/?p=16571"},"modified":"2024-08-12T14:06:16","modified_gmt":"2024-08-12T12:06:16","slug":"voksne-maend-graeder-af-bevaegelse-i-moedet-med-vejerslev-kirke","status":"publish","type":"post","link":"https:\/\/kunmedierne.dk\/mors\/voksne-maend-graeder-af-bevaegelse-i-moedet-med-vejerslev-kirke\/","title":{"rendered":"Voksne m\u00e6nd gr\u00e6der af bev\u00e6gelse i m\u00f8det med Vejerslev Kirke"},"content":{"rendered":"<p><strong>VEJERSLEV<\/strong>: Er ark\u00e6ologisk perle. Et historisk skatkammer. Og et sociologisk studium.<\/p>\n<p>S\u00e5dan omtrent kan man sammenfatte Vejerslev Kirke &#8211; en af de \u00e6ldste kirker i Danmark og s\u00e5 smuk og fascinerende, at den endda kan tr\u00e6kke k\u00f8benhavnere til Mors for med egne \u00f8jne at se, hvad de har ladet sig fascinere af p\u00e5 tryk.<\/p>\n<p>&#8220;Politikens l\u00e6sere har v\u00e6ret her nogle gange. Og der st\u00e5r voksne m\u00e6nd og gr\u00e6der, n\u00e5r de ser kirken,&#8221; fort\u00e6ller Trine Gj\u00f8rtz, sognepr\u00e6st i Sydmors Pastorat og begejstret som s\u00e5 mange andre for den mere end 900 \u00e5r gamle kirke.<\/p>\n<p>Det sociologiske studie af bev\u00e6gede k\u00f8benhavnere er bare en af forn\u00f8jelserne ved kirken, der rummer mange gode historier. En af dem f\u00e5r konfirmanderne altid at h\u00f8re, n\u00e5r de bes\u00f8ger den gravh\u00f8j, der ligger p\u00e5 kirkeg\u00e5rden. Den i sig selv er med til at forst\u00e6rke stemningen fra kirkens barndom &#8211; en stemning, der ogs\u00e5 kommer til udtryk i korets \u00f8stgavl, hvor en figur i granit, som muligvis forestiller en hest, springer i \u00f8jnene.<\/p>\n<p>Et andet historisk element er til geng\u00e6ld fjernet og findes i dag p\u00e5 Nationalmuseet, hvor man kan se gravstenen for en korsfarer &#8211; muligvis ejeren af Vejerslevg\u00e5rd.<\/p>\n<p>&nbsp;<\/p>\n<p><strong>Kierkegaard skulle ikke nyde noget<\/strong><\/p>\n<p>S\u00e5 det er ogs\u00e5 en kirke, der er et slaraffenland for historikere, som Trine Gj\u00f8rtz er sognepr\u00e6st i. Det var dog ikke noget, en af hendes mange forg\u00e6ngere satte pris p\u00e5.<\/p>\n<div id=\"attachment_16580\" style=\"width: 360px\" class=\"wp-caption alignright\"><img loading=\"lazy\" decoding=\"async\" aria-describedby=\"caption-attachment-16580\" class=\"size-full wp-image-16580\" src=\"https:\/\/kunmedierne.dk\/mors\/wp-content\/uploads\/2020\/04\/vejerslev9.png.jpg\" alt=\"\" width=\"350\" height=\"576\" srcset=\"https:\/\/kunmedierne.dk\/mors\/wp-content\/uploads\/2020\/04\/vejerslev9.png.jpg 350w, https:\/\/kunmedierne.dk\/mors\/wp-content\/uploads\/2020\/04\/vejerslev9.png-182x300.jpg 182w\" sizes=\"auto, (max-width: 350px) 100vw, 350px\" \/><p id=\"caption-attachment-16580\" class=\"wp-caption-text\">Mindesten for Carl Frederik Balslev. Foto: Trine Gj\u00f8rtz.<\/p><\/div>\n<p>I 1833 var Peter Christian Kierkegaard, bror til den ber\u00f8mte filosof S\u00f8ren Kierkegaard, p\u00e5 vej til Mors for at begynde som sognepr\u00e6st i Vejerslev. Men jo n\u00e6rmere, han kom indgangen til pr\u00e6stegerningen, jo mere bet\u00e6nkelig blev han ved at v\u00e6re det i Vejerslev, s\u00e5 det blev kun til 20 dage p\u00e5 Mors, hvorefter han som en muligvis lettet mand drog tilbage til Sj\u00e6lland for senere at blive biskop i Aalborg Stift.<\/p>\n<p>Bedre gik det for afl\u00f8seren i Vejerslev, Carl Frederik Balslev. Han tilbragte 16 \u00e5r som sognepr\u00e6st i Vejerslev og Blidstrup og stod mod slutningen af sin tid p\u00e5 Mors bag bogen &#8220;Luthers lille Katekismus&#8221;, der var tilt\u00e6nkt &#8220;den ukonfirmerede ungdom&#8221;, og som mange danske b\u00f8rn har terpet i.<\/p>\n<p>100 \u00e5r efter Balslevs afsked med Mors blev der i 1949 rejst en mindesten for ham ved Vejerslev Kirke. Den st\u00e5r der stadig.<\/p>\n<p>&nbsp;<\/p>\n<p><strong>Stenene fort\u00e6ller historierne<\/strong><\/p>\n<p>Men kirken er selvf\u00f8lgelig mere end ark\u00e6ologi, historie og fascination af begejstrede k\u00f8benhavnere p\u00e5 kirkerundtur og en knap s\u00e5 begejstret sj\u00e6ll\u00e6nder med kolde f\u00f8dder.<\/p>\n<p>Indeni er den en god historie for mange &#8211; blandt andre Trine Gj\u00f8rtz selv, da det var her, hun og hendes mand for fem \u00e5r siden blev gift.<\/p>\n<p>Det er ogs\u00e5 den slags oplevelser, hun fremh\u00e6ver, n\u00e5r hun s\u00e6tter ord p\u00e5 det gode ved kirken. P\u00e5 en palmes\u00f8ndag som i dag kan hun for eksempel ikke lade v\u00e6re med at t\u00e6nke tilbage p\u00e5 den palmes\u00f8ndag for nogle \u00e5r siden, da hun d\u00f8bte tvillinger i Vejerslev Kirke.<\/p>\n<p>Her kan Vejerslev Kirke det samme som alle de andre kirker, fort\u00e6ller sognepr\u00e6sten.<\/p>\n<p>&#8220;P\u00e5 den m\u00e5de f\u00e5r man hurtigt et forhold til sin kirke. Det er ikke bare stenene, den er lavet af. Det er ogs\u00e5 de historier, stenene fort\u00e6ller,&#8221; siger hun.<\/p>\n<p>&nbsp;<\/p>\n<blockquote>\n<h3>\u00d8ENS KIRKER<\/h3>\n<p>Der findes 34 kirker p\u00e5 Mors, og KunMors kommer i 2020 til at fort\u00e6lle om hver eneste af dem. Det g\u00f8r vi i serien \u201c\u00d8ens kirker\u201d, der s\u00f8ndag efter s\u00f8ndag pr\u00e6senterer en af de mange kirker.<\/p>\n<p>&nbsp;<\/p>\n<p>Tidligere har vi skrevet om: <a href=\"https:\/\/kunmedierne.dk\/mors\/en-kirke-behoever-ikke-goere-meget-vaesen-af-sig\/\" target=\"_blank\" rel=\"noopener noreferrer\">Flade Kirke<\/a>, <a href=\"https:\/\/kunmedierne.dk\/mors\/kirken-hvor-tankerne-kan-vandre-lige-som-foedderne\/\" target=\"_blank\" rel=\"noopener noreferrer\">T\u00e6bring Kirke<\/a>, <a href=\"https:\/\/kunmedierne.dk\/mors\/et-vartegn-paa-sammenhold-og-en-kirke-med-et-helt-saerligt-lys\/\">Ager\u00f8 Kirke<\/a>, <a href=\"https:\/\/kunmedierne.dk\/mors\/to-sarkofager-goer-ljoerslev-kirke-til-noget-saerligt\/\">Lj\u00f8rslev Kirke<\/a>, <a href=\"https:\/\/kunmedierne.dk\/mors\/skotoejsaesken-med-den-formidable-akustik\/\">L\u00f8dderup Kirke<\/a>, <a href=\"https:\/\/kunmedierne.dk\/mors\/taenk-hvis-kirkens-mure-kunne-huske-alle-historierne\/\" target=\"_blank\" rel=\"noopener noreferrer\">Bjergby Kirke<\/a>, <a href=\"https:\/\/kunmedierne.dk\/mors\/erik-heide-malede-en-hest\/\" target=\"_blank\" rel=\"noopener noreferrer\">\u00d8ster J\u00f8lby Kirke<\/a>, <a href=\"https:\/\/kunmedierne.dk\/mors\/kirken-med-det-unikke-stenhoved\/\">Ovtrup Kirke<\/a> og <a href=\"https:\/\/kunmedierne.dk\/mors\/spottet-udefra-giver-det-smukkeste-lys-i-oerding-kirke\/\" target=\"_blank\" rel=\"noopener noreferrer\">\u00d8rding Kirke<\/a>.<\/p>\n<p>&nbsp;<\/p>\n<p>L\u00e6s mere om Vejerslev Kirke p\u00e5 Aalborg Stifts <a href=\"https:\/\/aalborgstift.dk\/stiftet\/kirker?--fit_diocesedata-churchdb%5B%40package%5D=fit.diocesedata&amp;--fit_diocesedata-churchdb%5B%40controller%5D=church&amp;--fit_diocesedata-churchdb%5B%40action%5D=show&amp;--fit_diocesedata-churchdb%5B%40format%5D=html&amp;--fit_diocesedata-churchdb%5Bchurch%5D%5B__identity%5D=74d044bb-07ce-4c0e-b012-f12544a7b538\" target=\"_blank\" rel=\"noopener noreferrer\">hjemmeside<\/a>.<\/p>\n<p>&nbsp;<\/p>\n<p>Billederne til artikelserien er venligst udl\u00e5nt af Niels Clemmensen\/Aalborg Stift.<\/p><\/blockquote>\n","protected":false},"excerpt":{"rendered":"<p>VEJERSLEV: Er ark\u00e6ologisk perle. Et historisk skatkammer. Og et sociologisk studium. S\u00e5dan omtrent kan man sammenfatte Vejerslev Kirke &#8211; en af de \u00e6ldste kirker i Danmark og s\u00e5 smuk og fascinerende, at den endda kan tr\u00e6kke k\u00f8benhavnere til Mors for med egne \u00f8jne at se, hvad de har ladet sig fascinere af p\u00e5 tryk. &#8220;Politikens [&hellip;]<\/p>\n","protected":false},"author":8,"featured_media":16573,"comment_status":"open","ping_status":"open","sticky":false,"template":"","format":"gallery","meta":{"_acf_changed":false,"footnotes":""},"categories":[51],"tags":[161],"class_list":["post-16571","post","type-post","status-publish","format-gallery","has-post-thumbnail","hentry","category-lokalt","tag-kirker","post_format-post-format-gallery"],"acf":[],"yoast_head":"<!-- This site is optimized with the Yoast SEO plugin v26.8 - https:\/\/yoast.com\/product\/yoast-seo-wordpress\/ -->\n<title>Voksne m\u00e6nd gr\u00e6der af bev\u00e6gelse i m\u00f8det med Vejerslev Kirke - Mors<\/title>\n<meta name=\"robots\" content=\"index, follow, max-snippet:-1, max-image-preview:large, max-video-preview:-1\" \/>\n<link rel=\"canonical\" href=\"https:\/\/kunmedierne.dk\/mors\/voksne-maend-graeder-af-bevaegelse-i-moedet-med-vejerslev-kirke\/\" \/>\n<meta property=\"og:locale\" content=\"da_DK\" \/>\n<meta property=\"og:type\" content=\"article\" \/>\n<meta property=\"og:title\" content=\"Voksne m\u00e6nd gr\u00e6der af bev\u00e6gelse i m\u00f8det med Vejerslev Kirke - Mors\" \/>\n<meta property=\"og:description\" content=\"VEJERSLEV: Er ark\u00e6ologisk perle. Et historisk skatkammer. Og et sociologisk studium. S\u00e5dan omtrent kan man sammenfatte Vejerslev Kirke &#8211; en af de \u00e6ldste kirker i Danmark og s\u00e5 smuk og fascinerende, at den endda kan tr\u00e6kke k\u00f8benhavnere til Mors for med egne \u00f8jne at se, hvad de har ladet sig fascinere af p\u00e5 tryk. &#8220;Politikens [&hellip;]\" \/>\n<meta property=\"og:url\" content=\"https:\/\/kunmedierne.dk\/mors\/voksne-maend-graeder-af-bevaegelse-i-moedet-med-vejerslev-kirke\/\" \/>\n<meta property=\"og:site_name\" content=\"Mors\" \/>\n<meta property=\"article:published_time\" content=\"2020-04-05T12:08:11+00:00\" \/>\n<meta property=\"article:modified_time\" content=\"2024-08-12T12:06:16+00:00\" \/>\n<meta property=\"og:image\" content=\"https:\/\/kunmedierne.dk\/mors\/wp-content\/uploads\/2020\/04\/vejerslev1.jpg\" \/>\n\t<meta property=\"og:image:width\" content=\"770\" \/>\n\t<meta property=\"og:image:height\" content=\"514\" \/>\n\t<meta property=\"og:image:type\" content=\"image\/jpeg\" \/>\n<meta name=\"author\" content=\"David H\u00f8jmark\" \/>\n<meta name=\"twitter:card\" content=\"summary_large_image\" \/>\n<meta name=\"twitter:label1\" content=\"Skrevet af\" \/>\n\t<meta name=\"twitter:data1\" content=\"David H\u00f8jmark\" \/>\n\t<meta name=\"twitter:label2\" content=\"Estimeret l\u00e6setid\" \/>\n\t<meta name=\"twitter:data2\" content=\"3 minutter\" \/>\n<script type=\"application\/ld+json\" class=\"yoast-schema-graph\">{\"@context\":\"https:\/\/schema.org\",\"@graph\":[{\"@type\":\"Article\",\"@id\":\"https:\/\/kunmedierne.dk\/mors\/voksne-maend-graeder-af-bevaegelse-i-moedet-med-vejerslev-kirke\/#article\",\"isPartOf\":{\"@id\":\"https:\/\/kunmedierne.dk\/mors\/voksne-maend-graeder-af-bevaegelse-i-moedet-med-vejerslev-kirke\/\"},\"author\":{\"name\":\"David H\u00f8jmark\",\"@id\":\"https:\/\/kunmedierne.dk\/mors\/#\/schema\/person\/5fe23251bf1d0abbcdc6f7896579d548\"},\"headline\":\"Voksne m\u00e6nd gr\u00e6der af bev\u00e6gelse i m\u00f8det med Vejerslev Kirke\",\"datePublished\":\"2020-04-05T12:08:11+00:00\",\"dateModified\":\"2024-08-12T12:06:16+00:00\",\"mainEntityOfPage\":{\"@id\":\"https:\/\/kunmedierne.dk\/mors\/voksne-maend-graeder-af-bevaegelse-i-moedet-med-vejerslev-kirke\/\"},\"wordCount\":699,\"commentCount\":0,\"publisher\":{\"@id\":\"https:\/\/kunmedierne.dk\/mors\/#organization\"},\"image\":{\"@id\":\"https:\/\/kunmedierne.dk\/mors\/voksne-maend-graeder-af-bevaegelse-i-moedet-med-vejerslev-kirke\/#primaryimage\"},\"thumbnailUrl\":\"https:\/\/kunmedierne.dk\/mors\/wp-content\/uploads\/2020\/04\/vejerslev1.jpg\",\"keywords\":[\"Kirkestof\"],\"articleSection\":[\"Lokalt\"],\"inLanguage\":\"da-DK\",\"potentialAction\":[{\"@type\":\"CommentAction\",\"name\":\"Comment\",\"target\":[\"https:\/\/kunmedierne.dk\/mors\/voksne-maend-graeder-af-bevaegelse-i-moedet-med-vejerslev-kirke\/#respond\"]}]},{\"@type\":\"WebPage\",\"@id\":\"https:\/\/kunmedierne.dk\/mors\/voksne-maend-graeder-af-bevaegelse-i-moedet-med-vejerslev-kirke\/\",\"url\":\"https:\/\/kunmedierne.dk\/mors\/voksne-maend-graeder-af-bevaegelse-i-moedet-med-vejerslev-kirke\/\",\"name\":\"Voksne m\u00e6nd gr\u00e6der af bev\u00e6gelse i m\u00f8det med Vejerslev Kirke - Mors\",\"isPartOf\":{\"@id\":\"https:\/\/kunmedierne.dk\/mors\/#website\"},\"primaryImageOfPage\":{\"@id\":\"https:\/\/kunmedierne.dk\/mors\/voksne-maend-graeder-af-bevaegelse-i-moedet-med-vejerslev-kirke\/#primaryimage\"},\"image\":{\"@id\":\"https:\/\/kunmedierne.dk\/mors\/voksne-maend-graeder-af-bevaegelse-i-moedet-med-vejerslev-kirke\/#primaryimage\"},\"thumbnailUrl\":\"https:\/\/kunmedierne.dk\/mors\/wp-content\/uploads\/2020\/04\/vejerslev1.jpg\",\"datePublished\":\"2020-04-05T12:08:11+00:00\",\"dateModified\":\"2024-08-12T12:06:16+00:00\",\"breadcrumb\":{\"@id\":\"https:\/\/kunmedierne.dk\/mors\/voksne-maend-graeder-af-bevaegelse-i-moedet-med-vejerslev-kirke\/#breadcrumb\"},\"inLanguage\":\"da-DK\",\"potentialAction\":[{\"@type\":\"ReadAction\",\"target\":[\"https:\/\/kunmedierne.dk\/mors\/voksne-maend-graeder-af-bevaegelse-i-moedet-med-vejerslev-kirke\/\"]}]},{\"@type\":\"ImageObject\",\"inLanguage\":\"da-DK\",\"@id\":\"https:\/\/kunmedierne.dk\/mors\/voksne-maend-graeder-af-bevaegelse-i-moedet-med-vejerslev-kirke\/#primaryimage\",\"url\":\"https:\/\/kunmedierne.dk\/mors\/wp-content\/uploads\/2020\/04\/vejerslev1.jpg\",\"contentUrl\":\"https:\/\/kunmedierne.dk\/mors\/wp-content\/uploads\/2020\/04\/vejerslev1.jpg\",\"width\":770,\"height\":514,\"caption\":\"Foto: Niels Clemmensen\/Aalborg Stift.\"},{\"@type\":\"BreadcrumbList\",\"@id\":\"https:\/\/kunmedierne.dk\/mors\/voksne-maend-graeder-af-bevaegelse-i-moedet-med-vejerslev-kirke\/#breadcrumb\",\"itemListElement\":[{\"@type\":\"ListItem\",\"position\":1,\"name\":\"Hjem\",\"item\":\"https:\/\/kunmedierne.dk\/mors\/\"},{\"@type\":\"ListItem\",\"position\":2,\"name\":\"Voksne m\u00e6nd gr\u00e6der af bev\u00e6gelse i m\u00f8det med Vejerslev Kirke\"}]},{\"@type\":\"WebSite\",\"@id\":\"https:\/\/kunmedierne.dk\/mors\/#website\",\"url\":\"https:\/\/kunmedierne.dk\/mors\/\",\"name\":\"Mors\",\"description\":\"et netmedie med journalistik om livet p\u00e5 Mors\",\"publisher\":{\"@id\":\"https:\/\/kunmedierne.dk\/mors\/#organization\"},\"potentialAction\":[{\"@type\":\"SearchAction\",\"target\":{\"@type\":\"EntryPoint\",\"urlTemplate\":\"https:\/\/kunmedierne.dk\/mors\/?s={search_term_string}\"},\"query-input\":{\"@type\":\"PropertyValueSpecification\",\"valueRequired\":true,\"valueName\":\"search_term_string\"}}],\"inLanguage\":\"da-DK\"},{\"@type\":\"Organization\",\"@id\":\"https:\/\/kunmedierne.dk\/mors\/#organization\",\"name\":\"Mors\",\"url\":\"https:\/\/kunmedierne.dk\/mors\/\",\"logo\":{\"@type\":\"ImageObject\",\"inLanguage\":\"da-DK\",\"@id\":\"https:\/\/kunmedierne.dk\/mors\/#\/schema\/logo\/image\/\",\"url\":\"https:\/\/kunmedierne.dk\/mors\/wp-content\/uploads\/2024\/08\/kunmors-logo.svg\",\"contentUrl\":\"https:\/\/kunmedierne.dk\/mors\/wp-content\/uploads\/2024\/08\/kunmors-logo.svg\",\"caption\":\"Mors\"},\"image\":{\"@id\":\"https:\/\/kunmedierne.dk\/mors\/#\/schema\/logo\/image\/\"}},{\"@type\":\"Person\",\"@id\":\"https:\/\/kunmedierne.dk\/mors\/#\/schema\/person\/5fe23251bf1d0abbcdc6f7896579d548\",\"name\":\"David H\u00f8jmark\",\"image\":{\"@type\":\"ImageObject\",\"inLanguage\":\"da-DK\",\"@id\":\"https:\/\/kunmedierne.dk\/mors\/#\/schema\/person\/image\/\",\"url\":\"https:\/\/secure.gravatar.com\/avatar\/4315d6fb9ef244d729989f5f90268eb08d5bf8a3d84402f595fa194bb35784fd?s=96&d=mm&r=g\",\"contentUrl\":\"https:\/\/secure.gravatar.com\/avatar\/4315d6fb9ef244d729989f5f90268eb08d5bf8a3d84402f595fa194bb35784fd?s=96&d=mm&r=g\",\"caption\":\"David H\u00f8jmark\"},\"sameAs\":[\"https:\/\/www.kunmedierne.dk\"],\"url\":\"https:\/\/kunmedierne.dk\/mors\/author\/david\/\"}]}<\/script>\n<!-- \/ Yoast SEO plugin. -->","yoast_head_json":{"title":"Voksne m\u00e6nd gr\u00e6der af bev\u00e6gelse i m\u00f8det med Vejerslev Kirke - Mors","robots":{"index":"index","follow":"follow","max-snippet":"max-snippet:-1","max-image-preview":"max-image-preview:large","max-video-preview":"max-video-preview:-1"},"canonical":"https:\/\/kunmedierne.dk\/mors\/voksne-maend-graeder-af-bevaegelse-i-moedet-med-vejerslev-kirke\/","og_locale":"da_DK","og_type":"article","og_title":"Voksne m\u00e6nd gr\u00e6der af bev\u00e6gelse i m\u00f8det med Vejerslev Kirke - Mors","og_description":"VEJERSLEV: Er ark\u00e6ologisk perle. Et historisk skatkammer. Og et sociologisk studium. S\u00e5dan omtrent kan man sammenfatte Vejerslev Kirke &#8211; en af de \u00e6ldste kirker i Danmark og s\u00e5 smuk og fascinerende, at den endda kan tr\u00e6kke k\u00f8benhavnere til Mors for med egne \u00f8jne at se, hvad de har ladet sig fascinere af p\u00e5 tryk. &#8220;Politikens [&hellip;]","og_url":"https:\/\/kunmedierne.dk\/mors\/voksne-maend-graeder-af-bevaegelse-i-moedet-med-vejerslev-kirke\/","og_site_name":"Mors","article_published_time":"2020-04-05T12:08:11+00:00","article_modified_time":"2024-08-12T12:06:16+00:00","og_image":[{"width":770,"height":514,"url":"https:\/\/kunmedierne.dk\/mors\/wp-content\/uploads\/2020\/04\/vejerslev1.jpg","type":"image\/jpeg"}],"author":"David H\u00f8jmark","twitter_card":"summary_large_image","twitter_misc":{"Skrevet af":"David H\u00f8jmark","Estimeret l\u00e6setid":"3 minutter"},"schema":{"@context":"https:\/\/schema.org","@graph":[{"@type":"Article","@id":"https:\/\/kunmedierne.dk\/mors\/voksne-maend-graeder-af-bevaegelse-i-moedet-med-vejerslev-kirke\/#article","isPartOf":{"@id":"https:\/\/kunmedierne.dk\/mors\/voksne-maend-graeder-af-bevaegelse-i-moedet-med-vejerslev-kirke\/"},"author":{"name":"David H\u00f8jmark","@id":"https:\/\/kunmedierne.dk\/mors\/#\/schema\/person\/5fe23251bf1d0abbcdc6f7896579d548"},"headline":"Voksne m\u00e6nd gr\u00e6der af bev\u00e6gelse i m\u00f8det med Vejerslev Kirke","datePublished":"2020-04-05T12:08:11+00:00","dateModified":"2024-08-12T12:06:16+00:00","mainEntityOfPage":{"@id":"https:\/\/kunmedierne.dk\/mors\/voksne-maend-graeder-af-bevaegelse-i-moedet-med-vejerslev-kirke\/"},"wordCount":699,"commentCount":0,"publisher":{"@id":"https:\/\/kunmedierne.dk\/mors\/#organization"},"image":{"@id":"https:\/\/kunmedierne.dk\/mors\/voksne-maend-graeder-af-bevaegelse-i-moedet-med-vejerslev-kirke\/#primaryimage"},"thumbnailUrl":"https:\/\/kunmedierne.dk\/mors\/wp-content\/uploads\/2020\/04\/vejerslev1.jpg","keywords":["Kirkestof"],"articleSection":["Lokalt"],"inLanguage":"da-DK","potentialAction":[{"@type":"CommentAction","name":"Comment","target":["https:\/\/kunmedierne.dk\/mors\/voksne-maend-graeder-af-bevaegelse-i-moedet-med-vejerslev-kirke\/#respond"]}]},{"@type":"WebPage","@id":"https:\/\/kunmedierne.dk\/mors\/voksne-maend-graeder-af-bevaegelse-i-moedet-med-vejerslev-kirke\/","url":"https:\/\/kunmedierne.dk\/mors\/voksne-maend-graeder-af-bevaegelse-i-moedet-med-vejerslev-kirke\/","name":"Voksne m\u00e6nd gr\u00e6der af bev\u00e6gelse i m\u00f8det med Vejerslev Kirke - Mors","isPartOf":{"@id":"https:\/\/kunmedierne.dk\/mors\/#website"},"primaryImageOfPage":{"@id":"https:\/\/kunmedierne.dk\/mors\/voksne-maend-graeder-af-bevaegelse-i-moedet-med-vejerslev-kirke\/#primaryimage"},"image":{"@id":"https:\/\/kunmedierne.dk\/mors\/voksne-maend-graeder-af-bevaegelse-i-moedet-med-vejerslev-kirke\/#primaryimage"},"thumbnailUrl":"https:\/\/kunmedierne.dk\/mors\/wp-content\/uploads\/2020\/04\/vejerslev1.jpg","datePublished":"2020-04-05T12:08:11+00:00","dateModified":"2024-08-12T12:06:16+00:00","breadcrumb":{"@id":"https:\/\/kunmedierne.dk\/mors\/voksne-maend-graeder-af-bevaegelse-i-moedet-med-vejerslev-kirke\/#breadcrumb"},"inLanguage":"da-DK","potentialAction":[{"@type":"ReadAction","target":["https:\/\/kunmedierne.dk\/mors\/voksne-maend-graeder-af-bevaegelse-i-moedet-med-vejerslev-kirke\/"]}]},{"@type":"ImageObject","inLanguage":"da-DK","@id":"https:\/\/kunmedierne.dk\/mors\/voksne-maend-graeder-af-bevaegelse-i-moedet-med-vejerslev-kirke\/#primaryimage","url":"https:\/\/kunmedierne.dk\/mors\/wp-content\/uploads\/2020\/04\/vejerslev1.jpg","contentUrl":"https:\/\/kunmedierne.dk\/mors\/wp-content\/uploads\/2020\/04\/vejerslev1.jpg","width":770,"height":514,"caption":"Foto: Niels Clemmensen\/Aalborg Stift."},{"@type":"BreadcrumbList","@id":"https:\/\/kunmedierne.dk\/mors\/voksne-maend-graeder-af-bevaegelse-i-moedet-med-vejerslev-kirke\/#breadcrumb","itemListElement":[{"@type":"ListItem","position":1,"name":"Hjem","item":"https:\/\/kunmedierne.dk\/mors\/"},{"@type":"ListItem","position":2,"name":"Voksne m\u00e6nd gr\u00e6der af bev\u00e6gelse i m\u00f8det med Vejerslev Kirke"}]},{"@type":"WebSite","@id":"https:\/\/kunmedierne.dk\/mors\/#website","url":"https:\/\/kunmedierne.dk\/mors\/","name":"Mors","description":"et netmedie med journalistik om livet p\u00e5 Mors","publisher":{"@id":"https:\/\/kunmedierne.dk\/mors\/#organization"},"potentialAction":[{"@type":"SearchAction","target":{"@type":"EntryPoint","urlTemplate":"https:\/\/kunmedierne.dk\/mors\/?s={search_term_string}"},"query-input":{"@type":"PropertyValueSpecification","valueRequired":true,"valueName":"search_term_string"}}],"inLanguage":"da-DK"},{"@type":"Organization","@id":"https:\/\/kunmedierne.dk\/mors\/#organization","name":"Mors","url":"https:\/\/kunmedierne.dk\/mors\/","logo":{"@type":"ImageObject","inLanguage":"da-DK","@id":"https:\/\/kunmedierne.dk\/mors\/#\/schema\/logo\/image\/","url":"https:\/\/kunmedierne.dk\/mors\/wp-content\/uploads\/2024\/08\/kunmors-logo.svg","contentUrl":"https:\/\/kunmedierne.dk\/mors\/wp-content\/uploads\/2024\/08\/kunmors-logo.svg","caption":"Mors"},"image":{"@id":"https:\/\/kunmedierne.dk\/mors\/#\/schema\/logo\/image\/"}},{"@type":"Person","@id":"https:\/\/kunmedierne.dk\/mors\/#\/schema\/person\/5fe23251bf1d0abbcdc6f7896579d548","name":"David H\u00f8jmark","image":{"@type":"ImageObject","inLanguage":"da-DK","@id":"https:\/\/kunmedierne.dk\/mors\/#\/schema\/person\/image\/","url":"https:\/\/secure.gravatar.com\/avatar\/4315d6fb9ef244d729989f5f90268eb08d5bf8a3d84402f595fa194bb35784fd?s=96&d=mm&r=g","contentUrl":"https:\/\/secure.gravatar.com\/avatar\/4315d6fb9ef244d729989f5f90268eb08d5bf8a3d84402f595fa194bb35784fd?s=96&d=mm&r=g","caption":"David H\u00f8jmark"},"sameAs":["https:\/\/www.kunmedierne.dk"],"url":"https:\/\/kunmedierne.dk\/mors\/author\/david\/"}]}},"_links":{"self":[{"href":"https:\/\/kunmedierne.dk\/mors\/wp-json\/wp\/v2\/posts\/16571","targetHints":{"allow":["GET"]}}],"collection":[{"href":"https:\/\/kunmedierne.dk\/mors\/wp-json\/wp\/v2\/posts"}],"about":[{"href":"https:\/\/kunmedierne.dk\/mors\/wp-json\/wp\/v2\/types\/post"}],"author":[{"embeddable":true,"href":"https:\/\/kunmedierne.dk\/mors\/wp-json\/wp\/v2\/users\/8"}],"replies":[{"embeddable":true,"href":"https:\/\/kunmedierne.dk\/mors\/wp-json\/wp\/v2\/comments?post=16571"}],"version-history":[{"count":7,"href":"https:\/\/kunmedierne.dk\/mors\/wp-json\/wp\/v2\/posts\/16571\/revisions"}],"predecessor-version":[{"id":16586,"href":"https:\/\/kunmedierne.dk\/mors\/wp-json\/wp\/v2\/posts\/16571\/revisions\/16586"}],"wp:featuredmedia":[{"embeddable":true,"href":"https:\/\/kunmedierne.dk\/mors\/wp-json\/wp\/v2\/media\/16573"}],"wp:attachment":[{"href":"https:\/\/kunmedierne.dk\/mors\/wp-json\/wp\/v2\/media?parent=16571"}],"wp:term":[{"taxonomy":"category","embeddable":true,"href":"https:\/\/kunmedierne.dk\/mors\/wp-json\/wp\/v2\/categories?post=16571"},{"taxonomy":"post_tag","embeddable":true,"href":"https:\/\/kunmedierne.dk\/mors\/wp-json\/wp\/v2\/tags?post=16571"}],"curies":[{"name":"wp","href":"https:\/\/api.w.org\/{rel}","templated":true}]}}