{"id":16554,"date":"2020-04-05T11:48:55","date_gmt":"2020-04-05T09:48:55","guid":{"rendered":"https:\/\/kunmedierne.dk\/mors\/?p=16554"},"modified":"2024-08-12T14:06:16","modified_gmt":"2024-08-12T12:06:16","slug":"jann-soendergaards-opskrift-paa-den-gode-soendag","status":"publish","type":"post","link":"https:\/\/kunmedierne.dk\/mors\/jann-soendergaards-opskrift-paa-den-gode-soendag\/","title":{"rendered":"Jann S\u00f8ndergaards opskrift p\u00e5 den gode s\u00f8ndag"},"content":{"rendered":"<p><strong>NYK\u00d8BING<\/strong>: Hvordan b\u00e6rer man sig ad med at g\u00f8re sin s\u00f8ndag god? Det har Jann S\u00f8ndergaard, formand for l\u00f8beklubben Pinen og Plagen, et bud p\u00e5.<\/p>\n<p>Han tager udgangspunkt i &#8220;disse coronatider&#8221; og strikker en dag sammen, som fra ende til anden best\u00e5r af velv\u00e6re.<\/p>\n<p>&#8220;Det er en dag, hvor jeg ikke rigtigt skal noget &#8211; og hvor jeg sammen med Marianne kan v\u00e5gne stille og roligt og f\u00e5 en god morgenmad,&#8221; begynder han sin opskrift.<\/p>\n<p>En god gang morgenmad best\u00e5r i hans terminologi af nybagte boller med ost samt \u00e6g, juice og kaffe. Og sp\u00f8rger man ham forf\u00e6rdet, om der ikke ogs\u00e5 h\u00f8rer bacon til, svarer han straks, at han ikke har et religi\u00f8st forhold til den slags.<\/p>\n<p>&#8220;Vi har ikke f\u00e5et bacon i mange \u00e5r, men hvis det er p\u00e5 bordet, spiser jeg det gerne,&#8221; siger han.<\/p>\n<p>N\u00e5r morgenmaden er ford\u00f8jet, g\u00e6lder det s\u00e5 om at komme ud &#8211; og gerne for at opdage noget nyt.<\/p>\n<p>&#8220;Vi tager bilen og k\u00f8rer et sted hen, vi ikke har v\u00e6ret f\u00f8r &#8211; og g\u00e5r en lang tur. Eller l\u00f8ber, hvis det er mere end 48 timer siden sidst. Og s\u00e5 s\u00f8rger vi selvf\u00f8lgelig for, at der ikke er andre i omr\u00e5det,&#8221; siger han med myndighedernes anbefalinger om coronasmitte i tankerne.<\/p>\n<p>Hjemme fra udflugten bliver eftermiddagen m\u00e5ske ogs\u00e5 tilbragt udenfor.<\/p>\n<p>&#8220;Vi kalder det sommerhuset, men det er en udestue. Der f\u00e5r vi en god kop kaffe og har det rart i haven &#8211; og m\u00e5ske f\u00e5r vi et opkald fra nogle af b\u00f8rnene, s\u00e5 vi kan se dem via Facetime,&#8221; siger Jann S\u00f8ndergaard og slutter sin opskrift med at tage grillen frem og nyde et glas r\u00f8dvin til aftensmaden.<\/p>\n<p>&#8220;Det m\u00e5 v\u00e6re en god s\u00f8ndag,&#8221; konkluderer han.<\/p>\n<p>&nbsp;<\/p>\n<blockquote>\n<h2>GOD S\u00d8NDAG<\/h2>\n<h4>Denne artikel er en del af serien om, hvad der g\u00f8r s\u00f8ndagen god. Den udkommer ikke med nye afsnit hver s\u00f8ndag, men n\u00e5r den g\u00f8r, er det altid om s\u00f8ndagen.<\/h4>\n<h4>Vi har tidligere spurgt om den gode s\u00f8ndag for <a href=\"https:\/\/kunmedierne.dk\/mors\/god-soendag-vi-skal-huske-at-komme-ned-i-gear\/\" target=\"_blank\" rel=\"noopener noreferrer\">Leif Toft<\/a> og <a href=\"https:\/\/kunmedierne.dk\/mors\/borgmesterens-gode-soendag-ud-og-maerke-naturen\/\">Hans Ejner Bertelsen<\/a>.<\/h4>\n<\/blockquote>\n","protected":false},"excerpt":{"rendered":"<p>NYK\u00d8BING: Hvordan b\u00e6rer man sig ad med at g\u00f8re sin s\u00f8ndag god? Det har Jann S\u00f8ndergaard, formand for l\u00f8beklubben Pinen og Plagen, et bud p\u00e5. Han tager udgangspunkt i &#8220;disse coronatider&#8221; og strikker en dag sammen, som fra ende til anden best\u00e5r af velv\u00e6re. &#8220;Det er en dag, hvor jeg ikke rigtigt skal noget &#8211; [&hellip;]<\/p>\n","protected":false},"author":8,"featured_media":16555,"comment_status":"open","ping_status":"open","sticky":false,"template":"","format":"standard","meta":{"_acf_changed":false,"footnotes":""},"categories":[51],"tags":[],"class_list":["post-16554","post","type-post","status-publish","format-standard","has-post-thumbnail","hentry","category-lokalt"],"acf":[],"yoast_head":"<!-- This site is optimized with the Yoast SEO plugin v26.8 - https:\/\/yoast.com\/product\/yoast-seo-wordpress\/ -->\n<title>Jann S\u00f8ndergaards opskrift p\u00e5 den gode s\u00f8ndag - Mors<\/title>\n<meta name=\"robots\" content=\"index, follow, max-snippet:-1, max-image-preview:large, max-video-preview:-1\" \/>\n<link rel=\"canonical\" href=\"https:\/\/kunmedierne.dk\/mors\/jann-soendergaards-opskrift-paa-den-gode-soendag\/\" \/>\n<meta property=\"og:locale\" content=\"da_DK\" \/>\n<meta property=\"og:type\" content=\"article\" \/>\n<meta property=\"og:title\" content=\"Jann S\u00f8ndergaards opskrift p\u00e5 den gode s\u00f8ndag - Mors\" \/>\n<meta property=\"og:description\" content=\"NYK\u00d8BING: Hvordan b\u00e6rer man sig ad med at g\u00f8re sin s\u00f8ndag god? Det har Jann S\u00f8ndergaard, formand for l\u00f8beklubben Pinen og Plagen, et bud p\u00e5. Han tager udgangspunkt i &#8220;disse coronatider&#8221; og strikker en dag sammen, som fra ende til anden best\u00e5r af velv\u00e6re. &#8220;Det er en dag, hvor jeg ikke rigtigt skal noget &#8211; [&hellip;]\" \/>\n<meta property=\"og:url\" content=\"https:\/\/kunmedierne.dk\/mors\/jann-soendergaards-opskrift-paa-den-gode-soendag\/\" \/>\n<meta property=\"og:site_name\" content=\"Mors\" \/>\n<meta property=\"article:published_time\" content=\"2020-04-05T09:48:55+00:00\" \/>\n<meta property=\"article:modified_time\" content=\"2024-08-12T12:06:16+00:00\" \/>\n<meta property=\"og:image\" content=\"https:\/\/kunmedierne.dk\/mors\/wp-content\/uploads\/2020\/04\/jann-s\u00f8ndergaard.jpg\" \/>\n\t<meta property=\"og:image:width\" content=\"770\" \/>\n\t<meta property=\"og:image:height\" content=\"513\" \/>\n\t<meta property=\"og:image:type\" content=\"image\/jpeg\" \/>\n<meta name=\"author\" content=\"David H\u00f8jmark\" \/>\n<meta name=\"twitter:card\" content=\"summary_large_image\" \/>\n<meta name=\"twitter:label1\" content=\"Skrevet af\" \/>\n\t<meta name=\"twitter:data1\" content=\"David H\u00f8jmark\" \/>\n\t<meta name=\"twitter:label2\" content=\"Estimeret l\u00e6setid\" \/>\n\t<meta name=\"twitter:data2\" content=\"2 minutter\" \/>\n<script type=\"application\/ld+json\" class=\"yoast-schema-graph\">{\"@context\":\"https:\/\/schema.org\",\"@graph\":[{\"@type\":\"Article\",\"@id\":\"https:\/\/kunmedierne.dk\/mors\/jann-soendergaards-opskrift-paa-den-gode-soendag\/#article\",\"isPartOf\":{\"@id\":\"https:\/\/kunmedierne.dk\/mors\/jann-soendergaards-opskrift-paa-den-gode-soendag\/\"},\"author\":{\"name\":\"David H\u00f8jmark\",\"@id\":\"https:\/\/kunmedierne.dk\/mors\/#\/schema\/person\/5fe23251bf1d0abbcdc6f7896579d548\"},\"headline\":\"Jann S\u00f8ndergaards opskrift p\u00e5 den gode s\u00f8ndag\",\"datePublished\":\"2020-04-05T09:48:55+00:00\",\"dateModified\":\"2024-08-12T12:06:16+00:00\",\"mainEntityOfPage\":{\"@id\":\"https:\/\/kunmedierne.dk\/mors\/jann-soendergaards-opskrift-paa-den-gode-soendag\/\"},\"wordCount\":384,\"commentCount\":0,\"publisher\":{\"@id\":\"https:\/\/kunmedierne.dk\/mors\/#organization\"},\"image\":{\"@id\":\"https:\/\/kunmedierne.dk\/mors\/jann-soendergaards-opskrift-paa-den-gode-soendag\/#primaryimage\"},\"thumbnailUrl\":\"https:\/\/kunmedierne.dk\/mors\/wp-content\/uploads\/2020\/04\/jann-s\u00f8ndergaard.jpg\",\"articleSection\":[\"Lokalt\"],\"inLanguage\":\"da-DK\",\"potentialAction\":[{\"@type\":\"CommentAction\",\"name\":\"Comment\",\"target\":[\"https:\/\/kunmedierne.dk\/mors\/jann-soendergaards-opskrift-paa-den-gode-soendag\/#respond\"]}]},{\"@type\":\"WebPage\",\"@id\":\"https:\/\/kunmedierne.dk\/mors\/jann-soendergaards-opskrift-paa-den-gode-soendag\/\",\"url\":\"https:\/\/kunmedierne.dk\/mors\/jann-soendergaards-opskrift-paa-den-gode-soendag\/\",\"name\":\"Jann S\u00f8ndergaards opskrift p\u00e5 den gode s\u00f8ndag - Mors\",\"isPartOf\":{\"@id\":\"https:\/\/kunmedierne.dk\/mors\/#website\"},\"primaryImageOfPage\":{\"@id\":\"https:\/\/kunmedierne.dk\/mors\/jann-soendergaards-opskrift-paa-den-gode-soendag\/#primaryimage\"},\"image\":{\"@id\":\"https:\/\/kunmedierne.dk\/mors\/jann-soendergaards-opskrift-paa-den-gode-soendag\/#primaryimage\"},\"thumbnailUrl\":\"https:\/\/kunmedierne.dk\/mors\/wp-content\/uploads\/2020\/04\/jann-s\u00f8ndergaard.jpg\",\"datePublished\":\"2020-04-05T09:48:55+00:00\",\"dateModified\":\"2024-08-12T12:06:16+00:00\",\"breadcrumb\":{\"@id\":\"https:\/\/kunmedierne.dk\/mors\/jann-soendergaards-opskrift-paa-den-gode-soendag\/#breadcrumb\"},\"inLanguage\":\"da-DK\",\"potentialAction\":[{\"@type\":\"ReadAction\",\"target\":[\"https:\/\/kunmedierne.dk\/mors\/jann-soendergaards-opskrift-paa-den-gode-soendag\/\"]}]},{\"@type\":\"ImageObject\",\"inLanguage\":\"da-DK\",\"@id\":\"https:\/\/kunmedierne.dk\/mors\/jann-soendergaards-opskrift-paa-den-gode-soendag\/#primaryimage\",\"url\":\"https:\/\/kunmedierne.dk\/mors\/wp-content\/uploads\/2020\/04\/jann-s\u00f8ndergaard.jpg\",\"contentUrl\":\"https:\/\/kunmedierne.dk\/mors\/wp-content\/uploads\/2020\/04\/jann-s\u00f8ndergaard.jpg\",\"width\":770,\"height\":513,\"caption\":\"P\u00e5 den gode s\u00f8ndag h\u00f8rer Jann S\u00f8ndergaard gerne fra sin s\u00f8n Alexander (tv.). Privatfoto.\"},{\"@type\":\"BreadcrumbList\",\"@id\":\"https:\/\/kunmedierne.dk\/mors\/jann-soendergaards-opskrift-paa-den-gode-soendag\/#breadcrumb\",\"itemListElement\":[{\"@type\":\"ListItem\",\"position\":1,\"name\":\"Hjem\",\"item\":\"https:\/\/kunmedierne.dk\/mors\/\"},{\"@type\":\"ListItem\",\"position\":2,\"name\":\"Jann S\u00f8ndergaards opskrift p\u00e5 den gode s\u00f8ndag\"}]},{\"@type\":\"WebSite\",\"@id\":\"https:\/\/kunmedierne.dk\/mors\/#website\",\"url\":\"https:\/\/kunmedierne.dk\/mors\/\",\"name\":\"Mors\",\"description\":\"et netmedie med journalistik om livet p\u00e5 Mors\",\"publisher\":{\"@id\":\"https:\/\/kunmedierne.dk\/mors\/#organization\"},\"potentialAction\":[{\"@type\":\"SearchAction\",\"target\":{\"@type\":\"EntryPoint\",\"urlTemplate\":\"https:\/\/kunmedierne.dk\/mors\/?s={search_term_string}\"},\"query-input\":{\"@type\":\"PropertyValueSpecification\",\"valueRequired\":true,\"valueName\":\"search_term_string\"}}],\"inLanguage\":\"da-DK\"},{\"@type\":\"Organization\",\"@id\":\"https:\/\/kunmedierne.dk\/mors\/#organization\",\"name\":\"Mors\",\"url\":\"https:\/\/kunmedierne.dk\/mors\/\",\"logo\":{\"@type\":\"ImageObject\",\"inLanguage\":\"da-DK\",\"@id\":\"https:\/\/kunmedierne.dk\/mors\/#\/schema\/logo\/image\/\",\"url\":\"https:\/\/kunmedierne.dk\/mors\/wp-content\/uploads\/2024\/08\/kunmors-logo.svg\",\"contentUrl\":\"https:\/\/kunmedierne.dk\/mors\/wp-content\/uploads\/2024\/08\/kunmors-logo.svg\",\"caption\":\"Mors\"},\"image\":{\"@id\":\"https:\/\/kunmedierne.dk\/mors\/#\/schema\/logo\/image\/\"}},{\"@type\":\"Person\",\"@id\":\"https:\/\/kunmedierne.dk\/mors\/#\/schema\/person\/5fe23251bf1d0abbcdc6f7896579d548\",\"name\":\"David H\u00f8jmark\",\"image\":{\"@type\":\"ImageObject\",\"inLanguage\":\"da-DK\",\"@id\":\"https:\/\/kunmedierne.dk\/mors\/#\/schema\/person\/image\/\",\"url\":\"https:\/\/secure.gravatar.com\/avatar\/4315d6fb9ef244d729989f5f90268eb08d5bf8a3d84402f595fa194bb35784fd?s=96&d=mm&r=g\",\"contentUrl\":\"https:\/\/secure.gravatar.com\/avatar\/4315d6fb9ef244d729989f5f90268eb08d5bf8a3d84402f595fa194bb35784fd?s=96&d=mm&r=g\",\"caption\":\"David H\u00f8jmark\"},\"sameAs\":[\"https:\/\/www.kunmedierne.dk\"],\"url\":\"https:\/\/kunmedierne.dk\/mors\/author\/david\/\"}]}<\/script>\n<!-- \/ Yoast SEO plugin. -->","yoast_head_json":{"title":"Jann S\u00f8ndergaards opskrift p\u00e5 den gode s\u00f8ndag - Mors","robots":{"index":"index","follow":"follow","max-snippet":"max-snippet:-1","max-image-preview":"max-image-preview:large","max-video-preview":"max-video-preview:-1"},"canonical":"https:\/\/kunmedierne.dk\/mors\/jann-soendergaards-opskrift-paa-den-gode-soendag\/","og_locale":"da_DK","og_type":"article","og_title":"Jann S\u00f8ndergaards opskrift p\u00e5 den gode s\u00f8ndag - Mors","og_description":"NYK\u00d8BING: Hvordan b\u00e6rer man sig ad med at g\u00f8re sin s\u00f8ndag god? Det har Jann S\u00f8ndergaard, formand for l\u00f8beklubben Pinen og Plagen, et bud p\u00e5. Han tager udgangspunkt i &#8220;disse coronatider&#8221; og strikker en dag sammen, som fra ende til anden best\u00e5r af velv\u00e6re. &#8220;Det er en dag, hvor jeg ikke rigtigt skal noget &#8211; [&hellip;]","og_url":"https:\/\/kunmedierne.dk\/mors\/jann-soendergaards-opskrift-paa-den-gode-soendag\/","og_site_name":"Mors","article_published_time":"2020-04-05T09:48:55+00:00","article_modified_time":"2024-08-12T12:06:16+00:00","og_image":[{"width":770,"height":513,"url":"https:\/\/kunmedierne.dk\/mors\/wp-content\/uploads\/2020\/04\/jann-s\u00f8ndergaard.jpg","type":"image\/jpeg"}],"author":"David H\u00f8jmark","twitter_card":"summary_large_image","twitter_misc":{"Skrevet af":"David H\u00f8jmark","Estimeret l\u00e6setid":"2 minutter"},"schema":{"@context":"https:\/\/schema.org","@graph":[{"@type":"Article","@id":"https:\/\/kunmedierne.dk\/mors\/jann-soendergaards-opskrift-paa-den-gode-soendag\/#article","isPartOf":{"@id":"https:\/\/kunmedierne.dk\/mors\/jann-soendergaards-opskrift-paa-den-gode-soendag\/"},"author":{"name":"David H\u00f8jmark","@id":"https:\/\/kunmedierne.dk\/mors\/#\/schema\/person\/5fe23251bf1d0abbcdc6f7896579d548"},"headline":"Jann S\u00f8ndergaards opskrift p\u00e5 den gode s\u00f8ndag","datePublished":"2020-04-05T09:48:55+00:00","dateModified":"2024-08-12T12:06:16+00:00","mainEntityOfPage":{"@id":"https:\/\/kunmedierne.dk\/mors\/jann-soendergaards-opskrift-paa-den-gode-soendag\/"},"wordCount":384,"commentCount":0,"publisher":{"@id":"https:\/\/kunmedierne.dk\/mors\/#organization"},"image":{"@id":"https:\/\/kunmedierne.dk\/mors\/jann-soendergaards-opskrift-paa-den-gode-soendag\/#primaryimage"},"thumbnailUrl":"https:\/\/kunmedierne.dk\/mors\/wp-content\/uploads\/2020\/04\/jann-s\u00f8ndergaard.jpg","articleSection":["Lokalt"],"inLanguage":"da-DK","potentialAction":[{"@type":"CommentAction","name":"Comment","target":["https:\/\/kunmedierne.dk\/mors\/jann-soendergaards-opskrift-paa-den-gode-soendag\/#respond"]}]},{"@type":"WebPage","@id":"https:\/\/kunmedierne.dk\/mors\/jann-soendergaards-opskrift-paa-den-gode-soendag\/","url":"https:\/\/kunmedierne.dk\/mors\/jann-soendergaards-opskrift-paa-den-gode-soendag\/","name":"Jann S\u00f8ndergaards opskrift p\u00e5 den gode s\u00f8ndag - Mors","isPartOf":{"@id":"https:\/\/kunmedierne.dk\/mors\/#website"},"primaryImageOfPage":{"@id":"https:\/\/kunmedierne.dk\/mors\/jann-soendergaards-opskrift-paa-den-gode-soendag\/#primaryimage"},"image":{"@id":"https:\/\/kunmedierne.dk\/mors\/jann-soendergaards-opskrift-paa-den-gode-soendag\/#primaryimage"},"thumbnailUrl":"https:\/\/kunmedierne.dk\/mors\/wp-content\/uploads\/2020\/04\/jann-s\u00f8ndergaard.jpg","datePublished":"2020-04-05T09:48:55+00:00","dateModified":"2024-08-12T12:06:16+00:00","breadcrumb":{"@id":"https:\/\/kunmedierne.dk\/mors\/jann-soendergaards-opskrift-paa-den-gode-soendag\/#breadcrumb"},"inLanguage":"da-DK","potentialAction":[{"@type":"ReadAction","target":["https:\/\/kunmedierne.dk\/mors\/jann-soendergaards-opskrift-paa-den-gode-soendag\/"]}]},{"@type":"ImageObject","inLanguage":"da-DK","@id":"https:\/\/kunmedierne.dk\/mors\/jann-soendergaards-opskrift-paa-den-gode-soendag\/#primaryimage","url":"https:\/\/kunmedierne.dk\/mors\/wp-content\/uploads\/2020\/04\/jann-s\u00f8ndergaard.jpg","contentUrl":"https:\/\/kunmedierne.dk\/mors\/wp-content\/uploads\/2020\/04\/jann-s\u00f8ndergaard.jpg","width":770,"height":513,"caption":"P\u00e5 den gode s\u00f8ndag h\u00f8rer Jann S\u00f8ndergaard gerne fra sin s\u00f8n Alexander (tv.). Privatfoto."},{"@type":"BreadcrumbList","@id":"https:\/\/kunmedierne.dk\/mors\/jann-soendergaards-opskrift-paa-den-gode-soendag\/#breadcrumb","itemListElement":[{"@type":"ListItem","position":1,"name":"Hjem","item":"https:\/\/kunmedierne.dk\/mors\/"},{"@type":"ListItem","position":2,"name":"Jann S\u00f8ndergaards opskrift p\u00e5 den gode s\u00f8ndag"}]},{"@type":"WebSite","@id":"https:\/\/kunmedierne.dk\/mors\/#website","url":"https:\/\/kunmedierne.dk\/mors\/","name":"Mors","description":"et netmedie med journalistik om livet p\u00e5 Mors","publisher":{"@id":"https:\/\/kunmedierne.dk\/mors\/#organization"},"potentialAction":[{"@type":"SearchAction","target":{"@type":"EntryPoint","urlTemplate":"https:\/\/kunmedierne.dk\/mors\/?s={search_term_string}"},"query-input":{"@type":"PropertyValueSpecification","valueRequired":true,"valueName":"search_term_string"}}],"inLanguage":"da-DK"},{"@type":"Organization","@id":"https:\/\/kunmedierne.dk\/mors\/#organization","name":"Mors","url":"https:\/\/kunmedierne.dk\/mors\/","logo":{"@type":"ImageObject","inLanguage":"da-DK","@id":"https:\/\/kunmedierne.dk\/mors\/#\/schema\/logo\/image\/","url":"https:\/\/kunmedierne.dk\/mors\/wp-content\/uploads\/2024\/08\/kunmors-logo.svg","contentUrl":"https:\/\/kunmedierne.dk\/mors\/wp-content\/uploads\/2024\/08\/kunmors-logo.svg","caption":"Mors"},"image":{"@id":"https:\/\/kunmedierne.dk\/mors\/#\/schema\/logo\/image\/"}},{"@type":"Person","@id":"https:\/\/kunmedierne.dk\/mors\/#\/schema\/person\/5fe23251bf1d0abbcdc6f7896579d548","name":"David H\u00f8jmark","image":{"@type":"ImageObject","inLanguage":"da-DK","@id":"https:\/\/kunmedierne.dk\/mors\/#\/schema\/person\/image\/","url":"https:\/\/secure.gravatar.com\/avatar\/4315d6fb9ef244d729989f5f90268eb08d5bf8a3d84402f595fa194bb35784fd?s=96&d=mm&r=g","contentUrl":"https:\/\/secure.gravatar.com\/avatar\/4315d6fb9ef244d729989f5f90268eb08d5bf8a3d84402f595fa194bb35784fd?s=96&d=mm&r=g","caption":"David H\u00f8jmark"},"sameAs":["https:\/\/www.kunmedierne.dk"],"url":"https:\/\/kunmedierne.dk\/mors\/author\/david\/"}]}},"_links":{"self":[{"href":"https:\/\/kunmedierne.dk\/mors\/wp-json\/wp\/v2\/posts\/16554","targetHints":{"allow":["GET"]}}],"collection":[{"href":"https:\/\/kunmedierne.dk\/mors\/wp-json\/wp\/v2\/posts"}],"about":[{"href":"https:\/\/kunmedierne.dk\/mors\/wp-json\/wp\/v2\/types\/post"}],"author":[{"embeddable":true,"href":"https:\/\/kunmedierne.dk\/mors\/wp-json\/wp\/v2\/users\/8"}],"replies":[{"embeddable":true,"href":"https:\/\/kunmedierne.dk\/mors\/wp-json\/wp\/v2\/comments?post=16554"}],"version-history":[{"count":4,"href":"https:\/\/kunmedierne.dk\/mors\/wp-json\/wp\/v2\/posts\/16554\/revisions"}],"predecessor-version":[{"id":30843,"href":"https:\/\/kunmedierne.dk\/mors\/wp-json\/wp\/v2\/posts\/16554\/revisions\/30843"}],"wp:featuredmedia":[{"embeddable":true,"href":"https:\/\/kunmedierne.dk\/mors\/wp-json\/wp\/v2\/media\/16555"}],"wp:attachment":[{"href":"https:\/\/kunmedierne.dk\/mors\/wp-json\/wp\/v2\/media?parent=16554"}],"wp:term":[{"taxonomy":"category","embeddable":true,"href":"https:\/\/kunmedierne.dk\/mors\/wp-json\/wp\/v2\/categories?post=16554"},{"taxonomy":"post_tag","embeddable":true,"href":"https:\/\/kunmedierne.dk\/mors\/wp-json\/wp\/v2\/tags?post=16554"}],"curies":[{"name":"wp","href":"https:\/\/api.w.org\/{rel}","templated":true}]}}