{"id":165288,"date":"2026-01-13T14:09:55","date_gmt":"2026-01-13T13:09:55","guid":{"rendered":"https:\/\/kunmedierne.dk\/mors\/?p=165288"},"modified":"2026-01-13T13:27:16","modified_gmt":"2026-01-13T12:27:16","slug":"christian-og-mollerup-moelle-sammen-om-ny-virksomhed-det-skulle-ogsaa-til-at-vaere","status":"publish","type":"post","link":"https:\/\/kunmedierne.dk\/mors\/christian-og-mollerup-moelle-sammen-om-ny-virksomhed-det-skulle-ogsaa-til-at-vaere\/","title":{"rendered":"<span>Christian og Mollerup M\u00f8lle sammen om ny virksomhed: <\/span>&#8220;Det skulle ogs\u00e5 til at v\u00e6re&#8221;"},"content":{"rendered":"<p><strong>ERHVERV<\/strong>: N\u00e5r man har evnerne, erfaringen og de fysiske rammer, er det lige f\u00f8r, man ogs\u00e5 har pligten til at oprette sit f\u00f8rste CVR-nummer.<\/p>\n<p>Det har Christian Lyndrup nu gjort. Den 51-\u00e5rige nysl\u00e5ede iv\u00e6rks\u00e6tter har i samarbejde med Mollerup M\u00f8lle \u00e5bnet Kloakgrossisten. Papirerne er kommet p\u00e5 plads, og ordrebogen i brug, s\u00e5 nu kan en af hovedpersonerne se tilbage p\u00e5 et forl\u00f8b, der tog sin begyndelse for et halvt \u00e5r siden.<\/p>\n<p>&#8211; Der skulle ske noget nyt, og ved en tilf\u00e6ldighed kom vi til at snakke om det i sommerferien. Og s\u00e5 har vi bygget videre p\u00e5 den tanke, siger Christian Lyndrup.<\/p>\n<a class=\"dvrt-link\" onClick=\"cdmtrack_click(169437,jQuery(this));return false\" href=\"https:\/\/thymors.dk\/sponsorater\/15-til-faellesskabet?utm_source=kunmors&amp;utm_medium=annonce&amp;utm_campaign=sponsorater\"><img decoding=\"async\" style=\"width:100%;\" src=\"https:\/\/kunmedierne.dk\/mors\/wp-content\/uploads\/2026\/03\/260407ThyMors-energi_faellesskab_generel-1.jpg\"><\/a><script>cdmtrack_view(169437);<\/script>\n<p>Han deler ejerskabet af Kloakgrossisten med Mollerup M\u00f8lle &#8211; og med Jakob Hangaard Pedersen og Holger Odgaard Pedersen som de to \u00f8vrige i bestyrelsen.<\/p>\n<p>Synergien med den store virksomhed p\u00e5 Midtmors er da ogs\u00e5 til at f\u00e5 \u00f8je p\u00e5 flere steder. Eksempelvis har Kloakgrossisten adresse p\u00e5 en matriklen Markedsgade 93, der er ejet af Mollerup M\u00f8lle.<\/p>\n<p>&#8211; Der var et stykke plads til os herude, s\u00e5 det passer rigtig fint, siger Christian Lyndrup.<\/p>\n<p>&nbsp;<\/p>\n<p><strong>Kloak og fundament samme sted<\/strong><\/p>\n<p>Han har \u00e5bnet d\u00f8rene til den nye virksomhed med 17 \u00e5rs ballast i lokalomr\u00e5det og inden for samme arbejdsomr\u00e5de. Tanken er at samle alt til kloak og fundament \u00e9t sted og g\u00f8re det nemmere for b\u00e5de professionelle og private at komme godt fra start med deres byggeprojekter.<\/p>\n<a class=\"dvrt-link\" onClick=\"cdmtrack_click(147315,jQuery(this));return false\" href=\"https:\/\/sdrhaa.dk\/\"><img decoding=\"async\" style=\"width:100%;\" src=\"https:\/\/kunmedierne.dk\/mors\/wp-content\/uploads\/2025\/05\/260302Sdr-HaaDin-gebyrvenlige-sparekasse_mors-002.gif\"><\/a><script>cdmtrack_view(147315);<\/script>\n<p>Virksomheden beskriver sig selv som en med et\u00a0 bredt sortiment af kloakr\u00f8r, dr\u00e6n samt materialer til fundamenter. Udvalget skal henvende sig til murere, entrepren\u00f8rer og landm\u00e6nd &#8211; og man hj\u00e6lper ogs\u00e5 gerne private. Ambitionen er at tilbyde s\u00e5vel kvalitetsprodukter som faglig r\u00e5dgivning samt hurtig service og levering fra den centrale placering i Nyk\u00f8bing.<\/p>\n<p>&#8211; Vores m\u00e5l er at v\u00e6re den lokale samarbejdspartner, man ringer til, n\u00e5r fundamentet skal v\u00e6re i orden \u2013 b\u00e5de fagligt og relationelt, siger Christian Lyndrup.<\/p>\n<p>&#8216;<\/p>\n<p><strong>Kan tr\u00e6kke p\u00e5 Mollerup M\u00f8lle<\/strong><\/p>\n<p>Han ser nu frem til det skift i tilv\u00e6relsen, det er, n\u00e5r man g\u00e5r fra at v\u00e6re l\u00f8nmodtager til at drive virksomhed. Indtil videre er han den eneste medarbejder, men det kan selvf\u00f8lgelig hurtigt f\u00e5 en ende.<\/p>\n<p>&#8211; Vi ser, hvad der sker. Vi starter lige s\u00e5 stille op, og s\u00e5 f\u00f8lger vi den udvikling, der kommer, siger han og n\u00e6vner tanken om ans\u00e6ttelse af en chauff\u00f8r &#8211; men med tilf\u00f8jelsen, at man ogs\u00e5 har kr\u00e6fter fra Mollerup M\u00f8lle at tr\u00e6kke p\u00e5.<\/p>\n<a class=\"dvrt-link\" onClick=\"cdmtrack_click(104778,jQuery(this));return false\" href=\"https:\/\/vester-begr.dk\/?gclid=CjwKCAjw5Kv7BRBSEiwAXGDElQB6WMfm9CgYVrruty-I1gaOkTkC3mlA4QRDtYNsxYgVC8sNzAJ7WhoCmBsQAvD_BwE\"><img decoding=\"async\" style=\"width:100%;\" src=\"https:\/\/kunmedierne.dk\/mors\/wp-content\/uploads\/2023\/10\/260203VesterHoukaer-02022026.jpg\"><\/a><script>cdmtrack_view(104778);<\/script>\n<p>Igen er synergien i fokus. Den, der ogs\u00e5 er med til at give Christian Lyndrup en god fornemmelse i en travl opstart, hvor aftaler skal p\u00e5 plads.<\/p>\n<p>&#8211; Det bliver sp\u00e6ndende, og det er godt hold, der er med, siger han og tilf\u00f8jer om tidspunktet for\u00a0 sin debut som virksomhedsejer:<\/p>\n<p>&#8211; Det skulle ogs\u00e5 til at v\u00e6re.<\/p>\n","protected":false},"excerpt":{"rendered":"<p>ERHVERV: N\u00e5r man har evnerne, erfaringen og de fysiske rammer, er det lige f\u00f8r, man ogs\u00e5 har pligten til at oprette sit f\u00f8rste CVR-nummer. Det har Christian Lyndrup nu gjort. Den 51-\u00e5rige nysl\u00e5ede iv\u00e6rks\u00e6tter har i samarbejde med Mollerup M\u00f8lle \u00e5bnet Kloakgrossisten. Papirerne er kommet p\u00e5 plads, og ordrebogen i brug, s\u00e5 nu kan en [&hellip;]<\/p>\n","protected":false},"author":8,"featured_media":0,"comment_status":"closed","ping_status":"closed","sticky":false,"template":"","format":"standard","meta":{"_acf_changed":false,"footnotes":""},"categories":[51],"tags":[159],"class_list":["post-165288","post","type-post","status-publish","format-standard","hentry","category-lokalt","tag-erhverv"],"acf":[],"yoast_head":"<!-- This site is optimized with the Yoast SEO plugin v26.8 - https:\/\/yoast.com\/product\/yoast-seo-wordpress\/ -->\n<title>Christian og Mollerup M\u00f8lle sammen om ny virksomhed: &quot;Det skulle ogs\u00e5 til at v\u00e6re&quot;  - Mors<\/title>\n<meta name=\"robots\" content=\"index, follow, max-snippet:-1, max-image-preview:large, max-video-preview:-1\" \/>\n<link rel=\"canonical\" href=\"https:\/\/kunmedierne.dk\/mors\/christian-og-mollerup-moelle-sammen-om-ny-virksomhed-det-skulle-ogsaa-til-at-vaere\/\" \/>\n<meta property=\"og:locale\" content=\"da_DK\" \/>\n<meta property=\"og:type\" content=\"article\" \/>\n<meta property=\"og:title\" content=\"Christian og Mollerup M\u00f8lle sammen om ny virksomhed: &quot;Det skulle ogs\u00e5 til at v\u00e6re&quot;  - Mors\" \/>\n<meta property=\"og:description\" content=\"ERHVERV: N\u00e5r man har evnerne, erfaringen og de fysiske rammer, er det lige f\u00f8r, man ogs\u00e5 har pligten til at oprette sit f\u00f8rste CVR-nummer. Det har Christian Lyndrup nu gjort. Den 51-\u00e5rige nysl\u00e5ede iv\u00e6rks\u00e6tter har i samarbejde med Mollerup M\u00f8lle \u00e5bnet Kloakgrossisten. Papirerne er kommet p\u00e5 plads, og ordrebogen i brug, s\u00e5 nu kan en [&hellip;]\" \/>\n<meta property=\"og:url\" content=\"https:\/\/kunmedierne.dk\/mors\/christian-og-mollerup-moelle-sammen-om-ny-virksomhed-det-skulle-ogsaa-til-at-vaere\/\" \/>\n<meta property=\"og:site_name\" content=\"Mors\" \/>\n<meta property=\"article:published_time\" content=\"2026-01-13T13:09:55+00:00\" \/>\n<meta name=\"author\" content=\"David H\u00f8jmark\" \/>\n<meta name=\"twitter:card\" content=\"summary_large_image\" \/>\n<meta name=\"twitter:label1\" content=\"Skrevet af\" \/>\n\t<meta name=\"twitter:data1\" content=\"David H\u00f8jmark\" \/>\n\t<meta name=\"twitter:label2\" content=\"Estimeret l\u00e6setid\" \/>\n\t<meta name=\"twitter:data2\" content=\"3 minutter\" \/>\n<script type=\"application\/ld+json\" class=\"yoast-schema-graph\">{\"@context\":\"https:\/\/schema.org\",\"@graph\":[{\"@type\":\"Article\",\"@id\":\"https:\/\/kunmedierne.dk\/mors\/christian-og-mollerup-moelle-sammen-om-ny-virksomhed-det-skulle-ogsaa-til-at-vaere\/#article\",\"isPartOf\":{\"@id\":\"https:\/\/kunmedierne.dk\/mors\/christian-og-mollerup-moelle-sammen-om-ny-virksomhed-det-skulle-ogsaa-til-at-vaere\/\"},\"author\":{\"name\":\"David H\u00f8jmark\",\"@id\":\"https:\/\/kunmedierne.dk\/mors\/#\/schema\/person\/5fe23251bf1d0abbcdc6f7896579d548\"},\"headline\":\"Christian og Mollerup M\u00f8lle sammen om ny virksomhed: &#8220;Det skulle ogs\u00e5 til at v\u00e6re&#8221;\",\"datePublished\":\"2026-01-13T13:09:55+00:00\",\"mainEntityOfPage\":{\"@id\":\"https:\/\/kunmedierne.dk\/mors\/christian-og-mollerup-moelle-sammen-om-ny-virksomhed-det-skulle-ogsaa-til-at-vaere\/\"},\"wordCount\":519,\"publisher\":{\"@id\":\"https:\/\/kunmedierne.dk\/mors\/#organization\"},\"keywords\":[\"Erhverv\"],\"articleSection\":[\"Lokalt\"],\"inLanguage\":\"da-DK\"},{\"@type\":\"WebPage\",\"@id\":\"https:\/\/kunmedierne.dk\/mors\/christian-og-mollerup-moelle-sammen-om-ny-virksomhed-det-skulle-ogsaa-til-at-vaere\/\",\"url\":\"https:\/\/kunmedierne.dk\/mors\/christian-og-mollerup-moelle-sammen-om-ny-virksomhed-det-skulle-ogsaa-til-at-vaere\/\",\"name\":\"Christian og Mollerup M\u00f8lle sammen om ny virksomhed: \\\"Det skulle ogs\u00e5 til at v\u00e6re\\\" - Mors\",\"isPartOf\":{\"@id\":\"https:\/\/kunmedierne.dk\/mors\/#website\"},\"datePublished\":\"2026-01-13T13:09:55+00:00\",\"breadcrumb\":{\"@id\":\"https:\/\/kunmedierne.dk\/mors\/christian-og-mollerup-moelle-sammen-om-ny-virksomhed-det-skulle-ogsaa-til-at-vaere\/#breadcrumb\"},\"inLanguage\":\"da-DK\",\"potentialAction\":[{\"@type\":\"ReadAction\",\"target\":[\"https:\/\/kunmedierne.dk\/mors\/christian-og-mollerup-moelle-sammen-om-ny-virksomhed-det-skulle-ogsaa-til-at-vaere\/\"]}]},{\"@type\":\"BreadcrumbList\",\"@id\":\"https:\/\/kunmedierne.dk\/mors\/christian-og-mollerup-moelle-sammen-om-ny-virksomhed-det-skulle-ogsaa-til-at-vaere\/#breadcrumb\",\"itemListElement\":[{\"@type\":\"ListItem\",\"position\":1,\"name\":\"Hjem\",\"item\":\"https:\/\/kunmedierne.dk\/mors\/\"},{\"@type\":\"ListItem\",\"position\":2,\"name\":\"Christian og Mollerup M\u00f8lle sammen om ny virksomhed: &#8220;Det skulle ogs\u00e5 til at v\u00e6re&#8221;\"}]},{\"@type\":\"WebSite\",\"@id\":\"https:\/\/kunmedierne.dk\/mors\/#website\",\"url\":\"https:\/\/kunmedierne.dk\/mors\/\",\"name\":\"Mors\",\"description\":\"et netmedie med journalistik om livet p\u00e5 Mors\",\"publisher\":{\"@id\":\"https:\/\/kunmedierne.dk\/mors\/#organization\"},\"potentialAction\":[{\"@type\":\"SearchAction\",\"target\":{\"@type\":\"EntryPoint\",\"urlTemplate\":\"https:\/\/kunmedierne.dk\/mors\/?s={search_term_string}\"},\"query-input\":{\"@type\":\"PropertyValueSpecification\",\"valueRequired\":true,\"valueName\":\"search_term_string\"}}],\"inLanguage\":\"da-DK\"},{\"@type\":\"Organization\",\"@id\":\"https:\/\/kunmedierne.dk\/mors\/#organization\",\"name\":\"Mors\",\"url\":\"https:\/\/kunmedierne.dk\/mors\/\",\"logo\":{\"@type\":\"ImageObject\",\"inLanguage\":\"da-DK\",\"@id\":\"https:\/\/kunmedierne.dk\/mors\/#\/schema\/logo\/image\/\",\"url\":\"https:\/\/kunmedierne.dk\/mors\/wp-content\/uploads\/2024\/08\/kunmors-logo.svg\",\"contentUrl\":\"https:\/\/kunmedierne.dk\/mors\/wp-content\/uploads\/2024\/08\/kunmors-logo.svg\",\"caption\":\"Mors\"},\"image\":{\"@id\":\"https:\/\/kunmedierne.dk\/mors\/#\/schema\/logo\/image\/\"}},{\"@type\":\"Person\",\"@id\":\"https:\/\/kunmedierne.dk\/mors\/#\/schema\/person\/5fe23251bf1d0abbcdc6f7896579d548\",\"name\":\"David H\u00f8jmark\",\"image\":{\"@type\":\"ImageObject\",\"inLanguage\":\"da-DK\",\"@id\":\"https:\/\/kunmedierne.dk\/mors\/#\/schema\/person\/image\/\",\"url\":\"https:\/\/secure.gravatar.com\/avatar\/4315d6fb9ef244d729989f5f90268eb08d5bf8a3d84402f595fa194bb35784fd?s=96&d=mm&r=g\",\"contentUrl\":\"https:\/\/secure.gravatar.com\/avatar\/4315d6fb9ef244d729989f5f90268eb08d5bf8a3d84402f595fa194bb35784fd?s=96&d=mm&r=g\",\"caption\":\"David H\u00f8jmark\"},\"sameAs\":[\"https:\/\/www.kunmedierne.dk\"],\"url\":\"https:\/\/kunmedierne.dk\/mors\/author\/david\/\"}]}<\/script>\n<!-- \/ Yoast SEO plugin. -->","yoast_head_json":{"title":"Christian og Mollerup M\u00f8lle sammen om ny virksomhed: \"Det skulle ogs\u00e5 til at v\u00e6re\"  - Mors","robots":{"index":"index","follow":"follow","max-snippet":"max-snippet:-1","max-image-preview":"max-image-preview:large","max-video-preview":"max-video-preview:-1"},"canonical":"https:\/\/kunmedierne.dk\/mors\/christian-og-mollerup-moelle-sammen-om-ny-virksomhed-det-skulle-ogsaa-til-at-vaere\/","og_locale":"da_DK","og_type":"article","og_title":"Christian og Mollerup M\u00f8lle sammen om ny virksomhed: \"Det skulle ogs\u00e5 til at v\u00e6re\"  - Mors","og_description":"ERHVERV: N\u00e5r man har evnerne, erfaringen og de fysiske rammer, er det lige f\u00f8r, man ogs\u00e5 har pligten til at oprette sit f\u00f8rste CVR-nummer. Det har Christian Lyndrup nu gjort. Den 51-\u00e5rige nysl\u00e5ede iv\u00e6rks\u00e6tter har i samarbejde med Mollerup M\u00f8lle \u00e5bnet Kloakgrossisten. Papirerne er kommet p\u00e5 plads, og ordrebogen i brug, s\u00e5 nu kan en [&hellip;]","og_url":"https:\/\/kunmedierne.dk\/mors\/christian-og-mollerup-moelle-sammen-om-ny-virksomhed-det-skulle-ogsaa-til-at-vaere\/","og_site_name":"Mors","article_published_time":"2026-01-13T13:09:55+00:00","author":"David H\u00f8jmark","twitter_card":"summary_large_image","twitter_misc":{"Skrevet af":"David H\u00f8jmark","Estimeret l\u00e6setid":"3 minutter"},"schema":{"@context":"https:\/\/schema.org","@graph":[{"@type":"Article","@id":"https:\/\/kunmedierne.dk\/mors\/christian-og-mollerup-moelle-sammen-om-ny-virksomhed-det-skulle-ogsaa-til-at-vaere\/#article","isPartOf":{"@id":"https:\/\/kunmedierne.dk\/mors\/christian-og-mollerup-moelle-sammen-om-ny-virksomhed-det-skulle-ogsaa-til-at-vaere\/"},"author":{"name":"David H\u00f8jmark","@id":"https:\/\/kunmedierne.dk\/mors\/#\/schema\/person\/5fe23251bf1d0abbcdc6f7896579d548"},"headline":"Christian og Mollerup M\u00f8lle sammen om ny virksomhed: &#8220;Det skulle ogs\u00e5 til at v\u00e6re&#8221;","datePublished":"2026-01-13T13:09:55+00:00","mainEntityOfPage":{"@id":"https:\/\/kunmedierne.dk\/mors\/christian-og-mollerup-moelle-sammen-om-ny-virksomhed-det-skulle-ogsaa-til-at-vaere\/"},"wordCount":519,"publisher":{"@id":"https:\/\/kunmedierne.dk\/mors\/#organization"},"keywords":["Erhverv"],"articleSection":["Lokalt"],"inLanguage":"da-DK"},{"@type":"WebPage","@id":"https:\/\/kunmedierne.dk\/mors\/christian-og-mollerup-moelle-sammen-om-ny-virksomhed-det-skulle-ogsaa-til-at-vaere\/","url":"https:\/\/kunmedierne.dk\/mors\/christian-og-mollerup-moelle-sammen-om-ny-virksomhed-det-skulle-ogsaa-til-at-vaere\/","name":"Christian og Mollerup M\u00f8lle sammen om ny virksomhed: \"Det skulle ogs\u00e5 til at v\u00e6re\" - Mors","isPartOf":{"@id":"https:\/\/kunmedierne.dk\/mors\/#website"},"datePublished":"2026-01-13T13:09:55+00:00","breadcrumb":{"@id":"https:\/\/kunmedierne.dk\/mors\/christian-og-mollerup-moelle-sammen-om-ny-virksomhed-det-skulle-ogsaa-til-at-vaere\/#breadcrumb"},"inLanguage":"da-DK","potentialAction":[{"@type":"ReadAction","target":["https:\/\/kunmedierne.dk\/mors\/christian-og-mollerup-moelle-sammen-om-ny-virksomhed-det-skulle-ogsaa-til-at-vaere\/"]}]},{"@type":"BreadcrumbList","@id":"https:\/\/kunmedierne.dk\/mors\/christian-og-mollerup-moelle-sammen-om-ny-virksomhed-det-skulle-ogsaa-til-at-vaere\/#breadcrumb","itemListElement":[{"@type":"ListItem","position":1,"name":"Hjem","item":"https:\/\/kunmedierne.dk\/mors\/"},{"@type":"ListItem","position":2,"name":"Christian og Mollerup M\u00f8lle sammen om ny virksomhed: &#8220;Det skulle ogs\u00e5 til at v\u00e6re&#8221;"}]},{"@type":"WebSite","@id":"https:\/\/kunmedierne.dk\/mors\/#website","url":"https:\/\/kunmedierne.dk\/mors\/","name":"Mors","description":"et netmedie med journalistik om livet p\u00e5 Mors","publisher":{"@id":"https:\/\/kunmedierne.dk\/mors\/#organization"},"potentialAction":[{"@type":"SearchAction","target":{"@type":"EntryPoint","urlTemplate":"https:\/\/kunmedierne.dk\/mors\/?s={search_term_string}"},"query-input":{"@type":"PropertyValueSpecification","valueRequired":true,"valueName":"search_term_string"}}],"inLanguage":"da-DK"},{"@type":"Organization","@id":"https:\/\/kunmedierne.dk\/mors\/#organization","name":"Mors","url":"https:\/\/kunmedierne.dk\/mors\/","logo":{"@type":"ImageObject","inLanguage":"da-DK","@id":"https:\/\/kunmedierne.dk\/mors\/#\/schema\/logo\/image\/","url":"https:\/\/kunmedierne.dk\/mors\/wp-content\/uploads\/2024\/08\/kunmors-logo.svg","contentUrl":"https:\/\/kunmedierne.dk\/mors\/wp-content\/uploads\/2024\/08\/kunmors-logo.svg","caption":"Mors"},"image":{"@id":"https:\/\/kunmedierne.dk\/mors\/#\/schema\/logo\/image\/"}},{"@type":"Person","@id":"https:\/\/kunmedierne.dk\/mors\/#\/schema\/person\/5fe23251bf1d0abbcdc6f7896579d548","name":"David H\u00f8jmark","image":{"@type":"ImageObject","inLanguage":"da-DK","@id":"https:\/\/kunmedierne.dk\/mors\/#\/schema\/person\/image\/","url":"https:\/\/secure.gravatar.com\/avatar\/4315d6fb9ef244d729989f5f90268eb08d5bf8a3d84402f595fa194bb35784fd?s=96&d=mm&r=g","contentUrl":"https:\/\/secure.gravatar.com\/avatar\/4315d6fb9ef244d729989f5f90268eb08d5bf8a3d84402f595fa194bb35784fd?s=96&d=mm&r=g","caption":"David H\u00f8jmark"},"sameAs":["https:\/\/www.kunmedierne.dk"],"url":"https:\/\/kunmedierne.dk\/mors\/author\/david\/"}]}},"_links":{"self":[{"href":"https:\/\/kunmedierne.dk\/mors\/wp-json\/wp\/v2\/posts\/165288","targetHints":{"allow":["GET"]}}],"collection":[{"href":"https:\/\/kunmedierne.dk\/mors\/wp-json\/wp\/v2\/posts"}],"about":[{"href":"https:\/\/kunmedierne.dk\/mors\/wp-json\/wp\/v2\/types\/post"}],"author":[{"embeddable":true,"href":"https:\/\/kunmedierne.dk\/mors\/wp-json\/wp\/v2\/users\/8"}],"replies":[{"embeddable":true,"href":"https:\/\/kunmedierne.dk\/mors\/wp-json\/wp\/v2\/comments?post=165288"}],"version-history":[{"count":6,"href":"https:\/\/kunmedierne.dk\/mors\/wp-json\/wp\/v2\/posts\/165288\/revisions"}],"predecessor-version":[{"id":165298,"href":"https:\/\/kunmedierne.dk\/mors\/wp-json\/wp\/v2\/posts\/165288\/revisions\/165298"}],"wp:attachment":[{"href":"https:\/\/kunmedierne.dk\/mors\/wp-json\/wp\/v2\/media?parent=165288"}],"wp:term":[{"taxonomy":"category","embeddable":true,"href":"https:\/\/kunmedierne.dk\/mors\/wp-json\/wp\/v2\/categories?post=165288"},{"taxonomy":"post_tag","embeddable":true,"href":"https:\/\/kunmedierne.dk\/mors\/wp-json\/wp\/v2\/tags?post=165288"}],"curies":[{"name":"wp","href":"https:\/\/api.w.org\/{rel}","templated":true}]}}