{"id":165249,"date":"2026-01-12T20:47:59","date_gmt":"2026-01-12T19:47:59","guid":{"rendered":"https:\/\/kunmedierne.dk\/mors\/?p=165249"},"modified":"2026-01-12T20:49:07","modified_gmt":"2026-01-12T19:49:07","slug":"foer-fodboldsaesonen-morsoe-fc-har-valgt-sit-flagskib","status":"publish","type":"post","link":"https:\/\/kunmedierne.dk\/mors\/foer-fodboldsaesonen-morsoe-fc-har-valgt-sit-flagskib\/","title":{"rendered":"<span>F\u00f8r fodbolds\u00e6sonen: <\/span>Mors\u00f8 FC har valgt sit flagskib"},"content":{"rendered":"<p><strong>FODBOLD<\/strong>: Et f\u00f8rstehold p\u00e5 lavere niveau end sit andethold.<\/p>\n<p>Det var den potentielle konsekvens, da Mors\u00f8 FC 2 med en r\u00e6kke tidligere spillere fra h\u00f8jere niveau i efter\u00e5ret rykkede op fra serie 4, mens det officielle f\u00f8rstehold blev p\u00e5 samme niveau.<\/p>\n<p>Det skabte spekulationer om, hvordan klubben ville h\u00e5ndtere det, og det har man siden gjort.\u00a0Jonathan Spanggaard, formand for Mors\u00f8 FC, fort\u00e6ller, at man er blevet enig om en model, s\u00e5 det rutinerede hold k\u00f8rer videre som f\u00f8r, bare i serie 3, mens det yngre hold forts\u00e6tter i serie 4.<\/p>\n<a class=\"dvrt-link\" onClick=\"cdmtrack_click(104786,jQuery(this));return false\" href=\"https:\/\/limfjordsteatret.dk\/events\/tobias-dybvad-mit-bedste-onemanshow\/\"><img decoding=\"async\" style=\"width:100%;\" src=\"https:\/\/kunmedierne.dk\/mors\/wp-content\/uploads\/2023\/10\/aarskortLim_KunMors_1100x125.jpg\"><\/a><script>cdmtrack_view(104786);<\/script>\n<p>&#8211; Det allermest optimale var jo, at det var \u00e9n stor pulje, og at man kunne s\u00e6tte holdet ud fra det. Men tiden er en anden end for bare 5-10 \u00e5r siden, og det m\u00e5 vi pr\u00f8ve at tilpasse os efter. Vi er der for medlemmerne, og vi har ingen klub, hvis vi ingen medlemmer har, s\u00e5 vi bliver ogs\u00e5 n\u00f8dt til at strikke tingene sammen, s\u00e5 vores medlemmer synes, det er et sted, de gider at spille fodbold, siger han.&#8217;<\/p>\n<p>Dermed bliver det op til holdet, der ikke tr\u00e6ner, men som blandt andre t\u00e6ller tidligere elitspillere som Jeppe Svenningsen, Henrik Markussen og Martin S\u00f8ndergaard, at bevare Mors\u00f8 FC&#8217;s status i serie 3.<\/p>\n<p>&#8211; Det er jo mange dygtige fodboldspillere, der har spillet p\u00e5 h\u00f8jere hylder &#8211; nogle p\u00e5 de h\u00f8jeste i landet. Og det er jo bare fedt, at vi kan v\u00e6re med til at tr\u00e6kke nogle spillere, s\u00e5 l\u00e6nge det ikke bliver p\u00e5 bekostning af de andre hold. Sidste \u00e5r fandt vi en okay balance i det, og det h\u00e5ber jeg selvf\u00f8lgelig, at vi ogs\u00e5 kan i \u00e5r, siger Jonathan Spanggaard og tilf\u00f8jer om forl\u00f8bet siden efter\u00e5ret:<\/p>\n<a class=\"dvrt-link\" onClick=\"cdmtrack_click(116504,jQuery(this));return false\" href=\"https:\/\/www.nybolig.dk\/ejendomsmaeglere\/nordvestjylland\/nybolig-morsoe-nykoebing-mors\"><img decoding=\"async\" style=\"width:100%;\" src=\"https:\/\/kunmedierne.dk\/mors\/wp-content\/uploads\/2024\/04\/250825Nybolig.jpg\"><\/a><script>cdmtrack_view(116504);<\/script>\n<p>&#8211; Vi havde noget dialog om, hvem der skulle rykke op, og der var enighed om, at dem, der rykkede op, var ogs\u00e5 dem, der skulle spille i serie 3. De er tydeligvis gode nok til det, og det vil ogs\u00e5 v\u00e6re tr\u00e6ls at \u00f8del\u00e6gge den positive udvikling omkring det andet hold. Det kan godt blive spoleret, hvis man rykker op p\u00e5 et for h\u00f8jt niveau og f\u00e5r nogle tr\u00e6lse oplevelser.<\/p>\n<p>&nbsp;<\/p>\n<p><strong>Nyt tiltag for de unge<\/strong><\/p>\n<p>Dermed synes Mors\u00f8 FC at have fundet en balance imellem sine to bedste seniorhold p\u00e5 herresiden, og selv om serie 3 mildt sagt ikke er noget at prale med for \u00f8ens hovedstad, ser man med optimisme p\u00e5 fremtiden.<\/p>\n<p>&#8211; Vi ved godt, at vi har spillet betydeligt h\u00f8jere oppe, men bredden har n\u00e6sten aldrig v\u00e6ret bedre, siger Jonathan Spanggaard, der p\u00e5 herresiden gl\u00e6der sig over tre herreseniorhold foruden et oldboyshold og spillere nok til n\u00e6sten to U19-hold.<\/p>\n<a class=\"dvrt-link\" onClick=\"cdmtrack_click(104778,jQuery(this));return false\" href=\"https:\/\/vester-begr.dk\/?gclid=CjwKCAjw5Kv7BRBSEiwAXGDElQB6WMfm9CgYVrruty-I1gaOkTkC3mlA4QRDtYNsxYgVC8sNzAJ7WhoCmBsQAvD_BwE\"><img decoding=\"async\" style=\"width:100%;\" src=\"https:\/\/kunmedierne.dk\/mors\/wp-content\/uploads\/2023\/10\/260203VesterHoukaer-02022026.jpg\"><\/a><script>cdmtrack_view(104778);<\/script>\n<p>Hos damerne er man ogs\u00e5 godt med og spiller i for\u00e5ret i jyllandsserien, og p\u00e5 ungdomssiden h\u00e5ber man, at et nyt tiltag kan v\u00e6re et skridt p\u00e5 vejen i forhold til at fastholde dem, der ellers rejser fra \u00f8en for at g\u00e5 p\u00e5 efterskole.<\/p>\n<p>Den udfordring kender mange klubber, og Mors\u00f8 FC fors\u00f8ger nu at minde de unge om, hvor de kommer fra, ved at tilbyde dem sociale arrangementer &#8211; et f\u00f8r efterskoleopholdet og mindst et undervejs i skole\u00e5ret.<\/p>\n<p>&#8211; Vi vil str\u00e6be efter, at vi i hvert fald en gang i l\u00f8bet af deres efterskoleophold kalder dem hjem til et lignende arrangement &#8211; simpelthen for at holde snor i dem. Og hvis der kommer en anden klub og sp\u00f8rger dem, om de kunne t\u00e6nke sig at spille der, siger de forh\u00e5bentlig nej, siger Jonathan Spanggaard.<\/p>\n","protected":false},"excerpt":{"rendered":"<p>FODBOLD: Et f\u00f8rstehold p\u00e5 lavere niveau end sit andethold. Det var den potentielle konsekvens, da Mors\u00f8 FC 2 med en r\u00e6kke tidligere spillere fra h\u00f8jere niveau i efter\u00e5ret rykkede op fra serie 4, mens det officielle f\u00f8rstehold blev p\u00e5 samme niveau. Det skabte spekulationer om, hvordan klubben ville h\u00e5ndtere det, og det har man siden [&hellip;]<\/p>\n","protected":false},"author":8,"featured_media":0,"comment_status":"closed","ping_status":"closed","sticky":false,"template":"","format":"standard","meta":{"_acf_changed":false,"footnotes":""},"categories":[53],"tags":[196],"class_list":["post-165249","post","type-post","status-publish","format-standard","hentry","category-sport","tag-foreningsliv"],"acf":[],"yoast_head":"<!-- This site is optimized with the Yoast SEO plugin v26.8 - https:\/\/yoast.com\/product\/yoast-seo-wordpress\/ -->\n<title>F\u00f8r fodbolds\u00e6sonen: Mors\u00f8 FC har valgt sit flagskib - Mors<\/title>\n<meta name=\"robots\" content=\"index, follow, max-snippet:-1, max-image-preview:large, max-video-preview:-1\" \/>\n<link rel=\"canonical\" href=\"https:\/\/kunmedierne.dk\/mors\/foer-fodboldsaesonen-morsoe-fc-har-valgt-sit-flagskib\/\" \/>\n<meta property=\"og:locale\" content=\"da_DK\" \/>\n<meta property=\"og:type\" content=\"article\" \/>\n<meta property=\"og:title\" content=\"F\u00f8r fodbolds\u00e6sonen: Mors\u00f8 FC har valgt sit flagskib - Mors\" \/>\n<meta property=\"og:description\" content=\"FODBOLD: Et f\u00f8rstehold p\u00e5 lavere niveau end sit andethold. Det var den potentielle konsekvens, da Mors\u00f8 FC 2 med en r\u00e6kke tidligere spillere fra h\u00f8jere niveau i efter\u00e5ret rykkede op fra serie 4, mens det officielle f\u00f8rstehold blev p\u00e5 samme niveau. Det skabte spekulationer om, hvordan klubben ville h\u00e5ndtere det, og det har man siden [&hellip;]\" \/>\n<meta property=\"og:url\" content=\"https:\/\/kunmedierne.dk\/mors\/foer-fodboldsaesonen-morsoe-fc-har-valgt-sit-flagskib\/\" \/>\n<meta property=\"og:site_name\" content=\"Mors\" \/>\n<meta property=\"article:published_time\" content=\"2026-01-12T19:47:59+00:00\" \/>\n<meta property=\"article:modified_time\" content=\"2026-01-12T19:49:07+00:00\" \/>\n<meta name=\"author\" content=\"David H\u00f8jmark\" \/>\n<meta name=\"twitter:card\" content=\"summary_large_image\" \/>\n<meta name=\"twitter:label1\" content=\"Skrevet af\" \/>\n\t<meta name=\"twitter:data1\" content=\"David H\u00f8jmark\" \/>\n\t<meta name=\"twitter:label2\" content=\"Estimeret l\u00e6setid\" \/>\n\t<meta name=\"twitter:data2\" content=\"4 minutter\" \/>\n<script type=\"application\/ld+json\" class=\"yoast-schema-graph\">{\"@context\":\"https:\/\/schema.org\",\"@graph\":[{\"@type\":\"Article\",\"@id\":\"https:\/\/kunmedierne.dk\/mors\/foer-fodboldsaesonen-morsoe-fc-har-valgt-sit-flagskib\/#article\",\"isPartOf\":{\"@id\":\"https:\/\/kunmedierne.dk\/mors\/foer-fodboldsaesonen-morsoe-fc-har-valgt-sit-flagskib\/\"},\"author\":{\"name\":\"David H\u00f8jmark\",\"@id\":\"https:\/\/kunmedierne.dk\/mors\/#\/schema\/person\/5fe23251bf1d0abbcdc6f7896579d548\"},\"headline\":\"F\u00f8r fodbolds\u00e6sonen: Mors\u00f8 FC har valgt sit flagskib\",\"datePublished\":\"2026-01-12T19:47:59+00:00\",\"dateModified\":\"2026-01-12T19:49:07+00:00\",\"mainEntityOfPage\":{\"@id\":\"https:\/\/kunmedierne.dk\/mors\/foer-fodboldsaesonen-morsoe-fc-har-valgt-sit-flagskib\/\"},\"wordCount\":629,\"publisher\":{\"@id\":\"https:\/\/kunmedierne.dk\/mors\/#organization\"},\"keywords\":[\"Foreningsliv\"],\"articleSection\":[\"Sport\"],\"inLanguage\":\"da-DK\"},{\"@type\":\"WebPage\",\"@id\":\"https:\/\/kunmedierne.dk\/mors\/foer-fodboldsaesonen-morsoe-fc-har-valgt-sit-flagskib\/\",\"url\":\"https:\/\/kunmedierne.dk\/mors\/foer-fodboldsaesonen-morsoe-fc-har-valgt-sit-flagskib\/\",\"name\":\"F\u00f8r fodbolds\u00e6sonen: Mors\u00f8 FC har valgt sit flagskib - Mors\",\"isPartOf\":{\"@id\":\"https:\/\/kunmedierne.dk\/mors\/#website\"},\"datePublished\":\"2026-01-12T19:47:59+00:00\",\"dateModified\":\"2026-01-12T19:49:07+00:00\",\"breadcrumb\":{\"@id\":\"https:\/\/kunmedierne.dk\/mors\/foer-fodboldsaesonen-morsoe-fc-har-valgt-sit-flagskib\/#breadcrumb\"},\"inLanguage\":\"da-DK\",\"potentialAction\":[{\"@type\":\"ReadAction\",\"target\":[\"https:\/\/kunmedierne.dk\/mors\/foer-fodboldsaesonen-morsoe-fc-har-valgt-sit-flagskib\/\"]}]},{\"@type\":\"BreadcrumbList\",\"@id\":\"https:\/\/kunmedierne.dk\/mors\/foer-fodboldsaesonen-morsoe-fc-har-valgt-sit-flagskib\/#breadcrumb\",\"itemListElement\":[{\"@type\":\"ListItem\",\"position\":1,\"name\":\"Hjem\",\"item\":\"https:\/\/kunmedierne.dk\/mors\/\"},{\"@type\":\"ListItem\",\"position\":2,\"name\":\"F\u00f8r fodbolds\u00e6sonen: Mors\u00f8 FC har valgt sit flagskib\"}]},{\"@type\":\"WebSite\",\"@id\":\"https:\/\/kunmedierne.dk\/mors\/#website\",\"url\":\"https:\/\/kunmedierne.dk\/mors\/\",\"name\":\"Mors\",\"description\":\"et netmedie med journalistik om livet p\u00e5 Mors\",\"publisher\":{\"@id\":\"https:\/\/kunmedierne.dk\/mors\/#organization\"},\"potentialAction\":[{\"@type\":\"SearchAction\",\"target\":{\"@type\":\"EntryPoint\",\"urlTemplate\":\"https:\/\/kunmedierne.dk\/mors\/?s={search_term_string}\"},\"query-input\":{\"@type\":\"PropertyValueSpecification\",\"valueRequired\":true,\"valueName\":\"search_term_string\"}}],\"inLanguage\":\"da-DK\"},{\"@type\":\"Organization\",\"@id\":\"https:\/\/kunmedierne.dk\/mors\/#organization\",\"name\":\"Mors\",\"url\":\"https:\/\/kunmedierne.dk\/mors\/\",\"logo\":{\"@type\":\"ImageObject\",\"inLanguage\":\"da-DK\",\"@id\":\"https:\/\/kunmedierne.dk\/mors\/#\/schema\/logo\/image\/\",\"url\":\"https:\/\/kunmedierne.dk\/mors\/wp-content\/uploads\/2024\/08\/kunmors-logo.svg\",\"contentUrl\":\"https:\/\/kunmedierne.dk\/mors\/wp-content\/uploads\/2024\/08\/kunmors-logo.svg\",\"caption\":\"Mors\"},\"image\":{\"@id\":\"https:\/\/kunmedierne.dk\/mors\/#\/schema\/logo\/image\/\"}},{\"@type\":\"Person\",\"@id\":\"https:\/\/kunmedierne.dk\/mors\/#\/schema\/person\/5fe23251bf1d0abbcdc6f7896579d548\",\"name\":\"David H\u00f8jmark\",\"image\":{\"@type\":\"ImageObject\",\"inLanguage\":\"da-DK\",\"@id\":\"https:\/\/kunmedierne.dk\/mors\/#\/schema\/person\/image\/\",\"url\":\"https:\/\/secure.gravatar.com\/avatar\/4315d6fb9ef244d729989f5f90268eb08d5bf8a3d84402f595fa194bb35784fd?s=96&d=mm&r=g\",\"contentUrl\":\"https:\/\/secure.gravatar.com\/avatar\/4315d6fb9ef244d729989f5f90268eb08d5bf8a3d84402f595fa194bb35784fd?s=96&d=mm&r=g\",\"caption\":\"David H\u00f8jmark\"},\"sameAs\":[\"https:\/\/www.kunmedierne.dk\"],\"url\":\"https:\/\/kunmedierne.dk\/mors\/author\/david\/\"}]}<\/script>\n<!-- \/ Yoast SEO plugin. -->","yoast_head_json":{"title":"F\u00f8r fodbolds\u00e6sonen: Mors\u00f8 FC har valgt sit flagskib - Mors","robots":{"index":"index","follow":"follow","max-snippet":"max-snippet:-1","max-image-preview":"max-image-preview:large","max-video-preview":"max-video-preview:-1"},"canonical":"https:\/\/kunmedierne.dk\/mors\/foer-fodboldsaesonen-morsoe-fc-har-valgt-sit-flagskib\/","og_locale":"da_DK","og_type":"article","og_title":"F\u00f8r fodbolds\u00e6sonen: Mors\u00f8 FC har valgt sit flagskib - Mors","og_description":"FODBOLD: Et f\u00f8rstehold p\u00e5 lavere niveau end sit andethold. Det var den potentielle konsekvens, da Mors\u00f8 FC 2 med en r\u00e6kke tidligere spillere fra h\u00f8jere niveau i efter\u00e5ret rykkede op fra serie 4, mens det officielle f\u00f8rstehold blev p\u00e5 samme niveau. Det skabte spekulationer om, hvordan klubben ville h\u00e5ndtere det, og det har man siden [&hellip;]","og_url":"https:\/\/kunmedierne.dk\/mors\/foer-fodboldsaesonen-morsoe-fc-har-valgt-sit-flagskib\/","og_site_name":"Mors","article_published_time":"2026-01-12T19:47:59+00:00","article_modified_time":"2026-01-12T19:49:07+00:00","author":"David H\u00f8jmark","twitter_card":"summary_large_image","twitter_misc":{"Skrevet af":"David H\u00f8jmark","Estimeret l\u00e6setid":"4 minutter"},"schema":{"@context":"https:\/\/schema.org","@graph":[{"@type":"Article","@id":"https:\/\/kunmedierne.dk\/mors\/foer-fodboldsaesonen-morsoe-fc-har-valgt-sit-flagskib\/#article","isPartOf":{"@id":"https:\/\/kunmedierne.dk\/mors\/foer-fodboldsaesonen-morsoe-fc-har-valgt-sit-flagskib\/"},"author":{"name":"David H\u00f8jmark","@id":"https:\/\/kunmedierne.dk\/mors\/#\/schema\/person\/5fe23251bf1d0abbcdc6f7896579d548"},"headline":"F\u00f8r fodbolds\u00e6sonen: Mors\u00f8 FC har valgt sit flagskib","datePublished":"2026-01-12T19:47:59+00:00","dateModified":"2026-01-12T19:49:07+00:00","mainEntityOfPage":{"@id":"https:\/\/kunmedierne.dk\/mors\/foer-fodboldsaesonen-morsoe-fc-har-valgt-sit-flagskib\/"},"wordCount":629,"publisher":{"@id":"https:\/\/kunmedierne.dk\/mors\/#organization"},"keywords":["Foreningsliv"],"articleSection":["Sport"],"inLanguage":"da-DK"},{"@type":"WebPage","@id":"https:\/\/kunmedierne.dk\/mors\/foer-fodboldsaesonen-morsoe-fc-har-valgt-sit-flagskib\/","url":"https:\/\/kunmedierne.dk\/mors\/foer-fodboldsaesonen-morsoe-fc-har-valgt-sit-flagskib\/","name":"F\u00f8r fodbolds\u00e6sonen: Mors\u00f8 FC har valgt sit flagskib - Mors","isPartOf":{"@id":"https:\/\/kunmedierne.dk\/mors\/#website"},"datePublished":"2026-01-12T19:47:59+00:00","dateModified":"2026-01-12T19:49:07+00:00","breadcrumb":{"@id":"https:\/\/kunmedierne.dk\/mors\/foer-fodboldsaesonen-morsoe-fc-har-valgt-sit-flagskib\/#breadcrumb"},"inLanguage":"da-DK","potentialAction":[{"@type":"ReadAction","target":["https:\/\/kunmedierne.dk\/mors\/foer-fodboldsaesonen-morsoe-fc-har-valgt-sit-flagskib\/"]}]},{"@type":"BreadcrumbList","@id":"https:\/\/kunmedierne.dk\/mors\/foer-fodboldsaesonen-morsoe-fc-har-valgt-sit-flagskib\/#breadcrumb","itemListElement":[{"@type":"ListItem","position":1,"name":"Hjem","item":"https:\/\/kunmedierne.dk\/mors\/"},{"@type":"ListItem","position":2,"name":"F\u00f8r fodbolds\u00e6sonen: Mors\u00f8 FC har valgt sit flagskib"}]},{"@type":"WebSite","@id":"https:\/\/kunmedierne.dk\/mors\/#website","url":"https:\/\/kunmedierne.dk\/mors\/","name":"Mors","description":"et netmedie med journalistik om livet p\u00e5 Mors","publisher":{"@id":"https:\/\/kunmedierne.dk\/mors\/#organization"},"potentialAction":[{"@type":"SearchAction","target":{"@type":"EntryPoint","urlTemplate":"https:\/\/kunmedierne.dk\/mors\/?s={search_term_string}"},"query-input":{"@type":"PropertyValueSpecification","valueRequired":true,"valueName":"search_term_string"}}],"inLanguage":"da-DK"},{"@type":"Organization","@id":"https:\/\/kunmedierne.dk\/mors\/#organization","name":"Mors","url":"https:\/\/kunmedierne.dk\/mors\/","logo":{"@type":"ImageObject","inLanguage":"da-DK","@id":"https:\/\/kunmedierne.dk\/mors\/#\/schema\/logo\/image\/","url":"https:\/\/kunmedierne.dk\/mors\/wp-content\/uploads\/2024\/08\/kunmors-logo.svg","contentUrl":"https:\/\/kunmedierne.dk\/mors\/wp-content\/uploads\/2024\/08\/kunmors-logo.svg","caption":"Mors"},"image":{"@id":"https:\/\/kunmedierne.dk\/mors\/#\/schema\/logo\/image\/"}},{"@type":"Person","@id":"https:\/\/kunmedierne.dk\/mors\/#\/schema\/person\/5fe23251bf1d0abbcdc6f7896579d548","name":"David H\u00f8jmark","image":{"@type":"ImageObject","inLanguage":"da-DK","@id":"https:\/\/kunmedierne.dk\/mors\/#\/schema\/person\/image\/","url":"https:\/\/secure.gravatar.com\/avatar\/4315d6fb9ef244d729989f5f90268eb08d5bf8a3d84402f595fa194bb35784fd?s=96&d=mm&r=g","contentUrl":"https:\/\/secure.gravatar.com\/avatar\/4315d6fb9ef244d729989f5f90268eb08d5bf8a3d84402f595fa194bb35784fd?s=96&d=mm&r=g","caption":"David H\u00f8jmark"},"sameAs":["https:\/\/www.kunmedierne.dk"],"url":"https:\/\/kunmedierne.dk\/mors\/author\/david\/"}]}},"_links":{"self":[{"href":"https:\/\/kunmedierne.dk\/mors\/wp-json\/wp\/v2\/posts\/165249","targetHints":{"allow":["GET"]}}],"collection":[{"href":"https:\/\/kunmedierne.dk\/mors\/wp-json\/wp\/v2\/posts"}],"about":[{"href":"https:\/\/kunmedierne.dk\/mors\/wp-json\/wp\/v2\/types\/post"}],"author":[{"embeddable":true,"href":"https:\/\/kunmedierne.dk\/mors\/wp-json\/wp\/v2\/users\/8"}],"replies":[{"embeddable":true,"href":"https:\/\/kunmedierne.dk\/mors\/wp-json\/wp\/v2\/comments?post=165249"}],"version-history":[{"count":3,"href":"https:\/\/kunmedierne.dk\/mors\/wp-json\/wp\/v2\/posts\/165249\/revisions"}],"predecessor-version":[{"id":165258,"href":"https:\/\/kunmedierne.dk\/mors\/wp-json\/wp\/v2\/posts\/165249\/revisions\/165258"}],"wp:attachment":[{"href":"https:\/\/kunmedierne.dk\/mors\/wp-json\/wp\/v2\/media?parent=165249"}],"wp:term":[{"taxonomy":"category","embeddable":true,"href":"https:\/\/kunmedierne.dk\/mors\/wp-json\/wp\/v2\/categories?post=165249"},{"taxonomy":"post_tag","embeddable":true,"href":"https:\/\/kunmedierne.dk\/mors\/wp-json\/wp\/v2\/tags?post=165249"}],"curies":[{"name":"wp","href":"https:\/\/api.w.org\/{rel}","templated":true}]}}