{"id":16524,"date":"2020-04-05T07:15:57","date_gmt":"2020-04-05T05:15:57","guid":{"rendered":"https:\/\/kunmedierne.dk\/mors\/?p=16524"},"modified":"2024-08-12T14:06:16","modified_gmt":"2024-08-12T12:06:16","slug":"borgmester-og-politidirektoer-i-faelles-opfordring","status":"publish","type":"post","link":"https:\/\/kunmedierne.dk\/mors\/borgmester-og-politidirektoer-i-faelles-opfordring\/","title":{"rendered":"Borgmester og politidirekt\u00f8r i f\u00e6lles opfordring"},"content":{"rendered":"<p><strong>MORS<\/strong>: I dag er det palmes\u00f8ndag, indledning til p\u00e5skeugen og dens mange store p\u00e5skefrokoster og mennesker, der m\u00f8des.<\/p>\n<p>Men det sidste bliver ikke tilf\u00e6ldet i \u00e5r &#8211; det b\u00f8r det i hvert fald ikke blive, lyder det i en f\u00e6lles erkl\u00e6ring fra Hans Ejner Bertelsen (V), borgmester i Mors\u00f8 Kommune, og Helle Kyndesen, nyudn\u00e6vnt politidirekt\u00f8r for Midt- og Vestjyllands Politi.<\/p>\n<p>Coronakrisen er nemlig stadig aktuel, og det er vigtigt at holde fast i de tiltag, danskerne og dermed ogs\u00e5 morsingboerne har gjort i f\u00e6llesskab for at bek\u00e6mpe den.<\/p>\n<p>&#8220;Morsingboerne har virkeligt vist stort samfundssind. Jeg er meget stolt af, hvor gode borgerne er til at st\u00e5 sammen p\u00e5 afstand, og det forventer jeg ogs\u00e5 forts\u00e6tter ind i p\u00e5sken,\u201d siger Hans Ejner Bertelsen.<\/p>\n<p>Sammen med Helle Kyndesen opfordrer han til at finde andre m\u00e5der at fejre p\u00e5ske p\u00e5 end den s\u00e6dvanlige med at samle familien til p\u00e5skefrokost. Politidirekt\u00f8ren p\u00e5peger, at man i stedet kan udnytte den sk\u00f8nne natur i vores del af landet.<\/p>\n<p>&#8220;Mange\u00a0af os tr\u00e6nger sikkert ogs\u00e5 til at f\u00e5 lidt frisk luft. Der er plads nok udenfor, s\u00e5 brug p\u00e5skedagene p\u00e5 at tage p\u00e5 udflugt i det bl\u00e5 &#8211; men husk at holde afstand til hinanden og overholde reglerne om, at maksimalt 10 personer m\u00e5 v\u00e6re samlet. Det g\u00e6lder ogs\u00e5 i k\u00f8en ved iskiosken,\u201d siger politidirekt\u00f8ren.<\/p>\n<p>&nbsp;<\/p>\n","protected":false},"excerpt":{"rendered":"<p>MORS: I dag er det palmes\u00f8ndag, indledning til p\u00e5skeugen og dens mange store p\u00e5skefrokoster og mennesker, der m\u00f8des. Men det sidste bliver ikke tilf\u00e6ldet i \u00e5r &#8211; det b\u00f8r det i hvert fald ikke blive, lyder det i en f\u00e6lles erkl\u00e6ring fra Hans Ejner Bertelsen (V), borgmester i Mors\u00f8 Kommune, og Helle Kyndesen, nyudn\u00e6vnt politidirekt\u00f8r [&hellip;]<\/p>\n","protected":false},"author":8,"featured_media":16525,"comment_status":"open","ping_status":"open","sticky":false,"template":"","format":"standard","meta":{"_acf_changed":false,"footnotes":""},"categories":[51],"tags":[],"class_list":["post-16524","post","type-post","status-publish","format-standard","has-post-thumbnail","hentry","category-lokalt"],"acf":[],"yoast_head":"<!-- This site is optimized with the Yoast SEO plugin v26.8 - https:\/\/yoast.com\/product\/yoast-seo-wordpress\/ -->\n<title>Borgmester og politidirekt\u00f8r i f\u00e6lles opfordring - Mors<\/title>\n<meta name=\"robots\" content=\"index, follow, max-snippet:-1, max-image-preview:large, max-video-preview:-1\" \/>\n<link rel=\"canonical\" href=\"https:\/\/kunmedierne.dk\/mors\/borgmester-og-politidirektoer-i-faelles-opfordring\/\" \/>\n<meta property=\"og:locale\" content=\"da_DK\" \/>\n<meta property=\"og:type\" content=\"article\" \/>\n<meta property=\"og:title\" content=\"Borgmester og politidirekt\u00f8r i f\u00e6lles opfordring - Mors\" \/>\n<meta property=\"og:description\" content=\"MORS: I dag er det palmes\u00f8ndag, indledning til p\u00e5skeugen og dens mange store p\u00e5skefrokoster og mennesker, der m\u00f8des. Men det sidste bliver ikke tilf\u00e6ldet i \u00e5r &#8211; det b\u00f8r det i hvert fald ikke blive, lyder det i en f\u00e6lles erkl\u00e6ring fra Hans Ejner Bertelsen (V), borgmester i Mors\u00f8 Kommune, og Helle Kyndesen, nyudn\u00e6vnt politidirekt\u00f8r [&hellip;]\" \/>\n<meta property=\"og:url\" content=\"https:\/\/kunmedierne.dk\/mors\/borgmester-og-politidirektoer-i-faelles-opfordring\/\" \/>\n<meta property=\"og:site_name\" content=\"Mors\" \/>\n<meta property=\"article:published_time\" content=\"2020-04-05T05:15:57+00:00\" \/>\n<meta property=\"article:modified_time\" content=\"2024-08-12T12:06:16+00:00\" \/>\n<meta property=\"og:image\" content=\"https:\/\/kunmedierne.dk\/mors\/wp-content\/uploads\/2020\/04\/dinner.jpg\" \/>\n\t<meta property=\"og:image:width\" content=\"770\" \/>\n\t<meta property=\"og:image:height\" content=\"509\" \/>\n\t<meta property=\"og:image:type\" content=\"image\/jpeg\" \/>\n<meta name=\"author\" content=\"David H\u00f8jmark\" \/>\n<meta name=\"twitter:card\" content=\"summary_large_image\" \/>\n<meta name=\"twitter:label1\" content=\"Skrevet af\" \/>\n\t<meta name=\"twitter:data1\" content=\"David H\u00f8jmark\" \/>\n\t<meta name=\"twitter:label2\" content=\"Estimeret l\u00e6setid\" \/>\n\t<meta name=\"twitter:data2\" content=\"1 minut\" \/>\n<script type=\"application\/ld+json\" class=\"yoast-schema-graph\">{\"@context\":\"https:\/\/schema.org\",\"@graph\":[{\"@type\":\"Article\",\"@id\":\"https:\/\/kunmedierne.dk\/mors\/borgmester-og-politidirektoer-i-faelles-opfordring\/#article\",\"isPartOf\":{\"@id\":\"https:\/\/kunmedierne.dk\/mors\/borgmester-og-politidirektoer-i-faelles-opfordring\/\"},\"author\":{\"name\":\"David H\u00f8jmark\",\"@id\":\"https:\/\/kunmedierne.dk\/mors\/#\/schema\/person\/5fe23251bf1d0abbcdc6f7896579d548\"},\"headline\":\"Borgmester og politidirekt\u00f8r i f\u00e6lles opfordring\",\"datePublished\":\"2020-04-05T05:15:57+00:00\",\"dateModified\":\"2024-08-12T12:06:16+00:00\",\"mainEntityOfPage\":{\"@id\":\"https:\/\/kunmedierne.dk\/mors\/borgmester-og-politidirektoer-i-faelles-opfordring\/\"},\"wordCount\":253,\"commentCount\":0,\"publisher\":{\"@id\":\"https:\/\/kunmedierne.dk\/mors\/#organization\"},\"image\":{\"@id\":\"https:\/\/kunmedierne.dk\/mors\/borgmester-og-politidirektoer-i-faelles-opfordring\/#primaryimage\"},\"thumbnailUrl\":\"https:\/\/kunmedierne.dk\/mors\/wp-content\/uploads\/2020\/04\/dinner.jpg\",\"articleSection\":[\"Lokalt\"],\"inLanguage\":\"da-DK\",\"potentialAction\":[{\"@type\":\"CommentAction\",\"name\":\"Comment\",\"target\":[\"https:\/\/kunmedierne.dk\/mors\/borgmester-og-politidirektoer-i-faelles-opfordring\/#respond\"]}]},{\"@type\":\"WebPage\",\"@id\":\"https:\/\/kunmedierne.dk\/mors\/borgmester-og-politidirektoer-i-faelles-opfordring\/\",\"url\":\"https:\/\/kunmedierne.dk\/mors\/borgmester-og-politidirektoer-i-faelles-opfordring\/\",\"name\":\"Borgmester og politidirekt\u00f8r i f\u00e6lles opfordring - Mors\",\"isPartOf\":{\"@id\":\"https:\/\/kunmedierne.dk\/mors\/#website\"},\"primaryImageOfPage\":{\"@id\":\"https:\/\/kunmedierne.dk\/mors\/borgmester-og-politidirektoer-i-faelles-opfordring\/#primaryimage\"},\"image\":{\"@id\":\"https:\/\/kunmedierne.dk\/mors\/borgmester-og-politidirektoer-i-faelles-opfordring\/#primaryimage\"},\"thumbnailUrl\":\"https:\/\/kunmedierne.dk\/mors\/wp-content\/uploads\/2020\/04\/dinner.jpg\",\"datePublished\":\"2020-04-05T05:15:57+00:00\",\"dateModified\":\"2024-08-12T12:06:16+00:00\",\"breadcrumb\":{\"@id\":\"https:\/\/kunmedierne.dk\/mors\/borgmester-og-politidirektoer-i-faelles-opfordring\/#breadcrumb\"},\"inLanguage\":\"da-DK\",\"potentialAction\":[{\"@type\":\"ReadAction\",\"target\":[\"https:\/\/kunmedierne.dk\/mors\/borgmester-og-politidirektoer-i-faelles-opfordring\/\"]}]},{\"@type\":\"ImageObject\",\"inLanguage\":\"da-DK\",\"@id\":\"https:\/\/kunmedierne.dk\/mors\/borgmester-og-politidirektoer-i-faelles-opfordring\/#primaryimage\",\"url\":\"https:\/\/kunmedierne.dk\/mors\/wp-content\/uploads\/2020\/04\/dinner.jpg\",\"contentUrl\":\"https:\/\/kunmedierne.dk\/mors\/wp-content\/uploads\/2020\/04\/dinner.jpg\",\"width\":770,\"height\":509,\"caption\":\"Vi skal undg\u00e5 dette - ogs\u00e5 i p\u00e5skeugen - lyder det fra borgmester og politidirekt\u00f8r i f\u00e6llesskab. Foto: Kevin Curtis\/Unsplash.\"},{\"@type\":\"BreadcrumbList\",\"@id\":\"https:\/\/kunmedierne.dk\/mors\/borgmester-og-politidirektoer-i-faelles-opfordring\/#breadcrumb\",\"itemListElement\":[{\"@type\":\"ListItem\",\"position\":1,\"name\":\"Hjem\",\"item\":\"https:\/\/kunmedierne.dk\/mors\/\"},{\"@type\":\"ListItem\",\"position\":2,\"name\":\"Borgmester og politidirekt\u00f8r i f\u00e6lles opfordring\"}]},{\"@type\":\"WebSite\",\"@id\":\"https:\/\/kunmedierne.dk\/mors\/#website\",\"url\":\"https:\/\/kunmedierne.dk\/mors\/\",\"name\":\"Mors\",\"description\":\"et netmedie med journalistik om livet p\u00e5 Mors\",\"publisher\":{\"@id\":\"https:\/\/kunmedierne.dk\/mors\/#organization\"},\"potentialAction\":[{\"@type\":\"SearchAction\",\"target\":{\"@type\":\"EntryPoint\",\"urlTemplate\":\"https:\/\/kunmedierne.dk\/mors\/?s={search_term_string}\"},\"query-input\":{\"@type\":\"PropertyValueSpecification\",\"valueRequired\":true,\"valueName\":\"search_term_string\"}}],\"inLanguage\":\"da-DK\"},{\"@type\":\"Organization\",\"@id\":\"https:\/\/kunmedierne.dk\/mors\/#organization\",\"name\":\"Mors\",\"url\":\"https:\/\/kunmedierne.dk\/mors\/\",\"logo\":{\"@type\":\"ImageObject\",\"inLanguage\":\"da-DK\",\"@id\":\"https:\/\/kunmedierne.dk\/mors\/#\/schema\/logo\/image\/\",\"url\":\"https:\/\/kunmedierne.dk\/mors\/wp-content\/uploads\/2024\/08\/kunmors-logo.svg\",\"contentUrl\":\"https:\/\/kunmedierne.dk\/mors\/wp-content\/uploads\/2024\/08\/kunmors-logo.svg\",\"caption\":\"Mors\"},\"image\":{\"@id\":\"https:\/\/kunmedierne.dk\/mors\/#\/schema\/logo\/image\/\"}},{\"@type\":\"Person\",\"@id\":\"https:\/\/kunmedierne.dk\/mors\/#\/schema\/person\/5fe23251bf1d0abbcdc6f7896579d548\",\"name\":\"David H\u00f8jmark\",\"image\":{\"@type\":\"ImageObject\",\"inLanguage\":\"da-DK\",\"@id\":\"https:\/\/kunmedierne.dk\/mors\/#\/schema\/person\/image\/\",\"url\":\"https:\/\/secure.gravatar.com\/avatar\/4315d6fb9ef244d729989f5f90268eb08d5bf8a3d84402f595fa194bb35784fd?s=96&d=mm&r=g\",\"contentUrl\":\"https:\/\/secure.gravatar.com\/avatar\/4315d6fb9ef244d729989f5f90268eb08d5bf8a3d84402f595fa194bb35784fd?s=96&d=mm&r=g\",\"caption\":\"David H\u00f8jmark\"},\"sameAs\":[\"https:\/\/www.kunmedierne.dk\"],\"url\":\"https:\/\/kunmedierne.dk\/mors\/author\/david\/\"}]}<\/script>\n<!-- \/ Yoast SEO plugin. -->","yoast_head_json":{"title":"Borgmester og politidirekt\u00f8r i f\u00e6lles opfordring - Mors","robots":{"index":"index","follow":"follow","max-snippet":"max-snippet:-1","max-image-preview":"max-image-preview:large","max-video-preview":"max-video-preview:-1"},"canonical":"https:\/\/kunmedierne.dk\/mors\/borgmester-og-politidirektoer-i-faelles-opfordring\/","og_locale":"da_DK","og_type":"article","og_title":"Borgmester og politidirekt\u00f8r i f\u00e6lles opfordring - Mors","og_description":"MORS: I dag er det palmes\u00f8ndag, indledning til p\u00e5skeugen og dens mange store p\u00e5skefrokoster og mennesker, der m\u00f8des. Men det sidste bliver ikke tilf\u00e6ldet i \u00e5r &#8211; det b\u00f8r det i hvert fald ikke blive, lyder det i en f\u00e6lles erkl\u00e6ring fra Hans Ejner Bertelsen (V), borgmester i Mors\u00f8 Kommune, og Helle Kyndesen, nyudn\u00e6vnt politidirekt\u00f8r [&hellip;]","og_url":"https:\/\/kunmedierne.dk\/mors\/borgmester-og-politidirektoer-i-faelles-opfordring\/","og_site_name":"Mors","article_published_time":"2020-04-05T05:15:57+00:00","article_modified_time":"2024-08-12T12:06:16+00:00","og_image":[{"width":770,"height":509,"url":"https:\/\/kunmedierne.dk\/mors\/wp-content\/uploads\/2020\/04\/dinner.jpg","type":"image\/jpeg"}],"author":"David H\u00f8jmark","twitter_card":"summary_large_image","twitter_misc":{"Skrevet af":"David H\u00f8jmark","Estimeret l\u00e6setid":"1 minut"},"schema":{"@context":"https:\/\/schema.org","@graph":[{"@type":"Article","@id":"https:\/\/kunmedierne.dk\/mors\/borgmester-og-politidirektoer-i-faelles-opfordring\/#article","isPartOf":{"@id":"https:\/\/kunmedierne.dk\/mors\/borgmester-og-politidirektoer-i-faelles-opfordring\/"},"author":{"name":"David H\u00f8jmark","@id":"https:\/\/kunmedierne.dk\/mors\/#\/schema\/person\/5fe23251bf1d0abbcdc6f7896579d548"},"headline":"Borgmester og politidirekt\u00f8r i f\u00e6lles opfordring","datePublished":"2020-04-05T05:15:57+00:00","dateModified":"2024-08-12T12:06:16+00:00","mainEntityOfPage":{"@id":"https:\/\/kunmedierne.dk\/mors\/borgmester-og-politidirektoer-i-faelles-opfordring\/"},"wordCount":253,"commentCount":0,"publisher":{"@id":"https:\/\/kunmedierne.dk\/mors\/#organization"},"image":{"@id":"https:\/\/kunmedierne.dk\/mors\/borgmester-og-politidirektoer-i-faelles-opfordring\/#primaryimage"},"thumbnailUrl":"https:\/\/kunmedierne.dk\/mors\/wp-content\/uploads\/2020\/04\/dinner.jpg","articleSection":["Lokalt"],"inLanguage":"da-DK","potentialAction":[{"@type":"CommentAction","name":"Comment","target":["https:\/\/kunmedierne.dk\/mors\/borgmester-og-politidirektoer-i-faelles-opfordring\/#respond"]}]},{"@type":"WebPage","@id":"https:\/\/kunmedierne.dk\/mors\/borgmester-og-politidirektoer-i-faelles-opfordring\/","url":"https:\/\/kunmedierne.dk\/mors\/borgmester-og-politidirektoer-i-faelles-opfordring\/","name":"Borgmester og politidirekt\u00f8r i f\u00e6lles opfordring - Mors","isPartOf":{"@id":"https:\/\/kunmedierne.dk\/mors\/#website"},"primaryImageOfPage":{"@id":"https:\/\/kunmedierne.dk\/mors\/borgmester-og-politidirektoer-i-faelles-opfordring\/#primaryimage"},"image":{"@id":"https:\/\/kunmedierne.dk\/mors\/borgmester-og-politidirektoer-i-faelles-opfordring\/#primaryimage"},"thumbnailUrl":"https:\/\/kunmedierne.dk\/mors\/wp-content\/uploads\/2020\/04\/dinner.jpg","datePublished":"2020-04-05T05:15:57+00:00","dateModified":"2024-08-12T12:06:16+00:00","breadcrumb":{"@id":"https:\/\/kunmedierne.dk\/mors\/borgmester-og-politidirektoer-i-faelles-opfordring\/#breadcrumb"},"inLanguage":"da-DK","potentialAction":[{"@type":"ReadAction","target":["https:\/\/kunmedierne.dk\/mors\/borgmester-og-politidirektoer-i-faelles-opfordring\/"]}]},{"@type":"ImageObject","inLanguage":"da-DK","@id":"https:\/\/kunmedierne.dk\/mors\/borgmester-og-politidirektoer-i-faelles-opfordring\/#primaryimage","url":"https:\/\/kunmedierne.dk\/mors\/wp-content\/uploads\/2020\/04\/dinner.jpg","contentUrl":"https:\/\/kunmedierne.dk\/mors\/wp-content\/uploads\/2020\/04\/dinner.jpg","width":770,"height":509,"caption":"Vi skal undg\u00e5 dette - ogs\u00e5 i p\u00e5skeugen - lyder det fra borgmester og politidirekt\u00f8r i f\u00e6llesskab. Foto: Kevin Curtis\/Unsplash."},{"@type":"BreadcrumbList","@id":"https:\/\/kunmedierne.dk\/mors\/borgmester-og-politidirektoer-i-faelles-opfordring\/#breadcrumb","itemListElement":[{"@type":"ListItem","position":1,"name":"Hjem","item":"https:\/\/kunmedierne.dk\/mors\/"},{"@type":"ListItem","position":2,"name":"Borgmester og politidirekt\u00f8r i f\u00e6lles opfordring"}]},{"@type":"WebSite","@id":"https:\/\/kunmedierne.dk\/mors\/#website","url":"https:\/\/kunmedierne.dk\/mors\/","name":"Mors","description":"et netmedie med journalistik om livet p\u00e5 Mors","publisher":{"@id":"https:\/\/kunmedierne.dk\/mors\/#organization"},"potentialAction":[{"@type":"SearchAction","target":{"@type":"EntryPoint","urlTemplate":"https:\/\/kunmedierne.dk\/mors\/?s={search_term_string}"},"query-input":{"@type":"PropertyValueSpecification","valueRequired":true,"valueName":"search_term_string"}}],"inLanguage":"da-DK"},{"@type":"Organization","@id":"https:\/\/kunmedierne.dk\/mors\/#organization","name":"Mors","url":"https:\/\/kunmedierne.dk\/mors\/","logo":{"@type":"ImageObject","inLanguage":"da-DK","@id":"https:\/\/kunmedierne.dk\/mors\/#\/schema\/logo\/image\/","url":"https:\/\/kunmedierne.dk\/mors\/wp-content\/uploads\/2024\/08\/kunmors-logo.svg","contentUrl":"https:\/\/kunmedierne.dk\/mors\/wp-content\/uploads\/2024\/08\/kunmors-logo.svg","caption":"Mors"},"image":{"@id":"https:\/\/kunmedierne.dk\/mors\/#\/schema\/logo\/image\/"}},{"@type":"Person","@id":"https:\/\/kunmedierne.dk\/mors\/#\/schema\/person\/5fe23251bf1d0abbcdc6f7896579d548","name":"David H\u00f8jmark","image":{"@type":"ImageObject","inLanguage":"da-DK","@id":"https:\/\/kunmedierne.dk\/mors\/#\/schema\/person\/image\/","url":"https:\/\/secure.gravatar.com\/avatar\/4315d6fb9ef244d729989f5f90268eb08d5bf8a3d84402f595fa194bb35784fd?s=96&d=mm&r=g","contentUrl":"https:\/\/secure.gravatar.com\/avatar\/4315d6fb9ef244d729989f5f90268eb08d5bf8a3d84402f595fa194bb35784fd?s=96&d=mm&r=g","caption":"David H\u00f8jmark"},"sameAs":["https:\/\/www.kunmedierne.dk"],"url":"https:\/\/kunmedierne.dk\/mors\/author\/david\/"}]}},"_links":{"self":[{"href":"https:\/\/kunmedierne.dk\/mors\/wp-json\/wp\/v2\/posts\/16524","targetHints":{"allow":["GET"]}}],"collection":[{"href":"https:\/\/kunmedierne.dk\/mors\/wp-json\/wp\/v2\/posts"}],"about":[{"href":"https:\/\/kunmedierne.dk\/mors\/wp-json\/wp\/v2\/types\/post"}],"author":[{"embeddable":true,"href":"https:\/\/kunmedierne.dk\/mors\/wp-json\/wp\/v2\/users\/8"}],"replies":[{"embeddable":true,"href":"https:\/\/kunmedierne.dk\/mors\/wp-json\/wp\/v2\/comments?post=16524"}],"version-history":[{"count":1,"href":"https:\/\/kunmedierne.dk\/mors\/wp-json\/wp\/v2\/posts\/16524\/revisions"}],"predecessor-version":[{"id":16526,"href":"https:\/\/kunmedierne.dk\/mors\/wp-json\/wp\/v2\/posts\/16524\/revisions\/16526"}],"wp:featuredmedia":[{"embeddable":true,"href":"https:\/\/kunmedierne.dk\/mors\/wp-json\/wp\/v2\/media\/16525"}],"wp:attachment":[{"href":"https:\/\/kunmedierne.dk\/mors\/wp-json\/wp\/v2\/media?parent=16524"}],"wp:term":[{"taxonomy":"category","embeddable":true,"href":"https:\/\/kunmedierne.dk\/mors\/wp-json\/wp\/v2\/categories?post=16524"},{"taxonomy":"post_tag","embeddable":true,"href":"https:\/\/kunmedierne.dk\/mors\/wp-json\/wp\/v2\/tags?post=16524"}],"curies":[{"name":"wp","href":"https:\/\/api.w.org\/{rel}","templated":true}]}}