{"id":164982,"date":"2026-01-08T19:10:24","date_gmt":"2026-01-08T18:10:24","guid":{"rendered":"https:\/\/kunmedierne.dk\/mors\/?p=164982"},"modified":"2026-01-08T15:18:42","modified_gmt":"2026-01-08T14:18:42","slug":"kulturmoedet-praesenterer-sine-temaspor-for-2026","status":"publish","type":"post","link":"https:\/\/kunmedierne.dk\/mors\/kulturmoedet-praesenterer-sine-temaspor-for-2026\/","title":{"rendered":"Kulturm\u00f8det pr\u00e6senterer sine temaspor for 2026"},"content":{"rendered":"<p><strong>KULTURM\u00d8DET<\/strong>: 2026 er et valg\u00e5r &#8211; m\u00e5ske endda med valgkamp til folketingsvalget, mens Kulturm\u00f8det Mors finder sted.<\/p>\n<p>I s\u00e5 fald kunne timingen for is\u00e6r \u00e9t af de fire temaspor, Kulturm\u00f8det har pr\u00e6senteret, n\u00e6ppe v\u00e6re bedre. Det har nemlit titlen &#8220;Demokrati og opbrud&#8221; og tager udgangspunkt i det pres, der if\u00f8lge politikere og eksperter er p\u00e5 demokratiet netop nu.<\/p>\n<a class=\"dvrt-link\" onClick=\"cdmtrack_click(104778,jQuery(this));return false\" href=\"https:\/\/vester-begr.dk\/?gclid=CjwKCAjw5Kv7BRBSEiwAXGDElQB6WMfm9CgYVrruty-I1gaOkTkC3mlA4QRDtYNsxYgVC8sNzAJ7WhoCmBsQAvD_BwE\"><img decoding=\"async\" style=\"width:100%;\" src=\"https:\/\/kunmedierne.dk\/mors\/wp-content\/uploads\/2023\/10\/260203VesterHoukaer-02022026.jpg\"><\/a><script>cdmtrack_view(104778);<\/script>\n<p>Det fort\u00e6ller Kulturm\u00f8det i sin pr\u00e6sentation af de fire temaspor, som du kan se beskrevet under denne artikel.<\/p>\n<p>&#8220;Temasporene skaber rammerne for \u00e5rets samtaleprogram og s\u00e6tter fokus p\u00e5 kunsten og kulturens betydning og ansvar for det samfund, vi er f\u00e6lles om, og den fremtid vi \u00f8nsker at skabe,&#8221; lyder det i en pressemeddelelse fra Kulturm\u00f8det Mors.<\/p>\n<p>I alle sine temaspor for 2026 s\u00e6tter Kulturm\u00f8det fokus p\u00e5 Norden og n\u00e6ste generation. Ung Kult st\u00e5r igen for ungeomr\u00e5det under den store event, og b\u00f8rn er igen t\u00e6nkt ind i programmet med B\u00f8rnenes Kulturm\u00f8de.<\/p>\n<a class=\"dvrt-link\" onClick=\"cdmtrack_click(104781,jQuery(this));return false\" href=\"https:\/\/www.fmspks.dk\/\"><img decoding=\"async\" style=\"width:100%;\" src=\"https:\/\/kunmedierne.dk\/mors\/wp-content\/uploads\/2022\/02\/vip-froeslev-mollerup-sparekasse.jpg\"><\/a><script>cdmtrack_view(104781);<\/script>\n<p>&#8220;Kulturm\u00f8dets s\u00e6rkende er koblingen mellem et ambiti\u00f8st fagligt program og et kunstprogram af h\u00f8jeste kvalitet. Vi skaber rum for det n\u00e6rv\u00e6rende m\u00f8de mellem det professionelle kunst- og kulturliv og nysgerrige borgere i alle aldre. Kulturm\u00f8det kvalificerer og demokratiserer kulturdebatten i et st\u00e6rkt og ambiti\u00f8st samtaleprogram, n\u00e5r vi danner ramme om deling af viden, erfaringer og inspiration. Med \u00e5rets fire temaspor g\u00f8r vi tidens vigtigste emner, stemmer og politikomr\u00e5der til centrale elementer i samtalen,&#8221; lyder det fra Kulturm\u00f8det Mors.<\/p>\n<p>Det n\u00e6ste finder sted p\u00e5 dagene 20.-22. august.<\/p>\n<blockquote>\n<h4>FAKTA<\/h4>\n<h4>Kulturm\u00f8dets pr\u00e6sentation af de fire spor p\u00e5 Kulturm\u00f8det Mors 2026:<\/h4>\n<h5><strong>DEMOKRATI &amp; OPBRUD<\/strong><\/h5>\n<h5>Demokratiet er i hastig forandring og if\u00f8lge flere politikere og eksperter under pres. I 2026 skal vi til folketingsvalg og udpege den kurs, der skal forme Danmarks fremtid.<\/h5>\n<h5>Diskussioner om digital polarisering, kl\u00f8fter mellem generationer og mellem land og by,\u00a0kvaliteten af den offentlige samtale og et internationalt sikkerhedslandskab i forandring fylder stadig mere i debatten, og flere toneangivende meningsdannere med statsministeren i spidsen opfordrer til b\u00e5de \u00e5ndelig oprustning og kulturel modstandskraft.<\/h5>\n<h5>Kunsten og kulturen fremh\u00e6ves ofte som det kit, der kan forbinde os p\u00e5 tv\u00e6rs af forskelle, men hvilken rolle spiller kunst og kultur i en verden, der forandrer sig i lyntempo? Vi s\u00e6tter fokus p\u00e5, hvordan kulturel oprustning kan styrke tilliden og sammenh\u00e6ngskraften i samfundet og udvikle b\u00e5de store og sm\u00e5 demokratiske f\u00e6llesskaber i en positiv retning.<\/h5>\n<h5><a class=\"dvrt-link\" onClick=\"cdmtrack_click(104786,jQuery(this));return false\" href=\"https:\/\/limfjordsteatret.dk\/events\/tobias-dybvad-mit-bedste-onemanshow\/\"><img decoding=\"async\" style=\"width:100%;\" src=\"https:\/\/kunmedierne.dk\/mors\/wp-content\/uploads\/2023\/10\/aarskortLim_KunMors_1100x125.jpg\"><\/a><script>cdmtrack_view(104786);<\/script><\/h5>\n<h5><strong>FORANDRINGSKRAFT<\/strong><\/h5>\n<h5>Kunst og kultur er meget mere end den oplevelse, vi f\u00e5r, n\u00e5r vi l\u00e6ser en bog, g\u00e5r p\u00e5 museum eller lytter til musik. I stadig stigende grad er kunsten og kulturen centrale omdrejningspunkter i udviklingen af vores samfund. Det danner grobund for f\u00e6llesskab, identitet og sammenh\u00e6ngskraft, men er ogs\u00e5 et laboratorium for nye tankes\u00e6t og l\u00f8sninger.<\/h5>\n<h5>I disse \u00e5r f\u00e5r kulturpolitikken en ny tyngde. Ikke mindst med regeringsgrundlaget, som betoner, at kunst og kultur skal bringes i spil for at l\u00f8se store samfundsudfordringer.<\/h5>\n<h5>Vi unders\u00f8ger kunstens potentiale som forandringskraft og s\u00e6tter fokus p\u00e5 nye initiativer. Hvordan kan kunsten fremme fysisk og psykisk sundhed, skabe st\u00e6rke f\u00e6llesskaber og bidrage til positiv social forandring? Hvilken rolle kan kulturen spille i de alvorlige klima- og milj\u00f8kriser, vores planet st\u00e5r overfor? Hvad betyder kunst for livet i vores byer og lokalomr\u00e5der? Og hvordan ved vi, hvad der virker?<\/h5>\n<h5><a class=\"dvrt-link\" onClick=\"cdmtrack_click(147315,jQuery(this));return false\" href=\"https:\/\/sdrhaa.dk\/\"><img decoding=\"async\" style=\"width:100%;\" src=\"https:\/\/kunmedierne.dk\/mors\/wp-content\/uploads\/2025\/05\/260302Sdr-HaaDin-gebyrvenlige-sparekasse_mors-002.gif\"><\/a><script>cdmtrack_view(147315);<\/script><\/h5>\n<h5><strong>KUNSTNERLIV<\/strong><\/h5>\n<h5>Vi s\u00e6tter fokus p\u00e5 det gode kunstnerliv og p\u00e5 emner som magtstrukturer, repr\u00e6sentation og arbejdsvilk\u00e5r i den kreative branche. Hvordan ser adgangen til den kulturelle infrastruktur ud i 2026; hvem har reelle muligheder? Hvem st\u00e5r udenfor? Og hvilken magt og hvilket ansvar har mellemled som gallerier, producenter og institutioner?<\/h5>\n<h5>Vi skal ogs\u00e5 se p\u00e5, hvordan \u00f8konomien er i en kunstnerisk karriere, og hvilken rolle uddannelserne har i at forberede kunstnere p\u00e5 usikre karriereforl\u00f8b. Og vi skal dykke ned i den kreative proces, i hvordan vi sikrer ophavsretten og\u00a0forholder os til de nye muligheder og dilemmaer, som teknologien bringer med sig. For er AI en gave til kunstnere eller en trussel?<\/h5>\n<h5>Vi vil sammen fors\u00f8ge at finde svar p\u00e5, hvordan vi skaber de rammer, der bedst fremmer en positiv og b\u00e6redygtig udvikling i kunst- og kulturlivet.<\/h5>\n<h5><a class=\"dvrt-link\" onClick=\"cdmtrack_click(147315,jQuery(this));return false\" href=\"https:\/\/sdrhaa.dk\/\"><img decoding=\"async\" style=\"width:100%;\" src=\"https:\/\/kunmedierne.dk\/mors\/wp-content\/uploads\/2025\/05\/260302Sdr-HaaDin-gebyrvenlige-sparekasse_mors-002.gif\"><\/a><script>cdmtrack_view(147315);<\/script><\/h5>\n<h5><strong>FREMTID &amp; FORRETNING<\/strong><\/h5>\n<h5>Fremtiden kr\u00e6ver nye forretningsmodeller i en kulturel sektor, hvor publikum konstant bev\u00e6ger sig p\u00e5 tv\u00e6rs af platforme, formater og teknologier. Nye digitale tjenester skyller ind over kulturlivet, og det medf\u00f8rer store muligheder, men ogs\u00e5 betydelige udfordringer. Kulturledere, kunstnere, medier og organisationer m\u00e5 l\u00e6re at navigere i et landskab, hvor tempoet er h\u00f8jt, og hvor teknologien hele tiden rykker ved arbejdsvilk\u00e5r og relationerne til publikum.<\/h5>\n<h5>Hvordan udnytter vi det digitale potentiale uden at miste kvalitet, identitet og menneskelig forankring? Hvordan sikrer vi et robust kulturliv i en tid med \u00f8konomisk pres og politiske forventninger, og hvordan leder man p\u00e5 bedste vis medier, kulturinstitutioner og kreative organisationer i en tid, hvor spillereglerne \u00e6ndrer sig konstant?<\/h5>\n<h6>Kilde: Kulturm\u00f8det Mors<\/h6>\n<\/blockquote>\n","protected":false},"excerpt":{"rendered":"<p>KULTURM\u00d8DET: 2026 er et valg\u00e5r &#8211; m\u00e5ske endda med valgkamp til folketingsvalget, mens Kulturm\u00f8det Mors finder sted. I s\u00e5 fald kunne timingen for is\u00e6r \u00e9t af de fire temaspor, Kulturm\u00f8det har pr\u00e6senteret, n\u00e6ppe v\u00e6re bedre. Det har nemlit titlen &#8220;Demokrati og opbrud&#8221; og tager udgangspunkt i det pres, der if\u00f8lge politikere og eksperter er p\u00e5 [&hellip;]<\/p>\n","protected":false},"author":8,"featured_media":0,"comment_status":"closed","ping_status":"closed","sticky":false,"template":"","format":"standard","meta":{"_acf_changed":false,"footnotes":""},"categories":[49],"tags":[162],"class_list":["post-164982","post","type-post","status-publish","format-standard","hentry","category-kultur","tag-kulturmoedet"],"acf":[],"yoast_head":"<!-- This site is optimized with the Yoast SEO plugin v26.8 - https:\/\/yoast.com\/product\/yoast-seo-wordpress\/ -->\n<title>Kulturm\u00f8det pr\u00e6senterer sine temaspor for 2026 - Mors<\/title>\n<meta name=\"robots\" content=\"index, follow, max-snippet:-1, max-image-preview:large, max-video-preview:-1\" \/>\n<link rel=\"canonical\" href=\"https:\/\/kunmedierne.dk\/mors\/kulturmoedet-praesenterer-sine-temaspor-for-2026\/\" \/>\n<meta property=\"og:locale\" content=\"da_DK\" \/>\n<meta property=\"og:type\" content=\"article\" \/>\n<meta property=\"og:title\" content=\"Kulturm\u00f8det pr\u00e6senterer sine temaspor for 2026 - Mors\" \/>\n<meta property=\"og:description\" content=\"KULTURM\u00d8DET: 2026 er et valg\u00e5r &#8211; m\u00e5ske endda med valgkamp til folketingsvalget, mens Kulturm\u00f8det Mors finder sted. I s\u00e5 fald kunne timingen for is\u00e6r \u00e9t af de fire temaspor, Kulturm\u00f8det har pr\u00e6senteret, n\u00e6ppe v\u00e6re bedre. Det har nemlit titlen &#8220;Demokrati og opbrud&#8221; og tager udgangspunkt i det pres, der if\u00f8lge politikere og eksperter er p\u00e5 [&hellip;]\" \/>\n<meta property=\"og:url\" content=\"https:\/\/kunmedierne.dk\/mors\/kulturmoedet-praesenterer-sine-temaspor-for-2026\/\" \/>\n<meta property=\"og:site_name\" content=\"Mors\" \/>\n<meta property=\"article:published_time\" content=\"2026-01-08T18:10:24+00:00\" \/>\n<meta name=\"author\" content=\"David H\u00f8jmark\" \/>\n<meta name=\"twitter:card\" content=\"summary_large_image\" \/>\n<meta name=\"twitter:label1\" content=\"Skrevet af\" \/>\n\t<meta name=\"twitter:data1\" content=\"David H\u00f8jmark\" \/>\n\t<meta name=\"twitter:label2\" content=\"Estimeret l\u00e6setid\" \/>\n\t<meta name=\"twitter:data2\" content=\"2 minutter\" \/>\n<script type=\"application\/ld+json\" class=\"yoast-schema-graph\">{\"@context\":\"https:\/\/schema.org\",\"@graph\":[{\"@type\":\"Article\",\"@id\":\"https:\/\/kunmedierne.dk\/mors\/kulturmoedet-praesenterer-sine-temaspor-for-2026\/#article\",\"isPartOf\":{\"@id\":\"https:\/\/kunmedierne.dk\/mors\/kulturmoedet-praesenterer-sine-temaspor-for-2026\/\"},\"author\":{\"name\":\"David H\u00f8jmark\",\"@id\":\"https:\/\/kunmedierne.dk\/mors\/#\/schema\/person\/5fe23251bf1d0abbcdc6f7896579d548\"},\"headline\":\"Kulturm\u00f8det pr\u00e6senterer sine temaspor for 2026\",\"datePublished\":\"2026-01-08T18:10:24+00:00\",\"mainEntityOfPage\":{\"@id\":\"https:\/\/kunmedierne.dk\/mors\/kulturmoedet-praesenterer-sine-temaspor-for-2026\/\"},\"wordCount\":875,\"publisher\":{\"@id\":\"https:\/\/kunmedierne.dk\/mors\/#organization\"},\"keywords\":[\"Kulturm\u00f8det\"],\"articleSection\":[\"Kultur\"],\"inLanguage\":\"da-DK\"},{\"@type\":\"WebPage\",\"@id\":\"https:\/\/kunmedierne.dk\/mors\/kulturmoedet-praesenterer-sine-temaspor-for-2026\/\",\"url\":\"https:\/\/kunmedierne.dk\/mors\/kulturmoedet-praesenterer-sine-temaspor-for-2026\/\",\"name\":\"Kulturm\u00f8det pr\u00e6senterer sine temaspor for 2026 - Mors\",\"isPartOf\":{\"@id\":\"https:\/\/kunmedierne.dk\/mors\/#website\"},\"datePublished\":\"2026-01-08T18:10:24+00:00\",\"breadcrumb\":{\"@id\":\"https:\/\/kunmedierne.dk\/mors\/kulturmoedet-praesenterer-sine-temaspor-for-2026\/#breadcrumb\"},\"inLanguage\":\"da-DK\",\"potentialAction\":[{\"@type\":\"ReadAction\",\"target\":[\"https:\/\/kunmedierne.dk\/mors\/kulturmoedet-praesenterer-sine-temaspor-for-2026\/\"]}]},{\"@type\":\"BreadcrumbList\",\"@id\":\"https:\/\/kunmedierne.dk\/mors\/kulturmoedet-praesenterer-sine-temaspor-for-2026\/#breadcrumb\",\"itemListElement\":[{\"@type\":\"ListItem\",\"position\":1,\"name\":\"Hjem\",\"item\":\"https:\/\/kunmedierne.dk\/mors\/\"},{\"@type\":\"ListItem\",\"position\":2,\"name\":\"Kulturm\u00f8det pr\u00e6senterer sine temaspor for 2026\"}]},{\"@type\":\"WebSite\",\"@id\":\"https:\/\/kunmedierne.dk\/mors\/#website\",\"url\":\"https:\/\/kunmedierne.dk\/mors\/\",\"name\":\"Mors\",\"description\":\"et netmedie med journalistik om livet p\u00e5 Mors\",\"publisher\":{\"@id\":\"https:\/\/kunmedierne.dk\/mors\/#organization\"},\"potentialAction\":[{\"@type\":\"SearchAction\",\"target\":{\"@type\":\"EntryPoint\",\"urlTemplate\":\"https:\/\/kunmedierne.dk\/mors\/?s={search_term_string}\"},\"query-input\":{\"@type\":\"PropertyValueSpecification\",\"valueRequired\":true,\"valueName\":\"search_term_string\"}}],\"inLanguage\":\"da-DK\"},{\"@type\":\"Organization\",\"@id\":\"https:\/\/kunmedierne.dk\/mors\/#organization\",\"name\":\"Mors\",\"url\":\"https:\/\/kunmedierne.dk\/mors\/\",\"logo\":{\"@type\":\"ImageObject\",\"inLanguage\":\"da-DK\",\"@id\":\"https:\/\/kunmedierne.dk\/mors\/#\/schema\/logo\/image\/\",\"url\":\"https:\/\/kunmedierne.dk\/mors\/wp-content\/uploads\/2024\/08\/kunmors-logo.svg\",\"contentUrl\":\"https:\/\/kunmedierne.dk\/mors\/wp-content\/uploads\/2024\/08\/kunmors-logo.svg\",\"caption\":\"Mors\"},\"image\":{\"@id\":\"https:\/\/kunmedierne.dk\/mors\/#\/schema\/logo\/image\/\"}},{\"@type\":\"Person\",\"@id\":\"https:\/\/kunmedierne.dk\/mors\/#\/schema\/person\/5fe23251bf1d0abbcdc6f7896579d548\",\"name\":\"David H\u00f8jmark\",\"image\":{\"@type\":\"ImageObject\",\"inLanguage\":\"da-DK\",\"@id\":\"https:\/\/kunmedierne.dk\/mors\/#\/schema\/person\/image\/\",\"url\":\"https:\/\/secure.gravatar.com\/avatar\/4315d6fb9ef244d729989f5f90268eb08d5bf8a3d84402f595fa194bb35784fd?s=96&d=mm&r=g\",\"contentUrl\":\"https:\/\/secure.gravatar.com\/avatar\/4315d6fb9ef244d729989f5f90268eb08d5bf8a3d84402f595fa194bb35784fd?s=96&d=mm&r=g\",\"caption\":\"David H\u00f8jmark\"},\"sameAs\":[\"https:\/\/www.kunmedierne.dk\"],\"url\":\"https:\/\/kunmedierne.dk\/mors\/author\/david\/\"}]}<\/script>\n<!-- \/ Yoast SEO plugin. -->","yoast_head_json":{"title":"Kulturm\u00f8det pr\u00e6senterer sine temaspor for 2026 - Mors","robots":{"index":"index","follow":"follow","max-snippet":"max-snippet:-1","max-image-preview":"max-image-preview:large","max-video-preview":"max-video-preview:-1"},"canonical":"https:\/\/kunmedierne.dk\/mors\/kulturmoedet-praesenterer-sine-temaspor-for-2026\/","og_locale":"da_DK","og_type":"article","og_title":"Kulturm\u00f8det pr\u00e6senterer sine temaspor for 2026 - Mors","og_description":"KULTURM\u00d8DET: 2026 er et valg\u00e5r &#8211; m\u00e5ske endda med valgkamp til folketingsvalget, mens Kulturm\u00f8det Mors finder sted. I s\u00e5 fald kunne timingen for is\u00e6r \u00e9t af de fire temaspor, Kulturm\u00f8det har pr\u00e6senteret, n\u00e6ppe v\u00e6re bedre. Det har nemlit titlen &#8220;Demokrati og opbrud&#8221; og tager udgangspunkt i det pres, der if\u00f8lge politikere og eksperter er p\u00e5 [&hellip;]","og_url":"https:\/\/kunmedierne.dk\/mors\/kulturmoedet-praesenterer-sine-temaspor-for-2026\/","og_site_name":"Mors","article_published_time":"2026-01-08T18:10:24+00:00","author":"David H\u00f8jmark","twitter_card":"summary_large_image","twitter_misc":{"Skrevet af":"David H\u00f8jmark","Estimeret l\u00e6setid":"2 minutter"},"schema":{"@context":"https:\/\/schema.org","@graph":[{"@type":"Article","@id":"https:\/\/kunmedierne.dk\/mors\/kulturmoedet-praesenterer-sine-temaspor-for-2026\/#article","isPartOf":{"@id":"https:\/\/kunmedierne.dk\/mors\/kulturmoedet-praesenterer-sine-temaspor-for-2026\/"},"author":{"name":"David H\u00f8jmark","@id":"https:\/\/kunmedierne.dk\/mors\/#\/schema\/person\/5fe23251bf1d0abbcdc6f7896579d548"},"headline":"Kulturm\u00f8det pr\u00e6senterer sine temaspor for 2026","datePublished":"2026-01-08T18:10:24+00:00","mainEntityOfPage":{"@id":"https:\/\/kunmedierne.dk\/mors\/kulturmoedet-praesenterer-sine-temaspor-for-2026\/"},"wordCount":875,"publisher":{"@id":"https:\/\/kunmedierne.dk\/mors\/#organization"},"keywords":["Kulturm\u00f8det"],"articleSection":["Kultur"],"inLanguage":"da-DK"},{"@type":"WebPage","@id":"https:\/\/kunmedierne.dk\/mors\/kulturmoedet-praesenterer-sine-temaspor-for-2026\/","url":"https:\/\/kunmedierne.dk\/mors\/kulturmoedet-praesenterer-sine-temaspor-for-2026\/","name":"Kulturm\u00f8det pr\u00e6senterer sine temaspor for 2026 - Mors","isPartOf":{"@id":"https:\/\/kunmedierne.dk\/mors\/#website"},"datePublished":"2026-01-08T18:10:24+00:00","breadcrumb":{"@id":"https:\/\/kunmedierne.dk\/mors\/kulturmoedet-praesenterer-sine-temaspor-for-2026\/#breadcrumb"},"inLanguage":"da-DK","potentialAction":[{"@type":"ReadAction","target":["https:\/\/kunmedierne.dk\/mors\/kulturmoedet-praesenterer-sine-temaspor-for-2026\/"]}]},{"@type":"BreadcrumbList","@id":"https:\/\/kunmedierne.dk\/mors\/kulturmoedet-praesenterer-sine-temaspor-for-2026\/#breadcrumb","itemListElement":[{"@type":"ListItem","position":1,"name":"Hjem","item":"https:\/\/kunmedierne.dk\/mors\/"},{"@type":"ListItem","position":2,"name":"Kulturm\u00f8det pr\u00e6senterer sine temaspor for 2026"}]},{"@type":"WebSite","@id":"https:\/\/kunmedierne.dk\/mors\/#website","url":"https:\/\/kunmedierne.dk\/mors\/","name":"Mors","description":"et netmedie med journalistik om livet p\u00e5 Mors","publisher":{"@id":"https:\/\/kunmedierne.dk\/mors\/#organization"},"potentialAction":[{"@type":"SearchAction","target":{"@type":"EntryPoint","urlTemplate":"https:\/\/kunmedierne.dk\/mors\/?s={search_term_string}"},"query-input":{"@type":"PropertyValueSpecification","valueRequired":true,"valueName":"search_term_string"}}],"inLanguage":"da-DK"},{"@type":"Organization","@id":"https:\/\/kunmedierne.dk\/mors\/#organization","name":"Mors","url":"https:\/\/kunmedierne.dk\/mors\/","logo":{"@type":"ImageObject","inLanguage":"da-DK","@id":"https:\/\/kunmedierne.dk\/mors\/#\/schema\/logo\/image\/","url":"https:\/\/kunmedierne.dk\/mors\/wp-content\/uploads\/2024\/08\/kunmors-logo.svg","contentUrl":"https:\/\/kunmedierne.dk\/mors\/wp-content\/uploads\/2024\/08\/kunmors-logo.svg","caption":"Mors"},"image":{"@id":"https:\/\/kunmedierne.dk\/mors\/#\/schema\/logo\/image\/"}},{"@type":"Person","@id":"https:\/\/kunmedierne.dk\/mors\/#\/schema\/person\/5fe23251bf1d0abbcdc6f7896579d548","name":"David H\u00f8jmark","image":{"@type":"ImageObject","inLanguage":"da-DK","@id":"https:\/\/kunmedierne.dk\/mors\/#\/schema\/person\/image\/","url":"https:\/\/secure.gravatar.com\/avatar\/4315d6fb9ef244d729989f5f90268eb08d5bf8a3d84402f595fa194bb35784fd?s=96&d=mm&r=g","contentUrl":"https:\/\/secure.gravatar.com\/avatar\/4315d6fb9ef244d729989f5f90268eb08d5bf8a3d84402f595fa194bb35784fd?s=96&d=mm&r=g","caption":"David H\u00f8jmark"},"sameAs":["https:\/\/www.kunmedierne.dk"],"url":"https:\/\/kunmedierne.dk\/mors\/author\/david\/"}]}},"_links":{"self":[{"href":"https:\/\/kunmedierne.dk\/mors\/wp-json\/wp\/v2\/posts\/164982","targetHints":{"allow":["GET"]}}],"collection":[{"href":"https:\/\/kunmedierne.dk\/mors\/wp-json\/wp\/v2\/posts"}],"about":[{"href":"https:\/\/kunmedierne.dk\/mors\/wp-json\/wp\/v2\/types\/post"}],"author":[{"embeddable":true,"href":"https:\/\/kunmedierne.dk\/mors\/wp-json\/wp\/v2\/users\/8"}],"replies":[{"embeddable":true,"href":"https:\/\/kunmedierne.dk\/mors\/wp-json\/wp\/v2\/comments?post=164982"}],"version-history":[{"count":5,"href":"https:\/\/kunmedierne.dk\/mors\/wp-json\/wp\/v2\/posts\/164982\/revisions"}],"predecessor-version":[{"id":164990,"href":"https:\/\/kunmedierne.dk\/mors\/wp-json\/wp\/v2\/posts\/164982\/revisions\/164990"}],"wp:attachment":[{"href":"https:\/\/kunmedierne.dk\/mors\/wp-json\/wp\/v2\/media?parent=164982"}],"wp:term":[{"taxonomy":"category","embeddable":true,"href":"https:\/\/kunmedierne.dk\/mors\/wp-json\/wp\/v2\/categories?post=164982"},{"taxonomy":"post_tag","embeddable":true,"href":"https:\/\/kunmedierne.dk\/mors\/wp-json\/wp\/v2\/tags?post=164982"}],"curies":[{"name":"wp","href":"https:\/\/api.w.org\/{rel}","templated":true}]}}