{"id":164977,"date":"2026-01-08T12:51:29","date_gmt":"2026-01-08T11:51:29","guid":{"rendered":"https:\/\/kunmedierne.dk\/mors\/?p=164977"},"modified":"2026-01-08T13:05:06","modified_gmt":"2026-01-08T12:05:06","slug":"nytaarskoncert-flyttet-i-sidste-oejeblik","status":"publish","type":"post","link":"https:\/\/kunmedierne.dk\/mors\/nytaarskoncert-flyttet-i-sidste-oejeblik\/","title":{"rendered":"Nyt\u00e5rskoncert flyttet i sidste \u00f8jeblik"},"content":{"rendered":"<p><strong>KONCERT<\/strong>: Et stort symfoniorkester og dets solister var klar, men p\u00e5 selve dagen har \u00e5rets nyt\u00e5rskoncert hos Mors\u00f8 Teaterkreds f\u00e5et et koldt bensp\u00e6nd.<\/p>\n<p>Torsdag morgen stod\u00a0J\u00f8rgen Bruun Christensen, formand for Mors\u00f8 Teaterkreds, op til beskeden om, at et brud p\u00e5 et fjernvarmer\u00f8r i Mors\u00f8 Teater g\u00f8r det umuligt at gennemf\u00f8re koncerten som planlagt. Heldigvis har man hurtigt fundet en l\u00f8sning og rykker b\u00e5de musikere og publikum til Sparekassen Thy Arena Mors, hvor stole er i fuld gang med at blive sat op i Hal A.<\/p>\n<a class=\"dvrt-link\" onClick=\"cdmtrack_click(116504,jQuery(this));return false\" href=\"https:\/\/www.nybolig.dk\/ejendomsmaeglere\/nordvestjylland\/nybolig-morsoe-nykoebing-mors\"><img decoding=\"async\" style=\"width:100%;\" src=\"https:\/\/kunmedierne.dk\/mors\/wp-content\/uploads\/2024\/04\/250825Nybolig.jpg\"><\/a><script>cdmtrack_view(116504);<\/script>\n<p>Meldingen er derfor, at koncerten bliver gennemf\u00f8rt som planlagt, og symfoniorkestret, der ogs\u00e5 optr\u00e5dte i en hal ved nyt\u00e5rskoncerten i Holstebro, m\u00f8der op som planlagt. Dog er det endnu uklart, hvordan publikum skal placere sig i forhold til de nummererede pladser, der ikke l\u00e6ngere matcher de trykte billetter.<\/p>\n<p>&#8211; Det arbejder vi p\u00e5 at finde ud af, lyder det fra en ekstraordin\u00e6rt travl J\u00f8rgen Bruun Christensen.<\/p>\n<p>&#8211; Jeg har ikke f\u00e5et morgenmad endnu, tilf\u00f8jer han med et grin.<\/p>\n<h5>L\u00c6S OGS\u00c5: <a href=\"https:\/\/kunmedierne.dk\/mors\/nytaarskoncert-2026-aalborg-symfoniorkester-kommer-med-en-saerlig-hilsen-til-mors\/\">Nyt\u00e5rskoncert 2026: Aalborg Symfoniorkester kommer med en s\u00e6rlig hilsen til Mors<\/a><\/h5>\n","protected":false},"excerpt":{"rendered":"<p>KONCERT: Et stort symfoniorkester og dets solister var klar, men p\u00e5 selve dagen har \u00e5rets nyt\u00e5rskoncert hos Mors\u00f8 Teaterkreds f\u00e5et et koldt bensp\u00e6nd. Torsdag morgen stod\u00a0J\u00f8rgen Bruun Christensen, formand for Mors\u00f8 Teaterkreds, op til beskeden om, at et brud p\u00e5 et fjernvarmer\u00f8r i Mors\u00f8 Teater g\u00f8r det umuligt at gennemf\u00f8re koncerten som planlagt. Heldigvis har [&hellip;]<\/p>\n","protected":false},"author":8,"featured_media":0,"comment_status":"closed","ping_status":"closed","sticky":false,"template":"","format":"standard","meta":{"_acf_changed":false,"footnotes":""},"categories":[49],"tags":[165],"class_list":["post-164977","post","type-post","status-publish","format-standard","hentry","category-kultur","tag-musik"],"acf":[],"yoast_head":"<!-- This site is optimized with the Yoast SEO plugin v26.8 - https:\/\/yoast.com\/product\/yoast-seo-wordpress\/ -->\n<title>Nyt\u00e5rskoncert flyttet i sidste \u00f8jeblik - Mors<\/title>\n<meta name=\"robots\" content=\"index, follow, max-snippet:-1, max-image-preview:large, max-video-preview:-1\" \/>\n<link rel=\"canonical\" href=\"https:\/\/kunmedierne.dk\/mors\/nytaarskoncert-flyttet-i-sidste-oejeblik\/\" \/>\n<meta property=\"og:locale\" content=\"da_DK\" \/>\n<meta property=\"og:type\" content=\"article\" \/>\n<meta property=\"og:title\" content=\"Nyt\u00e5rskoncert flyttet i sidste \u00f8jeblik - Mors\" \/>\n<meta property=\"og:description\" content=\"KONCERT: Et stort symfoniorkester og dets solister var klar, men p\u00e5 selve dagen har \u00e5rets nyt\u00e5rskoncert hos Mors\u00f8 Teaterkreds f\u00e5et et koldt bensp\u00e6nd. Torsdag morgen stod\u00a0J\u00f8rgen Bruun Christensen, formand for Mors\u00f8 Teaterkreds, op til beskeden om, at et brud p\u00e5 et fjernvarmer\u00f8r i Mors\u00f8 Teater g\u00f8r det umuligt at gennemf\u00f8re koncerten som planlagt. Heldigvis har [&hellip;]\" \/>\n<meta property=\"og:url\" content=\"https:\/\/kunmedierne.dk\/mors\/nytaarskoncert-flyttet-i-sidste-oejeblik\/\" \/>\n<meta property=\"og:site_name\" content=\"Mors\" \/>\n<meta property=\"article:published_time\" content=\"2026-01-08T11:51:29+00:00\" \/>\n<meta property=\"article:modified_time\" content=\"2026-01-08T12:05:06+00:00\" \/>\n<meta name=\"author\" content=\"David H\u00f8jmark\" \/>\n<meta name=\"twitter:card\" content=\"summary_large_image\" \/>\n<meta name=\"twitter:label1\" content=\"Skrevet af\" \/>\n\t<meta name=\"twitter:data1\" content=\"David H\u00f8jmark\" \/>\n\t<meta name=\"twitter:label2\" content=\"Estimeret l\u00e6setid\" \/>\n\t<meta name=\"twitter:data2\" content=\"1 minut\" \/>\n<script type=\"application\/ld+json\" class=\"yoast-schema-graph\">{\"@context\":\"https:\/\/schema.org\",\"@graph\":[{\"@type\":\"Article\",\"@id\":\"https:\/\/kunmedierne.dk\/mors\/nytaarskoncert-flyttet-i-sidste-oejeblik\/#article\",\"isPartOf\":{\"@id\":\"https:\/\/kunmedierne.dk\/mors\/nytaarskoncert-flyttet-i-sidste-oejeblik\/\"},\"author\":{\"name\":\"David H\u00f8jmark\",\"@id\":\"https:\/\/kunmedierne.dk\/mors\/#\/schema\/person\/5fe23251bf1d0abbcdc6f7896579d548\"},\"headline\":\"Nyt\u00e5rskoncert flyttet i sidste \u00f8jeblik\",\"datePublished\":\"2026-01-08T11:51:29+00:00\",\"dateModified\":\"2026-01-08T12:05:06+00:00\",\"mainEntityOfPage\":{\"@id\":\"https:\/\/kunmedierne.dk\/mors\/nytaarskoncert-flyttet-i-sidste-oejeblik\/\"},\"wordCount\":205,\"publisher\":{\"@id\":\"https:\/\/kunmedierne.dk\/mors\/#organization\"},\"keywords\":[\"Musik\"],\"articleSection\":[\"Kultur\"],\"inLanguage\":\"da-DK\"},{\"@type\":\"WebPage\",\"@id\":\"https:\/\/kunmedierne.dk\/mors\/nytaarskoncert-flyttet-i-sidste-oejeblik\/\",\"url\":\"https:\/\/kunmedierne.dk\/mors\/nytaarskoncert-flyttet-i-sidste-oejeblik\/\",\"name\":\"Nyt\u00e5rskoncert flyttet i sidste \u00f8jeblik - Mors\",\"isPartOf\":{\"@id\":\"https:\/\/kunmedierne.dk\/mors\/#website\"},\"datePublished\":\"2026-01-08T11:51:29+00:00\",\"dateModified\":\"2026-01-08T12:05:06+00:00\",\"breadcrumb\":{\"@id\":\"https:\/\/kunmedierne.dk\/mors\/nytaarskoncert-flyttet-i-sidste-oejeblik\/#breadcrumb\"},\"inLanguage\":\"da-DK\",\"potentialAction\":[{\"@type\":\"ReadAction\",\"target\":[\"https:\/\/kunmedierne.dk\/mors\/nytaarskoncert-flyttet-i-sidste-oejeblik\/\"]}]},{\"@type\":\"BreadcrumbList\",\"@id\":\"https:\/\/kunmedierne.dk\/mors\/nytaarskoncert-flyttet-i-sidste-oejeblik\/#breadcrumb\",\"itemListElement\":[{\"@type\":\"ListItem\",\"position\":1,\"name\":\"Hjem\",\"item\":\"https:\/\/kunmedierne.dk\/mors\/\"},{\"@type\":\"ListItem\",\"position\":2,\"name\":\"Nyt\u00e5rskoncert flyttet i sidste \u00f8jeblik\"}]},{\"@type\":\"WebSite\",\"@id\":\"https:\/\/kunmedierne.dk\/mors\/#website\",\"url\":\"https:\/\/kunmedierne.dk\/mors\/\",\"name\":\"Mors\",\"description\":\"et netmedie med journalistik om livet p\u00e5 Mors\",\"publisher\":{\"@id\":\"https:\/\/kunmedierne.dk\/mors\/#organization\"},\"potentialAction\":[{\"@type\":\"SearchAction\",\"target\":{\"@type\":\"EntryPoint\",\"urlTemplate\":\"https:\/\/kunmedierne.dk\/mors\/?s={search_term_string}\"},\"query-input\":{\"@type\":\"PropertyValueSpecification\",\"valueRequired\":true,\"valueName\":\"search_term_string\"}}],\"inLanguage\":\"da-DK\"},{\"@type\":\"Organization\",\"@id\":\"https:\/\/kunmedierne.dk\/mors\/#organization\",\"name\":\"Mors\",\"url\":\"https:\/\/kunmedierne.dk\/mors\/\",\"logo\":{\"@type\":\"ImageObject\",\"inLanguage\":\"da-DK\",\"@id\":\"https:\/\/kunmedierne.dk\/mors\/#\/schema\/logo\/image\/\",\"url\":\"https:\/\/kunmedierne.dk\/mors\/wp-content\/uploads\/2024\/08\/kunmors-logo.svg\",\"contentUrl\":\"https:\/\/kunmedierne.dk\/mors\/wp-content\/uploads\/2024\/08\/kunmors-logo.svg\",\"caption\":\"Mors\"},\"image\":{\"@id\":\"https:\/\/kunmedierne.dk\/mors\/#\/schema\/logo\/image\/\"}},{\"@type\":\"Person\",\"@id\":\"https:\/\/kunmedierne.dk\/mors\/#\/schema\/person\/5fe23251bf1d0abbcdc6f7896579d548\",\"name\":\"David H\u00f8jmark\",\"image\":{\"@type\":\"ImageObject\",\"inLanguage\":\"da-DK\",\"@id\":\"https:\/\/kunmedierne.dk\/mors\/#\/schema\/person\/image\/\",\"url\":\"https:\/\/secure.gravatar.com\/avatar\/4315d6fb9ef244d729989f5f90268eb08d5bf8a3d84402f595fa194bb35784fd?s=96&d=mm&r=g\",\"contentUrl\":\"https:\/\/secure.gravatar.com\/avatar\/4315d6fb9ef244d729989f5f90268eb08d5bf8a3d84402f595fa194bb35784fd?s=96&d=mm&r=g\",\"caption\":\"David H\u00f8jmark\"},\"sameAs\":[\"https:\/\/www.kunmedierne.dk\"],\"url\":\"https:\/\/kunmedierne.dk\/mors\/author\/david\/\"}]}<\/script>\n<!-- \/ Yoast SEO plugin. -->","yoast_head_json":{"title":"Nyt\u00e5rskoncert flyttet i sidste \u00f8jeblik - Mors","robots":{"index":"index","follow":"follow","max-snippet":"max-snippet:-1","max-image-preview":"max-image-preview:large","max-video-preview":"max-video-preview:-1"},"canonical":"https:\/\/kunmedierne.dk\/mors\/nytaarskoncert-flyttet-i-sidste-oejeblik\/","og_locale":"da_DK","og_type":"article","og_title":"Nyt\u00e5rskoncert flyttet i sidste \u00f8jeblik - Mors","og_description":"KONCERT: Et stort symfoniorkester og dets solister var klar, men p\u00e5 selve dagen har \u00e5rets nyt\u00e5rskoncert hos Mors\u00f8 Teaterkreds f\u00e5et et koldt bensp\u00e6nd. Torsdag morgen stod\u00a0J\u00f8rgen Bruun Christensen, formand for Mors\u00f8 Teaterkreds, op til beskeden om, at et brud p\u00e5 et fjernvarmer\u00f8r i Mors\u00f8 Teater g\u00f8r det umuligt at gennemf\u00f8re koncerten som planlagt. Heldigvis har [&hellip;]","og_url":"https:\/\/kunmedierne.dk\/mors\/nytaarskoncert-flyttet-i-sidste-oejeblik\/","og_site_name":"Mors","article_published_time":"2026-01-08T11:51:29+00:00","article_modified_time":"2026-01-08T12:05:06+00:00","author":"David H\u00f8jmark","twitter_card":"summary_large_image","twitter_misc":{"Skrevet af":"David H\u00f8jmark","Estimeret l\u00e6setid":"1 minut"},"schema":{"@context":"https:\/\/schema.org","@graph":[{"@type":"Article","@id":"https:\/\/kunmedierne.dk\/mors\/nytaarskoncert-flyttet-i-sidste-oejeblik\/#article","isPartOf":{"@id":"https:\/\/kunmedierne.dk\/mors\/nytaarskoncert-flyttet-i-sidste-oejeblik\/"},"author":{"name":"David H\u00f8jmark","@id":"https:\/\/kunmedierne.dk\/mors\/#\/schema\/person\/5fe23251bf1d0abbcdc6f7896579d548"},"headline":"Nyt\u00e5rskoncert flyttet i sidste \u00f8jeblik","datePublished":"2026-01-08T11:51:29+00:00","dateModified":"2026-01-08T12:05:06+00:00","mainEntityOfPage":{"@id":"https:\/\/kunmedierne.dk\/mors\/nytaarskoncert-flyttet-i-sidste-oejeblik\/"},"wordCount":205,"publisher":{"@id":"https:\/\/kunmedierne.dk\/mors\/#organization"},"keywords":["Musik"],"articleSection":["Kultur"],"inLanguage":"da-DK"},{"@type":"WebPage","@id":"https:\/\/kunmedierne.dk\/mors\/nytaarskoncert-flyttet-i-sidste-oejeblik\/","url":"https:\/\/kunmedierne.dk\/mors\/nytaarskoncert-flyttet-i-sidste-oejeblik\/","name":"Nyt\u00e5rskoncert flyttet i sidste \u00f8jeblik - Mors","isPartOf":{"@id":"https:\/\/kunmedierne.dk\/mors\/#website"},"datePublished":"2026-01-08T11:51:29+00:00","dateModified":"2026-01-08T12:05:06+00:00","breadcrumb":{"@id":"https:\/\/kunmedierne.dk\/mors\/nytaarskoncert-flyttet-i-sidste-oejeblik\/#breadcrumb"},"inLanguage":"da-DK","potentialAction":[{"@type":"ReadAction","target":["https:\/\/kunmedierne.dk\/mors\/nytaarskoncert-flyttet-i-sidste-oejeblik\/"]}]},{"@type":"BreadcrumbList","@id":"https:\/\/kunmedierne.dk\/mors\/nytaarskoncert-flyttet-i-sidste-oejeblik\/#breadcrumb","itemListElement":[{"@type":"ListItem","position":1,"name":"Hjem","item":"https:\/\/kunmedierne.dk\/mors\/"},{"@type":"ListItem","position":2,"name":"Nyt\u00e5rskoncert flyttet i sidste \u00f8jeblik"}]},{"@type":"WebSite","@id":"https:\/\/kunmedierne.dk\/mors\/#website","url":"https:\/\/kunmedierne.dk\/mors\/","name":"Mors","description":"et netmedie med journalistik om livet p\u00e5 Mors","publisher":{"@id":"https:\/\/kunmedierne.dk\/mors\/#organization"},"potentialAction":[{"@type":"SearchAction","target":{"@type":"EntryPoint","urlTemplate":"https:\/\/kunmedierne.dk\/mors\/?s={search_term_string}"},"query-input":{"@type":"PropertyValueSpecification","valueRequired":true,"valueName":"search_term_string"}}],"inLanguage":"da-DK"},{"@type":"Organization","@id":"https:\/\/kunmedierne.dk\/mors\/#organization","name":"Mors","url":"https:\/\/kunmedierne.dk\/mors\/","logo":{"@type":"ImageObject","inLanguage":"da-DK","@id":"https:\/\/kunmedierne.dk\/mors\/#\/schema\/logo\/image\/","url":"https:\/\/kunmedierne.dk\/mors\/wp-content\/uploads\/2024\/08\/kunmors-logo.svg","contentUrl":"https:\/\/kunmedierne.dk\/mors\/wp-content\/uploads\/2024\/08\/kunmors-logo.svg","caption":"Mors"},"image":{"@id":"https:\/\/kunmedierne.dk\/mors\/#\/schema\/logo\/image\/"}},{"@type":"Person","@id":"https:\/\/kunmedierne.dk\/mors\/#\/schema\/person\/5fe23251bf1d0abbcdc6f7896579d548","name":"David H\u00f8jmark","image":{"@type":"ImageObject","inLanguage":"da-DK","@id":"https:\/\/kunmedierne.dk\/mors\/#\/schema\/person\/image\/","url":"https:\/\/secure.gravatar.com\/avatar\/4315d6fb9ef244d729989f5f90268eb08d5bf8a3d84402f595fa194bb35784fd?s=96&d=mm&r=g","contentUrl":"https:\/\/secure.gravatar.com\/avatar\/4315d6fb9ef244d729989f5f90268eb08d5bf8a3d84402f595fa194bb35784fd?s=96&d=mm&r=g","caption":"David H\u00f8jmark"},"sameAs":["https:\/\/www.kunmedierne.dk"],"url":"https:\/\/kunmedierne.dk\/mors\/author\/david\/"}]}},"_links":{"self":[{"href":"https:\/\/kunmedierne.dk\/mors\/wp-json\/wp\/v2\/posts\/164977","targetHints":{"allow":["GET"]}}],"collection":[{"href":"https:\/\/kunmedierne.dk\/mors\/wp-json\/wp\/v2\/posts"}],"about":[{"href":"https:\/\/kunmedierne.dk\/mors\/wp-json\/wp\/v2\/types\/post"}],"author":[{"embeddable":true,"href":"https:\/\/kunmedierne.dk\/mors\/wp-json\/wp\/v2\/users\/8"}],"replies":[{"embeddable":true,"href":"https:\/\/kunmedierne.dk\/mors\/wp-json\/wp\/v2\/comments?post=164977"}],"version-history":[{"count":2,"href":"https:\/\/kunmedierne.dk\/mors\/wp-json\/wp\/v2\/posts\/164977\/revisions"}],"predecessor-version":[{"id":164980,"href":"https:\/\/kunmedierne.dk\/mors\/wp-json\/wp\/v2\/posts\/164977\/revisions\/164980"}],"wp:attachment":[{"href":"https:\/\/kunmedierne.dk\/mors\/wp-json\/wp\/v2\/media?parent=164977"}],"wp:term":[{"taxonomy":"category","embeddable":true,"href":"https:\/\/kunmedierne.dk\/mors\/wp-json\/wp\/v2\/categories?post=164977"},{"taxonomy":"post_tag","embeddable":true,"href":"https:\/\/kunmedierne.dk\/mors\/wp-json\/wp\/v2\/tags?post=164977"}],"curies":[{"name":"wp","href":"https:\/\/api.w.org\/{rel}","templated":true}]}}