{"id":164448,"date":"2025-12-31T16:57:42","date_gmt":"2025-12-31T15:57:42","guid":{"rendered":"https:\/\/kunmedierne.dk\/mors\/?p=164448"},"modified":"2026-01-02T11:46:02","modified_gmt":"2026-01-02T10:46:02","slug":"godt-nytaar-til-mors-vi-ses-igen-i-morgen","status":"publish","type":"post","link":"https:\/\/kunmedierne.dk\/mors\/godt-nytaar-til-mors-vi-ses-igen-i-morgen\/","title":{"rendered":"<span>Godt nyt\u00e5r til Mors: <\/span>Vi ses igen i morgen!"},"content":{"rendered":"<p><strong>MORS<\/strong>: Med \u00f8nsket om en gl\u00e6delig nyt\u00e5rsaften til alle takker vi for \u00e5ret, der n\u00e6sten er g\u00e5et og lukker redaktionen for resten af 2025.<\/p>\n<p>I januar fylder KunMors seks \u00e5r, og vi takker for interessen for det medie, der stadig vokser og f\u00e5r nye l\u00e6sere, som for en meget billig pris f\u00f8lger med i livet p\u00e5 Mors.<\/p>\n<a class=\"dvrt-link\" onClick=\"cdmtrack_click(104787,jQuery(this));return false\" href=\"https:\/\/www.jyskebank.dk\/kontakt\/afdelingsinfo?departmentid=11890\"><img decoding=\"async\" style=\"width:100%;\" src=\"https:\/\/kunmedierne.dk\/mors\/wp-content\/uploads\/2023\/10\/260325JyskeBankMorsNy-1.jpg\"><\/a><script>cdmtrack_view(104787);<\/script>\n<p>Vi gl\u00e6der os til at producere mange flere nyheder, reportager, portr\u00e6tter og meget andet vigtigt l\u00e6sestof om Mors og morsingboerne i 2026.<\/p>\n<p>Vi synes nemlig, at \u00f8en fortjener sit helt eget medie &#8211; et medie, udkommer alle \u00e5rets dage og kun handler om Mors.<\/p>\n<p>Godt nyt\u00e5r!<\/p>\n<blockquote>\n<h5>Hvis du ikke allerede har abonnement, kan du f\u00e5 det for mindre end to kroner om dagen <a href=\"https:\/\/kunmedierne.dk\/mors\/koeb-adgang\/\" target=\"_blank\" rel=\"noopener\">lige her.<\/a> Og p\u00e5 disse links kan du f\u00e5 et gratis indblik i, hvad der har hittet p\u00e5 KunMors i 2025: <a href=\"https:\/\/kunmedierne.dk\/mors\/januar-2025-et-borgermoede-med-udvandring-fra-borgerne-hittede-i-aarets-foerste-maaned\/\" target=\"_blank\" rel=\"noopener\">januar<\/a>, <a href=\"https:\/\/kunmedierne.dk\/mors\/februar-2025-kommunen-koebte-en-kolos-og-banede-vejen-for-stort-projekt\/\" target=\"_blank\" rel=\"noopener\">februar<\/a>, <a href=\"https:\/\/kunmedierne.dk\/mors\/marts-2025-lugt-i-sillerslev-politisk-udmelding-og-festlig-fejring-af-de-frivillige\/\" target=\"_blank\" rel=\"noopener\">marts<\/a>, <a href=\"https:\/\/kunmedierne.dk\/mors\/april-2025-flyvende-puch-handel-og-slagsmaal-om-raager-paa-golfbanen-blandt-maanedens-hoejdespringere\/\" target=\"_blank\" rel=\"noopener\">april<\/a>, <a href=\"https:\/\/kunmedierne.dk\/mors\/maj-2025-kartofler-og-jordbaer-stroeg-helt-til-tops\/\" target=\"_blank\" rel=\"noopener\">maj<\/a>, <a href=\"https:\/\/kunmedierne.dk\/mors\/juni-2025-ballade-om-herregaard-mere-om-jordbaer-og-palle-schou-toppede-interessen-i-foerste-sommermaaned\/\" target=\"_blank\" rel=\"noopener\">juni<\/a>, <a href=\"https:\/\/kunmedierne.dk\/mors\/juli-2025-mindeord-vinkonger-og-to-af-oeens-koebmaend\/\" target=\"_blank\" rel=\"noopener\">juli<\/a>, <a href=\"https:\/\/kunmedierne.dk\/mors\/august-2025-aeldre-sagen-slog-benny-nielsen\/\" target=\"_blank\" rel=\"noopener\">august<\/a>, <a href=\"https:\/\/kunmedierne.dk\/mors\/september-2025-mors-100-miles-stroeg-helt-til-tops\/\" target=\"_blank\" rel=\"noopener\">september<\/a>, <a href=\"https:\/\/kunmedierne.dk\/mors\/oktobner-2025-hvem-ejer-mest-jord-paa-mors\/\" target=\"_blank\" rel=\"noopener\">oktober<\/a>, <a href=\"https:\/\/kunmedierne.dk\/mors\/november-2025-valg-valg-valg-og-et-nyt-julemarked\/\" target=\"_blank\" rel=\"noopener\">november<\/a>, <a href=\"https:\/\/kunmedierne.dk\/mors\/december-2025-i-aarets-sidste-maaned-naaede-aage-brusgaard-og-hans-bror-helt-til-tops\/\" target=\"_blank\" rel=\"noopener\">december<\/a>.<\/h5>\n<\/blockquote>\n<p><img loading=\"lazy\" decoding=\"async\" class=\"alignright size-full wp-image-164449\" src=\"https:\/\/kunmedierne.dk\/mors\/wp-content\/uploads\/2025\/12\/godt-nytaar-1.jpg\" alt=\"\" width=\"1232\" height=\"821\" srcset=\"https:\/\/kunmedierne.dk\/mors\/wp-content\/uploads\/2025\/12\/godt-nytaar-1.jpg 1232w, https:\/\/kunmedierne.dk\/mors\/wp-content\/uploads\/2025\/12\/godt-nytaar-1-300x200.jpg 300w, https:\/\/kunmedierne.dk\/mors\/wp-content\/uploads\/2025\/12\/godt-nytaar-1-1024x682.jpg 1024w, https:\/\/kunmedierne.dk\/mors\/wp-content\/uploads\/2025\/12\/godt-nytaar-1-510x340.jpg 510w\" sizes=\"auto, (max-width: 1232px) 100vw, 1232px\" \/><\/p>\n<p>&nbsp;<\/p>\n","protected":false},"excerpt":{"rendered":"<p>MORS: Med \u00f8nsket om en gl\u00e6delig nyt\u00e5rsaften til alle takker vi for \u00e5ret, der n\u00e6sten er g\u00e5et og lukker redaktionen for resten af 2025. I januar fylder KunMors seks \u00e5r, og vi takker for interessen for det medie, der stadig vokser og f\u00e5r nye l\u00e6sere, som for en meget billig pris f\u00f8lger med i livet [&hellip;]<\/p>\n","protected":false},"author":996,"featured_media":0,"comment_status":"closed","ping_status":"closed","sticky":false,"template":"","format":"standard","meta":{"_acf_changed":false,"footnotes":""},"categories":[51],"tags":[],"class_list":["post-164448","post","type-post","status-publish","format-standard","hentry","category-lokalt"],"acf":[],"yoast_head":"<!-- This site is optimized with the Yoast SEO plugin v26.8 - https:\/\/yoast.com\/product\/yoast-seo-wordpress\/ -->\n<title>Godt nyt\u00e5r til Mors: Vi ses igen i morgen! - Mors<\/title>\n<meta name=\"robots\" content=\"index, follow, max-snippet:-1, max-image-preview:large, max-video-preview:-1\" \/>\n<link rel=\"canonical\" href=\"https:\/\/kunmedierne.dk\/mors\/godt-nytaar-til-mors-vi-ses-igen-i-morgen\/\" \/>\n<meta property=\"og:locale\" content=\"da_DK\" \/>\n<meta property=\"og:type\" content=\"article\" \/>\n<meta property=\"og:title\" content=\"Godt nyt\u00e5r til Mors: Vi ses igen i morgen! - Mors\" \/>\n<meta property=\"og:description\" content=\"MORS: Med \u00f8nsket om en gl\u00e6delig nyt\u00e5rsaften til alle takker vi for \u00e5ret, der n\u00e6sten er g\u00e5et og lukker redaktionen for resten af 2025. I januar fylder KunMors seks \u00e5r, og vi takker for interessen for det medie, der stadig vokser og f\u00e5r nye l\u00e6sere, som for en meget billig pris f\u00f8lger med i livet [&hellip;]\" \/>\n<meta property=\"og:url\" content=\"https:\/\/kunmedierne.dk\/mors\/godt-nytaar-til-mors-vi-ses-igen-i-morgen\/\" \/>\n<meta property=\"og:site_name\" content=\"Mors\" \/>\n<meta property=\"article:published_time\" content=\"2025-12-31T15:57:42+00:00\" \/>\n<meta property=\"article:modified_time\" content=\"2026-01-02T10:46:02+00:00\" \/>\n<meta property=\"og:image\" content=\"https:\/\/kunmedierne.dk\/mors\/wp-content\/uploads\/2025\/12\/godt-nytaar-1.jpg\" \/>\n<meta name=\"author\" content=\"kunmors\" \/>\n<meta name=\"twitter:card\" content=\"summary_large_image\" \/>\n<meta name=\"twitter:label1\" content=\"Skrevet af\" \/>\n\t<meta name=\"twitter:data1\" content=\"kunmors\" \/>\n\t<meta name=\"twitter:label2\" content=\"Estimeret l\u00e6setid\" \/>\n\t<meta name=\"twitter:data2\" content=\"1 minut\" \/>\n<script type=\"application\/ld+json\" class=\"yoast-schema-graph\">{\"@context\":\"https:\/\/schema.org\",\"@graph\":[{\"@type\":\"Article\",\"@id\":\"https:\/\/kunmedierne.dk\/mors\/godt-nytaar-til-mors-vi-ses-igen-i-morgen\/#article\",\"isPartOf\":{\"@id\":\"https:\/\/kunmedierne.dk\/mors\/godt-nytaar-til-mors-vi-ses-igen-i-morgen\/\"},\"author\":{\"name\":\"kunmors\",\"@id\":\"https:\/\/kunmedierne.dk\/mors\/#\/schema\/person\/976036941aeb67d7da24581e637f2ba5\"},\"headline\":\"Godt nyt\u00e5r til Mors: Vi ses igen i morgen!\",\"datePublished\":\"2025-12-31T15:57:42+00:00\",\"dateModified\":\"2026-01-02T10:46:02+00:00\",\"mainEntityOfPage\":{\"@id\":\"https:\/\/kunmedierne.dk\/mors\/godt-nytaar-til-mors-vi-ses-igen-i-morgen\/\"},\"wordCount\":174,\"publisher\":{\"@id\":\"https:\/\/kunmedierne.dk\/mors\/#organization\"},\"image\":{\"@id\":\"https:\/\/kunmedierne.dk\/mors\/godt-nytaar-til-mors-vi-ses-igen-i-morgen\/#primaryimage\"},\"thumbnailUrl\":\"https:\/\/kunmedierne.dk\/mors\/wp-content\/uploads\/2025\/12\/godt-nytaar-1.jpg\",\"articleSection\":[\"Lokalt\"],\"inLanguage\":\"da-DK\"},{\"@type\":\"WebPage\",\"@id\":\"https:\/\/kunmedierne.dk\/mors\/godt-nytaar-til-mors-vi-ses-igen-i-morgen\/\",\"url\":\"https:\/\/kunmedierne.dk\/mors\/godt-nytaar-til-mors-vi-ses-igen-i-morgen\/\",\"name\":\"Godt nyt\u00e5r til Mors: Vi ses igen i morgen! - Mors\",\"isPartOf\":{\"@id\":\"https:\/\/kunmedierne.dk\/mors\/#website\"},\"primaryImageOfPage\":{\"@id\":\"https:\/\/kunmedierne.dk\/mors\/godt-nytaar-til-mors-vi-ses-igen-i-morgen\/#primaryimage\"},\"image\":{\"@id\":\"https:\/\/kunmedierne.dk\/mors\/godt-nytaar-til-mors-vi-ses-igen-i-morgen\/#primaryimage\"},\"thumbnailUrl\":\"https:\/\/kunmedierne.dk\/mors\/wp-content\/uploads\/2025\/12\/godt-nytaar-1.jpg\",\"datePublished\":\"2025-12-31T15:57:42+00:00\",\"dateModified\":\"2026-01-02T10:46:02+00:00\",\"breadcrumb\":{\"@id\":\"https:\/\/kunmedierne.dk\/mors\/godt-nytaar-til-mors-vi-ses-igen-i-morgen\/#breadcrumb\"},\"inLanguage\":\"da-DK\",\"potentialAction\":[{\"@type\":\"ReadAction\",\"target\":[\"https:\/\/kunmedierne.dk\/mors\/godt-nytaar-til-mors-vi-ses-igen-i-morgen\/\"]}]},{\"@type\":\"ImageObject\",\"inLanguage\":\"da-DK\",\"@id\":\"https:\/\/kunmedierne.dk\/mors\/godt-nytaar-til-mors-vi-ses-igen-i-morgen\/#primaryimage\",\"url\":\"https:\/\/kunmedierne.dk\/mors\/wp-content\/uploads\/2025\/12\/godt-nytaar-1.jpg\",\"contentUrl\":\"https:\/\/kunmedierne.dk\/mors\/wp-content\/uploads\/2025\/12\/godt-nytaar-1.jpg\",\"width\":1232,\"height\":821},{\"@type\":\"BreadcrumbList\",\"@id\":\"https:\/\/kunmedierne.dk\/mors\/godt-nytaar-til-mors-vi-ses-igen-i-morgen\/#breadcrumb\",\"itemListElement\":[{\"@type\":\"ListItem\",\"position\":1,\"name\":\"Hjem\",\"item\":\"https:\/\/kunmedierne.dk\/mors\/\"},{\"@type\":\"ListItem\",\"position\":2,\"name\":\"Godt nyt\u00e5r til Mors: Vi ses igen i morgen!\"}]},{\"@type\":\"WebSite\",\"@id\":\"https:\/\/kunmedierne.dk\/mors\/#website\",\"url\":\"https:\/\/kunmedierne.dk\/mors\/\",\"name\":\"Mors\",\"description\":\"et netmedie med journalistik om livet p\u00e5 Mors\",\"publisher\":{\"@id\":\"https:\/\/kunmedierne.dk\/mors\/#organization\"},\"potentialAction\":[{\"@type\":\"SearchAction\",\"target\":{\"@type\":\"EntryPoint\",\"urlTemplate\":\"https:\/\/kunmedierne.dk\/mors\/?s={search_term_string}\"},\"query-input\":{\"@type\":\"PropertyValueSpecification\",\"valueRequired\":true,\"valueName\":\"search_term_string\"}}],\"inLanguage\":\"da-DK\"},{\"@type\":\"Organization\",\"@id\":\"https:\/\/kunmedierne.dk\/mors\/#organization\",\"name\":\"Mors\",\"url\":\"https:\/\/kunmedierne.dk\/mors\/\",\"logo\":{\"@type\":\"ImageObject\",\"inLanguage\":\"da-DK\",\"@id\":\"https:\/\/kunmedierne.dk\/mors\/#\/schema\/logo\/image\/\",\"url\":\"https:\/\/kunmedierne.dk\/mors\/wp-content\/uploads\/2024\/08\/kunmors-logo.svg\",\"contentUrl\":\"https:\/\/kunmedierne.dk\/mors\/wp-content\/uploads\/2024\/08\/kunmors-logo.svg\",\"caption\":\"Mors\"},\"image\":{\"@id\":\"https:\/\/kunmedierne.dk\/mors\/#\/schema\/logo\/image\/\"}},{\"@type\":\"Person\",\"@id\":\"https:\/\/kunmedierne.dk\/mors\/#\/schema\/person\/976036941aeb67d7da24581e637f2ba5\",\"name\":\"kunmors\",\"image\":{\"@type\":\"ImageObject\",\"inLanguage\":\"da-DK\",\"@id\":\"https:\/\/kunmedierne.dk\/mors\/#\/schema\/person\/image\/\",\"url\":\"https:\/\/secure.gravatar.com\/avatar\/863719231c0bdf22d6b517d97f14a1b3d1b324f1e7076c165656d591ff8cece4?s=96&d=mm&r=g\",\"contentUrl\":\"https:\/\/secure.gravatar.com\/avatar\/863719231c0bdf22d6b517d97f14a1b3d1b324f1e7076c165656d591ff8cece4?s=96&d=mm&r=g\",\"caption\":\"kunmors\"},\"url\":\"https:\/\/kunmedierne.dk\/mors\/author\/kunmors\/\"}]}<\/script>\n<!-- \/ Yoast SEO plugin. -->","yoast_head_json":{"title":"Godt nyt\u00e5r til Mors: Vi ses igen i morgen! - Mors","robots":{"index":"index","follow":"follow","max-snippet":"max-snippet:-1","max-image-preview":"max-image-preview:large","max-video-preview":"max-video-preview:-1"},"canonical":"https:\/\/kunmedierne.dk\/mors\/godt-nytaar-til-mors-vi-ses-igen-i-morgen\/","og_locale":"da_DK","og_type":"article","og_title":"Godt nyt\u00e5r til Mors: Vi ses igen i morgen! - Mors","og_description":"MORS: Med \u00f8nsket om en gl\u00e6delig nyt\u00e5rsaften til alle takker vi for \u00e5ret, der n\u00e6sten er g\u00e5et og lukker redaktionen for resten af 2025. I januar fylder KunMors seks \u00e5r, og vi takker for interessen for det medie, der stadig vokser og f\u00e5r nye l\u00e6sere, som for en meget billig pris f\u00f8lger med i livet [&hellip;]","og_url":"https:\/\/kunmedierne.dk\/mors\/godt-nytaar-til-mors-vi-ses-igen-i-morgen\/","og_site_name":"Mors","article_published_time":"2025-12-31T15:57:42+00:00","article_modified_time":"2026-01-02T10:46:02+00:00","og_image":[{"url":"https:\/\/kunmedierne.dk\/mors\/wp-content\/uploads\/2025\/12\/godt-nytaar-1.jpg","type":"","width":"","height":""}],"author":"kunmors","twitter_card":"summary_large_image","twitter_misc":{"Skrevet af":"kunmors","Estimeret l\u00e6setid":"1 minut"},"schema":{"@context":"https:\/\/schema.org","@graph":[{"@type":"Article","@id":"https:\/\/kunmedierne.dk\/mors\/godt-nytaar-til-mors-vi-ses-igen-i-morgen\/#article","isPartOf":{"@id":"https:\/\/kunmedierne.dk\/mors\/godt-nytaar-til-mors-vi-ses-igen-i-morgen\/"},"author":{"name":"kunmors","@id":"https:\/\/kunmedierne.dk\/mors\/#\/schema\/person\/976036941aeb67d7da24581e637f2ba5"},"headline":"Godt nyt\u00e5r til Mors: Vi ses igen i morgen!","datePublished":"2025-12-31T15:57:42+00:00","dateModified":"2026-01-02T10:46:02+00:00","mainEntityOfPage":{"@id":"https:\/\/kunmedierne.dk\/mors\/godt-nytaar-til-mors-vi-ses-igen-i-morgen\/"},"wordCount":174,"publisher":{"@id":"https:\/\/kunmedierne.dk\/mors\/#organization"},"image":{"@id":"https:\/\/kunmedierne.dk\/mors\/godt-nytaar-til-mors-vi-ses-igen-i-morgen\/#primaryimage"},"thumbnailUrl":"https:\/\/kunmedierne.dk\/mors\/wp-content\/uploads\/2025\/12\/godt-nytaar-1.jpg","articleSection":["Lokalt"],"inLanguage":"da-DK"},{"@type":"WebPage","@id":"https:\/\/kunmedierne.dk\/mors\/godt-nytaar-til-mors-vi-ses-igen-i-morgen\/","url":"https:\/\/kunmedierne.dk\/mors\/godt-nytaar-til-mors-vi-ses-igen-i-morgen\/","name":"Godt nyt\u00e5r til Mors: Vi ses igen i morgen! - Mors","isPartOf":{"@id":"https:\/\/kunmedierne.dk\/mors\/#website"},"primaryImageOfPage":{"@id":"https:\/\/kunmedierne.dk\/mors\/godt-nytaar-til-mors-vi-ses-igen-i-morgen\/#primaryimage"},"image":{"@id":"https:\/\/kunmedierne.dk\/mors\/godt-nytaar-til-mors-vi-ses-igen-i-morgen\/#primaryimage"},"thumbnailUrl":"https:\/\/kunmedierne.dk\/mors\/wp-content\/uploads\/2025\/12\/godt-nytaar-1.jpg","datePublished":"2025-12-31T15:57:42+00:00","dateModified":"2026-01-02T10:46:02+00:00","breadcrumb":{"@id":"https:\/\/kunmedierne.dk\/mors\/godt-nytaar-til-mors-vi-ses-igen-i-morgen\/#breadcrumb"},"inLanguage":"da-DK","potentialAction":[{"@type":"ReadAction","target":["https:\/\/kunmedierne.dk\/mors\/godt-nytaar-til-mors-vi-ses-igen-i-morgen\/"]}]},{"@type":"ImageObject","inLanguage":"da-DK","@id":"https:\/\/kunmedierne.dk\/mors\/godt-nytaar-til-mors-vi-ses-igen-i-morgen\/#primaryimage","url":"https:\/\/kunmedierne.dk\/mors\/wp-content\/uploads\/2025\/12\/godt-nytaar-1.jpg","contentUrl":"https:\/\/kunmedierne.dk\/mors\/wp-content\/uploads\/2025\/12\/godt-nytaar-1.jpg","width":1232,"height":821},{"@type":"BreadcrumbList","@id":"https:\/\/kunmedierne.dk\/mors\/godt-nytaar-til-mors-vi-ses-igen-i-morgen\/#breadcrumb","itemListElement":[{"@type":"ListItem","position":1,"name":"Hjem","item":"https:\/\/kunmedierne.dk\/mors\/"},{"@type":"ListItem","position":2,"name":"Godt nyt\u00e5r til Mors: Vi ses igen i morgen!"}]},{"@type":"WebSite","@id":"https:\/\/kunmedierne.dk\/mors\/#website","url":"https:\/\/kunmedierne.dk\/mors\/","name":"Mors","description":"et netmedie med journalistik om livet p\u00e5 Mors","publisher":{"@id":"https:\/\/kunmedierne.dk\/mors\/#organization"},"potentialAction":[{"@type":"SearchAction","target":{"@type":"EntryPoint","urlTemplate":"https:\/\/kunmedierne.dk\/mors\/?s={search_term_string}"},"query-input":{"@type":"PropertyValueSpecification","valueRequired":true,"valueName":"search_term_string"}}],"inLanguage":"da-DK"},{"@type":"Organization","@id":"https:\/\/kunmedierne.dk\/mors\/#organization","name":"Mors","url":"https:\/\/kunmedierne.dk\/mors\/","logo":{"@type":"ImageObject","inLanguage":"da-DK","@id":"https:\/\/kunmedierne.dk\/mors\/#\/schema\/logo\/image\/","url":"https:\/\/kunmedierne.dk\/mors\/wp-content\/uploads\/2024\/08\/kunmors-logo.svg","contentUrl":"https:\/\/kunmedierne.dk\/mors\/wp-content\/uploads\/2024\/08\/kunmors-logo.svg","caption":"Mors"},"image":{"@id":"https:\/\/kunmedierne.dk\/mors\/#\/schema\/logo\/image\/"}},{"@type":"Person","@id":"https:\/\/kunmedierne.dk\/mors\/#\/schema\/person\/976036941aeb67d7da24581e637f2ba5","name":"kunmors","image":{"@type":"ImageObject","inLanguage":"da-DK","@id":"https:\/\/kunmedierne.dk\/mors\/#\/schema\/person\/image\/","url":"https:\/\/secure.gravatar.com\/avatar\/863719231c0bdf22d6b517d97f14a1b3d1b324f1e7076c165656d591ff8cece4?s=96&d=mm&r=g","contentUrl":"https:\/\/secure.gravatar.com\/avatar\/863719231c0bdf22d6b517d97f14a1b3d1b324f1e7076c165656d591ff8cece4?s=96&d=mm&r=g","caption":"kunmors"},"url":"https:\/\/kunmedierne.dk\/mors\/author\/kunmors\/"}]}},"_links":{"self":[{"href":"https:\/\/kunmedierne.dk\/mors\/wp-json\/wp\/v2\/posts\/164448","targetHints":{"allow":["GET"]}}],"collection":[{"href":"https:\/\/kunmedierne.dk\/mors\/wp-json\/wp\/v2\/posts"}],"about":[{"href":"https:\/\/kunmedierne.dk\/mors\/wp-json\/wp\/v2\/types\/post"}],"author":[{"embeddable":true,"href":"https:\/\/kunmedierne.dk\/mors\/wp-json\/wp\/v2\/users\/996"}],"replies":[{"embeddable":true,"href":"https:\/\/kunmedierne.dk\/mors\/wp-json\/wp\/v2\/comments?post=164448"}],"version-history":[{"count":5,"href":"https:\/\/kunmedierne.dk\/mors\/wp-json\/wp\/v2\/posts\/164448\/revisions"}],"predecessor-version":[{"id":164558,"href":"https:\/\/kunmedierne.dk\/mors\/wp-json\/wp\/v2\/posts\/164448\/revisions\/164558"}],"wp:attachment":[{"href":"https:\/\/kunmedierne.dk\/mors\/wp-json\/wp\/v2\/media?parent=164448"}],"wp:term":[{"taxonomy":"category","embeddable":true,"href":"https:\/\/kunmedierne.dk\/mors\/wp-json\/wp\/v2\/categories?post=164448"},{"taxonomy":"post_tag","embeddable":true,"href":"https:\/\/kunmedierne.dk\/mors\/wp-json\/wp\/v2\/tags?post=164448"}],"curies":[{"name":"wp","href":"https:\/\/api.w.org\/{rel}","templated":true}]}}