{"id":164438,"date":"2025-12-31T14:05:35","date_gmt":"2025-12-31T13:05:35","guid":{"rendered":"https:\/\/kunmedierne.dk\/mors\/?p=164438"},"modified":"2025-12-31T14:09:25","modified_gmt":"2025-12-31T13:09:25","slug":"oktobner-2025-hvem-ejer-mest-jord-paa-mors","status":"publish","type":"post","link":"https:\/\/kunmedierne.dk\/mors\/oktobner-2025-hvem-ejer-mest-jord-paa-mors\/","title":{"rendered":"<span>Oktobner 2025: <\/span>Hvem ejer mest jord p\u00e5 Mors?"},"content":{"rendered":"<p><strong>MORS<\/strong>: Hvem er manden bag den st\u00f8rste besiddelse af jord p\u00e5 Mors?<\/p>\n<p>Det sp\u00f8rgsm\u00e5l vil mange morsingboer gerne have svar p\u00e5, s\u00e5 det er godt, at Mors har et medie, der har m\u00f8dt ham. I oktober bes\u00f8gte KunMors S\u00f8ren Rasmussen i Hobro, og det kom der en artikel ud af, som blev m\u00e5nedens suver\u00e6nt mest l\u00e6ste p\u00e5 \u00f8ens eget medie.<\/p>\n<p>Der var ellers nok at interessere sig for, og at et kommunalvalg var lige om hj\u00f8rnet, var tydeligt, da et l\u00e6serbrev om et af valgkampens st\u00f8rste emner blev tredjemest l\u00e6st i oktober, mens en udmelding fra kommunalbestyrelsen om samme emne ogs\u00e5 kom i Top 5.<\/p>\n<a class=\"dvrt-link\" onClick=\"cdmtrack_click(104781,jQuery(this));return false\" href=\"https:\/\/www.fmspks.dk\/\"><img decoding=\"async\" style=\"width:100%;\" src=\"https:\/\/kunmedierne.dk\/mors\/wp-content\/uploads\/2022\/02\/vip-froeslev-mollerup-sparekasse.jpg\"><\/a><script>cdmtrack_view(104781);<\/script>\n<p>Herunder har du Top 5 for oktober 2025. Har du endnu ikke abonnement, kan vi garantere dig meget mere l\u00e6sestof om Mors igen i 2026, hvis du k\u00f8ber adgang ved at <a href=\"https:\/\/kunmedierne.dk\/mors\/koeb-adgang\/\" target=\"_blank\" rel=\"noopener\">klikke her<\/a>. K\u00f8ber du abonnement for et \u00e5r, er prisen mindre end to kroner om dagen.<\/p>\n<p>Du kan ogs\u00e5 give et abonnement til en ven &#8211; nemt og hurtigt ved at <a href=\"https:\/\/kunmedierne.dk\/mors\/gaveabonnement\/\" target=\"_blank\" rel=\"noopener\">klikke her<\/a>.<\/p>\n<blockquote>\n<h3>Mest l\u00e6ste artikler i oktober:<\/h3>\n<h5>1) <a href=\"https:\/\/kunmedierne.dk\/mors\/han-bor-i-hobro-men-ejer-mere-jord-paa-mors-og-i-thy-end-nogen-anden-privatperson\/\">Han bor i Hobro \u2013 men ejer mere jord p\u00e5 Mors og i Thy end nogen anden privatperson<\/a><\/h5>\n<h5>2) <a href=\"https:\/\/kunmedierne.dk\/mors\/det-gaar-staerkt-landejendomme-skifter-haender-paa-mors-og-i-thy\/\">Det g\u00e5r st\u00e6rkt: Landejendomme skifter h\u00e6nder p\u00e5 Mors og i Thy<\/a><\/h5>\n<h5>3) <a href=\"https:\/\/kunmedierne.dk\/mors\/laeserbrev-12-aar-med-skyklapper-hvor-blev-trivslen-af-i-morsoe-kommune\/\">L\u00e6serbrev: 12 \u00e5r med skyklapper \u2013 hvor blev trivslen af i Mors\u00f8 Kommune?<\/a><\/h5>\n<h5>4) <a href=\"https:\/\/kunmedierne.dk\/mors\/nu-bliver-cafe-sillerslevhavn-revet-ned-og-genopstaar-som-sillerslev-havnehus\/\">Nu bliver Caf\u00e9 Sillerslevhavn revet ned \u2013 og genopst\u00e5r som Sillerslev Havnehus<\/a><\/h5>\n<h5>5) <a href=\"https:\/\/kunmedierne.dk\/mors\/faelles-udmelding-fra-kommunalbestyrelsen-om-undersoegeles-af-familieafdelingen\/\">F\u00e6lles udmelding fra kommunalbestyrelsen om unders\u00f8gelse af familieafdelingen<\/a><\/h5>\n<h5>(Artikler om 112-stof er frasorteret)<\/h5>\n<\/blockquote>\n<p><img loading=\"lazy\" decoding=\"async\" class=\"alignright size-full wp-image-146781\" src=\"https:\/\/kunmedierne.dk\/mors\/wp-content\/uploads\/2025\/05\/pris.jpg\" alt=\"\" width=\"1100\" height=\"922\" srcset=\"https:\/\/kunmedierne.dk\/mors\/wp-content\/uploads\/2025\/05\/pris.jpg 1100w, https:\/\/kunmedierne.dk\/mors\/wp-content\/uploads\/2025\/05\/pris-300x251.jpg 300w, https:\/\/kunmedierne.dk\/mors\/wp-content\/uploads\/2025\/05\/pris-1024x858.jpg 1024w, https:\/\/kunmedierne.dk\/mors\/wp-content\/uploads\/2025\/05\/pris-510x427.jpg 510w\" sizes=\"auto, (max-width: 1100px) 100vw, 1100px\" \/><\/p>\n","protected":false},"excerpt":{"rendered":"<p>MORS: Hvem er manden bag den st\u00f8rste besiddelse af jord p\u00e5 Mors? Det sp\u00f8rgsm\u00e5l vil mange morsingboer gerne have svar p\u00e5, s\u00e5 det er godt, at Mors har et medie, der har m\u00f8dt ham. I oktober bes\u00f8gte KunMors S\u00f8ren Rasmussen i Hobro, og det kom der en artikel ud af, som blev m\u00e5nedens suver\u00e6nt mest [&hellip;]<\/p>\n","protected":false},"author":8,"featured_media":0,"comment_status":"closed","ping_status":"closed","sticky":false,"template":"","format":"standard","meta":{"_acf_changed":false,"footnotes":""},"categories":[51],"tags":[],"class_list":["post-164438","post","type-post","status-publish","format-standard","hentry","category-lokalt"],"acf":[],"yoast_head":"<!-- This site is optimized with the Yoast SEO plugin v26.8 - https:\/\/yoast.com\/product\/yoast-seo-wordpress\/ -->\n<title>Oktobner 2025: Hvem ejer mest jord p\u00e5 Mors? - Mors<\/title>\n<meta name=\"robots\" content=\"index, follow, max-snippet:-1, max-image-preview:large, max-video-preview:-1\" \/>\n<link rel=\"canonical\" href=\"https:\/\/kunmedierne.dk\/mors\/oktobner-2025-hvem-ejer-mest-jord-paa-mors\/\" \/>\n<meta property=\"og:locale\" content=\"da_DK\" \/>\n<meta property=\"og:type\" content=\"article\" \/>\n<meta property=\"og:title\" content=\"Oktobner 2025: Hvem ejer mest jord p\u00e5 Mors? - Mors\" \/>\n<meta property=\"og:description\" content=\"MORS: Hvem er manden bag den st\u00f8rste besiddelse af jord p\u00e5 Mors? Det sp\u00f8rgsm\u00e5l vil mange morsingboer gerne have svar p\u00e5, s\u00e5 det er godt, at Mors har et medie, der har m\u00f8dt ham. I oktober bes\u00f8gte KunMors S\u00f8ren Rasmussen i Hobro, og det kom der en artikel ud af, som blev m\u00e5nedens suver\u00e6nt mest [&hellip;]\" \/>\n<meta property=\"og:url\" content=\"https:\/\/kunmedierne.dk\/mors\/oktobner-2025-hvem-ejer-mest-jord-paa-mors\/\" \/>\n<meta property=\"og:site_name\" content=\"Mors\" \/>\n<meta property=\"article:published_time\" content=\"2025-12-31T13:05:35+00:00\" \/>\n<meta property=\"article:modified_time\" content=\"2025-12-31T13:09:25+00:00\" \/>\n<meta property=\"og:image\" content=\"https:\/\/kunmedierne.dk\/mors\/wp-content\/uploads\/2025\/05\/pris.jpg\" \/>\n<meta name=\"author\" content=\"David H\u00f8jmark\" \/>\n<meta name=\"twitter:card\" content=\"summary_large_image\" \/>\n<meta name=\"twitter:label1\" content=\"Skrevet af\" \/>\n\t<meta name=\"twitter:data1\" content=\"David H\u00f8jmark\" \/>\n\t<meta name=\"twitter:label2\" content=\"Estimeret l\u00e6setid\" \/>\n\t<meta name=\"twitter:data2\" content=\"2 minutter\" \/>\n<script type=\"application\/ld+json\" class=\"yoast-schema-graph\">{\"@context\":\"https:\/\/schema.org\",\"@graph\":[{\"@type\":\"Article\",\"@id\":\"https:\/\/kunmedierne.dk\/mors\/oktobner-2025-hvem-ejer-mest-jord-paa-mors\/#article\",\"isPartOf\":{\"@id\":\"https:\/\/kunmedierne.dk\/mors\/oktobner-2025-hvem-ejer-mest-jord-paa-mors\/\"},\"author\":{\"name\":\"David H\u00f8jmark\",\"@id\":\"https:\/\/kunmedierne.dk\/mors\/#\/schema\/person\/5fe23251bf1d0abbcdc6f7896579d548\"},\"headline\":\"Oktobner 2025: Hvem ejer mest jord p\u00e5 Mors?\",\"datePublished\":\"2025-12-31T13:05:35+00:00\",\"dateModified\":\"2025-12-31T13:09:25+00:00\",\"mainEntityOfPage\":{\"@id\":\"https:\/\/kunmedierne.dk\/mors\/oktobner-2025-hvem-ejer-mest-jord-paa-mors\/\"},\"wordCount\":266,\"publisher\":{\"@id\":\"https:\/\/kunmedierne.dk\/mors\/#organization\"},\"image\":{\"@id\":\"https:\/\/kunmedierne.dk\/mors\/oktobner-2025-hvem-ejer-mest-jord-paa-mors\/#primaryimage\"},\"thumbnailUrl\":\"https:\/\/kunmedierne.dk\/mors\/wp-content\/uploads\/2025\/05\/pris.jpg\",\"articleSection\":[\"Lokalt\"],\"inLanguage\":\"da-DK\"},{\"@type\":\"WebPage\",\"@id\":\"https:\/\/kunmedierne.dk\/mors\/oktobner-2025-hvem-ejer-mest-jord-paa-mors\/\",\"url\":\"https:\/\/kunmedierne.dk\/mors\/oktobner-2025-hvem-ejer-mest-jord-paa-mors\/\",\"name\":\"Oktobner 2025: Hvem ejer mest jord p\u00e5 Mors? - Mors\",\"isPartOf\":{\"@id\":\"https:\/\/kunmedierne.dk\/mors\/#website\"},\"primaryImageOfPage\":{\"@id\":\"https:\/\/kunmedierne.dk\/mors\/oktobner-2025-hvem-ejer-mest-jord-paa-mors\/#primaryimage\"},\"image\":{\"@id\":\"https:\/\/kunmedierne.dk\/mors\/oktobner-2025-hvem-ejer-mest-jord-paa-mors\/#primaryimage\"},\"thumbnailUrl\":\"https:\/\/kunmedierne.dk\/mors\/wp-content\/uploads\/2025\/05\/pris.jpg\",\"datePublished\":\"2025-12-31T13:05:35+00:00\",\"dateModified\":\"2025-12-31T13:09:25+00:00\",\"breadcrumb\":{\"@id\":\"https:\/\/kunmedierne.dk\/mors\/oktobner-2025-hvem-ejer-mest-jord-paa-mors\/#breadcrumb\"},\"inLanguage\":\"da-DK\",\"potentialAction\":[{\"@type\":\"ReadAction\",\"target\":[\"https:\/\/kunmedierne.dk\/mors\/oktobner-2025-hvem-ejer-mest-jord-paa-mors\/\"]}]},{\"@type\":\"ImageObject\",\"inLanguage\":\"da-DK\",\"@id\":\"https:\/\/kunmedierne.dk\/mors\/oktobner-2025-hvem-ejer-mest-jord-paa-mors\/#primaryimage\",\"url\":\"https:\/\/kunmedierne.dk\/mors\/wp-content\/uploads\/2025\/05\/pris.jpg\",\"contentUrl\":\"https:\/\/kunmedierne.dk\/mors\/wp-content\/uploads\/2025\/05\/pris.jpg\",\"width\":1100,\"height\":922},{\"@type\":\"BreadcrumbList\",\"@id\":\"https:\/\/kunmedierne.dk\/mors\/oktobner-2025-hvem-ejer-mest-jord-paa-mors\/#breadcrumb\",\"itemListElement\":[{\"@type\":\"ListItem\",\"position\":1,\"name\":\"Hjem\",\"item\":\"https:\/\/kunmedierne.dk\/mors\/\"},{\"@type\":\"ListItem\",\"position\":2,\"name\":\"Oktobner 2025: Hvem ejer mest jord p\u00e5 Mors?\"}]},{\"@type\":\"WebSite\",\"@id\":\"https:\/\/kunmedierne.dk\/mors\/#website\",\"url\":\"https:\/\/kunmedierne.dk\/mors\/\",\"name\":\"Mors\",\"description\":\"et netmedie med journalistik om livet p\u00e5 Mors\",\"publisher\":{\"@id\":\"https:\/\/kunmedierne.dk\/mors\/#organization\"},\"potentialAction\":[{\"@type\":\"SearchAction\",\"target\":{\"@type\":\"EntryPoint\",\"urlTemplate\":\"https:\/\/kunmedierne.dk\/mors\/?s={search_term_string}\"},\"query-input\":{\"@type\":\"PropertyValueSpecification\",\"valueRequired\":true,\"valueName\":\"search_term_string\"}}],\"inLanguage\":\"da-DK\"},{\"@type\":\"Organization\",\"@id\":\"https:\/\/kunmedierne.dk\/mors\/#organization\",\"name\":\"Mors\",\"url\":\"https:\/\/kunmedierne.dk\/mors\/\",\"logo\":{\"@type\":\"ImageObject\",\"inLanguage\":\"da-DK\",\"@id\":\"https:\/\/kunmedierne.dk\/mors\/#\/schema\/logo\/image\/\",\"url\":\"https:\/\/kunmedierne.dk\/mors\/wp-content\/uploads\/2024\/08\/kunmors-logo.svg\",\"contentUrl\":\"https:\/\/kunmedierne.dk\/mors\/wp-content\/uploads\/2024\/08\/kunmors-logo.svg\",\"caption\":\"Mors\"},\"image\":{\"@id\":\"https:\/\/kunmedierne.dk\/mors\/#\/schema\/logo\/image\/\"}},{\"@type\":\"Person\",\"@id\":\"https:\/\/kunmedierne.dk\/mors\/#\/schema\/person\/5fe23251bf1d0abbcdc6f7896579d548\",\"name\":\"David H\u00f8jmark\",\"image\":{\"@type\":\"ImageObject\",\"inLanguage\":\"da-DK\",\"@id\":\"https:\/\/kunmedierne.dk\/mors\/#\/schema\/person\/image\/\",\"url\":\"https:\/\/secure.gravatar.com\/avatar\/4315d6fb9ef244d729989f5f90268eb08d5bf8a3d84402f595fa194bb35784fd?s=96&d=mm&r=g\",\"contentUrl\":\"https:\/\/secure.gravatar.com\/avatar\/4315d6fb9ef244d729989f5f90268eb08d5bf8a3d84402f595fa194bb35784fd?s=96&d=mm&r=g\",\"caption\":\"David H\u00f8jmark\"},\"sameAs\":[\"https:\/\/www.kunmedierne.dk\"],\"url\":\"https:\/\/kunmedierne.dk\/mors\/author\/david\/\"}]}<\/script>\n<!-- \/ Yoast SEO plugin. -->","yoast_head_json":{"title":"Oktobner 2025: Hvem ejer mest jord p\u00e5 Mors? - Mors","robots":{"index":"index","follow":"follow","max-snippet":"max-snippet:-1","max-image-preview":"max-image-preview:large","max-video-preview":"max-video-preview:-1"},"canonical":"https:\/\/kunmedierne.dk\/mors\/oktobner-2025-hvem-ejer-mest-jord-paa-mors\/","og_locale":"da_DK","og_type":"article","og_title":"Oktobner 2025: Hvem ejer mest jord p\u00e5 Mors? - Mors","og_description":"MORS: Hvem er manden bag den st\u00f8rste besiddelse af jord p\u00e5 Mors? Det sp\u00f8rgsm\u00e5l vil mange morsingboer gerne have svar p\u00e5, s\u00e5 det er godt, at Mors har et medie, der har m\u00f8dt ham. I oktober bes\u00f8gte KunMors S\u00f8ren Rasmussen i Hobro, og det kom der en artikel ud af, som blev m\u00e5nedens suver\u00e6nt mest [&hellip;]","og_url":"https:\/\/kunmedierne.dk\/mors\/oktobner-2025-hvem-ejer-mest-jord-paa-mors\/","og_site_name":"Mors","article_published_time":"2025-12-31T13:05:35+00:00","article_modified_time":"2025-12-31T13:09:25+00:00","og_image":[{"url":"https:\/\/kunmedierne.dk\/mors\/wp-content\/uploads\/2025\/05\/pris.jpg","type":"","width":"","height":""}],"author":"David H\u00f8jmark","twitter_card":"summary_large_image","twitter_misc":{"Skrevet af":"David H\u00f8jmark","Estimeret l\u00e6setid":"2 minutter"},"schema":{"@context":"https:\/\/schema.org","@graph":[{"@type":"Article","@id":"https:\/\/kunmedierne.dk\/mors\/oktobner-2025-hvem-ejer-mest-jord-paa-mors\/#article","isPartOf":{"@id":"https:\/\/kunmedierne.dk\/mors\/oktobner-2025-hvem-ejer-mest-jord-paa-mors\/"},"author":{"name":"David H\u00f8jmark","@id":"https:\/\/kunmedierne.dk\/mors\/#\/schema\/person\/5fe23251bf1d0abbcdc6f7896579d548"},"headline":"Oktobner 2025: Hvem ejer mest jord p\u00e5 Mors?","datePublished":"2025-12-31T13:05:35+00:00","dateModified":"2025-12-31T13:09:25+00:00","mainEntityOfPage":{"@id":"https:\/\/kunmedierne.dk\/mors\/oktobner-2025-hvem-ejer-mest-jord-paa-mors\/"},"wordCount":266,"publisher":{"@id":"https:\/\/kunmedierne.dk\/mors\/#organization"},"image":{"@id":"https:\/\/kunmedierne.dk\/mors\/oktobner-2025-hvem-ejer-mest-jord-paa-mors\/#primaryimage"},"thumbnailUrl":"https:\/\/kunmedierne.dk\/mors\/wp-content\/uploads\/2025\/05\/pris.jpg","articleSection":["Lokalt"],"inLanguage":"da-DK"},{"@type":"WebPage","@id":"https:\/\/kunmedierne.dk\/mors\/oktobner-2025-hvem-ejer-mest-jord-paa-mors\/","url":"https:\/\/kunmedierne.dk\/mors\/oktobner-2025-hvem-ejer-mest-jord-paa-mors\/","name":"Oktobner 2025: Hvem ejer mest jord p\u00e5 Mors? - Mors","isPartOf":{"@id":"https:\/\/kunmedierne.dk\/mors\/#website"},"primaryImageOfPage":{"@id":"https:\/\/kunmedierne.dk\/mors\/oktobner-2025-hvem-ejer-mest-jord-paa-mors\/#primaryimage"},"image":{"@id":"https:\/\/kunmedierne.dk\/mors\/oktobner-2025-hvem-ejer-mest-jord-paa-mors\/#primaryimage"},"thumbnailUrl":"https:\/\/kunmedierne.dk\/mors\/wp-content\/uploads\/2025\/05\/pris.jpg","datePublished":"2025-12-31T13:05:35+00:00","dateModified":"2025-12-31T13:09:25+00:00","breadcrumb":{"@id":"https:\/\/kunmedierne.dk\/mors\/oktobner-2025-hvem-ejer-mest-jord-paa-mors\/#breadcrumb"},"inLanguage":"da-DK","potentialAction":[{"@type":"ReadAction","target":["https:\/\/kunmedierne.dk\/mors\/oktobner-2025-hvem-ejer-mest-jord-paa-mors\/"]}]},{"@type":"ImageObject","inLanguage":"da-DK","@id":"https:\/\/kunmedierne.dk\/mors\/oktobner-2025-hvem-ejer-mest-jord-paa-mors\/#primaryimage","url":"https:\/\/kunmedierne.dk\/mors\/wp-content\/uploads\/2025\/05\/pris.jpg","contentUrl":"https:\/\/kunmedierne.dk\/mors\/wp-content\/uploads\/2025\/05\/pris.jpg","width":1100,"height":922},{"@type":"BreadcrumbList","@id":"https:\/\/kunmedierne.dk\/mors\/oktobner-2025-hvem-ejer-mest-jord-paa-mors\/#breadcrumb","itemListElement":[{"@type":"ListItem","position":1,"name":"Hjem","item":"https:\/\/kunmedierne.dk\/mors\/"},{"@type":"ListItem","position":2,"name":"Oktobner 2025: Hvem ejer mest jord p\u00e5 Mors?"}]},{"@type":"WebSite","@id":"https:\/\/kunmedierne.dk\/mors\/#website","url":"https:\/\/kunmedierne.dk\/mors\/","name":"Mors","description":"et netmedie med journalistik om livet p\u00e5 Mors","publisher":{"@id":"https:\/\/kunmedierne.dk\/mors\/#organization"},"potentialAction":[{"@type":"SearchAction","target":{"@type":"EntryPoint","urlTemplate":"https:\/\/kunmedierne.dk\/mors\/?s={search_term_string}"},"query-input":{"@type":"PropertyValueSpecification","valueRequired":true,"valueName":"search_term_string"}}],"inLanguage":"da-DK"},{"@type":"Organization","@id":"https:\/\/kunmedierne.dk\/mors\/#organization","name":"Mors","url":"https:\/\/kunmedierne.dk\/mors\/","logo":{"@type":"ImageObject","inLanguage":"da-DK","@id":"https:\/\/kunmedierne.dk\/mors\/#\/schema\/logo\/image\/","url":"https:\/\/kunmedierne.dk\/mors\/wp-content\/uploads\/2024\/08\/kunmors-logo.svg","contentUrl":"https:\/\/kunmedierne.dk\/mors\/wp-content\/uploads\/2024\/08\/kunmors-logo.svg","caption":"Mors"},"image":{"@id":"https:\/\/kunmedierne.dk\/mors\/#\/schema\/logo\/image\/"}},{"@type":"Person","@id":"https:\/\/kunmedierne.dk\/mors\/#\/schema\/person\/5fe23251bf1d0abbcdc6f7896579d548","name":"David H\u00f8jmark","image":{"@type":"ImageObject","inLanguage":"da-DK","@id":"https:\/\/kunmedierne.dk\/mors\/#\/schema\/person\/image\/","url":"https:\/\/secure.gravatar.com\/avatar\/4315d6fb9ef244d729989f5f90268eb08d5bf8a3d84402f595fa194bb35784fd?s=96&d=mm&r=g","contentUrl":"https:\/\/secure.gravatar.com\/avatar\/4315d6fb9ef244d729989f5f90268eb08d5bf8a3d84402f595fa194bb35784fd?s=96&d=mm&r=g","caption":"David H\u00f8jmark"},"sameAs":["https:\/\/www.kunmedierne.dk"],"url":"https:\/\/kunmedierne.dk\/mors\/author\/david\/"}]}},"_links":{"self":[{"href":"https:\/\/kunmedierne.dk\/mors\/wp-json\/wp\/v2\/posts\/164438","targetHints":{"allow":["GET"]}}],"collection":[{"href":"https:\/\/kunmedierne.dk\/mors\/wp-json\/wp\/v2\/posts"}],"about":[{"href":"https:\/\/kunmedierne.dk\/mors\/wp-json\/wp\/v2\/types\/post"}],"author":[{"embeddable":true,"href":"https:\/\/kunmedierne.dk\/mors\/wp-json\/wp\/v2\/users\/8"}],"replies":[{"embeddable":true,"href":"https:\/\/kunmedierne.dk\/mors\/wp-json\/wp\/v2\/comments?post=164438"}],"version-history":[{"count":4,"href":"https:\/\/kunmedierne.dk\/mors\/wp-json\/wp\/v2\/posts\/164438\/revisions"}],"predecessor-version":[{"id":164443,"href":"https:\/\/kunmedierne.dk\/mors\/wp-json\/wp\/v2\/posts\/164438\/revisions\/164443"}],"wp:attachment":[{"href":"https:\/\/kunmedierne.dk\/mors\/wp-json\/wp\/v2\/media?parent=164438"}],"wp:term":[{"taxonomy":"category","embeddable":true,"href":"https:\/\/kunmedierne.dk\/mors\/wp-json\/wp\/v2\/categories?post=164438"},{"taxonomy":"post_tag","embeddable":true,"href":"https:\/\/kunmedierne.dk\/mors\/wp-json\/wp\/v2\/tags?post=164438"}],"curies":[{"name":"wp","href":"https:\/\/api.w.org\/{rel}","templated":true}]}}