{"id":164382,"date":"2025-12-30T17:20:44","date_gmt":"2025-12-30T16:20:44","guid":{"rendered":"https:\/\/kunmedierne.dk\/mors\/?p=164382"},"modified":"2025-12-31T09:18:25","modified_gmt":"2025-12-31T08:18:25","slug":"august-2025-aeldre-sagen-slog-benny-nielsen","status":"publish","type":"post","link":"https:\/\/kunmedierne.dk\/mors\/august-2025-aeldre-sagen-slog-benny-nielsen\/","title":{"rendered":"<span>August 2025: <\/span>\u00c6ldre Sagen slog Benny Nielsen"},"content":{"rendered":"<p><strong>MORS<\/strong>: Et internetmedie er ikke noget for de \u00e6ldre.<\/p>\n<p>S\u00e5dan lyder en p\u00e5stand, man af og til stadig st\u00f8der p\u00e5. Men at den stadig er meget forkert, viser listen over de mest l\u00e6ste artikler p\u00e5 KunMors i august.<\/p>\n<p>For i en m\u00e5ned med en ellers meget stor historie om vognmand Benny Nielsen og hans konflikt med Mors\u00f8 Kommune blev to meget l\u00e6ste artikler om d\u00e9n sag overg\u00e5et af en artikel om det nye s\u00e6sonprogram for \u00c6ldre Sagen p\u00e5 Mors.<\/p>\n<p>Den artikel blev den mest l\u00e6ste af alle i en m\u00e5ned, hvor ogs\u00e5 et l\u00e6serbrev om Destination Limfjorden og talen fra sognepr\u00e6st Mia Geisler ved Britt Geislers bis\u00e6ttelse skabte ekstraordin\u00e6r interesse.<\/p>\n<a class=\"dvrt-link\" onClick=\"cdmtrack_click(104783,jQuery(this));return false\" href=\"https:\/\/konpap.dk\/\"><img decoding=\"async\" style=\"width:100%;\" src=\"https:\/\/kunmedierne.dk\/mors\/wp-content\/uploads\/2023\/10\/Kun-Mors-banner.jpg\"><\/a><script>cdmtrack_view(104783);<\/script>\n<p>Herunder har du Top 5 for august 2025. Har du endnu ikke abonnement, kan vi garantere dig meget mere l\u00e6sestof om Mors igen i 2026, hvis du k\u00f8ber adgang ved at <a href=\"https:\/\/kunmedierne.dk\/mors\/koeb-adgang\/\" target=\"_blank\" rel=\"noopener\">klikke her<\/a>. K\u00f8ber du abonnement for et \u00e5r, er prisen mindre end to kroner om dagen.<\/p>\n<p>Du kan ogs\u00e5 give et abonnement til en ven &#8211; nemt og hurtigt ved at <a href=\"https:\/\/kunmedierne.dk\/mors\/gaveabonnement\/\" target=\"_blank\" rel=\"noopener\">klikke her<\/a>.<\/p>\n<blockquote>\n<h3>Mest l\u00e6ste artikler i august:<\/h3>\n<h5>1) <a href=\"https:\/\/kunmedierne.dk\/mors\/aeldresagen-har-indfoert-nyt-bookingsystem\/\">\u00c6ldreSagen har indf\u00f8rt nyt bookingsystem<\/a><\/h5>\n<h5>2) <a href=\"https:\/\/kunmedierne.dk\/mors\/benny-nielsen-overvejer-at-flytte-fredsoe-vognmandsforretning-til-skive\/\">Benny Nielsen overvejer at flytte Freds\u00f8 Vognmandsforretning til Skive<\/a><\/h5>\n<h5>3) <a href=\"https:\/\/kunmedierne.dk\/mors\/morsoe-kommune-reagerer-paa-benny-nielsens-udsagn-om-en-mulig-flytning-til-skive\/\">Mors\u00f8 Kommune reagerer p\u00e5 Benny Nielsens udsagn om en mulig flytning til Skive<\/a><\/h5>\n<h5>4) <a href=\"https:\/\/kunmedierne.dk\/mors\/danmarks-hyggeligste-ferieby-anledning-til-at-evaluere-destination-limfjorden\/\">Danmarks Hyggeligste Ferieby = anledning til at evaluere Destination Limfjorden<\/a><\/h5>\n<h5>5) <a href=\"https:\/\/kunmedierne.dk\/mors\/britt-geislers-bisaettelse-vorherre-har-faaet-sig-en-virkelig-dame\/\">Britt Geislers bis\u00e6ttelse: &#8220;Vorherre har f\u00e5et sig en virkelig dame!&#8221;<\/a><\/h5>\n<h5>(Artikler om 112-stof er frasorteret)<\/h5>\n<\/blockquote>\n<p><img loading=\"lazy\" decoding=\"async\" class=\"alignright size-full wp-image-146781\" src=\"https:\/\/kunmedierne.dk\/mors\/wp-content\/uploads\/2025\/05\/pris.jpg\" alt=\"\" width=\"1100\" height=\"922\" srcset=\"https:\/\/kunmedierne.dk\/mors\/wp-content\/uploads\/2025\/05\/pris.jpg 1100w, https:\/\/kunmedierne.dk\/mors\/wp-content\/uploads\/2025\/05\/pris-300x251.jpg 300w, https:\/\/kunmedierne.dk\/mors\/wp-content\/uploads\/2025\/05\/pris-1024x858.jpg 1024w, https:\/\/kunmedierne.dk\/mors\/wp-content\/uploads\/2025\/05\/pris-510x427.jpg 510w\" sizes=\"auto, (max-width: 1100px) 100vw, 1100px\" \/><\/p>\n","protected":false},"excerpt":{"rendered":"<p>MORS: Et internetmedie er ikke noget for de \u00e6ldre. S\u00e5dan lyder en p\u00e5stand, man af og til stadig st\u00f8der p\u00e5. Men at den stadig er meget forkert, viser listen over de mest l\u00e6ste artikler p\u00e5 KunMors i august. For i en m\u00e5ned med en ellers meget stor historie om vognmand Benny Nielsen og hans konflikt [&hellip;]<\/p>\n","protected":false},"author":8,"featured_media":0,"comment_status":"closed","ping_status":"closed","sticky":false,"template":"","format":"standard","meta":{"_acf_changed":false,"footnotes":""},"categories":[51],"tags":[],"class_list":["post-164382","post","type-post","status-publish","format-standard","hentry","category-lokalt"],"acf":[],"yoast_head":"<!-- This site is optimized with the Yoast SEO plugin v26.8 - https:\/\/yoast.com\/product\/yoast-seo-wordpress\/ -->\n<title>August 2025: \u00c6ldre Sagen slog Benny Nielsen  - Mors<\/title>\n<meta name=\"robots\" content=\"index, follow, max-snippet:-1, max-image-preview:large, max-video-preview:-1\" \/>\n<link rel=\"canonical\" href=\"https:\/\/kunmedierne.dk\/mors\/august-2025-aeldre-sagen-slog-benny-nielsen\/\" \/>\n<meta property=\"og:locale\" content=\"da_DK\" \/>\n<meta property=\"og:type\" content=\"article\" \/>\n<meta property=\"og:title\" content=\"August 2025: \u00c6ldre Sagen slog Benny Nielsen  - Mors\" \/>\n<meta property=\"og:description\" content=\"MORS: Et internetmedie er ikke noget for de \u00e6ldre. S\u00e5dan lyder en p\u00e5stand, man af og til stadig st\u00f8der p\u00e5. Men at den stadig er meget forkert, viser listen over de mest l\u00e6ste artikler p\u00e5 KunMors i august. For i en m\u00e5ned med en ellers meget stor historie om vognmand Benny Nielsen og hans konflikt [&hellip;]\" \/>\n<meta property=\"og:url\" content=\"https:\/\/kunmedierne.dk\/mors\/august-2025-aeldre-sagen-slog-benny-nielsen\/\" \/>\n<meta property=\"og:site_name\" content=\"Mors\" \/>\n<meta property=\"article:published_time\" content=\"2025-12-30T16:20:44+00:00\" \/>\n<meta property=\"article:modified_time\" content=\"2025-12-31T08:18:25+00:00\" \/>\n<meta property=\"og:image\" content=\"https:\/\/kunmedierne.dk\/mors\/wp-content\/uploads\/2025\/05\/pris.jpg\" \/>\n<meta name=\"author\" content=\"David H\u00f8jmark\" \/>\n<meta name=\"twitter:card\" content=\"summary_large_image\" \/>\n<meta name=\"twitter:label1\" content=\"Skrevet af\" \/>\n\t<meta name=\"twitter:data1\" content=\"David H\u00f8jmark\" \/>\n\t<meta name=\"twitter:label2\" content=\"Estimeret l\u00e6setid\" \/>\n\t<meta name=\"twitter:data2\" content=\"2 minutter\" \/>\n<script type=\"application\/ld+json\" class=\"yoast-schema-graph\">{\"@context\":\"https:\/\/schema.org\",\"@graph\":[{\"@type\":\"Article\",\"@id\":\"https:\/\/kunmedierne.dk\/mors\/august-2025-aeldre-sagen-slog-benny-nielsen\/#article\",\"isPartOf\":{\"@id\":\"https:\/\/kunmedierne.dk\/mors\/august-2025-aeldre-sagen-slog-benny-nielsen\/\"},\"author\":{\"name\":\"David H\u00f8jmark\",\"@id\":\"https:\/\/kunmedierne.dk\/mors\/#\/schema\/person\/5fe23251bf1d0abbcdc6f7896579d548\"},\"headline\":\"August 2025: \u00c6ldre Sagen slog Benny Nielsen\",\"datePublished\":\"2025-12-30T16:20:44+00:00\",\"dateModified\":\"2025-12-31T08:18:25+00:00\",\"mainEntityOfPage\":{\"@id\":\"https:\/\/kunmedierne.dk\/mors\/august-2025-aeldre-sagen-slog-benny-nielsen\/\"},\"wordCount\":257,\"publisher\":{\"@id\":\"https:\/\/kunmedierne.dk\/mors\/#organization\"},\"image\":{\"@id\":\"https:\/\/kunmedierne.dk\/mors\/august-2025-aeldre-sagen-slog-benny-nielsen\/#primaryimage\"},\"thumbnailUrl\":\"https:\/\/kunmedierne.dk\/mors\/wp-content\/uploads\/2025\/05\/pris.jpg\",\"articleSection\":[\"Lokalt\"],\"inLanguage\":\"da-DK\"},{\"@type\":\"WebPage\",\"@id\":\"https:\/\/kunmedierne.dk\/mors\/august-2025-aeldre-sagen-slog-benny-nielsen\/\",\"url\":\"https:\/\/kunmedierne.dk\/mors\/august-2025-aeldre-sagen-slog-benny-nielsen\/\",\"name\":\"August 2025: \u00c6ldre Sagen slog Benny Nielsen - Mors\",\"isPartOf\":{\"@id\":\"https:\/\/kunmedierne.dk\/mors\/#website\"},\"primaryImageOfPage\":{\"@id\":\"https:\/\/kunmedierne.dk\/mors\/august-2025-aeldre-sagen-slog-benny-nielsen\/#primaryimage\"},\"image\":{\"@id\":\"https:\/\/kunmedierne.dk\/mors\/august-2025-aeldre-sagen-slog-benny-nielsen\/#primaryimage\"},\"thumbnailUrl\":\"https:\/\/kunmedierne.dk\/mors\/wp-content\/uploads\/2025\/05\/pris.jpg\",\"datePublished\":\"2025-12-30T16:20:44+00:00\",\"dateModified\":\"2025-12-31T08:18:25+00:00\",\"breadcrumb\":{\"@id\":\"https:\/\/kunmedierne.dk\/mors\/august-2025-aeldre-sagen-slog-benny-nielsen\/#breadcrumb\"},\"inLanguage\":\"da-DK\",\"potentialAction\":[{\"@type\":\"ReadAction\",\"target\":[\"https:\/\/kunmedierne.dk\/mors\/august-2025-aeldre-sagen-slog-benny-nielsen\/\"]}]},{\"@type\":\"ImageObject\",\"inLanguage\":\"da-DK\",\"@id\":\"https:\/\/kunmedierne.dk\/mors\/august-2025-aeldre-sagen-slog-benny-nielsen\/#primaryimage\",\"url\":\"https:\/\/kunmedierne.dk\/mors\/wp-content\/uploads\/2025\/05\/pris.jpg\",\"contentUrl\":\"https:\/\/kunmedierne.dk\/mors\/wp-content\/uploads\/2025\/05\/pris.jpg\",\"width\":1100,\"height\":922},{\"@type\":\"BreadcrumbList\",\"@id\":\"https:\/\/kunmedierne.dk\/mors\/august-2025-aeldre-sagen-slog-benny-nielsen\/#breadcrumb\",\"itemListElement\":[{\"@type\":\"ListItem\",\"position\":1,\"name\":\"Hjem\",\"item\":\"https:\/\/kunmedierne.dk\/mors\/\"},{\"@type\":\"ListItem\",\"position\":2,\"name\":\"August 2025: \u00c6ldre Sagen slog Benny Nielsen\"}]},{\"@type\":\"WebSite\",\"@id\":\"https:\/\/kunmedierne.dk\/mors\/#website\",\"url\":\"https:\/\/kunmedierne.dk\/mors\/\",\"name\":\"Mors\",\"description\":\"et netmedie med journalistik om livet p\u00e5 Mors\",\"publisher\":{\"@id\":\"https:\/\/kunmedierne.dk\/mors\/#organization\"},\"potentialAction\":[{\"@type\":\"SearchAction\",\"target\":{\"@type\":\"EntryPoint\",\"urlTemplate\":\"https:\/\/kunmedierne.dk\/mors\/?s={search_term_string}\"},\"query-input\":{\"@type\":\"PropertyValueSpecification\",\"valueRequired\":true,\"valueName\":\"search_term_string\"}}],\"inLanguage\":\"da-DK\"},{\"@type\":\"Organization\",\"@id\":\"https:\/\/kunmedierne.dk\/mors\/#organization\",\"name\":\"Mors\",\"url\":\"https:\/\/kunmedierne.dk\/mors\/\",\"logo\":{\"@type\":\"ImageObject\",\"inLanguage\":\"da-DK\",\"@id\":\"https:\/\/kunmedierne.dk\/mors\/#\/schema\/logo\/image\/\",\"url\":\"https:\/\/kunmedierne.dk\/mors\/wp-content\/uploads\/2024\/08\/kunmors-logo.svg\",\"contentUrl\":\"https:\/\/kunmedierne.dk\/mors\/wp-content\/uploads\/2024\/08\/kunmors-logo.svg\",\"caption\":\"Mors\"},\"image\":{\"@id\":\"https:\/\/kunmedierne.dk\/mors\/#\/schema\/logo\/image\/\"}},{\"@type\":\"Person\",\"@id\":\"https:\/\/kunmedierne.dk\/mors\/#\/schema\/person\/5fe23251bf1d0abbcdc6f7896579d548\",\"name\":\"David H\u00f8jmark\",\"image\":{\"@type\":\"ImageObject\",\"inLanguage\":\"da-DK\",\"@id\":\"https:\/\/kunmedierne.dk\/mors\/#\/schema\/person\/image\/\",\"url\":\"https:\/\/secure.gravatar.com\/avatar\/4315d6fb9ef244d729989f5f90268eb08d5bf8a3d84402f595fa194bb35784fd?s=96&d=mm&r=g\",\"contentUrl\":\"https:\/\/secure.gravatar.com\/avatar\/4315d6fb9ef244d729989f5f90268eb08d5bf8a3d84402f595fa194bb35784fd?s=96&d=mm&r=g\",\"caption\":\"David H\u00f8jmark\"},\"sameAs\":[\"https:\/\/www.kunmedierne.dk\"],\"url\":\"https:\/\/kunmedierne.dk\/mors\/author\/david\/\"}]}<\/script>\n<!-- \/ Yoast SEO plugin. -->","yoast_head_json":{"title":"August 2025: \u00c6ldre Sagen slog Benny Nielsen  - Mors","robots":{"index":"index","follow":"follow","max-snippet":"max-snippet:-1","max-image-preview":"max-image-preview:large","max-video-preview":"max-video-preview:-1"},"canonical":"https:\/\/kunmedierne.dk\/mors\/august-2025-aeldre-sagen-slog-benny-nielsen\/","og_locale":"da_DK","og_type":"article","og_title":"August 2025: \u00c6ldre Sagen slog Benny Nielsen  - Mors","og_description":"MORS: Et internetmedie er ikke noget for de \u00e6ldre. S\u00e5dan lyder en p\u00e5stand, man af og til stadig st\u00f8der p\u00e5. Men at den stadig er meget forkert, viser listen over de mest l\u00e6ste artikler p\u00e5 KunMors i august. For i en m\u00e5ned med en ellers meget stor historie om vognmand Benny Nielsen og hans konflikt [&hellip;]","og_url":"https:\/\/kunmedierne.dk\/mors\/august-2025-aeldre-sagen-slog-benny-nielsen\/","og_site_name":"Mors","article_published_time":"2025-12-30T16:20:44+00:00","article_modified_time":"2025-12-31T08:18:25+00:00","og_image":[{"url":"https:\/\/kunmedierne.dk\/mors\/wp-content\/uploads\/2025\/05\/pris.jpg","type":"","width":"","height":""}],"author":"David H\u00f8jmark","twitter_card":"summary_large_image","twitter_misc":{"Skrevet af":"David H\u00f8jmark","Estimeret l\u00e6setid":"2 minutter"},"schema":{"@context":"https:\/\/schema.org","@graph":[{"@type":"Article","@id":"https:\/\/kunmedierne.dk\/mors\/august-2025-aeldre-sagen-slog-benny-nielsen\/#article","isPartOf":{"@id":"https:\/\/kunmedierne.dk\/mors\/august-2025-aeldre-sagen-slog-benny-nielsen\/"},"author":{"name":"David H\u00f8jmark","@id":"https:\/\/kunmedierne.dk\/mors\/#\/schema\/person\/5fe23251bf1d0abbcdc6f7896579d548"},"headline":"August 2025: \u00c6ldre Sagen slog Benny Nielsen","datePublished":"2025-12-30T16:20:44+00:00","dateModified":"2025-12-31T08:18:25+00:00","mainEntityOfPage":{"@id":"https:\/\/kunmedierne.dk\/mors\/august-2025-aeldre-sagen-slog-benny-nielsen\/"},"wordCount":257,"publisher":{"@id":"https:\/\/kunmedierne.dk\/mors\/#organization"},"image":{"@id":"https:\/\/kunmedierne.dk\/mors\/august-2025-aeldre-sagen-slog-benny-nielsen\/#primaryimage"},"thumbnailUrl":"https:\/\/kunmedierne.dk\/mors\/wp-content\/uploads\/2025\/05\/pris.jpg","articleSection":["Lokalt"],"inLanguage":"da-DK"},{"@type":"WebPage","@id":"https:\/\/kunmedierne.dk\/mors\/august-2025-aeldre-sagen-slog-benny-nielsen\/","url":"https:\/\/kunmedierne.dk\/mors\/august-2025-aeldre-sagen-slog-benny-nielsen\/","name":"August 2025: \u00c6ldre Sagen slog Benny Nielsen - Mors","isPartOf":{"@id":"https:\/\/kunmedierne.dk\/mors\/#website"},"primaryImageOfPage":{"@id":"https:\/\/kunmedierne.dk\/mors\/august-2025-aeldre-sagen-slog-benny-nielsen\/#primaryimage"},"image":{"@id":"https:\/\/kunmedierne.dk\/mors\/august-2025-aeldre-sagen-slog-benny-nielsen\/#primaryimage"},"thumbnailUrl":"https:\/\/kunmedierne.dk\/mors\/wp-content\/uploads\/2025\/05\/pris.jpg","datePublished":"2025-12-30T16:20:44+00:00","dateModified":"2025-12-31T08:18:25+00:00","breadcrumb":{"@id":"https:\/\/kunmedierne.dk\/mors\/august-2025-aeldre-sagen-slog-benny-nielsen\/#breadcrumb"},"inLanguage":"da-DK","potentialAction":[{"@type":"ReadAction","target":["https:\/\/kunmedierne.dk\/mors\/august-2025-aeldre-sagen-slog-benny-nielsen\/"]}]},{"@type":"ImageObject","inLanguage":"da-DK","@id":"https:\/\/kunmedierne.dk\/mors\/august-2025-aeldre-sagen-slog-benny-nielsen\/#primaryimage","url":"https:\/\/kunmedierne.dk\/mors\/wp-content\/uploads\/2025\/05\/pris.jpg","contentUrl":"https:\/\/kunmedierne.dk\/mors\/wp-content\/uploads\/2025\/05\/pris.jpg","width":1100,"height":922},{"@type":"BreadcrumbList","@id":"https:\/\/kunmedierne.dk\/mors\/august-2025-aeldre-sagen-slog-benny-nielsen\/#breadcrumb","itemListElement":[{"@type":"ListItem","position":1,"name":"Hjem","item":"https:\/\/kunmedierne.dk\/mors\/"},{"@type":"ListItem","position":2,"name":"August 2025: \u00c6ldre Sagen slog Benny Nielsen"}]},{"@type":"WebSite","@id":"https:\/\/kunmedierne.dk\/mors\/#website","url":"https:\/\/kunmedierne.dk\/mors\/","name":"Mors","description":"et netmedie med journalistik om livet p\u00e5 Mors","publisher":{"@id":"https:\/\/kunmedierne.dk\/mors\/#organization"},"potentialAction":[{"@type":"SearchAction","target":{"@type":"EntryPoint","urlTemplate":"https:\/\/kunmedierne.dk\/mors\/?s={search_term_string}"},"query-input":{"@type":"PropertyValueSpecification","valueRequired":true,"valueName":"search_term_string"}}],"inLanguage":"da-DK"},{"@type":"Organization","@id":"https:\/\/kunmedierne.dk\/mors\/#organization","name":"Mors","url":"https:\/\/kunmedierne.dk\/mors\/","logo":{"@type":"ImageObject","inLanguage":"da-DK","@id":"https:\/\/kunmedierne.dk\/mors\/#\/schema\/logo\/image\/","url":"https:\/\/kunmedierne.dk\/mors\/wp-content\/uploads\/2024\/08\/kunmors-logo.svg","contentUrl":"https:\/\/kunmedierne.dk\/mors\/wp-content\/uploads\/2024\/08\/kunmors-logo.svg","caption":"Mors"},"image":{"@id":"https:\/\/kunmedierne.dk\/mors\/#\/schema\/logo\/image\/"}},{"@type":"Person","@id":"https:\/\/kunmedierne.dk\/mors\/#\/schema\/person\/5fe23251bf1d0abbcdc6f7896579d548","name":"David H\u00f8jmark","image":{"@type":"ImageObject","inLanguage":"da-DK","@id":"https:\/\/kunmedierne.dk\/mors\/#\/schema\/person\/image\/","url":"https:\/\/secure.gravatar.com\/avatar\/4315d6fb9ef244d729989f5f90268eb08d5bf8a3d84402f595fa194bb35784fd?s=96&d=mm&r=g","contentUrl":"https:\/\/secure.gravatar.com\/avatar\/4315d6fb9ef244d729989f5f90268eb08d5bf8a3d84402f595fa194bb35784fd?s=96&d=mm&r=g","caption":"David H\u00f8jmark"},"sameAs":["https:\/\/www.kunmedierne.dk"],"url":"https:\/\/kunmedierne.dk\/mors\/author\/david\/"}]}},"_links":{"self":[{"href":"https:\/\/kunmedierne.dk\/mors\/wp-json\/wp\/v2\/posts\/164382","targetHints":{"allow":["GET"]}}],"collection":[{"href":"https:\/\/kunmedierne.dk\/mors\/wp-json\/wp\/v2\/posts"}],"about":[{"href":"https:\/\/kunmedierne.dk\/mors\/wp-json\/wp\/v2\/types\/post"}],"author":[{"embeddable":true,"href":"https:\/\/kunmedierne.dk\/mors\/wp-json\/wp\/v2\/users\/8"}],"replies":[{"embeddable":true,"href":"https:\/\/kunmedierne.dk\/mors\/wp-json\/wp\/v2\/comments?post=164382"}],"version-history":[{"count":8,"href":"https:\/\/kunmedierne.dk\/mors\/wp-json\/wp\/v2\/posts\/164382\/revisions"}],"predecessor-version":[{"id":164407,"href":"https:\/\/kunmedierne.dk\/mors\/wp-json\/wp\/v2\/posts\/164382\/revisions\/164407"}],"wp:attachment":[{"href":"https:\/\/kunmedierne.dk\/mors\/wp-json\/wp\/v2\/media?parent=164382"}],"wp:term":[{"taxonomy":"category","embeddable":true,"href":"https:\/\/kunmedierne.dk\/mors\/wp-json\/wp\/v2\/categories?post=164382"},{"taxonomy":"post_tag","embeddable":true,"href":"https:\/\/kunmedierne.dk\/mors\/wp-json\/wp\/v2\/tags?post=164382"}],"curies":[{"name":"wp","href":"https:\/\/api.w.org\/{rel}","templated":true}]}}