{"id":164315,"date":"2025-12-30T11:10:12","date_gmt":"2025-12-30T10:10:12","guid":{"rendered":"https:\/\/kunmedierne.dk\/mors\/?p=164315"},"modified":"2026-01-02T11:30:54","modified_gmt":"2026-01-02T10:30:54","slug":"juli-2025-mindeord-vinkonger-og-to-af-oeens-koebmaend","status":"publish","type":"post","link":"https:\/\/kunmedierne.dk\/mors\/juli-2025-mindeord-vinkonger-og-to-af-oeens-koebmaend\/","title":{"rendered":"<span>Juli 2025: <\/span>Mindeord, vinkonger og to af \u00f8ens k\u00f8bm\u00e6nd"},"content":{"rendered":"<p><strong>MORS<\/strong>: En arbejdsmand og en h\u00e6dersmand.<\/p>\n<p>S\u00e5dan l\u00f8d nogle af de p\u00e6ne ord fra folketingsmedlem Mogens Jensen (S), da han skrev et mindeord for Henning E. Pedersen, der d\u00f8de i juni, 88 \u00e5r gammel.<\/p>\n<p>Mindeordet, der blev udgivet i begyndelsen af juli, n\u00e5ede vidt omkring og blev m\u00e5nedens mest l\u00e6ste p\u00e5 KunMors, hvor en artikel om to lokale vinkonger ogs\u00e5 var popul\u00e6r, lige som artikler om k\u00f8bmandsbutikker i \u00d8ster Assels og Hvidbjerg.<\/p>\n<a class=\"dvrt-link\" onClick=\"cdmtrack_click(104783,jQuery(this));return false\" href=\"https:\/\/konpap.dk\/\"><img decoding=\"async\" style=\"width:100%;\" src=\"https:\/\/kunmedierne.dk\/mors\/wp-content\/uploads\/2023\/10\/Kun-Mors-banner.jpg\"><\/a><script>cdmtrack_view(104783);<\/script>\n<p>Herunder har du Top 5 for juli 2025. Har du endnu ikke abonnement, kan vi garantere dig meget mere l\u00e6sestof om Mors igen i 2026, hvis du k\u00f8ber adgang ved at <a href=\"https:\/\/kunmedierne.dk\/mors\/koeb-adgang\/\" target=\"_blank\" rel=\"noopener\">klikke her<\/a>. K\u00f8ber du abonnement for et \u00e5r, er prisen mindre end to kroner om dagen.<\/p>\n<p>Du kan ogs\u00e5 give et abonnement til en ven &#8211; nemt og hurtigt ved at <a href=\"https:\/\/kunmedierne.dk\/mors\/gaveabonnement\/\" target=\"_blank\" rel=\"noopener\">klikke her<\/a>.<\/p>\n<blockquote>\n<h3>Mest l\u00e6ste artikler i juli:<\/h3>\n<h5>1) <a href=\"https:\/\/kunmedierne.dk\/mors\/mindeord-en-arbejdsmand-og-haedersmand-er-gaaet-bort\/\">Mindeord: En arbejdsmand og h\u00e6dersmand er g\u00e5et bort<\/a><\/h5>\n<h5>2) <a href=\"https:\/\/kunmedierne.dk\/mors\/vinkongerne-flytter-ind-paa-7-000-kvadratmeter-paa-mors\/\">Vinkongerne flytter ind p\u00e5 7.000 kvadratmeter p\u00e5 Mors<\/a><\/h5>\n<h5>3) <a href=\"https:\/\/kunmedierne.dk\/mors\/koebmandsbutikken-har-vaeret-i-familien-siden-1800-tallet-men-snart-er-det-slut\/\">K\u00f8bmandsbutikken har v\u00e6ret i familien siden 1800-tallet, men snart er det slut<\/a><\/h5>\n<h5>4) <a href=\"https:\/\/kunmedierne.dk\/mors\/koebmand-overraskede-med-kage-og-30-000-kroner\/\">K\u00f8bmand overraskede med kage og 30.000 kroner<\/a><\/h5>\n<h5>5) <a href=\"https:\/\/kunmedierne.dk\/mors\/puch-klub-mors-viste-oeen-frem-i-smukt-sommervejr\/\">Puch Klub Mors viste \u00f8en frem i smukt sommervejr<\/a><\/h5>\n<h5>(Artikler om 112-stof er frasorteret)<\/h5>\n<\/blockquote>\n","protected":false},"excerpt":{"rendered":"<p>MORS: En arbejdsmand og en h\u00e6dersmand. S\u00e5dan l\u00f8d nogle af de p\u00e6ne ord fra folketingsmedlem Mogens Jensen (S), da han skrev et mindeord for Henning E. Pedersen, der d\u00f8de i juni, 88 \u00e5r gammel. Mindeordet, der blev udgivet i begyndelsen af juli, n\u00e5ede vidt omkring og blev m\u00e5nedens mest l\u00e6ste p\u00e5 KunMors, hvor en artikel [&hellip;]<\/p>\n","protected":false},"author":8,"featured_media":0,"comment_status":"closed","ping_status":"closed","sticky":false,"template":"","format":"standard","meta":{"_acf_changed":false,"footnotes":""},"categories":[51],"tags":[],"class_list":["post-164315","post","type-post","status-publish","format-standard","hentry","category-lokalt"],"acf":[],"yoast_head":"<!-- This site is optimized with the Yoast SEO plugin v26.8 - https:\/\/yoast.com\/product\/yoast-seo-wordpress\/ -->\n<title>Juli 2025: Mindeord, vinkonger og to af \u00f8ens k\u00f8bm\u00e6nd  - Mors<\/title>\n<meta name=\"robots\" content=\"index, follow, max-snippet:-1, max-image-preview:large, max-video-preview:-1\" \/>\n<link rel=\"canonical\" href=\"https:\/\/kunmedierne.dk\/mors\/juli-2025-mindeord-vinkonger-og-to-af-oeens-koebmaend\/\" \/>\n<meta property=\"og:locale\" content=\"da_DK\" \/>\n<meta property=\"og:type\" content=\"article\" \/>\n<meta property=\"og:title\" content=\"Juli 2025: Mindeord, vinkonger og to af \u00f8ens k\u00f8bm\u00e6nd  - Mors\" \/>\n<meta property=\"og:description\" content=\"MORS: En arbejdsmand og en h\u00e6dersmand. S\u00e5dan l\u00f8d nogle af de p\u00e6ne ord fra folketingsmedlem Mogens Jensen (S), da han skrev et mindeord for Henning E. Pedersen, der d\u00f8de i juni, 88 \u00e5r gammel. Mindeordet, der blev udgivet i begyndelsen af juli, n\u00e5ede vidt omkring og blev m\u00e5nedens mest l\u00e6ste p\u00e5 KunMors, hvor en artikel [&hellip;]\" \/>\n<meta property=\"og:url\" content=\"https:\/\/kunmedierne.dk\/mors\/juli-2025-mindeord-vinkonger-og-to-af-oeens-koebmaend\/\" \/>\n<meta property=\"og:site_name\" content=\"Mors\" \/>\n<meta property=\"article:published_time\" content=\"2025-12-30T10:10:12+00:00\" \/>\n<meta property=\"article:modified_time\" content=\"2026-01-02T10:30:54+00:00\" \/>\n<meta name=\"author\" content=\"David H\u00f8jmark\" \/>\n<meta name=\"twitter:card\" content=\"summary_large_image\" \/>\n<meta name=\"twitter:label1\" content=\"Skrevet af\" \/>\n\t<meta name=\"twitter:data1\" content=\"David H\u00f8jmark\" \/>\n\t<meta name=\"twitter:label2\" content=\"Estimeret l\u00e6setid\" \/>\n\t<meta name=\"twitter:data2\" content=\"1 minut\" \/>\n<script type=\"application\/ld+json\" class=\"yoast-schema-graph\">{\"@context\":\"https:\/\/schema.org\",\"@graph\":[{\"@type\":\"Article\",\"@id\":\"https:\/\/kunmedierne.dk\/mors\/juli-2025-mindeord-vinkonger-og-to-af-oeens-koebmaend\/#article\",\"isPartOf\":{\"@id\":\"https:\/\/kunmedierne.dk\/mors\/juli-2025-mindeord-vinkonger-og-to-af-oeens-koebmaend\/\"},\"author\":{\"name\":\"David H\u00f8jmark\",\"@id\":\"https:\/\/kunmedierne.dk\/mors\/#\/schema\/person\/5fe23251bf1d0abbcdc6f7896579d548\"},\"headline\":\"Juli 2025: Mindeord, vinkonger og to af \u00f8ens k\u00f8bm\u00e6nd\",\"datePublished\":\"2025-12-30T10:10:12+00:00\",\"dateModified\":\"2026-01-02T10:30:54+00:00\",\"mainEntityOfPage\":{\"@id\":\"https:\/\/kunmedierne.dk\/mors\/juli-2025-mindeord-vinkonger-og-to-af-oeens-koebmaend\/\"},\"wordCount\":215,\"publisher\":{\"@id\":\"https:\/\/kunmedierne.dk\/mors\/#organization\"},\"articleSection\":[\"Lokalt\"],\"inLanguage\":\"da-DK\"},{\"@type\":\"WebPage\",\"@id\":\"https:\/\/kunmedierne.dk\/mors\/juli-2025-mindeord-vinkonger-og-to-af-oeens-koebmaend\/\",\"url\":\"https:\/\/kunmedierne.dk\/mors\/juli-2025-mindeord-vinkonger-og-to-af-oeens-koebmaend\/\",\"name\":\"Juli 2025: Mindeord, vinkonger og to af \u00f8ens k\u00f8bm\u00e6nd - Mors\",\"isPartOf\":{\"@id\":\"https:\/\/kunmedierne.dk\/mors\/#website\"},\"datePublished\":\"2025-12-30T10:10:12+00:00\",\"dateModified\":\"2026-01-02T10:30:54+00:00\",\"breadcrumb\":{\"@id\":\"https:\/\/kunmedierne.dk\/mors\/juli-2025-mindeord-vinkonger-og-to-af-oeens-koebmaend\/#breadcrumb\"},\"inLanguage\":\"da-DK\",\"potentialAction\":[{\"@type\":\"ReadAction\",\"target\":[\"https:\/\/kunmedierne.dk\/mors\/juli-2025-mindeord-vinkonger-og-to-af-oeens-koebmaend\/\"]}]},{\"@type\":\"BreadcrumbList\",\"@id\":\"https:\/\/kunmedierne.dk\/mors\/juli-2025-mindeord-vinkonger-og-to-af-oeens-koebmaend\/#breadcrumb\",\"itemListElement\":[{\"@type\":\"ListItem\",\"position\":1,\"name\":\"Hjem\",\"item\":\"https:\/\/kunmedierne.dk\/mors\/\"},{\"@type\":\"ListItem\",\"position\":2,\"name\":\"Juli 2025: Mindeord, vinkonger og to af \u00f8ens k\u00f8bm\u00e6nd\"}]},{\"@type\":\"WebSite\",\"@id\":\"https:\/\/kunmedierne.dk\/mors\/#website\",\"url\":\"https:\/\/kunmedierne.dk\/mors\/\",\"name\":\"Mors\",\"description\":\"et netmedie med journalistik om livet p\u00e5 Mors\",\"publisher\":{\"@id\":\"https:\/\/kunmedierne.dk\/mors\/#organization\"},\"potentialAction\":[{\"@type\":\"SearchAction\",\"target\":{\"@type\":\"EntryPoint\",\"urlTemplate\":\"https:\/\/kunmedierne.dk\/mors\/?s={search_term_string}\"},\"query-input\":{\"@type\":\"PropertyValueSpecification\",\"valueRequired\":true,\"valueName\":\"search_term_string\"}}],\"inLanguage\":\"da-DK\"},{\"@type\":\"Organization\",\"@id\":\"https:\/\/kunmedierne.dk\/mors\/#organization\",\"name\":\"Mors\",\"url\":\"https:\/\/kunmedierne.dk\/mors\/\",\"logo\":{\"@type\":\"ImageObject\",\"inLanguage\":\"da-DK\",\"@id\":\"https:\/\/kunmedierne.dk\/mors\/#\/schema\/logo\/image\/\",\"url\":\"https:\/\/kunmedierne.dk\/mors\/wp-content\/uploads\/2024\/08\/kunmors-logo.svg\",\"contentUrl\":\"https:\/\/kunmedierne.dk\/mors\/wp-content\/uploads\/2024\/08\/kunmors-logo.svg\",\"caption\":\"Mors\"},\"image\":{\"@id\":\"https:\/\/kunmedierne.dk\/mors\/#\/schema\/logo\/image\/\"}},{\"@type\":\"Person\",\"@id\":\"https:\/\/kunmedierne.dk\/mors\/#\/schema\/person\/5fe23251bf1d0abbcdc6f7896579d548\",\"name\":\"David H\u00f8jmark\",\"image\":{\"@type\":\"ImageObject\",\"inLanguage\":\"da-DK\",\"@id\":\"https:\/\/kunmedierne.dk\/mors\/#\/schema\/person\/image\/\",\"url\":\"https:\/\/secure.gravatar.com\/avatar\/4315d6fb9ef244d729989f5f90268eb08d5bf8a3d84402f595fa194bb35784fd?s=96&d=mm&r=g\",\"contentUrl\":\"https:\/\/secure.gravatar.com\/avatar\/4315d6fb9ef244d729989f5f90268eb08d5bf8a3d84402f595fa194bb35784fd?s=96&d=mm&r=g\",\"caption\":\"David H\u00f8jmark\"},\"sameAs\":[\"https:\/\/www.kunmedierne.dk\"],\"url\":\"https:\/\/kunmedierne.dk\/mors\/author\/david\/\"}]}<\/script>\n<!-- \/ Yoast SEO plugin. -->","yoast_head_json":{"title":"Juli 2025: Mindeord, vinkonger og to af \u00f8ens k\u00f8bm\u00e6nd  - Mors","robots":{"index":"index","follow":"follow","max-snippet":"max-snippet:-1","max-image-preview":"max-image-preview:large","max-video-preview":"max-video-preview:-1"},"canonical":"https:\/\/kunmedierne.dk\/mors\/juli-2025-mindeord-vinkonger-og-to-af-oeens-koebmaend\/","og_locale":"da_DK","og_type":"article","og_title":"Juli 2025: Mindeord, vinkonger og to af \u00f8ens k\u00f8bm\u00e6nd  - Mors","og_description":"MORS: En arbejdsmand og en h\u00e6dersmand. S\u00e5dan l\u00f8d nogle af de p\u00e6ne ord fra folketingsmedlem Mogens Jensen (S), da han skrev et mindeord for Henning E. Pedersen, der d\u00f8de i juni, 88 \u00e5r gammel. Mindeordet, der blev udgivet i begyndelsen af juli, n\u00e5ede vidt omkring og blev m\u00e5nedens mest l\u00e6ste p\u00e5 KunMors, hvor en artikel [&hellip;]","og_url":"https:\/\/kunmedierne.dk\/mors\/juli-2025-mindeord-vinkonger-og-to-af-oeens-koebmaend\/","og_site_name":"Mors","article_published_time":"2025-12-30T10:10:12+00:00","article_modified_time":"2026-01-02T10:30:54+00:00","author":"David H\u00f8jmark","twitter_card":"summary_large_image","twitter_misc":{"Skrevet af":"David H\u00f8jmark","Estimeret l\u00e6setid":"1 minut"},"schema":{"@context":"https:\/\/schema.org","@graph":[{"@type":"Article","@id":"https:\/\/kunmedierne.dk\/mors\/juli-2025-mindeord-vinkonger-og-to-af-oeens-koebmaend\/#article","isPartOf":{"@id":"https:\/\/kunmedierne.dk\/mors\/juli-2025-mindeord-vinkonger-og-to-af-oeens-koebmaend\/"},"author":{"name":"David H\u00f8jmark","@id":"https:\/\/kunmedierne.dk\/mors\/#\/schema\/person\/5fe23251bf1d0abbcdc6f7896579d548"},"headline":"Juli 2025: Mindeord, vinkonger og to af \u00f8ens k\u00f8bm\u00e6nd","datePublished":"2025-12-30T10:10:12+00:00","dateModified":"2026-01-02T10:30:54+00:00","mainEntityOfPage":{"@id":"https:\/\/kunmedierne.dk\/mors\/juli-2025-mindeord-vinkonger-og-to-af-oeens-koebmaend\/"},"wordCount":215,"publisher":{"@id":"https:\/\/kunmedierne.dk\/mors\/#organization"},"articleSection":["Lokalt"],"inLanguage":"da-DK"},{"@type":"WebPage","@id":"https:\/\/kunmedierne.dk\/mors\/juli-2025-mindeord-vinkonger-og-to-af-oeens-koebmaend\/","url":"https:\/\/kunmedierne.dk\/mors\/juli-2025-mindeord-vinkonger-og-to-af-oeens-koebmaend\/","name":"Juli 2025: Mindeord, vinkonger og to af \u00f8ens k\u00f8bm\u00e6nd - Mors","isPartOf":{"@id":"https:\/\/kunmedierne.dk\/mors\/#website"},"datePublished":"2025-12-30T10:10:12+00:00","dateModified":"2026-01-02T10:30:54+00:00","breadcrumb":{"@id":"https:\/\/kunmedierne.dk\/mors\/juli-2025-mindeord-vinkonger-og-to-af-oeens-koebmaend\/#breadcrumb"},"inLanguage":"da-DK","potentialAction":[{"@type":"ReadAction","target":["https:\/\/kunmedierne.dk\/mors\/juli-2025-mindeord-vinkonger-og-to-af-oeens-koebmaend\/"]}]},{"@type":"BreadcrumbList","@id":"https:\/\/kunmedierne.dk\/mors\/juli-2025-mindeord-vinkonger-og-to-af-oeens-koebmaend\/#breadcrumb","itemListElement":[{"@type":"ListItem","position":1,"name":"Hjem","item":"https:\/\/kunmedierne.dk\/mors\/"},{"@type":"ListItem","position":2,"name":"Juli 2025: Mindeord, vinkonger og to af \u00f8ens k\u00f8bm\u00e6nd"}]},{"@type":"WebSite","@id":"https:\/\/kunmedierne.dk\/mors\/#website","url":"https:\/\/kunmedierne.dk\/mors\/","name":"Mors","description":"et netmedie med journalistik om livet p\u00e5 Mors","publisher":{"@id":"https:\/\/kunmedierne.dk\/mors\/#organization"},"potentialAction":[{"@type":"SearchAction","target":{"@type":"EntryPoint","urlTemplate":"https:\/\/kunmedierne.dk\/mors\/?s={search_term_string}"},"query-input":{"@type":"PropertyValueSpecification","valueRequired":true,"valueName":"search_term_string"}}],"inLanguage":"da-DK"},{"@type":"Organization","@id":"https:\/\/kunmedierne.dk\/mors\/#organization","name":"Mors","url":"https:\/\/kunmedierne.dk\/mors\/","logo":{"@type":"ImageObject","inLanguage":"da-DK","@id":"https:\/\/kunmedierne.dk\/mors\/#\/schema\/logo\/image\/","url":"https:\/\/kunmedierne.dk\/mors\/wp-content\/uploads\/2024\/08\/kunmors-logo.svg","contentUrl":"https:\/\/kunmedierne.dk\/mors\/wp-content\/uploads\/2024\/08\/kunmors-logo.svg","caption":"Mors"},"image":{"@id":"https:\/\/kunmedierne.dk\/mors\/#\/schema\/logo\/image\/"}},{"@type":"Person","@id":"https:\/\/kunmedierne.dk\/mors\/#\/schema\/person\/5fe23251bf1d0abbcdc6f7896579d548","name":"David H\u00f8jmark","image":{"@type":"ImageObject","inLanguage":"da-DK","@id":"https:\/\/kunmedierne.dk\/mors\/#\/schema\/person\/image\/","url":"https:\/\/secure.gravatar.com\/avatar\/4315d6fb9ef244d729989f5f90268eb08d5bf8a3d84402f595fa194bb35784fd?s=96&d=mm&r=g","contentUrl":"https:\/\/secure.gravatar.com\/avatar\/4315d6fb9ef244d729989f5f90268eb08d5bf8a3d84402f595fa194bb35784fd?s=96&d=mm&r=g","caption":"David H\u00f8jmark"},"sameAs":["https:\/\/www.kunmedierne.dk"],"url":"https:\/\/kunmedierne.dk\/mors\/author\/david\/"}]}},"_links":{"self":[{"href":"https:\/\/kunmedierne.dk\/mors\/wp-json\/wp\/v2\/posts\/164315","targetHints":{"allow":["GET"]}}],"collection":[{"href":"https:\/\/kunmedierne.dk\/mors\/wp-json\/wp\/v2\/posts"}],"about":[{"href":"https:\/\/kunmedierne.dk\/mors\/wp-json\/wp\/v2\/types\/post"}],"author":[{"embeddable":true,"href":"https:\/\/kunmedierne.dk\/mors\/wp-json\/wp\/v2\/users\/8"}],"replies":[{"embeddable":true,"href":"https:\/\/kunmedierne.dk\/mors\/wp-json\/wp\/v2\/comments?post=164315"}],"version-history":[{"count":6,"href":"https:\/\/kunmedierne.dk\/mors\/wp-json\/wp\/v2\/posts\/164315\/revisions"}],"predecessor-version":[{"id":164557,"href":"https:\/\/kunmedierne.dk\/mors\/wp-json\/wp\/v2\/posts\/164315\/revisions\/164557"}],"wp:attachment":[{"href":"https:\/\/kunmedierne.dk\/mors\/wp-json\/wp\/v2\/media?parent=164315"}],"wp:term":[{"taxonomy":"category","embeddable":true,"href":"https:\/\/kunmedierne.dk\/mors\/wp-json\/wp\/v2\/categories?post=164315"},{"taxonomy":"post_tag","embeddable":true,"href":"https:\/\/kunmedierne.dk\/mors\/wp-json\/wp\/v2\/tags?post=164315"}],"curies":[{"name":"wp","href":"https:\/\/api.w.org\/{rel}","templated":true}]}}