{"id":164260,"date":"2025-12-29T17:33:53","date_gmt":"2025-12-29T16:33:53","guid":{"rendered":"https:\/\/kunmedierne.dk\/mors\/?p=164260"},"modified":"2025-12-31T09:21:21","modified_gmt":"2025-12-31T08:21:21","slug":"juni-2025-ballade-om-herregaard-mere-om-jordbaer-og-palle-schou-toppede-interessen-i-foerste-sommermaaned","status":"publish","type":"post","link":"https:\/\/kunmedierne.dk\/mors\/juni-2025-ballade-om-herregaard-mere-om-jordbaer-og-palle-schou-toppede-interessen-i-foerste-sommermaaned\/","title":{"rendered":"<span>Juni 2025: <\/span>Ballade om herreg\u00e5rd, mere om jordb\u00e6r og Palle Schou toppede interessen i f\u00f8rste sommerm\u00e5ned"},"content":{"rendered":"<p><strong>MORS<\/strong>: En karant\u00e6neramt herreg\u00e5rd i Salling var godt l\u00e6sestof p\u00e5 Mors i juni 2025.<\/p>\n<p>Artiklen om, at Grethe Breum, indehaver af Herreg\u00e5rden Hesthave, var skuffet og vred over et manglende samarbejde med Mors\u00f8 Turistforening, blev den mest l\u00e6ste artikel p\u00e5 KunMors i den m\u00e5ned.<\/p>\n<p>Ogs\u00e5 en ny udvikling i maj-historien om Christian Hansens vejbod vakte stor interesse, lige som morsingboernes afsked med ensp\u00e6nderen Palle Schou gjorde det. Og s\u00e5 varslede et meget l\u00e6st l\u00e6serbrev fra en for\u00e6lder i Mors\u00f8 Kommune, at en sag ville komme til at fylde i de f\u00f8lgende m\u00e5neder.<\/p>\n<a class=\"dvrt-link\" onClick=\"cdmtrack_click(104781,jQuery(this));return false\" href=\"https:\/\/www.fmspks.dk\/\"><img decoding=\"async\" style=\"width:100%;\" src=\"https:\/\/kunmedierne.dk\/mors\/wp-content\/uploads\/2022\/02\/vip-froeslev-mollerup-sparekasse.jpg\"><\/a><script>cdmtrack_view(104781);<\/script>\n<p>Herunder har du Top 5 for juni 2025. Har du endnu ikke abonnement, kan vi garantere dig meget mere l\u00e6sestof om Mors igen i 2026, hvis du k\u00f8ber adgang ved at <a href=\"https:\/\/kunmedierne.dk\/mors\/koeb-adgang\/\" target=\"_blank\" rel=\"noopener\">klikke her<\/a>. K\u00f8ber du abonnement for et \u00e5r, er prisen mindre end to kroner om dagen.<\/p>\n<p>Du kan ogs\u00e5 give et abonnement til en ven &#8211; nemt og hurtigt ved at <a href=\"https:\/\/kunmedierne.dk\/mors\/gaveabonnement\/\" target=\"_blank\" rel=\"noopener\">klikke her<\/a>.<\/p>\n<blockquote>\n<h3>Mest l\u00e6ste artikler i juni:<\/h3>\n<h5>1) <a href=\"https:\/\/kunmedierne.dk\/mors\/herregaard-i-karantaene-hos-morsoe-turistforening-jeg-er-skuffet-og-jeg-er-vred\/\">Herreg\u00e5rd i karant\u00e6ne hos Mors\u00f8 Turistforening: &#8220;Jeg er skuffet, og jeg er vred!&#8221;<\/a><\/h5>\n<h5>2) <a href=\"https:\/\/kunmedierne.dk\/mors\/kommunen-skal-igen-kigge-paa-christians-vejbod\/\">Kommunen skal igen kigge p\u00e5 Christians vejbod<\/a><\/h5>\n<h5>3) <a href=\"https:\/\/kunmedierne.dk\/mors\/i-morgen-bisaettes-palle-schou-foerst-og-sidst-var-han-et-menneske\/\">I morgen bis\u00e6ttes Palle Schou: F\u00f8rst og sidst var han et menneske<\/a><\/h5>\n<h5>4) <a href=\"https:\/\/kunmedierne.dk\/mors\/laeserbrev-naar-systemet-svigter-boern-med-saerlige-behov\/\">L\u00e6serbrev: N\u00e5r systemet svigter b\u00f8rn med s\u00e6rlige behov<\/a><\/h5>\n<h5>5) <a href=\"https:\/\/kunmedierne.dk\/mors\/nu-er-staten-begyndt-at-opkoebe-jord-og-ejendomme-paa-mors\/\">Nu er staten begyndt at opk\u00f8be jord og ejendomme p\u00e5 Mors<\/a><\/h5>\n<h5>(Artikler om 112-stof er frasorteret)<\/h5>\n<\/blockquote>\n","protected":false},"excerpt":{"rendered":"<p>MORS: En karant\u00e6neramt herreg\u00e5rd i Salling var godt l\u00e6sestof p\u00e5 Mors i juni 2025. Artiklen om, at Grethe Breum, indehaver af Herreg\u00e5rden Hesthave, var skuffet og vred over et manglende samarbejde med Mors\u00f8 Turistforening, blev den mest l\u00e6ste artikel p\u00e5 KunMors i den m\u00e5ned. Ogs\u00e5 en ny udvikling i maj-historien om Christian Hansens vejbod vakte [&hellip;]<\/p>\n","protected":false},"author":8,"featured_media":0,"comment_status":"closed","ping_status":"closed","sticky":false,"template":"","format":"standard","meta":{"_acf_changed":false,"footnotes":""},"categories":[51],"tags":[],"class_list":["post-164260","post","type-post","status-publish","format-standard","hentry","category-lokalt"],"acf":[],"yoast_head":"<!-- This site is optimized with the Yoast SEO plugin v26.8 - https:\/\/yoast.com\/product\/yoast-seo-wordpress\/ -->\n<title>Juni 2025: Ballade om herreg\u00e5rd, mere om jordb\u00e6r og Palle Schou toppede interessen i f\u00f8rste sommerm\u00e5ned - Mors<\/title>\n<meta name=\"robots\" content=\"index, follow, max-snippet:-1, max-image-preview:large, max-video-preview:-1\" \/>\n<link rel=\"canonical\" href=\"https:\/\/kunmedierne.dk\/mors\/juni-2025-ballade-om-herregaard-mere-om-jordbaer-og-palle-schou-toppede-interessen-i-foerste-sommermaaned\/\" \/>\n<meta property=\"og:locale\" content=\"da_DK\" \/>\n<meta property=\"og:type\" content=\"article\" \/>\n<meta property=\"og:title\" content=\"Juni 2025: Ballade om herreg\u00e5rd, mere om jordb\u00e6r og Palle Schou toppede interessen i f\u00f8rste sommerm\u00e5ned - Mors\" \/>\n<meta property=\"og:description\" content=\"MORS: En karant\u00e6neramt herreg\u00e5rd i Salling var godt l\u00e6sestof p\u00e5 Mors i juni 2025. Artiklen om, at Grethe Breum, indehaver af Herreg\u00e5rden Hesthave, var skuffet og vred over et manglende samarbejde med Mors\u00f8 Turistforening, blev den mest l\u00e6ste artikel p\u00e5 KunMors i den m\u00e5ned. Ogs\u00e5 en ny udvikling i maj-historien om Christian Hansens vejbod vakte [&hellip;]\" \/>\n<meta property=\"og:url\" content=\"https:\/\/kunmedierne.dk\/mors\/juni-2025-ballade-om-herregaard-mere-om-jordbaer-og-palle-schou-toppede-interessen-i-foerste-sommermaaned\/\" \/>\n<meta property=\"og:site_name\" content=\"Mors\" \/>\n<meta property=\"article:published_time\" content=\"2025-12-29T16:33:53+00:00\" \/>\n<meta property=\"article:modified_time\" content=\"2025-12-31T08:21:21+00:00\" \/>\n<meta name=\"author\" content=\"David H\u00f8jmark\" \/>\n<meta name=\"twitter:card\" content=\"summary_large_image\" \/>\n<meta name=\"twitter:label1\" content=\"Skrevet af\" \/>\n\t<meta name=\"twitter:data1\" content=\"David H\u00f8jmark\" \/>\n\t<meta name=\"twitter:label2\" content=\"Estimeret l\u00e6setid\" \/>\n\t<meta name=\"twitter:data2\" content=\"1 minut\" \/>\n<script type=\"application\/ld+json\" class=\"yoast-schema-graph\">{\"@context\":\"https:\/\/schema.org\",\"@graph\":[{\"@type\":\"Article\",\"@id\":\"https:\/\/kunmedierne.dk\/mors\/juni-2025-ballade-om-herregaard-mere-om-jordbaer-og-palle-schou-toppede-interessen-i-foerste-sommermaaned\/#article\",\"isPartOf\":{\"@id\":\"https:\/\/kunmedierne.dk\/mors\/juni-2025-ballade-om-herregaard-mere-om-jordbaer-og-palle-schou-toppede-interessen-i-foerste-sommermaaned\/\"},\"author\":{\"name\":\"David H\u00f8jmark\",\"@id\":\"https:\/\/kunmedierne.dk\/mors\/#\/schema\/person\/5fe23251bf1d0abbcdc6f7896579d548\"},\"headline\":\"Juni 2025: Ballade om herreg\u00e5rd, mere om jordb\u00e6r og Palle Schou toppede interessen i f\u00f8rste sommerm\u00e5ned\",\"datePublished\":\"2025-12-29T16:33:53+00:00\",\"dateModified\":\"2025-12-31T08:21:21+00:00\",\"mainEntityOfPage\":{\"@id\":\"https:\/\/kunmedierne.dk\/mors\/juni-2025-ballade-om-herregaard-mere-om-jordbaer-og-palle-schou-toppede-interessen-i-foerste-sommermaaned\/\"},\"wordCount\":259,\"publisher\":{\"@id\":\"https:\/\/kunmedierne.dk\/mors\/#organization\"},\"articleSection\":[\"Lokalt\"],\"inLanguage\":\"da-DK\"},{\"@type\":\"WebPage\",\"@id\":\"https:\/\/kunmedierne.dk\/mors\/juni-2025-ballade-om-herregaard-mere-om-jordbaer-og-palle-schou-toppede-interessen-i-foerste-sommermaaned\/\",\"url\":\"https:\/\/kunmedierne.dk\/mors\/juni-2025-ballade-om-herregaard-mere-om-jordbaer-og-palle-schou-toppede-interessen-i-foerste-sommermaaned\/\",\"name\":\"Juni 2025: Ballade om herreg\u00e5rd, mere om jordb\u00e6r og Palle Schou toppede interessen i f\u00f8rste sommerm\u00e5ned - Mors\",\"isPartOf\":{\"@id\":\"https:\/\/kunmedierne.dk\/mors\/#website\"},\"datePublished\":\"2025-12-29T16:33:53+00:00\",\"dateModified\":\"2025-12-31T08:21:21+00:00\",\"breadcrumb\":{\"@id\":\"https:\/\/kunmedierne.dk\/mors\/juni-2025-ballade-om-herregaard-mere-om-jordbaer-og-palle-schou-toppede-interessen-i-foerste-sommermaaned\/#breadcrumb\"},\"inLanguage\":\"da-DK\",\"potentialAction\":[{\"@type\":\"ReadAction\",\"target\":[\"https:\/\/kunmedierne.dk\/mors\/juni-2025-ballade-om-herregaard-mere-om-jordbaer-og-palle-schou-toppede-interessen-i-foerste-sommermaaned\/\"]}]},{\"@type\":\"BreadcrumbList\",\"@id\":\"https:\/\/kunmedierne.dk\/mors\/juni-2025-ballade-om-herregaard-mere-om-jordbaer-og-palle-schou-toppede-interessen-i-foerste-sommermaaned\/#breadcrumb\",\"itemListElement\":[{\"@type\":\"ListItem\",\"position\":1,\"name\":\"Hjem\",\"item\":\"https:\/\/kunmedierne.dk\/mors\/\"},{\"@type\":\"ListItem\",\"position\":2,\"name\":\"Juni 2025: Ballade om herreg\u00e5rd, mere om jordb\u00e6r og Palle Schou toppede interessen i f\u00f8rste sommerm\u00e5ned\"}]},{\"@type\":\"WebSite\",\"@id\":\"https:\/\/kunmedierne.dk\/mors\/#website\",\"url\":\"https:\/\/kunmedierne.dk\/mors\/\",\"name\":\"Mors\",\"description\":\"et netmedie med journalistik om livet p\u00e5 Mors\",\"publisher\":{\"@id\":\"https:\/\/kunmedierne.dk\/mors\/#organization\"},\"potentialAction\":[{\"@type\":\"SearchAction\",\"target\":{\"@type\":\"EntryPoint\",\"urlTemplate\":\"https:\/\/kunmedierne.dk\/mors\/?s={search_term_string}\"},\"query-input\":{\"@type\":\"PropertyValueSpecification\",\"valueRequired\":true,\"valueName\":\"search_term_string\"}}],\"inLanguage\":\"da-DK\"},{\"@type\":\"Organization\",\"@id\":\"https:\/\/kunmedierne.dk\/mors\/#organization\",\"name\":\"Mors\",\"url\":\"https:\/\/kunmedierne.dk\/mors\/\",\"logo\":{\"@type\":\"ImageObject\",\"inLanguage\":\"da-DK\",\"@id\":\"https:\/\/kunmedierne.dk\/mors\/#\/schema\/logo\/image\/\",\"url\":\"https:\/\/kunmedierne.dk\/mors\/wp-content\/uploads\/2024\/08\/kunmors-logo.svg\",\"contentUrl\":\"https:\/\/kunmedierne.dk\/mors\/wp-content\/uploads\/2024\/08\/kunmors-logo.svg\",\"caption\":\"Mors\"},\"image\":{\"@id\":\"https:\/\/kunmedierne.dk\/mors\/#\/schema\/logo\/image\/\"}},{\"@type\":\"Person\",\"@id\":\"https:\/\/kunmedierne.dk\/mors\/#\/schema\/person\/5fe23251bf1d0abbcdc6f7896579d548\",\"name\":\"David H\u00f8jmark\",\"image\":{\"@type\":\"ImageObject\",\"inLanguage\":\"da-DK\",\"@id\":\"https:\/\/kunmedierne.dk\/mors\/#\/schema\/person\/image\/\",\"url\":\"https:\/\/secure.gravatar.com\/avatar\/4315d6fb9ef244d729989f5f90268eb08d5bf8a3d84402f595fa194bb35784fd?s=96&d=mm&r=g\",\"contentUrl\":\"https:\/\/secure.gravatar.com\/avatar\/4315d6fb9ef244d729989f5f90268eb08d5bf8a3d84402f595fa194bb35784fd?s=96&d=mm&r=g\",\"caption\":\"David H\u00f8jmark\"},\"sameAs\":[\"https:\/\/www.kunmedierne.dk\"],\"url\":\"https:\/\/kunmedierne.dk\/mors\/author\/david\/\"}]}<\/script>\n<!-- \/ Yoast SEO plugin. -->","yoast_head_json":{"title":"Juni 2025: Ballade om herreg\u00e5rd, mere om jordb\u00e6r og Palle Schou toppede interessen i f\u00f8rste sommerm\u00e5ned - Mors","robots":{"index":"index","follow":"follow","max-snippet":"max-snippet:-1","max-image-preview":"max-image-preview:large","max-video-preview":"max-video-preview:-1"},"canonical":"https:\/\/kunmedierne.dk\/mors\/juni-2025-ballade-om-herregaard-mere-om-jordbaer-og-palle-schou-toppede-interessen-i-foerste-sommermaaned\/","og_locale":"da_DK","og_type":"article","og_title":"Juni 2025: Ballade om herreg\u00e5rd, mere om jordb\u00e6r og Palle Schou toppede interessen i f\u00f8rste sommerm\u00e5ned - Mors","og_description":"MORS: En karant\u00e6neramt herreg\u00e5rd i Salling var godt l\u00e6sestof p\u00e5 Mors i juni 2025. Artiklen om, at Grethe Breum, indehaver af Herreg\u00e5rden Hesthave, var skuffet og vred over et manglende samarbejde med Mors\u00f8 Turistforening, blev den mest l\u00e6ste artikel p\u00e5 KunMors i den m\u00e5ned. Ogs\u00e5 en ny udvikling i maj-historien om Christian Hansens vejbod vakte [&hellip;]","og_url":"https:\/\/kunmedierne.dk\/mors\/juni-2025-ballade-om-herregaard-mere-om-jordbaer-og-palle-schou-toppede-interessen-i-foerste-sommermaaned\/","og_site_name":"Mors","article_published_time":"2025-12-29T16:33:53+00:00","article_modified_time":"2025-12-31T08:21:21+00:00","author":"David H\u00f8jmark","twitter_card":"summary_large_image","twitter_misc":{"Skrevet af":"David H\u00f8jmark","Estimeret l\u00e6setid":"1 minut"},"schema":{"@context":"https:\/\/schema.org","@graph":[{"@type":"Article","@id":"https:\/\/kunmedierne.dk\/mors\/juni-2025-ballade-om-herregaard-mere-om-jordbaer-og-palle-schou-toppede-interessen-i-foerste-sommermaaned\/#article","isPartOf":{"@id":"https:\/\/kunmedierne.dk\/mors\/juni-2025-ballade-om-herregaard-mere-om-jordbaer-og-palle-schou-toppede-interessen-i-foerste-sommermaaned\/"},"author":{"name":"David H\u00f8jmark","@id":"https:\/\/kunmedierne.dk\/mors\/#\/schema\/person\/5fe23251bf1d0abbcdc6f7896579d548"},"headline":"Juni 2025: Ballade om herreg\u00e5rd, mere om jordb\u00e6r og Palle Schou toppede interessen i f\u00f8rste sommerm\u00e5ned","datePublished":"2025-12-29T16:33:53+00:00","dateModified":"2025-12-31T08:21:21+00:00","mainEntityOfPage":{"@id":"https:\/\/kunmedierne.dk\/mors\/juni-2025-ballade-om-herregaard-mere-om-jordbaer-og-palle-schou-toppede-interessen-i-foerste-sommermaaned\/"},"wordCount":259,"publisher":{"@id":"https:\/\/kunmedierne.dk\/mors\/#organization"},"articleSection":["Lokalt"],"inLanguage":"da-DK"},{"@type":"WebPage","@id":"https:\/\/kunmedierne.dk\/mors\/juni-2025-ballade-om-herregaard-mere-om-jordbaer-og-palle-schou-toppede-interessen-i-foerste-sommermaaned\/","url":"https:\/\/kunmedierne.dk\/mors\/juni-2025-ballade-om-herregaard-mere-om-jordbaer-og-palle-schou-toppede-interessen-i-foerste-sommermaaned\/","name":"Juni 2025: Ballade om herreg\u00e5rd, mere om jordb\u00e6r og Palle Schou toppede interessen i f\u00f8rste sommerm\u00e5ned - Mors","isPartOf":{"@id":"https:\/\/kunmedierne.dk\/mors\/#website"},"datePublished":"2025-12-29T16:33:53+00:00","dateModified":"2025-12-31T08:21:21+00:00","breadcrumb":{"@id":"https:\/\/kunmedierne.dk\/mors\/juni-2025-ballade-om-herregaard-mere-om-jordbaer-og-palle-schou-toppede-interessen-i-foerste-sommermaaned\/#breadcrumb"},"inLanguage":"da-DK","potentialAction":[{"@type":"ReadAction","target":["https:\/\/kunmedierne.dk\/mors\/juni-2025-ballade-om-herregaard-mere-om-jordbaer-og-palle-schou-toppede-interessen-i-foerste-sommermaaned\/"]}]},{"@type":"BreadcrumbList","@id":"https:\/\/kunmedierne.dk\/mors\/juni-2025-ballade-om-herregaard-mere-om-jordbaer-og-palle-schou-toppede-interessen-i-foerste-sommermaaned\/#breadcrumb","itemListElement":[{"@type":"ListItem","position":1,"name":"Hjem","item":"https:\/\/kunmedierne.dk\/mors\/"},{"@type":"ListItem","position":2,"name":"Juni 2025: Ballade om herreg\u00e5rd, mere om jordb\u00e6r og Palle Schou toppede interessen i f\u00f8rste sommerm\u00e5ned"}]},{"@type":"WebSite","@id":"https:\/\/kunmedierne.dk\/mors\/#website","url":"https:\/\/kunmedierne.dk\/mors\/","name":"Mors","description":"et netmedie med journalistik om livet p\u00e5 Mors","publisher":{"@id":"https:\/\/kunmedierne.dk\/mors\/#organization"},"potentialAction":[{"@type":"SearchAction","target":{"@type":"EntryPoint","urlTemplate":"https:\/\/kunmedierne.dk\/mors\/?s={search_term_string}"},"query-input":{"@type":"PropertyValueSpecification","valueRequired":true,"valueName":"search_term_string"}}],"inLanguage":"da-DK"},{"@type":"Organization","@id":"https:\/\/kunmedierne.dk\/mors\/#organization","name":"Mors","url":"https:\/\/kunmedierne.dk\/mors\/","logo":{"@type":"ImageObject","inLanguage":"da-DK","@id":"https:\/\/kunmedierne.dk\/mors\/#\/schema\/logo\/image\/","url":"https:\/\/kunmedierne.dk\/mors\/wp-content\/uploads\/2024\/08\/kunmors-logo.svg","contentUrl":"https:\/\/kunmedierne.dk\/mors\/wp-content\/uploads\/2024\/08\/kunmors-logo.svg","caption":"Mors"},"image":{"@id":"https:\/\/kunmedierne.dk\/mors\/#\/schema\/logo\/image\/"}},{"@type":"Person","@id":"https:\/\/kunmedierne.dk\/mors\/#\/schema\/person\/5fe23251bf1d0abbcdc6f7896579d548","name":"David H\u00f8jmark","image":{"@type":"ImageObject","inLanguage":"da-DK","@id":"https:\/\/kunmedierne.dk\/mors\/#\/schema\/person\/image\/","url":"https:\/\/secure.gravatar.com\/avatar\/4315d6fb9ef244d729989f5f90268eb08d5bf8a3d84402f595fa194bb35784fd?s=96&d=mm&r=g","contentUrl":"https:\/\/secure.gravatar.com\/avatar\/4315d6fb9ef244d729989f5f90268eb08d5bf8a3d84402f595fa194bb35784fd?s=96&d=mm&r=g","caption":"David H\u00f8jmark"},"sameAs":["https:\/\/www.kunmedierne.dk"],"url":"https:\/\/kunmedierne.dk\/mors\/author\/david\/"}]}},"_links":{"self":[{"href":"https:\/\/kunmedierne.dk\/mors\/wp-json\/wp\/v2\/posts\/164260","targetHints":{"allow":["GET"]}}],"collection":[{"href":"https:\/\/kunmedierne.dk\/mors\/wp-json\/wp\/v2\/posts"}],"about":[{"href":"https:\/\/kunmedierne.dk\/mors\/wp-json\/wp\/v2\/types\/post"}],"author":[{"embeddable":true,"href":"https:\/\/kunmedierne.dk\/mors\/wp-json\/wp\/v2\/users\/8"}],"replies":[{"embeddable":true,"href":"https:\/\/kunmedierne.dk\/mors\/wp-json\/wp\/v2\/comments?post=164260"}],"version-history":[{"count":8,"href":"https:\/\/kunmedierne.dk\/mors\/wp-json\/wp\/v2\/posts\/164260\/revisions"}],"predecessor-version":[{"id":164410,"href":"https:\/\/kunmedierne.dk\/mors\/wp-json\/wp\/v2\/posts\/164260\/revisions\/164410"}],"wp:attachment":[{"href":"https:\/\/kunmedierne.dk\/mors\/wp-json\/wp\/v2\/media?parent=164260"}],"wp:term":[{"taxonomy":"category","embeddable":true,"href":"https:\/\/kunmedierne.dk\/mors\/wp-json\/wp\/v2\/categories?post=164260"},{"taxonomy":"post_tag","embeddable":true,"href":"https:\/\/kunmedierne.dk\/mors\/wp-json\/wp\/v2\/tags?post=164260"}],"curies":[{"name":"wp","href":"https:\/\/api.w.org\/{rel}","templated":true}]}}