{"id":164206,"date":"2025-12-28T10:08:00","date_gmt":"2025-12-28T09:08:00","guid":{"rendered":"https:\/\/kunmedierne.dk\/mors\/?p=164206"},"modified":"2025-12-31T09:22:08","modified_gmt":"2025-12-31T08:22:08","slug":"marts-2025-lugt-i-sillerslev-politisk-udmelding-og-festlig-fejring-af-de-frivillige","status":"publish","type":"post","link":"https:\/\/kunmedierne.dk\/mors\/marts-2025-lugt-i-sillerslev-politisk-udmelding-og-festlig-fejring-af-de-frivillige\/","title":{"rendered":"<span>Marts 2025: <\/span>Lugt i Sillerslev, politisk udmelding og festlig fejring af de frivillige"},"content":{"rendered":"<p><strong>MORS<\/strong>: En lugt af olie, r\u00e5d og v\u00e5dt tr\u00e6 skar i n\u00e6seborene p\u00e5 Sillerslev Havn, da et skibsvrag i marts vakte opsigt.<\/p>\n<p>KunMors aflade stedet et bes\u00f8g, og det f\u00f8rte til den mest l\u00e6ste artikel p\u00e5 mediet i en m\u00e5ned, der ellers ogs\u00e5 b\u00f8d p\u00e5 store politiske nyheder.<\/p>\n<a class=\"dvrt-link\" onClick=\"cdmtrack_click(113414,jQuery(this));return false\" href=\"https:\/\/www.p-soerensen.dk\/\"><img decoding=\"async\" style=\"width:100%;\" src=\"https:\/\/kunmedierne.dk\/mors\/wp-content\/uploads\/2024\/03\/p-soerensen-juni25.jpg\"><\/a><script>cdmtrack_view(113414);<\/script>\n<p>Den mest l\u00e6ste af dem var, da Meiner N\u00f8rgaard (DD) besluttede at forlade det arbejde for den gr\u00f8nne trepart, han forinden var blevet udpeget til &#8211; en beslutning, han beskrev med &#8220;tvang fra K\u00f8benhavn&#8221; som \u00e5rsag. Ogs\u00e5 det kommende kommunalvalg kom i bevidstheden hos morsingboerne, da Peter Nielsen, der har k\u00e6mpet h\u00e5rdt med sin stammen, fortalte til KunMors, at han ville stille op for Socialdemokratiet.<\/p>\n<p>KunMors var som eneste medie ogs\u00e5 p\u00e5 plads til Frivilligfesten 2025, og d\u00e6kningen af den glade aften blev m\u00e5nedens fjerdemest l\u00e6ste artikel, mens det ogs\u00e5 vakte interesse at l\u00e6se om tankerne fra Preben Laustsen, der i for\u00e5ret overtog formandsposten i Mors Handel.<\/p>\n<a class=\"dvrt-link\" onClick=\"cdmtrack_click(113414,jQuery(this));return false\" href=\"https:\/\/www.p-soerensen.dk\/\"><img decoding=\"async\" style=\"width:100%;\" src=\"https:\/\/kunmedierne.dk\/mors\/wp-content\/uploads\/2024\/03\/p-soerensen-juni25.jpg\"><\/a><script>cdmtrack_view(113414);<\/script>\n<p>Herunder har du Top 5 for marts 2025. Har du endnu ikke abonnement, kan vi garantere dig meget mere l\u00e6sestof om Mors igen i 2026, hvis du k\u00f8ber adgang ved at <a href=\"https:\/\/kunmedierne.dk\/mors\/koeb-adgang\/\" target=\"_blank\" rel=\"noopener\">klikke her<\/a>. K\u00f8ber du abonnement for et \u00e5r, er prisen mindre end to kroner om dagen.<\/p>\n<p>Du kan ogs\u00e5 give et abonnement til en ven &#8211; nemt og hurtigt ved at <a href=\"https:\/\/kunmedierne.dk\/mors\/gaveabonnement\/\" target=\"_blank\" rel=\"noopener\">klikke her<\/a>.<\/p>\n<blockquote>\n<h3 class=\"cdm-speech-text\">Mest l\u00e6ste artikler i marts:<\/h3>\n<h5 class=\"cdm-speech-text\">1) <a href=\"https:\/\/kunmedierne.dk\/mors\/vragboef-og-vragrester-cafe-sillerslevhavn-aabner-med-udsigt-til-havnens-nyeste-attraktion\/\">Vragb\u00f8f og vragrester: Caf\u00e9 Sillerslevhavn \u00e5bner med udsigt til havnens nyeste \u201cattraktion\u201d<\/a><\/h5>\n<h5 class=\"cdm-speech-text\">2) <a href=\"https:\/\/kunmedierne.dk\/mors\/meiner-noergaard-har-forladt-den-groenne-trepart\/\">Meiner N\u00f8rgaard har forladt den gr\u00f8nne trepart<\/a><\/h5>\n<h5 class=\"cdm-speech-text\">3) <a href=\"https:\/\/kunmedierne.dk\/mors\/frivilligfesten-2025-kristian-oestergaard-hansen-blev-aarets-frivillig\/\">Frivilligfesten 2025: Kristian \u00d8stergaard Hansen blev \u00c5rets Frivillig<\/a><\/h5>\n<h5 class=\"cdm-speech-text\">4) <a href=\"https:\/\/kunmedierne.dk\/mors\/peter-kunne-ikke-tale-uden-at-gaa-i-staa-nu-stiller-han-op-til-kommunalvalget\/\">Peter kunne ikke tale uden at g\u00e5 i st\u00e5 &#8211; nu stiller han op til kommunalvalget<\/a><\/h5>\n<h5 class=\"cdm-speech-text\">5) <a href=\"https:\/\/kunmedierne.dk\/mors\/ny-handelsformand-vi-skal-blive-ved-med-at-forny-os\/\">Ny handelsformand: &#8220;Vi skal blive ved med at forny os&#8221;<\/a><\/h5>\n<h5 class=\"cdm-speech-text\">(Artikler om 112-stof er frasorteret)<\/h5>\n<\/blockquote>\n","protected":false},"excerpt":{"rendered":"<p>MORS: En lugt af olie, r\u00e5d og v\u00e5dt tr\u00e6 skar i n\u00e6seborene p\u00e5 Sillerslev Havn, da et skibsvrag i marts vakte opsigt. KunMors aflade stedet et bes\u00f8g, og det f\u00f8rte til den mest l\u00e6ste artikel p\u00e5 mediet i en m\u00e5ned, der ellers ogs\u00e5 b\u00f8d p\u00e5 store politiske nyheder. Den mest l\u00e6ste af dem var, da [&hellip;]<\/p>\n","protected":false},"author":8,"featured_media":0,"comment_status":"closed","ping_status":"closed","sticky":false,"template":"","format":"standard","meta":{"_acf_changed":false,"footnotes":""},"categories":[51],"tags":[],"class_list":["post-164206","post","type-post","status-publish","format-standard","hentry","category-lokalt"],"acf":[],"yoast_head":"<!-- This site is optimized with the Yoast SEO plugin v26.8 - https:\/\/yoast.com\/product\/yoast-seo-wordpress\/ -->\n<title>Marts 2025: Lugt i Sillerslev, politisk udmelding og festlig fejring af de frivillige - Mors<\/title>\n<meta name=\"robots\" content=\"index, follow, max-snippet:-1, max-image-preview:large, max-video-preview:-1\" \/>\n<link rel=\"canonical\" href=\"https:\/\/kunmedierne.dk\/mors\/marts-2025-lugt-i-sillerslev-politisk-udmelding-og-festlig-fejring-af-de-frivillige\/\" \/>\n<meta property=\"og:locale\" content=\"da_DK\" \/>\n<meta property=\"og:type\" content=\"article\" \/>\n<meta property=\"og:title\" content=\"Marts 2025: Lugt i Sillerslev, politisk udmelding og festlig fejring af de frivillige - Mors\" \/>\n<meta property=\"og:description\" content=\"MORS: En lugt af olie, r\u00e5d og v\u00e5dt tr\u00e6 skar i n\u00e6seborene p\u00e5 Sillerslev Havn, da et skibsvrag i marts vakte opsigt. KunMors aflade stedet et bes\u00f8g, og det f\u00f8rte til den mest l\u00e6ste artikel p\u00e5 mediet i en m\u00e5ned, der ellers ogs\u00e5 b\u00f8d p\u00e5 store politiske nyheder. Den mest l\u00e6ste af dem var, da [&hellip;]\" \/>\n<meta property=\"og:url\" content=\"https:\/\/kunmedierne.dk\/mors\/marts-2025-lugt-i-sillerslev-politisk-udmelding-og-festlig-fejring-af-de-frivillige\/\" \/>\n<meta property=\"og:site_name\" content=\"Mors\" \/>\n<meta property=\"article:published_time\" content=\"2025-12-28T09:08:00+00:00\" \/>\n<meta property=\"article:modified_time\" content=\"2025-12-31T08:22:08+00:00\" \/>\n<meta name=\"author\" content=\"David H\u00f8jmark\" \/>\n<meta name=\"twitter:card\" content=\"summary_large_image\" \/>\n<meta name=\"twitter:label1\" content=\"Skrevet af\" \/>\n\t<meta name=\"twitter:data1\" content=\"David H\u00f8jmark\" \/>\n\t<meta name=\"twitter:label2\" content=\"Estimeret l\u00e6setid\" \/>\n\t<meta name=\"twitter:data2\" content=\"2 minutter\" \/>\n<script type=\"application\/ld+json\" class=\"yoast-schema-graph\">{\"@context\":\"https:\/\/schema.org\",\"@graph\":[{\"@type\":\"Article\",\"@id\":\"https:\/\/kunmedierne.dk\/mors\/marts-2025-lugt-i-sillerslev-politisk-udmelding-og-festlig-fejring-af-de-frivillige\/#article\",\"isPartOf\":{\"@id\":\"https:\/\/kunmedierne.dk\/mors\/marts-2025-lugt-i-sillerslev-politisk-udmelding-og-festlig-fejring-af-de-frivillige\/\"},\"author\":{\"name\":\"David H\u00f8jmark\",\"@id\":\"https:\/\/kunmedierne.dk\/mors\/#\/schema\/person\/5fe23251bf1d0abbcdc6f7896579d548\"},\"headline\":\"Marts 2025: Lugt i Sillerslev, politisk udmelding og festlig fejring af de frivillige\",\"datePublished\":\"2025-12-28T09:08:00+00:00\",\"dateModified\":\"2025-12-31T08:22:08+00:00\",\"mainEntityOfPage\":{\"@id\":\"https:\/\/kunmedierne.dk\/mors\/marts-2025-lugt-i-sillerslev-politisk-udmelding-og-festlig-fejring-af-de-frivillige\/\"},\"wordCount\":319,\"publisher\":{\"@id\":\"https:\/\/kunmedierne.dk\/mors\/#organization\"},\"articleSection\":[\"Lokalt\"],\"inLanguage\":\"da-DK\"},{\"@type\":\"WebPage\",\"@id\":\"https:\/\/kunmedierne.dk\/mors\/marts-2025-lugt-i-sillerslev-politisk-udmelding-og-festlig-fejring-af-de-frivillige\/\",\"url\":\"https:\/\/kunmedierne.dk\/mors\/marts-2025-lugt-i-sillerslev-politisk-udmelding-og-festlig-fejring-af-de-frivillige\/\",\"name\":\"Marts 2025: Lugt i Sillerslev, politisk udmelding og festlig fejring af de frivillige - Mors\",\"isPartOf\":{\"@id\":\"https:\/\/kunmedierne.dk\/mors\/#website\"},\"datePublished\":\"2025-12-28T09:08:00+00:00\",\"dateModified\":\"2025-12-31T08:22:08+00:00\",\"breadcrumb\":{\"@id\":\"https:\/\/kunmedierne.dk\/mors\/marts-2025-lugt-i-sillerslev-politisk-udmelding-og-festlig-fejring-af-de-frivillige\/#breadcrumb\"},\"inLanguage\":\"da-DK\",\"potentialAction\":[{\"@type\":\"ReadAction\",\"target\":[\"https:\/\/kunmedierne.dk\/mors\/marts-2025-lugt-i-sillerslev-politisk-udmelding-og-festlig-fejring-af-de-frivillige\/\"]}]},{\"@type\":\"BreadcrumbList\",\"@id\":\"https:\/\/kunmedierne.dk\/mors\/marts-2025-lugt-i-sillerslev-politisk-udmelding-og-festlig-fejring-af-de-frivillige\/#breadcrumb\",\"itemListElement\":[{\"@type\":\"ListItem\",\"position\":1,\"name\":\"Hjem\",\"item\":\"https:\/\/kunmedierne.dk\/mors\/\"},{\"@type\":\"ListItem\",\"position\":2,\"name\":\"Marts 2025: Lugt i Sillerslev, politisk udmelding og festlig fejring af de frivillige\"}]},{\"@type\":\"WebSite\",\"@id\":\"https:\/\/kunmedierne.dk\/mors\/#website\",\"url\":\"https:\/\/kunmedierne.dk\/mors\/\",\"name\":\"Mors\",\"description\":\"et netmedie med journalistik om livet p\u00e5 Mors\",\"publisher\":{\"@id\":\"https:\/\/kunmedierne.dk\/mors\/#organization\"},\"potentialAction\":[{\"@type\":\"SearchAction\",\"target\":{\"@type\":\"EntryPoint\",\"urlTemplate\":\"https:\/\/kunmedierne.dk\/mors\/?s={search_term_string}\"},\"query-input\":{\"@type\":\"PropertyValueSpecification\",\"valueRequired\":true,\"valueName\":\"search_term_string\"}}],\"inLanguage\":\"da-DK\"},{\"@type\":\"Organization\",\"@id\":\"https:\/\/kunmedierne.dk\/mors\/#organization\",\"name\":\"Mors\",\"url\":\"https:\/\/kunmedierne.dk\/mors\/\",\"logo\":{\"@type\":\"ImageObject\",\"inLanguage\":\"da-DK\",\"@id\":\"https:\/\/kunmedierne.dk\/mors\/#\/schema\/logo\/image\/\",\"url\":\"https:\/\/kunmedierne.dk\/mors\/wp-content\/uploads\/2024\/08\/kunmors-logo.svg\",\"contentUrl\":\"https:\/\/kunmedierne.dk\/mors\/wp-content\/uploads\/2024\/08\/kunmors-logo.svg\",\"caption\":\"Mors\"},\"image\":{\"@id\":\"https:\/\/kunmedierne.dk\/mors\/#\/schema\/logo\/image\/\"}},{\"@type\":\"Person\",\"@id\":\"https:\/\/kunmedierne.dk\/mors\/#\/schema\/person\/5fe23251bf1d0abbcdc6f7896579d548\",\"name\":\"David H\u00f8jmark\",\"image\":{\"@type\":\"ImageObject\",\"inLanguage\":\"da-DK\",\"@id\":\"https:\/\/kunmedierne.dk\/mors\/#\/schema\/person\/image\/\",\"url\":\"https:\/\/secure.gravatar.com\/avatar\/4315d6fb9ef244d729989f5f90268eb08d5bf8a3d84402f595fa194bb35784fd?s=96&d=mm&r=g\",\"contentUrl\":\"https:\/\/secure.gravatar.com\/avatar\/4315d6fb9ef244d729989f5f90268eb08d5bf8a3d84402f595fa194bb35784fd?s=96&d=mm&r=g\",\"caption\":\"David H\u00f8jmark\"},\"sameAs\":[\"https:\/\/www.kunmedierne.dk\"],\"url\":\"https:\/\/kunmedierne.dk\/mors\/author\/david\/\"}]}<\/script>\n<!-- \/ Yoast SEO plugin. -->","yoast_head_json":{"title":"Marts 2025: Lugt i Sillerslev, politisk udmelding og festlig fejring af de frivillige - Mors","robots":{"index":"index","follow":"follow","max-snippet":"max-snippet:-1","max-image-preview":"max-image-preview:large","max-video-preview":"max-video-preview:-1"},"canonical":"https:\/\/kunmedierne.dk\/mors\/marts-2025-lugt-i-sillerslev-politisk-udmelding-og-festlig-fejring-af-de-frivillige\/","og_locale":"da_DK","og_type":"article","og_title":"Marts 2025: Lugt i Sillerslev, politisk udmelding og festlig fejring af de frivillige - Mors","og_description":"MORS: En lugt af olie, r\u00e5d og v\u00e5dt tr\u00e6 skar i n\u00e6seborene p\u00e5 Sillerslev Havn, da et skibsvrag i marts vakte opsigt. KunMors aflade stedet et bes\u00f8g, og det f\u00f8rte til den mest l\u00e6ste artikel p\u00e5 mediet i en m\u00e5ned, der ellers ogs\u00e5 b\u00f8d p\u00e5 store politiske nyheder. Den mest l\u00e6ste af dem var, da [&hellip;]","og_url":"https:\/\/kunmedierne.dk\/mors\/marts-2025-lugt-i-sillerslev-politisk-udmelding-og-festlig-fejring-af-de-frivillige\/","og_site_name":"Mors","article_published_time":"2025-12-28T09:08:00+00:00","article_modified_time":"2025-12-31T08:22:08+00:00","author":"David H\u00f8jmark","twitter_card":"summary_large_image","twitter_misc":{"Skrevet af":"David H\u00f8jmark","Estimeret l\u00e6setid":"2 minutter"},"schema":{"@context":"https:\/\/schema.org","@graph":[{"@type":"Article","@id":"https:\/\/kunmedierne.dk\/mors\/marts-2025-lugt-i-sillerslev-politisk-udmelding-og-festlig-fejring-af-de-frivillige\/#article","isPartOf":{"@id":"https:\/\/kunmedierne.dk\/mors\/marts-2025-lugt-i-sillerslev-politisk-udmelding-og-festlig-fejring-af-de-frivillige\/"},"author":{"name":"David H\u00f8jmark","@id":"https:\/\/kunmedierne.dk\/mors\/#\/schema\/person\/5fe23251bf1d0abbcdc6f7896579d548"},"headline":"Marts 2025: Lugt i Sillerslev, politisk udmelding og festlig fejring af de frivillige","datePublished":"2025-12-28T09:08:00+00:00","dateModified":"2025-12-31T08:22:08+00:00","mainEntityOfPage":{"@id":"https:\/\/kunmedierne.dk\/mors\/marts-2025-lugt-i-sillerslev-politisk-udmelding-og-festlig-fejring-af-de-frivillige\/"},"wordCount":319,"publisher":{"@id":"https:\/\/kunmedierne.dk\/mors\/#organization"},"articleSection":["Lokalt"],"inLanguage":"da-DK"},{"@type":"WebPage","@id":"https:\/\/kunmedierne.dk\/mors\/marts-2025-lugt-i-sillerslev-politisk-udmelding-og-festlig-fejring-af-de-frivillige\/","url":"https:\/\/kunmedierne.dk\/mors\/marts-2025-lugt-i-sillerslev-politisk-udmelding-og-festlig-fejring-af-de-frivillige\/","name":"Marts 2025: Lugt i Sillerslev, politisk udmelding og festlig fejring af de frivillige - Mors","isPartOf":{"@id":"https:\/\/kunmedierne.dk\/mors\/#website"},"datePublished":"2025-12-28T09:08:00+00:00","dateModified":"2025-12-31T08:22:08+00:00","breadcrumb":{"@id":"https:\/\/kunmedierne.dk\/mors\/marts-2025-lugt-i-sillerslev-politisk-udmelding-og-festlig-fejring-af-de-frivillige\/#breadcrumb"},"inLanguage":"da-DK","potentialAction":[{"@type":"ReadAction","target":["https:\/\/kunmedierne.dk\/mors\/marts-2025-lugt-i-sillerslev-politisk-udmelding-og-festlig-fejring-af-de-frivillige\/"]}]},{"@type":"BreadcrumbList","@id":"https:\/\/kunmedierne.dk\/mors\/marts-2025-lugt-i-sillerslev-politisk-udmelding-og-festlig-fejring-af-de-frivillige\/#breadcrumb","itemListElement":[{"@type":"ListItem","position":1,"name":"Hjem","item":"https:\/\/kunmedierne.dk\/mors\/"},{"@type":"ListItem","position":2,"name":"Marts 2025: Lugt i Sillerslev, politisk udmelding og festlig fejring af de frivillige"}]},{"@type":"WebSite","@id":"https:\/\/kunmedierne.dk\/mors\/#website","url":"https:\/\/kunmedierne.dk\/mors\/","name":"Mors","description":"et netmedie med journalistik om livet p\u00e5 Mors","publisher":{"@id":"https:\/\/kunmedierne.dk\/mors\/#organization"},"potentialAction":[{"@type":"SearchAction","target":{"@type":"EntryPoint","urlTemplate":"https:\/\/kunmedierne.dk\/mors\/?s={search_term_string}"},"query-input":{"@type":"PropertyValueSpecification","valueRequired":true,"valueName":"search_term_string"}}],"inLanguage":"da-DK"},{"@type":"Organization","@id":"https:\/\/kunmedierne.dk\/mors\/#organization","name":"Mors","url":"https:\/\/kunmedierne.dk\/mors\/","logo":{"@type":"ImageObject","inLanguage":"da-DK","@id":"https:\/\/kunmedierne.dk\/mors\/#\/schema\/logo\/image\/","url":"https:\/\/kunmedierne.dk\/mors\/wp-content\/uploads\/2024\/08\/kunmors-logo.svg","contentUrl":"https:\/\/kunmedierne.dk\/mors\/wp-content\/uploads\/2024\/08\/kunmors-logo.svg","caption":"Mors"},"image":{"@id":"https:\/\/kunmedierne.dk\/mors\/#\/schema\/logo\/image\/"}},{"@type":"Person","@id":"https:\/\/kunmedierne.dk\/mors\/#\/schema\/person\/5fe23251bf1d0abbcdc6f7896579d548","name":"David H\u00f8jmark","image":{"@type":"ImageObject","inLanguage":"da-DK","@id":"https:\/\/kunmedierne.dk\/mors\/#\/schema\/person\/image\/","url":"https:\/\/secure.gravatar.com\/avatar\/4315d6fb9ef244d729989f5f90268eb08d5bf8a3d84402f595fa194bb35784fd?s=96&d=mm&r=g","contentUrl":"https:\/\/secure.gravatar.com\/avatar\/4315d6fb9ef244d729989f5f90268eb08d5bf8a3d84402f595fa194bb35784fd?s=96&d=mm&r=g","caption":"David H\u00f8jmark"},"sameAs":["https:\/\/www.kunmedierne.dk"],"url":"https:\/\/kunmedierne.dk\/mors\/author\/david\/"}]}},"_links":{"self":[{"href":"https:\/\/kunmedierne.dk\/mors\/wp-json\/wp\/v2\/posts\/164206","targetHints":{"allow":["GET"]}}],"collection":[{"href":"https:\/\/kunmedierne.dk\/mors\/wp-json\/wp\/v2\/posts"}],"about":[{"href":"https:\/\/kunmedierne.dk\/mors\/wp-json\/wp\/v2\/types\/post"}],"author":[{"embeddable":true,"href":"https:\/\/kunmedierne.dk\/mors\/wp-json\/wp\/v2\/users\/8"}],"replies":[{"embeddable":true,"href":"https:\/\/kunmedierne.dk\/mors\/wp-json\/wp\/v2\/comments?post=164206"}],"version-history":[{"count":5,"href":"https:\/\/kunmedierne.dk\/mors\/wp-json\/wp\/v2\/posts\/164206\/revisions"}],"predecessor-version":[{"id":164419,"href":"https:\/\/kunmedierne.dk\/mors\/wp-json\/wp\/v2\/posts\/164206\/revisions\/164419"}],"wp:attachment":[{"href":"https:\/\/kunmedierne.dk\/mors\/wp-json\/wp\/v2\/media?parent=164206"}],"wp:term":[{"taxonomy":"category","embeddable":true,"href":"https:\/\/kunmedierne.dk\/mors\/wp-json\/wp\/v2\/categories?post=164206"},{"taxonomy":"post_tag","embeddable":true,"href":"https:\/\/kunmedierne.dk\/mors\/wp-json\/wp\/v2\/tags?post=164206"}],"curies":[{"name":"wp","href":"https:\/\/api.w.org\/{rel}","templated":true}]}}