{"id":164175,"date":"2025-12-27T19:36:41","date_gmt":"2025-12-27T18:36:41","guid":{"rendered":"https:\/\/kunmedierne.dk\/mors\/?p=164175"},"modified":"2025-12-31T09:22:25","modified_gmt":"2025-12-31T08:22:25","slug":"februar-2025-kommunen-koebte-en-kolos-og-banede-vejen-for-stort-projekt","status":"publish","type":"post","link":"https:\/\/kunmedierne.dk\/mors\/februar-2025-kommunen-koebte-en-kolos-og-banede-vejen-for-stort-projekt\/","title":{"rendered":"<span>Februar 2025: <\/span>Kommunen k\u00f8bte en kolos &#8211; og banede vejen for stort projekt"},"content":{"rendered":"<p><strong>MORS<\/strong>: En trist kolos fik nye ejere i februar 2025.<\/p>\n<p>Det drejer sig om bygningen p\u00e5 Havnen i Nyk\u00f8bing, hvor den havde st\u00e5et tom b\u00e5de f\u00f8r og efter, at den var t\u00e6nkt ind i et nu kuldsejlet hotelprojekt.<\/p>\n<p>I februar besluttede Mors\u00f8 Kommune at k\u00f8be den, og for 6,5 millioner kroner var overtagelsen en kendsgerning, hvilket senere f\u00f8rte til en endnu st\u00f8rre nyhed, da meget store midler fra Nordea-fonden og RealDania satte fremtiden for det store OPHAV-projekt p\u00e5 skinner.<\/p>\n<a class=\"dvrt-link\" onClick=\"cdmtrack_click(111725,jQuery(this));return false\" href=\"https:\/\/www.thistedforsikring.dk\/?utm_source=partnerskaber&amp;utm_campaign=kun_mors\"><img decoding=\"async\" style=\"width:100%;\" src=\"https:\/\/kunmedierne.dk\/mors\/wp-content\/uploads\/2024\/02\/269409KunMors-ThistedFor-1.png\"><\/a><script>cdmtrack_view(111725);<\/script>\n<p>Kommunens k\u00f8b var mest l\u00e6ste artikel p\u00e5 KunMors i februar &#8211; en m\u00e5ned, der i det hele taget var pr\u00e6get af b\u00e5de gode og d\u00e5rlige nyheder.<\/p>\n<p>Herunder har du Top 5 for februar 2025. Har du endnu ikke abonnement, kan vi garantere dig meget mere l\u00e6sestof om Mors igen i 2026, hvis du k\u00f8ber adgang ved at <a href=\"https:\/\/kunmedierne.dk\/mors\/koeb-adgang\/\" target=\"_blank\" rel=\"noopener\">klikke her<\/a>. K\u00f8ber du abonnement for et \u00e5r, er prisen mindre end to kroner om dagen.<\/p>\n<p>Du kan ogs\u00e5 give et abonnement til en ven &#8211; nemt og hurtigt ved at <a href=\"https:\/\/kunmedierne.dk\/mors\/gaveabonnement\/\" target=\"_blank\" rel=\"noopener\">klikke her<\/a>.<\/p>\n<blockquote>\n<h3 class=\"cdm-speech-text\">Mest l\u00e6ste artikler i februar:<\/h3>\n<h5 class=\"cdm-speech-text\">1) <a href=\"https:\/\/kunmedierne.dk\/mors\/morsoe-kommune-overtager-bygning-paa-havnen-i-nykoebing\/\">Mors\u00f8 Kommune overtager bygning p\u00e5 havnen i Nyk\u00f8bing<\/a><\/h5>\n<h5 class=\"cdm-speech-text\">2) <a href=\"https:\/\/kunmedierne.dk\/mors\/mors-thy-siger-farvel-til-maalmandstalent\/\">Mors-Thy siger farvel til m\u00e5lmandstalent<\/a><\/h5>\n<h5 class=\"cdm-speech-text\">3) <a href=\"https:\/\/kunmedierne.dk\/mors\/morsoe-kommune-er-nu-politianmeldt-i-sag-om-overdragelse-af-specialkoersel\/\">Mors\u00f8 Kommune er nu politianmeldt i sag om overdragelse af specialk\u00f8rsel<\/a><\/h5>\n<h5 class=\"cdm-speech-text\">4) <a href=\"https:\/\/kunmedierne.dk\/mors\/efter-stor-aendring-hos-ford-forventer-stadig-at-kunne-saelge-ford-biler-i-nykoebing\/\">Efter stor \u00e6ndring hos Ford: Forventer stadig at kunne s\u00e6lge Ford-biler i Nyk\u00f8bing<\/a><\/h5>\n<h5 class=\"cdm-speech-text\">5) <a href=\"https:\/\/kunmedierne.dk\/mors\/nu-er-blidstrup-efterskole-solgt\/\">Nu er Blidstrup Efterskole solgt<\/a><\/h5>\n<h5 class=\"cdm-speech-text\">(Artikler om 112-stof er frasorteret)<\/h5>\n<\/blockquote>\n","protected":false},"excerpt":{"rendered":"<p>MORS: En trist kolos fik nye ejere i februar 2025. Det drejer sig om bygningen p\u00e5 Havnen i Nyk\u00f8bing, hvor den havde st\u00e5et tom b\u00e5de f\u00f8r og efter, at den var t\u00e6nkt ind i et nu kuldsejlet hotelprojekt. I februar besluttede Mors\u00f8 Kommune at k\u00f8be den, og for 6,5 millioner kroner var overtagelsen en kendsgerning, [&hellip;]<\/p>\n","protected":false},"author":8,"featured_media":0,"comment_status":"closed","ping_status":"closed","sticky":false,"template":"","format":"standard","meta":{"_acf_changed":false,"footnotes":""},"categories":[51],"tags":[],"class_list":["post-164175","post","type-post","status-publish","format-standard","hentry","category-lokalt"],"acf":[],"yoast_head":"<!-- This site is optimized with the Yoast SEO plugin v26.8 - https:\/\/yoast.com\/product\/yoast-seo-wordpress\/ -->\n<title>Februar 2025: Kommunen k\u00f8bte en kolos - og banede vejen for stort projekt - Mors<\/title>\n<meta name=\"robots\" content=\"index, follow, max-snippet:-1, max-image-preview:large, max-video-preview:-1\" \/>\n<link rel=\"canonical\" href=\"https:\/\/kunmedierne.dk\/mors\/februar-2025-kommunen-koebte-en-kolos-og-banede-vejen-for-stort-projekt\/\" \/>\n<meta property=\"og:locale\" content=\"da_DK\" \/>\n<meta property=\"og:type\" content=\"article\" \/>\n<meta property=\"og:title\" content=\"Februar 2025: Kommunen k\u00f8bte en kolos - og banede vejen for stort projekt - Mors\" \/>\n<meta property=\"og:description\" content=\"MORS: En trist kolos fik nye ejere i februar 2025. Det drejer sig om bygningen p\u00e5 Havnen i Nyk\u00f8bing, hvor den havde st\u00e5et tom b\u00e5de f\u00f8r og efter, at den var t\u00e6nkt ind i et nu kuldsejlet hotelprojekt. I februar besluttede Mors\u00f8 Kommune at k\u00f8be den, og for 6,5 millioner kroner var overtagelsen en kendsgerning, [&hellip;]\" \/>\n<meta property=\"og:url\" content=\"https:\/\/kunmedierne.dk\/mors\/februar-2025-kommunen-koebte-en-kolos-og-banede-vejen-for-stort-projekt\/\" \/>\n<meta property=\"og:site_name\" content=\"Mors\" \/>\n<meta property=\"article:published_time\" content=\"2025-12-27T18:36:41+00:00\" \/>\n<meta property=\"article:modified_time\" content=\"2025-12-31T08:22:25+00:00\" \/>\n<meta name=\"author\" content=\"David H\u00f8jmark\" \/>\n<meta name=\"twitter:card\" content=\"summary_large_image\" \/>\n<meta name=\"twitter:label1\" content=\"Skrevet af\" \/>\n\t<meta name=\"twitter:data1\" content=\"David H\u00f8jmark\" \/>\n\t<meta name=\"twitter:label2\" content=\"Estimeret l\u00e6setid\" \/>\n\t<meta name=\"twitter:data2\" content=\"1 minut\" \/>\n<script type=\"application\/ld+json\" class=\"yoast-schema-graph\">{\"@context\":\"https:\/\/schema.org\",\"@graph\":[{\"@type\":\"Article\",\"@id\":\"https:\/\/kunmedierne.dk\/mors\/februar-2025-kommunen-koebte-en-kolos-og-banede-vejen-for-stort-projekt\/#article\",\"isPartOf\":{\"@id\":\"https:\/\/kunmedierne.dk\/mors\/februar-2025-kommunen-koebte-en-kolos-og-banede-vejen-for-stort-projekt\/\"},\"author\":{\"name\":\"David H\u00f8jmark\",\"@id\":\"https:\/\/kunmedierne.dk\/mors\/#\/schema\/person\/5fe23251bf1d0abbcdc6f7896579d548\"},\"headline\":\"Februar 2025: Kommunen k\u00f8bte en kolos &#8211; og banede vejen for stort projekt\",\"datePublished\":\"2025-12-27T18:36:41+00:00\",\"dateModified\":\"2025-12-31T08:22:25+00:00\",\"mainEntityOfPage\":{\"@id\":\"https:\/\/kunmedierne.dk\/mors\/februar-2025-kommunen-koebte-en-kolos-og-banede-vejen-for-stort-projekt\/\"},\"wordCount\":254,\"publisher\":{\"@id\":\"https:\/\/kunmedierne.dk\/mors\/#organization\"},\"articleSection\":[\"Lokalt\"],\"inLanguage\":\"da-DK\"},{\"@type\":\"WebPage\",\"@id\":\"https:\/\/kunmedierne.dk\/mors\/februar-2025-kommunen-koebte-en-kolos-og-banede-vejen-for-stort-projekt\/\",\"url\":\"https:\/\/kunmedierne.dk\/mors\/februar-2025-kommunen-koebte-en-kolos-og-banede-vejen-for-stort-projekt\/\",\"name\":\"Februar 2025: Kommunen k\u00f8bte en kolos - og banede vejen for stort projekt - Mors\",\"isPartOf\":{\"@id\":\"https:\/\/kunmedierne.dk\/mors\/#website\"},\"datePublished\":\"2025-12-27T18:36:41+00:00\",\"dateModified\":\"2025-12-31T08:22:25+00:00\",\"breadcrumb\":{\"@id\":\"https:\/\/kunmedierne.dk\/mors\/februar-2025-kommunen-koebte-en-kolos-og-banede-vejen-for-stort-projekt\/#breadcrumb\"},\"inLanguage\":\"da-DK\",\"potentialAction\":[{\"@type\":\"ReadAction\",\"target\":[\"https:\/\/kunmedierne.dk\/mors\/februar-2025-kommunen-koebte-en-kolos-og-banede-vejen-for-stort-projekt\/\"]}]},{\"@type\":\"BreadcrumbList\",\"@id\":\"https:\/\/kunmedierne.dk\/mors\/februar-2025-kommunen-koebte-en-kolos-og-banede-vejen-for-stort-projekt\/#breadcrumb\",\"itemListElement\":[{\"@type\":\"ListItem\",\"position\":1,\"name\":\"Hjem\",\"item\":\"https:\/\/kunmedierne.dk\/mors\/\"},{\"@type\":\"ListItem\",\"position\":2,\"name\":\"Februar 2025: Kommunen k\u00f8bte en kolos &#8211; og banede vejen for stort projekt\"}]},{\"@type\":\"WebSite\",\"@id\":\"https:\/\/kunmedierne.dk\/mors\/#website\",\"url\":\"https:\/\/kunmedierne.dk\/mors\/\",\"name\":\"Mors\",\"description\":\"et netmedie med journalistik om livet p\u00e5 Mors\",\"publisher\":{\"@id\":\"https:\/\/kunmedierne.dk\/mors\/#organization\"},\"potentialAction\":[{\"@type\":\"SearchAction\",\"target\":{\"@type\":\"EntryPoint\",\"urlTemplate\":\"https:\/\/kunmedierne.dk\/mors\/?s={search_term_string}\"},\"query-input\":{\"@type\":\"PropertyValueSpecification\",\"valueRequired\":true,\"valueName\":\"search_term_string\"}}],\"inLanguage\":\"da-DK\"},{\"@type\":\"Organization\",\"@id\":\"https:\/\/kunmedierne.dk\/mors\/#organization\",\"name\":\"Mors\",\"url\":\"https:\/\/kunmedierne.dk\/mors\/\",\"logo\":{\"@type\":\"ImageObject\",\"inLanguage\":\"da-DK\",\"@id\":\"https:\/\/kunmedierne.dk\/mors\/#\/schema\/logo\/image\/\",\"url\":\"https:\/\/kunmedierne.dk\/mors\/wp-content\/uploads\/2024\/08\/kunmors-logo.svg\",\"contentUrl\":\"https:\/\/kunmedierne.dk\/mors\/wp-content\/uploads\/2024\/08\/kunmors-logo.svg\",\"caption\":\"Mors\"},\"image\":{\"@id\":\"https:\/\/kunmedierne.dk\/mors\/#\/schema\/logo\/image\/\"}},{\"@type\":\"Person\",\"@id\":\"https:\/\/kunmedierne.dk\/mors\/#\/schema\/person\/5fe23251bf1d0abbcdc6f7896579d548\",\"name\":\"David H\u00f8jmark\",\"image\":{\"@type\":\"ImageObject\",\"inLanguage\":\"da-DK\",\"@id\":\"https:\/\/kunmedierne.dk\/mors\/#\/schema\/person\/image\/\",\"url\":\"https:\/\/secure.gravatar.com\/avatar\/4315d6fb9ef244d729989f5f90268eb08d5bf8a3d84402f595fa194bb35784fd?s=96&d=mm&r=g\",\"contentUrl\":\"https:\/\/secure.gravatar.com\/avatar\/4315d6fb9ef244d729989f5f90268eb08d5bf8a3d84402f595fa194bb35784fd?s=96&d=mm&r=g\",\"caption\":\"David H\u00f8jmark\"},\"sameAs\":[\"https:\/\/www.kunmedierne.dk\"],\"url\":\"https:\/\/kunmedierne.dk\/mors\/author\/david\/\"}]}<\/script>\n<!-- \/ Yoast SEO plugin. -->","yoast_head_json":{"title":"Februar 2025: Kommunen k\u00f8bte en kolos - og banede vejen for stort projekt - Mors","robots":{"index":"index","follow":"follow","max-snippet":"max-snippet:-1","max-image-preview":"max-image-preview:large","max-video-preview":"max-video-preview:-1"},"canonical":"https:\/\/kunmedierne.dk\/mors\/februar-2025-kommunen-koebte-en-kolos-og-banede-vejen-for-stort-projekt\/","og_locale":"da_DK","og_type":"article","og_title":"Februar 2025: Kommunen k\u00f8bte en kolos - og banede vejen for stort projekt - Mors","og_description":"MORS: En trist kolos fik nye ejere i februar 2025. Det drejer sig om bygningen p\u00e5 Havnen i Nyk\u00f8bing, hvor den havde st\u00e5et tom b\u00e5de f\u00f8r og efter, at den var t\u00e6nkt ind i et nu kuldsejlet hotelprojekt. I februar besluttede Mors\u00f8 Kommune at k\u00f8be den, og for 6,5 millioner kroner var overtagelsen en kendsgerning, [&hellip;]","og_url":"https:\/\/kunmedierne.dk\/mors\/februar-2025-kommunen-koebte-en-kolos-og-banede-vejen-for-stort-projekt\/","og_site_name":"Mors","article_published_time":"2025-12-27T18:36:41+00:00","article_modified_time":"2025-12-31T08:22:25+00:00","author":"David H\u00f8jmark","twitter_card":"summary_large_image","twitter_misc":{"Skrevet af":"David H\u00f8jmark","Estimeret l\u00e6setid":"1 minut"},"schema":{"@context":"https:\/\/schema.org","@graph":[{"@type":"Article","@id":"https:\/\/kunmedierne.dk\/mors\/februar-2025-kommunen-koebte-en-kolos-og-banede-vejen-for-stort-projekt\/#article","isPartOf":{"@id":"https:\/\/kunmedierne.dk\/mors\/februar-2025-kommunen-koebte-en-kolos-og-banede-vejen-for-stort-projekt\/"},"author":{"name":"David H\u00f8jmark","@id":"https:\/\/kunmedierne.dk\/mors\/#\/schema\/person\/5fe23251bf1d0abbcdc6f7896579d548"},"headline":"Februar 2025: Kommunen k\u00f8bte en kolos &#8211; og banede vejen for stort projekt","datePublished":"2025-12-27T18:36:41+00:00","dateModified":"2025-12-31T08:22:25+00:00","mainEntityOfPage":{"@id":"https:\/\/kunmedierne.dk\/mors\/februar-2025-kommunen-koebte-en-kolos-og-banede-vejen-for-stort-projekt\/"},"wordCount":254,"publisher":{"@id":"https:\/\/kunmedierne.dk\/mors\/#organization"},"articleSection":["Lokalt"],"inLanguage":"da-DK"},{"@type":"WebPage","@id":"https:\/\/kunmedierne.dk\/mors\/februar-2025-kommunen-koebte-en-kolos-og-banede-vejen-for-stort-projekt\/","url":"https:\/\/kunmedierne.dk\/mors\/februar-2025-kommunen-koebte-en-kolos-og-banede-vejen-for-stort-projekt\/","name":"Februar 2025: Kommunen k\u00f8bte en kolos - og banede vejen for stort projekt - Mors","isPartOf":{"@id":"https:\/\/kunmedierne.dk\/mors\/#website"},"datePublished":"2025-12-27T18:36:41+00:00","dateModified":"2025-12-31T08:22:25+00:00","breadcrumb":{"@id":"https:\/\/kunmedierne.dk\/mors\/februar-2025-kommunen-koebte-en-kolos-og-banede-vejen-for-stort-projekt\/#breadcrumb"},"inLanguage":"da-DK","potentialAction":[{"@type":"ReadAction","target":["https:\/\/kunmedierne.dk\/mors\/februar-2025-kommunen-koebte-en-kolos-og-banede-vejen-for-stort-projekt\/"]}]},{"@type":"BreadcrumbList","@id":"https:\/\/kunmedierne.dk\/mors\/februar-2025-kommunen-koebte-en-kolos-og-banede-vejen-for-stort-projekt\/#breadcrumb","itemListElement":[{"@type":"ListItem","position":1,"name":"Hjem","item":"https:\/\/kunmedierne.dk\/mors\/"},{"@type":"ListItem","position":2,"name":"Februar 2025: Kommunen k\u00f8bte en kolos &#8211; og banede vejen for stort projekt"}]},{"@type":"WebSite","@id":"https:\/\/kunmedierne.dk\/mors\/#website","url":"https:\/\/kunmedierne.dk\/mors\/","name":"Mors","description":"et netmedie med journalistik om livet p\u00e5 Mors","publisher":{"@id":"https:\/\/kunmedierne.dk\/mors\/#organization"},"potentialAction":[{"@type":"SearchAction","target":{"@type":"EntryPoint","urlTemplate":"https:\/\/kunmedierne.dk\/mors\/?s={search_term_string}"},"query-input":{"@type":"PropertyValueSpecification","valueRequired":true,"valueName":"search_term_string"}}],"inLanguage":"da-DK"},{"@type":"Organization","@id":"https:\/\/kunmedierne.dk\/mors\/#organization","name":"Mors","url":"https:\/\/kunmedierne.dk\/mors\/","logo":{"@type":"ImageObject","inLanguage":"da-DK","@id":"https:\/\/kunmedierne.dk\/mors\/#\/schema\/logo\/image\/","url":"https:\/\/kunmedierne.dk\/mors\/wp-content\/uploads\/2024\/08\/kunmors-logo.svg","contentUrl":"https:\/\/kunmedierne.dk\/mors\/wp-content\/uploads\/2024\/08\/kunmors-logo.svg","caption":"Mors"},"image":{"@id":"https:\/\/kunmedierne.dk\/mors\/#\/schema\/logo\/image\/"}},{"@type":"Person","@id":"https:\/\/kunmedierne.dk\/mors\/#\/schema\/person\/5fe23251bf1d0abbcdc6f7896579d548","name":"David H\u00f8jmark","image":{"@type":"ImageObject","inLanguage":"da-DK","@id":"https:\/\/kunmedierne.dk\/mors\/#\/schema\/person\/image\/","url":"https:\/\/secure.gravatar.com\/avatar\/4315d6fb9ef244d729989f5f90268eb08d5bf8a3d84402f595fa194bb35784fd?s=96&d=mm&r=g","contentUrl":"https:\/\/secure.gravatar.com\/avatar\/4315d6fb9ef244d729989f5f90268eb08d5bf8a3d84402f595fa194bb35784fd?s=96&d=mm&r=g","caption":"David H\u00f8jmark"},"sameAs":["https:\/\/www.kunmedierne.dk"],"url":"https:\/\/kunmedierne.dk\/mors\/author\/david\/"}]}},"_links":{"self":[{"href":"https:\/\/kunmedierne.dk\/mors\/wp-json\/wp\/v2\/posts\/164175","targetHints":{"allow":["GET"]}}],"collection":[{"href":"https:\/\/kunmedierne.dk\/mors\/wp-json\/wp\/v2\/posts"}],"about":[{"href":"https:\/\/kunmedierne.dk\/mors\/wp-json\/wp\/v2\/types\/post"}],"author":[{"embeddable":true,"href":"https:\/\/kunmedierne.dk\/mors\/wp-json\/wp\/v2\/users\/8"}],"replies":[{"embeddable":true,"href":"https:\/\/kunmedierne.dk\/mors\/wp-json\/wp\/v2\/comments?post=164175"}],"version-history":[{"count":7,"href":"https:\/\/kunmedierne.dk\/mors\/wp-json\/wp\/v2\/posts\/164175\/revisions"}],"predecessor-version":[{"id":164421,"href":"https:\/\/kunmedierne.dk\/mors\/wp-json\/wp\/v2\/posts\/164175\/revisions\/164421"}],"wp:attachment":[{"href":"https:\/\/kunmedierne.dk\/mors\/wp-json\/wp\/v2\/media?parent=164175"}],"wp:term":[{"taxonomy":"category","embeddable":true,"href":"https:\/\/kunmedierne.dk\/mors\/wp-json\/wp\/v2\/categories?post=164175"},{"taxonomy":"post_tag","embeddable":true,"href":"https:\/\/kunmedierne.dk\/mors\/wp-json\/wp\/v2\/tags?post=164175"}],"curies":[{"name":"wp","href":"https:\/\/api.w.org\/{rel}","templated":true}]}}