{"id":164169,"date":"2025-12-27T14:54:21","date_gmt":"2025-12-27T13:54:21","guid":{"rendered":"https:\/\/kunmedierne.dk\/mors\/?p=164169"},"modified":"2025-12-31T09:22:43","modified_gmt":"2025-12-31T08:22:43","slug":"januar-2025-et-borgermoede-med-udvandring-fra-borgerne-hittede-i-aarets-foerste-maaned","status":"publish","type":"post","link":"https:\/\/kunmedierne.dk\/mors\/januar-2025-et-borgermoede-med-udvandring-fra-borgerne-hittede-i-aarets-foerste-maaned\/","title":{"rendered":"<span>Januar 2025: <\/span>Et borgerm\u00f8de med udvandring fra borgerne hittede i \u00e5rets f\u00f8rste m\u00e5ned"},"content":{"rendered":"<p><strong>MORS<\/strong>: P\u00e5 Mors f\u00e5r borgerne j\u00e6vnligt mulighed for at m\u00f8de politikerne ansigt til ansigt &#8211; men det er ikke lige popul\u00e6rt hver gang.<\/p>\n<p>Det var det ikke 13. januar 2025 i Midtmors Sport, da et borgerm\u00f8de om energizoner f\u00f8rte til massiv udvandring, inden borgerne kom til orde. For konceptet var det samme som til det tilsvarende borgerm\u00f8de <a href=\"https:\/\/kunmedierne.dk\/mors\/politikere-kom-i-modvind-det-er-ikke-et-borgermoede\/\" target=\"_blank\" rel=\"noopener\">i Hvidbjerg aftenen f\u00f8r<\/a> &#8211; og det var ikke popul\u00e6rt hos en stor del af de fremm\u00f8dte, at deres sp\u00f8rgsm\u00e5l til politikerne skulle stilles ved forskellige stationer frem for hele salen p\u00e5 samme tid.<\/p>\n<p>En stor del udvandrede &#8211; og dagen efter blev artiklen om borgerm\u00f8det den mest l\u00e6ste af alle p\u00e5 KunMors i januar.<\/p>\n<a class=\"dvrt-link\" onClick=\"cdmtrack_click(114591,jQuery(this));return false\" href=\"https:\/\/www.facebook.com\/kopogkandemors\"><img decoding=\"async\" style=\"width:100%;\" src=\"https:\/\/kunmedierne.dk\/mors\/wp-content\/uploads\/2024\/03\/kop-og-kande-ja-tak-tilbud.jpg\"><\/a><script>cdmtrack_view(114591);<\/script>\n<p>Her var energizoner i det hele taget et varmt emne, men ogs\u00e5 den gr\u00f8nne trepart gjorde sin entre med en artikel til Top 5-listen, der heldigvis ogs\u00e5 b\u00f8d p\u00e5 glade nyheder. Eksempelvis blev historien om indflytning p\u00e5 Johan Riis Minde i Nyk\u00f8bing m\u00e5nedens n\u00e6stmest l\u00e6ste p\u00e5 \u00f8ens eget medie.<\/p>\n<p>Herunder har du Top 5 for januar 2025. Har du endnu ikke abonnement, kan vi garantere dig meget mere l\u00e6sestof om Mors igen i 2026, hvis du k\u00f8ber adgang ved at <a href=\"https:\/\/kunmedierne.dk\/mors\/koeb-adgang\/\" target=\"_blank\" rel=\"noopener\">klikke her<\/a>. K\u00f8ber du abonnement for et \u00e5r, er prisen mindre end to kroner om dagen.<\/p>\n<p>Du kan ogs\u00e5 give et abonnement til en ven &#8211; nemt og hurtigt ved at <a href=\"https:\/\/kunmedierne.dk\/mors\/gaveabonnement\/\" target=\"_blank\" rel=\"noopener\">klikke her<\/a>.<\/p>\n<blockquote>\n<h3>Mest l\u00e6ste artikler i januar:<\/h3>\n<h5>1) <a href=\"https:\/\/kunmedierne.dk\/mors\/massiv-udvandring-paa-borgermoede\/\">Massiv udvandring p\u00e5 borgerm\u00f8de<\/a><\/h5>\n<h5>2) <a href=\"https:\/\/kunmedierne.dk\/mors\/en-ny-begyndelse-paa-johan-riis-minde-nu-flytter-de-ind\/\">En ny begyndelse p\u00e5 Johan Riis Minde: Nu flytter de ind<\/a><\/h5>\n<h5>3) <a href=\"https:\/\/kunmedierne.dk\/mors\/energizoner-paa-mors-vi-foeler-vi-har-koebt-katten-i-saekken\/\">Energizoner p\u00e5 Mors: &#8220;Vi f\u00f8ler, vi har k\u00f8bt katten i s\u00e6kken&#8221;<\/a><\/h5>\n<h5>4) <a href=\"https:\/\/kunmedierne.dk\/mors\/mors-chancen-bilen-blev-vundet-paa-rekordtid\/\">Mors Chancen: Bilen blev vundet p\u00e5 rekordtid<\/a><\/h5>\n<h5>5) <a href=\"https:\/\/kunmedierne.dk\/mors\/stort-areal-skal-braklaegges-paa-mors-en-udfordring-uden-sidestykke\/\">Stort areal skal brakl\u00e6gges p\u00e5 Mors: En udfordring uden sidestykke<\/a><\/h5>\n<h5>(Artikler om 112-stof er frasorteret)<\/h5>\n<h5><\/h5>\n<\/blockquote>\n","protected":false},"excerpt":{"rendered":"<p>MORS: P\u00e5 Mors f\u00e5r borgerne j\u00e6vnligt mulighed for at m\u00f8de politikerne ansigt til ansigt &#8211; men det er ikke lige popul\u00e6rt hver gang. Det var det ikke 13. januar 2025 i Midtmors Sport, da et borgerm\u00f8de om energizoner f\u00f8rte til massiv udvandring, inden borgerne kom til orde. For konceptet var det samme som til det [&hellip;]<\/p>\n","protected":false},"author":8,"featured_media":0,"comment_status":"closed","ping_status":"closed","sticky":false,"template":"","format":"standard","meta":{"_acf_changed":false,"footnotes":""},"categories":[51],"tags":[],"class_list":["post-164169","post","type-post","status-publish","format-standard","hentry","category-lokalt"],"acf":[],"yoast_head":"<!-- This site is optimized with the Yoast SEO plugin v26.8 - https:\/\/yoast.com\/product\/yoast-seo-wordpress\/ -->\n<title>Januar 2025: Et borgerm\u00f8de med udvandring fra borgerne hittede i \u00e5rets f\u00f8rste m\u00e5ned - Mors<\/title>\n<meta name=\"robots\" content=\"index, follow, max-snippet:-1, max-image-preview:large, max-video-preview:-1\" \/>\n<link rel=\"canonical\" href=\"https:\/\/kunmedierne.dk\/mors\/januar-2025-et-borgermoede-med-udvandring-fra-borgerne-hittede-i-aarets-foerste-maaned\/\" \/>\n<meta property=\"og:locale\" content=\"da_DK\" \/>\n<meta property=\"og:type\" content=\"article\" \/>\n<meta property=\"og:title\" content=\"Januar 2025: Et borgerm\u00f8de med udvandring fra borgerne hittede i \u00e5rets f\u00f8rste m\u00e5ned - Mors\" \/>\n<meta property=\"og:description\" content=\"MORS: P\u00e5 Mors f\u00e5r borgerne j\u00e6vnligt mulighed for at m\u00f8de politikerne ansigt til ansigt &#8211; men det er ikke lige popul\u00e6rt hver gang. Det var det ikke 13. januar 2025 i Midtmors Sport, da et borgerm\u00f8de om energizoner f\u00f8rte til massiv udvandring, inden borgerne kom til orde. For konceptet var det samme som til det [&hellip;]\" \/>\n<meta property=\"og:url\" content=\"https:\/\/kunmedierne.dk\/mors\/januar-2025-et-borgermoede-med-udvandring-fra-borgerne-hittede-i-aarets-foerste-maaned\/\" \/>\n<meta property=\"og:site_name\" content=\"Mors\" \/>\n<meta property=\"article:published_time\" content=\"2025-12-27T13:54:21+00:00\" \/>\n<meta property=\"article:modified_time\" content=\"2025-12-31T08:22:43+00:00\" \/>\n<meta name=\"author\" content=\"David H\u00f8jmark\" \/>\n<meta name=\"twitter:card\" content=\"summary_large_image\" \/>\n<meta name=\"twitter:label1\" content=\"Skrevet af\" \/>\n\t<meta name=\"twitter:data1\" content=\"David H\u00f8jmark\" \/>\n\t<meta name=\"twitter:label2\" content=\"Estimeret l\u00e6setid\" \/>\n\t<meta name=\"twitter:data2\" content=\"2 minutter\" \/>\n<script type=\"application\/ld+json\" class=\"yoast-schema-graph\">{\"@context\":\"https:\/\/schema.org\",\"@graph\":[{\"@type\":\"Article\",\"@id\":\"https:\/\/kunmedierne.dk\/mors\/januar-2025-et-borgermoede-med-udvandring-fra-borgerne-hittede-i-aarets-foerste-maaned\/#article\",\"isPartOf\":{\"@id\":\"https:\/\/kunmedierne.dk\/mors\/januar-2025-et-borgermoede-med-udvandring-fra-borgerne-hittede-i-aarets-foerste-maaned\/\"},\"author\":{\"name\":\"David H\u00f8jmark\",\"@id\":\"https:\/\/kunmedierne.dk\/mors\/#\/schema\/person\/5fe23251bf1d0abbcdc6f7896579d548\"},\"headline\":\"Januar 2025: Et borgerm\u00f8de med udvandring fra borgerne hittede i \u00e5rets f\u00f8rste m\u00e5ned\",\"datePublished\":\"2025-12-27T13:54:21+00:00\",\"dateModified\":\"2025-12-31T08:22:43+00:00\",\"mainEntityOfPage\":{\"@id\":\"https:\/\/kunmedierne.dk\/mors\/januar-2025-et-borgermoede-med-udvandring-fra-borgerne-hittede-i-aarets-foerste-maaned\/\"},\"wordCount\":319,\"publisher\":{\"@id\":\"https:\/\/kunmedierne.dk\/mors\/#organization\"},\"articleSection\":[\"Lokalt\"],\"inLanguage\":\"da-DK\"},{\"@type\":\"WebPage\",\"@id\":\"https:\/\/kunmedierne.dk\/mors\/januar-2025-et-borgermoede-med-udvandring-fra-borgerne-hittede-i-aarets-foerste-maaned\/\",\"url\":\"https:\/\/kunmedierne.dk\/mors\/januar-2025-et-borgermoede-med-udvandring-fra-borgerne-hittede-i-aarets-foerste-maaned\/\",\"name\":\"Januar 2025: Et borgerm\u00f8de med udvandring fra borgerne hittede i \u00e5rets f\u00f8rste m\u00e5ned - Mors\",\"isPartOf\":{\"@id\":\"https:\/\/kunmedierne.dk\/mors\/#website\"},\"datePublished\":\"2025-12-27T13:54:21+00:00\",\"dateModified\":\"2025-12-31T08:22:43+00:00\",\"breadcrumb\":{\"@id\":\"https:\/\/kunmedierne.dk\/mors\/januar-2025-et-borgermoede-med-udvandring-fra-borgerne-hittede-i-aarets-foerste-maaned\/#breadcrumb\"},\"inLanguage\":\"da-DK\",\"potentialAction\":[{\"@type\":\"ReadAction\",\"target\":[\"https:\/\/kunmedierne.dk\/mors\/januar-2025-et-borgermoede-med-udvandring-fra-borgerne-hittede-i-aarets-foerste-maaned\/\"]}]},{\"@type\":\"BreadcrumbList\",\"@id\":\"https:\/\/kunmedierne.dk\/mors\/januar-2025-et-borgermoede-med-udvandring-fra-borgerne-hittede-i-aarets-foerste-maaned\/#breadcrumb\",\"itemListElement\":[{\"@type\":\"ListItem\",\"position\":1,\"name\":\"Hjem\",\"item\":\"https:\/\/kunmedierne.dk\/mors\/\"},{\"@type\":\"ListItem\",\"position\":2,\"name\":\"Januar 2025: Et borgerm\u00f8de med udvandring fra borgerne hittede i \u00e5rets f\u00f8rste m\u00e5ned\"}]},{\"@type\":\"WebSite\",\"@id\":\"https:\/\/kunmedierne.dk\/mors\/#website\",\"url\":\"https:\/\/kunmedierne.dk\/mors\/\",\"name\":\"Mors\",\"description\":\"et netmedie med journalistik om livet p\u00e5 Mors\",\"publisher\":{\"@id\":\"https:\/\/kunmedierne.dk\/mors\/#organization\"},\"potentialAction\":[{\"@type\":\"SearchAction\",\"target\":{\"@type\":\"EntryPoint\",\"urlTemplate\":\"https:\/\/kunmedierne.dk\/mors\/?s={search_term_string}\"},\"query-input\":{\"@type\":\"PropertyValueSpecification\",\"valueRequired\":true,\"valueName\":\"search_term_string\"}}],\"inLanguage\":\"da-DK\"},{\"@type\":\"Organization\",\"@id\":\"https:\/\/kunmedierne.dk\/mors\/#organization\",\"name\":\"Mors\",\"url\":\"https:\/\/kunmedierne.dk\/mors\/\",\"logo\":{\"@type\":\"ImageObject\",\"inLanguage\":\"da-DK\",\"@id\":\"https:\/\/kunmedierne.dk\/mors\/#\/schema\/logo\/image\/\",\"url\":\"https:\/\/kunmedierne.dk\/mors\/wp-content\/uploads\/2024\/08\/kunmors-logo.svg\",\"contentUrl\":\"https:\/\/kunmedierne.dk\/mors\/wp-content\/uploads\/2024\/08\/kunmors-logo.svg\",\"caption\":\"Mors\"},\"image\":{\"@id\":\"https:\/\/kunmedierne.dk\/mors\/#\/schema\/logo\/image\/\"}},{\"@type\":\"Person\",\"@id\":\"https:\/\/kunmedierne.dk\/mors\/#\/schema\/person\/5fe23251bf1d0abbcdc6f7896579d548\",\"name\":\"David H\u00f8jmark\",\"image\":{\"@type\":\"ImageObject\",\"inLanguage\":\"da-DK\",\"@id\":\"https:\/\/kunmedierne.dk\/mors\/#\/schema\/person\/image\/\",\"url\":\"https:\/\/secure.gravatar.com\/avatar\/4315d6fb9ef244d729989f5f90268eb08d5bf8a3d84402f595fa194bb35784fd?s=96&d=mm&r=g\",\"contentUrl\":\"https:\/\/secure.gravatar.com\/avatar\/4315d6fb9ef244d729989f5f90268eb08d5bf8a3d84402f595fa194bb35784fd?s=96&d=mm&r=g\",\"caption\":\"David H\u00f8jmark\"},\"sameAs\":[\"https:\/\/www.kunmedierne.dk\"],\"url\":\"https:\/\/kunmedierne.dk\/mors\/author\/david\/\"}]}<\/script>\n<!-- \/ Yoast SEO plugin. -->","yoast_head_json":{"title":"Januar 2025: Et borgerm\u00f8de med udvandring fra borgerne hittede i \u00e5rets f\u00f8rste m\u00e5ned - Mors","robots":{"index":"index","follow":"follow","max-snippet":"max-snippet:-1","max-image-preview":"max-image-preview:large","max-video-preview":"max-video-preview:-1"},"canonical":"https:\/\/kunmedierne.dk\/mors\/januar-2025-et-borgermoede-med-udvandring-fra-borgerne-hittede-i-aarets-foerste-maaned\/","og_locale":"da_DK","og_type":"article","og_title":"Januar 2025: Et borgerm\u00f8de med udvandring fra borgerne hittede i \u00e5rets f\u00f8rste m\u00e5ned - Mors","og_description":"MORS: P\u00e5 Mors f\u00e5r borgerne j\u00e6vnligt mulighed for at m\u00f8de politikerne ansigt til ansigt &#8211; men det er ikke lige popul\u00e6rt hver gang. Det var det ikke 13. januar 2025 i Midtmors Sport, da et borgerm\u00f8de om energizoner f\u00f8rte til massiv udvandring, inden borgerne kom til orde. For konceptet var det samme som til det [&hellip;]","og_url":"https:\/\/kunmedierne.dk\/mors\/januar-2025-et-borgermoede-med-udvandring-fra-borgerne-hittede-i-aarets-foerste-maaned\/","og_site_name":"Mors","article_published_time":"2025-12-27T13:54:21+00:00","article_modified_time":"2025-12-31T08:22:43+00:00","author":"David H\u00f8jmark","twitter_card":"summary_large_image","twitter_misc":{"Skrevet af":"David H\u00f8jmark","Estimeret l\u00e6setid":"2 minutter"},"schema":{"@context":"https:\/\/schema.org","@graph":[{"@type":"Article","@id":"https:\/\/kunmedierne.dk\/mors\/januar-2025-et-borgermoede-med-udvandring-fra-borgerne-hittede-i-aarets-foerste-maaned\/#article","isPartOf":{"@id":"https:\/\/kunmedierne.dk\/mors\/januar-2025-et-borgermoede-med-udvandring-fra-borgerne-hittede-i-aarets-foerste-maaned\/"},"author":{"name":"David H\u00f8jmark","@id":"https:\/\/kunmedierne.dk\/mors\/#\/schema\/person\/5fe23251bf1d0abbcdc6f7896579d548"},"headline":"Januar 2025: Et borgerm\u00f8de med udvandring fra borgerne hittede i \u00e5rets f\u00f8rste m\u00e5ned","datePublished":"2025-12-27T13:54:21+00:00","dateModified":"2025-12-31T08:22:43+00:00","mainEntityOfPage":{"@id":"https:\/\/kunmedierne.dk\/mors\/januar-2025-et-borgermoede-med-udvandring-fra-borgerne-hittede-i-aarets-foerste-maaned\/"},"wordCount":319,"publisher":{"@id":"https:\/\/kunmedierne.dk\/mors\/#organization"},"articleSection":["Lokalt"],"inLanguage":"da-DK"},{"@type":"WebPage","@id":"https:\/\/kunmedierne.dk\/mors\/januar-2025-et-borgermoede-med-udvandring-fra-borgerne-hittede-i-aarets-foerste-maaned\/","url":"https:\/\/kunmedierne.dk\/mors\/januar-2025-et-borgermoede-med-udvandring-fra-borgerne-hittede-i-aarets-foerste-maaned\/","name":"Januar 2025: Et borgerm\u00f8de med udvandring fra borgerne hittede i \u00e5rets f\u00f8rste m\u00e5ned - Mors","isPartOf":{"@id":"https:\/\/kunmedierne.dk\/mors\/#website"},"datePublished":"2025-12-27T13:54:21+00:00","dateModified":"2025-12-31T08:22:43+00:00","breadcrumb":{"@id":"https:\/\/kunmedierne.dk\/mors\/januar-2025-et-borgermoede-med-udvandring-fra-borgerne-hittede-i-aarets-foerste-maaned\/#breadcrumb"},"inLanguage":"da-DK","potentialAction":[{"@type":"ReadAction","target":["https:\/\/kunmedierne.dk\/mors\/januar-2025-et-borgermoede-med-udvandring-fra-borgerne-hittede-i-aarets-foerste-maaned\/"]}]},{"@type":"BreadcrumbList","@id":"https:\/\/kunmedierne.dk\/mors\/januar-2025-et-borgermoede-med-udvandring-fra-borgerne-hittede-i-aarets-foerste-maaned\/#breadcrumb","itemListElement":[{"@type":"ListItem","position":1,"name":"Hjem","item":"https:\/\/kunmedierne.dk\/mors\/"},{"@type":"ListItem","position":2,"name":"Januar 2025: Et borgerm\u00f8de med udvandring fra borgerne hittede i \u00e5rets f\u00f8rste m\u00e5ned"}]},{"@type":"WebSite","@id":"https:\/\/kunmedierne.dk\/mors\/#website","url":"https:\/\/kunmedierne.dk\/mors\/","name":"Mors","description":"et netmedie med journalistik om livet p\u00e5 Mors","publisher":{"@id":"https:\/\/kunmedierne.dk\/mors\/#organization"},"potentialAction":[{"@type":"SearchAction","target":{"@type":"EntryPoint","urlTemplate":"https:\/\/kunmedierne.dk\/mors\/?s={search_term_string}"},"query-input":{"@type":"PropertyValueSpecification","valueRequired":true,"valueName":"search_term_string"}}],"inLanguage":"da-DK"},{"@type":"Organization","@id":"https:\/\/kunmedierne.dk\/mors\/#organization","name":"Mors","url":"https:\/\/kunmedierne.dk\/mors\/","logo":{"@type":"ImageObject","inLanguage":"da-DK","@id":"https:\/\/kunmedierne.dk\/mors\/#\/schema\/logo\/image\/","url":"https:\/\/kunmedierne.dk\/mors\/wp-content\/uploads\/2024\/08\/kunmors-logo.svg","contentUrl":"https:\/\/kunmedierne.dk\/mors\/wp-content\/uploads\/2024\/08\/kunmors-logo.svg","caption":"Mors"},"image":{"@id":"https:\/\/kunmedierne.dk\/mors\/#\/schema\/logo\/image\/"}},{"@type":"Person","@id":"https:\/\/kunmedierne.dk\/mors\/#\/schema\/person\/5fe23251bf1d0abbcdc6f7896579d548","name":"David H\u00f8jmark","image":{"@type":"ImageObject","inLanguage":"da-DK","@id":"https:\/\/kunmedierne.dk\/mors\/#\/schema\/person\/image\/","url":"https:\/\/secure.gravatar.com\/avatar\/4315d6fb9ef244d729989f5f90268eb08d5bf8a3d84402f595fa194bb35784fd?s=96&d=mm&r=g","contentUrl":"https:\/\/secure.gravatar.com\/avatar\/4315d6fb9ef244d729989f5f90268eb08d5bf8a3d84402f595fa194bb35784fd?s=96&d=mm&r=g","caption":"David H\u00f8jmark"},"sameAs":["https:\/\/www.kunmedierne.dk"],"url":"https:\/\/kunmedierne.dk\/mors\/author\/david\/"}]}},"_links":{"self":[{"href":"https:\/\/kunmedierne.dk\/mors\/wp-json\/wp\/v2\/posts\/164169","targetHints":{"allow":["GET"]}}],"collection":[{"href":"https:\/\/kunmedierne.dk\/mors\/wp-json\/wp\/v2\/posts"}],"about":[{"href":"https:\/\/kunmedierne.dk\/mors\/wp-json\/wp\/v2\/types\/post"}],"author":[{"embeddable":true,"href":"https:\/\/kunmedierne.dk\/mors\/wp-json\/wp\/v2\/users\/8"}],"replies":[{"embeddable":true,"href":"https:\/\/kunmedierne.dk\/mors\/wp-json\/wp\/v2\/comments?post=164169"}],"version-history":[{"count":7,"href":"https:\/\/kunmedierne.dk\/mors\/wp-json\/wp\/v2\/posts\/164169\/revisions"}],"predecessor-version":[{"id":164423,"href":"https:\/\/kunmedierne.dk\/mors\/wp-json\/wp\/v2\/posts\/164169\/revisions\/164423"}],"wp:attachment":[{"href":"https:\/\/kunmedierne.dk\/mors\/wp-json\/wp\/v2\/media?parent=164169"}],"wp:term":[{"taxonomy":"category","embeddable":true,"href":"https:\/\/kunmedierne.dk\/mors\/wp-json\/wp\/v2\/categories?post=164169"},{"taxonomy":"post_tag","embeddable":true,"href":"https:\/\/kunmedierne.dk\/mors\/wp-json\/wp\/v2\/tags?post=164169"}],"curies":[{"name":"wp","href":"https:\/\/api.w.org\/{rel}","templated":true}]}}