{"id":163728,"date":"2025-12-19T12:40:10","date_gmt":"2025-12-19T11:40:10","guid":{"rendered":"https:\/\/kunmedierne.dk\/mors\/?p=163728"},"modified":"2025-12-19T16:40:20","modified_gmt":"2025-12-19T15:40:20","slug":"efter-56-aar-gerlis-camping-er-solgt","status":"publish","type":"post","link":"https:\/\/kunmedierne.dk\/mors\/efter-56-aar-gerlis-camping-er-solgt\/","title":{"rendered":"<span>Efter 56 \u00e5r: <\/span>Gerlis Camping er solgt"},"content":{"rendered":"<p><strong>HANDEL<\/strong>: &#8211; Det er sket s\u00e5 hurtigt, at vi n\u00e6sten ingenting ved.<\/p>\n<p>Lis Brusgaard, der med sin mand J\u00f8rgen har drevet campingplads p\u00e5 Nordmors i snart 56 \u00e5r, er glad, men ogs\u00e5 lidt uafklaret, da KunMors fanger hende p\u00e5 telefonen fredag middag.<\/p>\n<p>Hun er glad, fordi det efter flere \u00e5rs fors\u00f8g er lykkedes at finde en k\u00f8ber af Gerlis Camping. Kontrakten blev skrevet under sidst p\u00e5 eftermiddagen torsdag. Og hun er uafklaret, fordi hun ikke kender s\u00e5 meget til k\u00f8berne endnu.<\/p>\n<a class=\"dvrt-link\" onClick=\"cdmtrack_click(104786,jQuery(this));return false\" href=\"https:\/\/limfjordsteatret.dk\/events\/tobias-dybvad-mit-bedste-onemanshow\/\"><img decoding=\"async\" style=\"width:100%;\" src=\"https:\/\/kunmedierne.dk\/mors\/wp-content\/uploads\/2023\/10\/aarskortLim_KunMors_1100x125.jpg\"><\/a><script>cdmtrack_view(104786);<\/script>\n<p>&#8211; Men de er fra Holland og har solgt deres hus. De er p\u00e5 vej herop nu og her. Det er det, vi ved.\u00a0 Vi har overhovedet ikke m\u00f8dt dem. Det regner vi med, at vi g\u00f8r sidst p\u00e5 dagen, siger hun.<\/p>\n<p>Det var ejendomsm\u00e6gleren, der torsdag kunne fort\u00e6lle Lis og J\u00f8rgen, at en k\u00f8ber var fundet. Via internettet blev de n\u00f8dvendige underskrifter sat, s\u00e5 allerede fra i dag har Gerlis Camping nye ejere.<\/p>\n<p>&#8211; De overtager det, n\u00e5r de kommer. S\u00e5 f\u00e5r de n\u00f8glen. Vi skal lige have vores b\u00f8rn til at v\u00e6re med i det, for de kan lidt sprog, og det kan vi jo alts\u00e5 ikke. Men nu kommer de fra Holland, og s\u00e5 m\u00e5 vi se, hvordan det g\u00e5r fremad, siger Lis Bruusgaard, der ikke har f\u00e5et oplyst n\u00e6rmere om, hvorvidt de nye ejere \u00f8nsker at drive campingpladsen videre som nu.<\/p>\n<p>&#8211; Det er vi ikke helt klar over, men det h\u00e5ber vi, siger hun.<\/p>\n<a class=\"dvrt-link\" onClick=\"cdmtrack_click(111725,jQuery(this));return false\" href=\"https:\/\/www.thistedforsikring.dk\/?utm_source=partnerskaber&amp;utm_campaign=kun_mors\"><img decoding=\"async\" style=\"width:100%;\" src=\"https:\/\/kunmedierne.dk\/mors\/wp-content\/uploads\/2024\/02\/269409KunMors-ThistedFor-1.png\"><\/a><script>cdmtrack_view(111725);<\/script>\n<p><em>Hvordan har du det med at f\u00e5 en afslutning p\u00e5 det?<\/em><\/p>\n<p>&#8211; Det har jeg det faktisk godt med. Jeg er 84 \u00e5r, og jeg vil gerne p\u00e5 pension, griner hun og tilf\u00f8jer:<\/p>\n<p>&#8211; S\u00e5 jeg tror, vi har det godt med det begge to.<\/p>\n<p>&nbsp;<\/p>\n<p><strong>\u00c5rtier med mange gode bekendte<\/strong><\/p>\n<p>Lis og J\u00f8rgen Bruusgaard har kendt hinanden siden skoletiden og tog fat p\u00e5 deres livsv\u00e6rk, mens de var unge. Det mere end halve \u00e5rhundrede, der er g\u00e5et, g\u00f8r da ogs\u00e5, at der sniger sig en del vemod med i afslutningen.<\/p>\n<p>&#8211; Vi har f\u00e5et mange bekendte. Vi har jo haft mange fastboere, der er kommet her hvert \u00e5r. Nogle er kommet her i 40 \u00e5r, siger Lis og reflekterer over den lange tidshorisont.<\/p>\n<p>&#8211; Det kan man slet ikke rumme. Men vi har syntes, at det var dejligt, siger hun.<\/p>\n<a class=\"dvrt-link\" onClick=\"cdmtrack_click(104783,jQuery(this));return false\" href=\"https:\/\/konpap.dk\/\"><img decoding=\"async\" style=\"width:100%;\" src=\"https:\/\/kunmedierne.dk\/mors\/wp-content\/uploads\/2023\/10\/Kun-Mors-banner.jpg\"><\/a><script>cdmtrack_view(104783);<\/script>\n<p>I 2022 besluttede \u00e6gteparret at s\u00e6tte Gerlis Camping til salg. En overtagelse har f\u00f8r v\u00e6ret t\u00e6t p\u00e5, men nu kommer den endelig. Med en underskrift s\u00e5 frisk, at s\u00e6lgerne ikke har haft tid til at fejre det.<\/p>\n<p>&#8211; Det har vi ikke endnu. Det bliver f\u00f8rst i eftermiddag, siger Lis, der ogs\u00e5 gl\u00e6der sig til at m\u00f8de de nye ejere.<\/p>\n<p>&#8211; Nu skal vi lige snakke med dem i eftermiddag. Men det er i orden, det forventer vi, siger hun og ser frem til at f\u00f8lge campingpladsens fremtid.<\/p>\n<p>Vi h\u00e5ber, det kommer til at g\u00e5 rigtig godt, siger hun.<\/p>\n","protected":false},"excerpt":{"rendered":"<p>HANDEL: &#8211; Det er sket s\u00e5 hurtigt, at vi n\u00e6sten ingenting ved. Lis Brusgaard, der med sin mand J\u00f8rgen har drevet campingplads p\u00e5 Nordmors i snart 56 \u00e5r, er glad, men ogs\u00e5 lidt uafklaret, da KunMors fanger hende p\u00e5 telefonen fredag middag. Hun er glad, fordi det efter flere \u00e5rs fors\u00f8g er lykkedes at finde [&hellip;]<\/p>\n","protected":false},"author":8,"featured_media":0,"comment_status":"closed","ping_status":"closed","sticky":false,"template":"","format":"standard","meta":{"_acf_changed":false,"footnotes":""},"categories":[51],"tags":[171],"class_list":["post-163728","post","type-post","status-publish","format-standard","hentry","category-lokalt","tag-turisme"],"acf":[],"yoast_head":"<!-- This site is optimized with the Yoast SEO plugin v26.8 - https:\/\/yoast.com\/product\/yoast-seo-wordpress\/ -->\n<title>Efter 56 \u00e5r: Gerlis Camping er solgt - Mors<\/title>\n<meta name=\"robots\" content=\"index, follow, max-snippet:-1, max-image-preview:large, max-video-preview:-1\" \/>\n<link rel=\"canonical\" href=\"https:\/\/kunmedierne.dk\/mors\/efter-56-aar-gerlis-camping-er-solgt\/\" \/>\n<meta property=\"og:locale\" content=\"da_DK\" \/>\n<meta property=\"og:type\" content=\"article\" \/>\n<meta property=\"og:title\" content=\"Efter 56 \u00e5r: Gerlis Camping er solgt - Mors\" \/>\n<meta property=\"og:description\" content=\"HANDEL: &#8211; Det er sket s\u00e5 hurtigt, at vi n\u00e6sten ingenting ved. Lis Brusgaard, der med sin mand J\u00f8rgen har drevet campingplads p\u00e5 Nordmors i snart 56 \u00e5r, er glad, men ogs\u00e5 lidt uafklaret, da KunMors fanger hende p\u00e5 telefonen fredag middag. Hun er glad, fordi det efter flere \u00e5rs fors\u00f8g er lykkedes at finde [&hellip;]\" \/>\n<meta property=\"og:url\" content=\"https:\/\/kunmedierne.dk\/mors\/efter-56-aar-gerlis-camping-er-solgt\/\" \/>\n<meta property=\"og:site_name\" content=\"Mors\" \/>\n<meta property=\"article:published_time\" content=\"2025-12-19T11:40:10+00:00\" \/>\n<meta property=\"article:modified_time\" content=\"2025-12-19T15:40:20+00:00\" \/>\n<meta name=\"author\" content=\"David H\u00f8jmark\" \/>\n<meta name=\"twitter:card\" content=\"summary_large_image\" \/>\n<meta name=\"twitter:label1\" content=\"Skrevet af\" \/>\n\t<meta name=\"twitter:data1\" content=\"David H\u00f8jmark\" \/>\n\t<meta name=\"twitter:label2\" content=\"Estimeret l\u00e6setid\" \/>\n\t<meta name=\"twitter:data2\" content=\"3 minutter\" \/>\n<script type=\"application\/ld+json\" class=\"yoast-schema-graph\">{\"@context\":\"https:\/\/schema.org\",\"@graph\":[{\"@type\":\"Article\",\"@id\":\"https:\/\/kunmedierne.dk\/mors\/efter-56-aar-gerlis-camping-er-solgt\/#article\",\"isPartOf\":{\"@id\":\"https:\/\/kunmedierne.dk\/mors\/efter-56-aar-gerlis-camping-er-solgt\/\"},\"author\":{\"name\":\"David H\u00f8jmark\",\"@id\":\"https:\/\/kunmedierne.dk\/mors\/#\/schema\/person\/5fe23251bf1d0abbcdc6f7896579d548\"},\"headline\":\"Efter 56 \u00e5r: Gerlis Camping er solgt\",\"datePublished\":\"2025-12-19T11:40:10+00:00\",\"dateModified\":\"2025-12-19T15:40:20+00:00\",\"mainEntityOfPage\":{\"@id\":\"https:\/\/kunmedierne.dk\/mors\/efter-56-aar-gerlis-camping-er-solgt\/\"},\"wordCount\":525,\"publisher\":{\"@id\":\"https:\/\/kunmedierne.dk\/mors\/#organization\"},\"keywords\":[\"Turisme\"],\"articleSection\":[\"Lokalt\"],\"inLanguage\":\"da-DK\"},{\"@type\":\"WebPage\",\"@id\":\"https:\/\/kunmedierne.dk\/mors\/efter-56-aar-gerlis-camping-er-solgt\/\",\"url\":\"https:\/\/kunmedierne.dk\/mors\/efter-56-aar-gerlis-camping-er-solgt\/\",\"name\":\"Efter 56 \u00e5r: Gerlis Camping er solgt - Mors\",\"isPartOf\":{\"@id\":\"https:\/\/kunmedierne.dk\/mors\/#website\"},\"datePublished\":\"2025-12-19T11:40:10+00:00\",\"dateModified\":\"2025-12-19T15:40:20+00:00\",\"breadcrumb\":{\"@id\":\"https:\/\/kunmedierne.dk\/mors\/efter-56-aar-gerlis-camping-er-solgt\/#breadcrumb\"},\"inLanguage\":\"da-DK\",\"potentialAction\":[{\"@type\":\"ReadAction\",\"target\":[\"https:\/\/kunmedierne.dk\/mors\/efter-56-aar-gerlis-camping-er-solgt\/\"]}]},{\"@type\":\"BreadcrumbList\",\"@id\":\"https:\/\/kunmedierne.dk\/mors\/efter-56-aar-gerlis-camping-er-solgt\/#breadcrumb\",\"itemListElement\":[{\"@type\":\"ListItem\",\"position\":1,\"name\":\"Hjem\",\"item\":\"https:\/\/kunmedierne.dk\/mors\/\"},{\"@type\":\"ListItem\",\"position\":2,\"name\":\"Efter 56 \u00e5r: Gerlis Camping er solgt\"}]},{\"@type\":\"WebSite\",\"@id\":\"https:\/\/kunmedierne.dk\/mors\/#website\",\"url\":\"https:\/\/kunmedierne.dk\/mors\/\",\"name\":\"Mors\",\"description\":\"et netmedie med journalistik om livet p\u00e5 Mors\",\"publisher\":{\"@id\":\"https:\/\/kunmedierne.dk\/mors\/#organization\"},\"potentialAction\":[{\"@type\":\"SearchAction\",\"target\":{\"@type\":\"EntryPoint\",\"urlTemplate\":\"https:\/\/kunmedierne.dk\/mors\/?s={search_term_string}\"},\"query-input\":{\"@type\":\"PropertyValueSpecification\",\"valueRequired\":true,\"valueName\":\"search_term_string\"}}],\"inLanguage\":\"da-DK\"},{\"@type\":\"Organization\",\"@id\":\"https:\/\/kunmedierne.dk\/mors\/#organization\",\"name\":\"Mors\",\"url\":\"https:\/\/kunmedierne.dk\/mors\/\",\"logo\":{\"@type\":\"ImageObject\",\"inLanguage\":\"da-DK\",\"@id\":\"https:\/\/kunmedierne.dk\/mors\/#\/schema\/logo\/image\/\",\"url\":\"https:\/\/kunmedierne.dk\/mors\/wp-content\/uploads\/2024\/08\/kunmors-logo.svg\",\"contentUrl\":\"https:\/\/kunmedierne.dk\/mors\/wp-content\/uploads\/2024\/08\/kunmors-logo.svg\",\"caption\":\"Mors\"},\"image\":{\"@id\":\"https:\/\/kunmedierne.dk\/mors\/#\/schema\/logo\/image\/\"}},{\"@type\":\"Person\",\"@id\":\"https:\/\/kunmedierne.dk\/mors\/#\/schema\/person\/5fe23251bf1d0abbcdc6f7896579d548\",\"name\":\"David H\u00f8jmark\",\"image\":{\"@type\":\"ImageObject\",\"inLanguage\":\"da-DK\",\"@id\":\"https:\/\/kunmedierne.dk\/mors\/#\/schema\/person\/image\/\",\"url\":\"https:\/\/secure.gravatar.com\/avatar\/4315d6fb9ef244d729989f5f90268eb08d5bf8a3d84402f595fa194bb35784fd?s=96&d=mm&r=g\",\"contentUrl\":\"https:\/\/secure.gravatar.com\/avatar\/4315d6fb9ef244d729989f5f90268eb08d5bf8a3d84402f595fa194bb35784fd?s=96&d=mm&r=g\",\"caption\":\"David H\u00f8jmark\"},\"sameAs\":[\"https:\/\/www.kunmedierne.dk\"],\"url\":\"https:\/\/kunmedierne.dk\/mors\/author\/david\/\"}]}<\/script>\n<!-- \/ Yoast SEO plugin. -->","yoast_head_json":{"title":"Efter 56 \u00e5r: Gerlis Camping er solgt - Mors","robots":{"index":"index","follow":"follow","max-snippet":"max-snippet:-1","max-image-preview":"max-image-preview:large","max-video-preview":"max-video-preview:-1"},"canonical":"https:\/\/kunmedierne.dk\/mors\/efter-56-aar-gerlis-camping-er-solgt\/","og_locale":"da_DK","og_type":"article","og_title":"Efter 56 \u00e5r: Gerlis Camping er solgt - Mors","og_description":"HANDEL: &#8211; Det er sket s\u00e5 hurtigt, at vi n\u00e6sten ingenting ved. Lis Brusgaard, der med sin mand J\u00f8rgen har drevet campingplads p\u00e5 Nordmors i snart 56 \u00e5r, er glad, men ogs\u00e5 lidt uafklaret, da KunMors fanger hende p\u00e5 telefonen fredag middag. Hun er glad, fordi det efter flere \u00e5rs fors\u00f8g er lykkedes at finde [&hellip;]","og_url":"https:\/\/kunmedierne.dk\/mors\/efter-56-aar-gerlis-camping-er-solgt\/","og_site_name":"Mors","article_published_time":"2025-12-19T11:40:10+00:00","article_modified_time":"2025-12-19T15:40:20+00:00","author":"David H\u00f8jmark","twitter_card":"summary_large_image","twitter_misc":{"Skrevet af":"David H\u00f8jmark","Estimeret l\u00e6setid":"3 minutter"},"schema":{"@context":"https:\/\/schema.org","@graph":[{"@type":"Article","@id":"https:\/\/kunmedierne.dk\/mors\/efter-56-aar-gerlis-camping-er-solgt\/#article","isPartOf":{"@id":"https:\/\/kunmedierne.dk\/mors\/efter-56-aar-gerlis-camping-er-solgt\/"},"author":{"name":"David H\u00f8jmark","@id":"https:\/\/kunmedierne.dk\/mors\/#\/schema\/person\/5fe23251bf1d0abbcdc6f7896579d548"},"headline":"Efter 56 \u00e5r: Gerlis Camping er solgt","datePublished":"2025-12-19T11:40:10+00:00","dateModified":"2025-12-19T15:40:20+00:00","mainEntityOfPage":{"@id":"https:\/\/kunmedierne.dk\/mors\/efter-56-aar-gerlis-camping-er-solgt\/"},"wordCount":525,"publisher":{"@id":"https:\/\/kunmedierne.dk\/mors\/#organization"},"keywords":["Turisme"],"articleSection":["Lokalt"],"inLanguage":"da-DK"},{"@type":"WebPage","@id":"https:\/\/kunmedierne.dk\/mors\/efter-56-aar-gerlis-camping-er-solgt\/","url":"https:\/\/kunmedierne.dk\/mors\/efter-56-aar-gerlis-camping-er-solgt\/","name":"Efter 56 \u00e5r: Gerlis Camping er solgt - Mors","isPartOf":{"@id":"https:\/\/kunmedierne.dk\/mors\/#website"},"datePublished":"2025-12-19T11:40:10+00:00","dateModified":"2025-12-19T15:40:20+00:00","breadcrumb":{"@id":"https:\/\/kunmedierne.dk\/mors\/efter-56-aar-gerlis-camping-er-solgt\/#breadcrumb"},"inLanguage":"da-DK","potentialAction":[{"@type":"ReadAction","target":["https:\/\/kunmedierne.dk\/mors\/efter-56-aar-gerlis-camping-er-solgt\/"]}]},{"@type":"BreadcrumbList","@id":"https:\/\/kunmedierne.dk\/mors\/efter-56-aar-gerlis-camping-er-solgt\/#breadcrumb","itemListElement":[{"@type":"ListItem","position":1,"name":"Hjem","item":"https:\/\/kunmedierne.dk\/mors\/"},{"@type":"ListItem","position":2,"name":"Efter 56 \u00e5r: Gerlis Camping er solgt"}]},{"@type":"WebSite","@id":"https:\/\/kunmedierne.dk\/mors\/#website","url":"https:\/\/kunmedierne.dk\/mors\/","name":"Mors","description":"et netmedie med journalistik om livet p\u00e5 Mors","publisher":{"@id":"https:\/\/kunmedierne.dk\/mors\/#organization"},"potentialAction":[{"@type":"SearchAction","target":{"@type":"EntryPoint","urlTemplate":"https:\/\/kunmedierne.dk\/mors\/?s={search_term_string}"},"query-input":{"@type":"PropertyValueSpecification","valueRequired":true,"valueName":"search_term_string"}}],"inLanguage":"da-DK"},{"@type":"Organization","@id":"https:\/\/kunmedierne.dk\/mors\/#organization","name":"Mors","url":"https:\/\/kunmedierne.dk\/mors\/","logo":{"@type":"ImageObject","inLanguage":"da-DK","@id":"https:\/\/kunmedierne.dk\/mors\/#\/schema\/logo\/image\/","url":"https:\/\/kunmedierne.dk\/mors\/wp-content\/uploads\/2024\/08\/kunmors-logo.svg","contentUrl":"https:\/\/kunmedierne.dk\/mors\/wp-content\/uploads\/2024\/08\/kunmors-logo.svg","caption":"Mors"},"image":{"@id":"https:\/\/kunmedierne.dk\/mors\/#\/schema\/logo\/image\/"}},{"@type":"Person","@id":"https:\/\/kunmedierne.dk\/mors\/#\/schema\/person\/5fe23251bf1d0abbcdc6f7896579d548","name":"David H\u00f8jmark","image":{"@type":"ImageObject","inLanguage":"da-DK","@id":"https:\/\/kunmedierne.dk\/mors\/#\/schema\/person\/image\/","url":"https:\/\/secure.gravatar.com\/avatar\/4315d6fb9ef244d729989f5f90268eb08d5bf8a3d84402f595fa194bb35784fd?s=96&d=mm&r=g","contentUrl":"https:\/\/secure.gravatar.com\/avatar\/4315d6fb9ef244d729989f5f90268eb08d5bf8a3d84402f595fa194bb35784fd?s=96&d=mm&r=g","caption":"David H\u00f8jmark"},"sameAs":["https:\/\/www.kunmedierne.dk"],"url":"https:\/\/kunmedierne.dk\/mors\/author\/david\/"}]}},"_links":{"self":[{"href":"https:\/\/kunmedierne.dk\/mors\/wp-json\/wp\/v2\/posts\/163728","targetHints":{"allow":["GET"]}}],"collection":[{"href":"https:\/\/kunmedierne.dk\/mors\/wp-json\/wp\/v2\/posts"}],"about":[{"href":"https:\/\/kunmedierne.dk\/mors\/wp-json\/wp\/v2\/types\/post"}],"author":[{"embeddable":true,"href":"https:\/\/kunmedierne.dk\/mors\/wp-json\/wp\/v2\/users\/8"}],"replies":[{"embeddable":true,"href":"https:\/\/kunmedierne.dk\/mors\/wp-json\/wp\/v2\/comments?post=163728"}],"version-history":[{"count":7,"href":"https:\/\/kunmedierne.dk\/mors\/wp-json\/wp\/v2\/posts\/163728\/revisions"}],"predecessor-version":[{"id":163792,"href":"https:\/\/kunmedierne.dk\/mors\/wp-json\/wp\/v2\/posts\/163728\/revisions\/163792"}],"wp:attachment":[{"href":"https:\/\/kunmedierne.dk\/mors\/wp-json\/wp\/v2\/media?parent=163728"}],"wp:term":[{"taxonomy":"category","embeddable":true,"href":"https:\/\/kunmedierne.dk\/mors\/wp-json\/wp\/v2\/categories?post=163728"},{"taxonomy":"post_tag","embeddable":true,"href":"https:\/\/kunmedierne.dk\/mors\/wp-json\/wp\/v2\/tags?post=163728"}],"curies":[{"name":"wp","href":"https:\/\/api.w.org\/{rel}","templated":true}]}}