{"id":16242,"date":"2020-04-03T09:09:35","date_gmt":"2020-04-03T07:09:35","guid":{"rendered":"https:\/\/kunmedierne.dk\/mors\/?p=16242"},"modified":"2024-08-12T14:06:16","modified_gmt":"2024-08-12T12:06:16","slug":"nu-skal-sallingsundbroen-ogsaa-ses-efter-ved-vandoverfladen","status":"publish","type":"post","link":"https:\/\/kunmedierne.dk\/mors\/nu-skal-sallingsundbroen-ogsaa-ses-efter-ved-vandoverfladen\/","title":{"rendered":"Nu skal Sallingsundbroen ogs\u00e5 ses efter ved vandoverfladen"},"content":{"rendered":"<p><strong>MORS<\/strong>: Hidtil har det foreg\u00e5et oven p\u00e5 broen, men nu bliver Sallingsundbroen ogs\u00e5 renoveret nedenunder.<\/p>\n<p>Vejdirektoratet oplyser, at broen, der i de n\u00e6ste tre \u00e5r gennemg\u00e5r en st\u00f8rre renovering, efter p\u00e5ske f\u00e5r kigget n\u00e6rmere p\u00e5 sine bropiller.<\/p>\n<p>&#8220;Renoveringsarbejdet oppe p\u00e5 broen er allerede godt i gang, og nu begynder vi s\u00e5 ogs\u00e5 en renovering under broen. Det er Sallingsundbroens bropiller, det vi i daglig tale kalder \u201disbryderne\u201d, vi skal i gang med. \u201dIsbryderne\u201d er den betonkonstruktion ved vandoverfladen, der beskytter bropillerne mod isskruninger. Form\u00e5let med denne renovering er at forl\u00e6nge levetiden p\u00e5 isbryderne,\u201d siger J\u00f8rn Andreas Kristensen, projektleder i Vejdirektoratet.<\/p>\n<p>Broens 14 bropiller p\u00e5 vand skal gennemg\u00e5 en renovering. Isbrydernes yderste betonskal skal brydes ned, og i betonkonstruktionen skal der indbygges katodisk beskyttelse, der er et elektrisk system, som beskytter st\u00e5larmeringen mod at ruste. En ny betonskal skal st\u00f8bes, og der skal udf\u00f8res diverse betonreparationer p\u00e5 bropillerne.<\/p>\n<p>Arbejderne g\u00e5r i gang umiddelbart efter p\u00e5ske og vil foreg\u00e5 til og med september 2020. Herefter indstilles arbejdet og genoptages i april 2021. Renoveringen af bropillerne forventes afsluttet oktober 2021.<\/p>\n<p>&nbsp;<\/p>\n<p><strong>Tager hensyn til broens naboer\u00a0<\/strong><\/p>\n<p>I forbindelse med arbejderne vil der under Sallingsundbroen p\u00e5 Mors-siden blive etableret en arbejdsplads og en lille flydebro eller lignende, hvorfra transport til isbryderne vil foreg\u00e5 ved hj\u00e6lp af fl\u00e5der og mindre b\u00e5de.<\/p>\n<p>&#8220;Vi fors\u00f8ger i b\u00e5de planl\u00e6gning og udf\u00f8relse at tage s\u00e5 stort et hensyn til broens naboer som muligt. Derfor har vi stillet omfattende krav til entrepren\u00f8ren, s\u00e5 arbejdets milj\u00f8p\u00e5virkninger og gener begr\u00e6nses. Arbejderne bliver udf\u00f8rt lokalt omkring isbryderne, s\u00e5 sejlads i omr\u00e5det vil ikke blive p\u00e5virket af vores arbejde. Sejlerne kan alts\u00e5 fortsat sejle under broen uden problemer,\u201d siger J\u00f8rn Andreas Kristensen.<\/p>\n<p>Entrepren\u00f8ren m\u00e5 kun udf\u00f8re st\u00f8jende arbejder p\u00e5 hverdage klokken 7-18 og l\u00f8rdage klokken 7-14. Derudover tilstr\u00e6bes det, at arbejderne t\u00e6ttest p\u00e5 land starter op, mens en stor del af danskerne er hjemme og endnu ikke har taget hul p\u00e5 de mange udend\u00f8rsaktiviteter, som et varmere vejr f\u00f8rer med sig.<\/p>\n<p>&nbsp;<\/p>\n<blockquote>\n<h3>FAKTA<\/h3>\n<p>Sallingsundbroen gennemg\u00e5r de n\u00e6ste tre \u00e5r en st\u00f8rre renovering. Broen skal p\u00e5 oversiden have ny bel\u00e6gning, ny fugtisolering, nye st\u00f8jd\u00e6mpende fuger og nyt autov\u00e6rn. Men ogs\u00e5 under broen begynder et renoveringsarbejde af bropillerne.<\/p>\n<p>&nbsp;<\/p>\n<p>Renoveringen af bropillerne str\u00e6kker sig over to \u00e5r fra 2020-2021, og der arbejdes i 2020 fra medio april til og med september.<\/p>\n<p>&nbsp;<\/p>\n<p>Sallingsundbroen blev indviet i 1978.<\/p><\/blockquote>\n<div id=\"attachment_16243\" style=\"width: 780px\" class=\"wp-caption alignnone\"><img loading=\"lazy\" decoding=\"async\" aria-describedby=\"caption-attachment-16243\" class=\"size-full wp-image-16243\" src=\"https:\/\/kunmedierne.dk\/mors\/wp-content\/uploads\/2020\/04\/sallingsundbroen.jpg\" alt=\"\" width=\"770\" height=\"433\" srcset=\"https:\/\/kunmedierne.dk\/mors\/wp-content\/uploads\/2020\/04\/sallingsundbroen.jpg 770w, https:\/\/kunmedierne.dk\/mors\/wp-content\/uploads\/2020\/04\/sallingsundbroen-300x169.jpg 300w, https:\/\/kunmedierne.dk\/mors\/wp-content\/uploads\/2020\/04\/sallingsundbroen-768x432.jpg 768w, https:\/\/kunmedierne.dk\/mors\/wp-content\/uploads\/2020\/04\/sallingsundbroen-600x337.jpg 600w\" sizes=\"auto, (max-width: 770px) 100vw, 770px\" \/><p id=\"caption-attachment-16243\" class=\"wp-caption-text\">Isbryderne (r\u00f8d cirkel) skal ogs\u00e5 ses efter. Foto: Vejdirektoratet.<\/p><\/div>\n","protected":false},"excerpt":{"rendered":"<p>MORS: Hidtil har det foreg\u00e5et oven p\u00e5 broen, men nu bliver Sallingsundbroen ogs\u00e5 renoveret nedenunder. Vejdirektoratet oplyser, at broen, der i de n\u00e6ste tre \u00e5r gennemg\u00e5r en st\u00f8rre renovering, efter p\u00e5ske f\u00e5r kigget n\u00e6rmere p\u00e5 sine bropiller. &#8220;Renoveringsarbejdet oppe p\u00e5 broen er allerede godt i gang, og nu begynder vi s\u00e5 ogs\u00e5 en renovering under [&hellip;]<\/p>\n","protected":false},"author":8,"featured_media":2778,"comment_status":"open","ping_status":"open","sticky":false,"template":"","format":"standard","meta":{"_acf_changed":false,"footnotes":""},"categories":[51],"tags":[],"class_list":["post-16242","post","type-post","status-publish","format-standard","has-post-thumbnail","hentry","category-lokalt"],"acf":[],"yoast_head":"<!-- This site is optimized with the Yoast SEO plugin v26.8 - https:\/\/yoast.com\/product\/yoast-seo-wordpress\/ -->\n<title>Nu skal Sallingsundbroen ogs\u00e5 ses efter ved vandoverfladen - Mors<\/title>\n<meta name=\"robots\" content=\"index, follow, max-snippet:-1, max-image-preview:large, max-video-preview:-1\" \/>\n<link rel=\"canonical\" href=\"https:\/\/kunmedierne.dk\/mors\/nu-skal-sallingsundbroen-ogsaa-ses-efter-ved-vandoverfladen\/\" \/>\n<meta property=\"og:locale\" content=\"da_DK\" \/>\n<meta property=\"og:type\" content=\"article\" \/>\n<meta property=\"og:title\" content=\"Nu skal Sallingsundbroen ogs\u00e5 ses efter ved vandoverfladen - Mors\" \/>\n<meta property=\"og:description\" content=\"MORS: Hidtil har det foreg\u00e5et oven p\u00e5 broen, men nu bliver Sallingsundbroen ogs\u00e5 renoveret nedenunder. Vejdirektoratet oplyser, at broen, der i de n\u00e6ste tre \u00e5r gennemg\u00e5r en st\u00f8rre renovering, efter p\u00e5ske f\u00e5r kigget n\u00e6rmere p\u00e5 sine bropiller. &#8220;Renoveringsarbejdet oppe p\u00e5 broen er allerede godt i gang, og nu begynder vi s\u00e5 ogs\u00e5 en renovering under [&hellip;]\" \/>\n<meta property=\"og:url\" content=\"https:\/\/kunmedierne.dk\/mors\/nu-skal-sallingsundbroen-ogsaa-ses-efter-ved-vandoverfladen\/\" \/>\n<meta property=\"og:site_name\" content=\"Mors\" \/>\n<meta property=\"article:published_time\" content=\"2020-04-03T07:09:35+00:00\" \/>\n<meta property=\"article:modified_time\" content=\"2024-08-12T12:06:16+00:00\" \/>\n<meta property=\"og:image\" content=\"https:\/\/kunmedierne.dk\/mors\/wp-content\/uploads\/2020\/01\/200106-henny-hansen-sallingsundbroen.jpg\" \/>\n\t<meta property=\"og:image:width\" content=\"770\" \/>\n\t<meta property=\"og:image:height\" content=\"503\" \/>\n\t<meta property=\"og:image:type\" content=\"image\/jpeg\" \/>\n<meta name=\"author\" content=\"David H\u00f8jmark\" \/>\n<meta name=\"twitter:card\" content=\"summary_large_image\" \/>\n<meta name=\"twitter:label1\" content=\"Skrevet af\" \/>\n\t<meta name=\"twitter:data1\" content=\"David H\u00f8jmark\" \/>\n\t<meta name=\"twitter:label2\" content=\"Estimeret l\u00e6setid\" \/>\n\t<meta name=\"twitter:data2\" content=\"2 minutter\" \/>\n<script type=\"application\/ld+json\" class=\"yoast-schema-graph\">{\"@context\":\"https:\/\/schema.org\",\"@graph\":[{\"@type\":\"Article\",\"@id\":\"https:\/\/kunmedierne.dk\/mors\/nu-skal-sallingsundbroen-ogsaa-ses-efter-ved-vandoverfladen\/#article\",\"isPartOf\":{\"@id\":\"https:\/\/kunmedierne.dk\/mors\/nu-skal-sallingsundbroen-ogsaa-ses-efter-ved-vandoverfladen\/\"},\"author\":{\"name\":\"David H\u00f8jmark\",\"@id\":\"https:\/\/kunmedierne.dk\/mors\/#\/schema\/person\/5fe23251bf1d0abbcdc6f7896579d548\"},\"headline\":\"Nu skal Sallingsundbroen ogs\u00e5 ses efter ved vandoverfladen\",\"datePublished\":\"2020-04-03T07:09:35+00:00\",\"dateModified\":\"2024-08-12T12:06:16+00:00\",\"mainEntityOfPage\":{\"@id\":\"https:\/\/kunmedierne.dk\/mors\/nu-skal-sallingsundbroen-ogsaa-ses-efter-ved-vandoverfladen\/\"},\"wordCount\":456,\"commentCount\":0,\"publisher\":{\"@id\":\"https:\/\/kunmedierne.dk\/mors\/#organization\"},\"image\":{\"@id\":\"https:\/\/kunmedierne.dk\/mors\/nu-skal-sallingsundbroen-ogsaa-ses-efter-ved-vandoverfladen\/#primaryimage\"},\"thumbnailUrl\":\"https:\/\/kunmedierne.dk\/mors\/wp-content\/uploads\/2020\/01\/200106-henny-hansen-sallingsundbroen.jpg\",\"articleSection\":[\"Lokalt\"],\"inLanguage\":\"da-DK\",\"potentialAction\":[{\"@type\":\"CommentAction\",\"name\":\"Comment\",\"target\":[\"https:\/\/kunmedierne.dk\/mors\/nu-skal-sallingsundbroen-ogsaa-ses-efter-ved-vandoverfladen\/#respond\"]}]},{\"@type\":\"WebPage\",\"@id\":\"https:\/\/kunmedierne.dk\/mors\/nu-skal-sallingsundbroen-ogsaa-ses-efter-ved-vandoverfladen\/\",\"url\":\"https:\/\/kunmedierne.dk\/mors\/nu-skal-sallingsundbroen-ogsaa-ses-efter-ved-vandoverfladen\/\",\"name\":\"Nu skal Sallingsundbroen ogs\u00e5 ses efter ved vandoverfladen - Mors\",\"isPartOf\":{\"@id\":\"https:\/\/kunmedierne.dk\/mors\/#website\"},\"primaryImageOfPage\":{\"@id\":\"https:\/\/kunmedierne.dk\/mors\/nu-skal-sallingsundbroen-ogsaa-ses-efter-ved-vandoverfladen\/#primaryimage\"},\"image\":{\"@id\":\"https:\/\/kunmedierne.dk\/mors\/nu-skal-sallingsundbroen-ogsaa-ses-efter-ved-vandoverfladen\/#primaryimage\"},\"thumbnailUrl\":\"https:\/\/kunmedierne.dk\/mors\/wp-content\/uploads\/2020\/01\/200106-henny-hansen-sallingsundbroen.jpg\",\"datePublished\":\"2020-04-03T07:09:35+00:00\",\"dateModified\":\"2024-08-12T12:06:16+00:00\",\"breadcrumb\":{\"@id\":\"https:\/\/kunmedierne.dk\/mors\/nu-skal-sallingsundbroen-ogsaa-ses-efter-ved-vandoverfladen\/#breadcrumb\"},\"inLanguage\":\"da-DK\",\"potentialAction\":[{\"@type\":\"ReadAction\",\"target\":[\"https:\/\/kunmedierne.dk\/mors\/nu-skal-sallingsundbroen-ogsaa-ses-efter-ved-vandoverfladen\/\"]}]},{\"@type\":\"ImageObject\",\"inLanguage\":\"da-DK\",\"@id\":\"https:\/\/kunmedierne.dk\/mors\/nu-skal-sallingsundbroen-ogsaa-ses-efter-ved-vandoverfladen\/#primaryimage\",\"url\":\"https:\/\/kunmedierne.dk\/mors\/wp-content\/uploads\/2020\/01\/200106-henny-hansen-sallingsundbroen.jpg\",\"contentUrl\":\"https:\/\/kunmedierne.dk\/mors\/wp-content\/uploads\/2020\/01\/200106-henny-hansen-sallingsundbroen.jpg\",\"width\":770,\"height\":503,\"caption\":\"Sallingsundbroen. Foto: Henny Hansen\"},{\"@type\":\"BreadcrumbList\",\"@id\":\"https:\/\/kunmedierne.dk\/mors\/nu-skal-sallingsundbroen-ogsaa-ses-efter-ved-vandoverfladen\/#breadcrumb\",\"itemListElement\":[{\"@type\":\"ListItem\",\"position\":1,\"name\":\"Hjem\",\"item\":\"https:\/\/kunmedierne.dk\/mors\/\"},{\"@type\":\"ListItem\",\"position\":2,\"name\":\"Nu skal Sallingsundbroen ogs\u00e5 ses efter ved vandoverfladen\"}]},{\"@type\":\"WebSite\",\"@id\":\"https:\/\/kunmedierne.dk\/mors\/#website\",\"url\":\"https:\/\/kunmedierne.dk\/mors\/\",\"name\":\"Mors\",\"description\":\"et netmedie med journalistik om livet p\u00e5 Mors\",\"publisher\":{\"@id\":\"https:\/\/kunmedierne.dk\/mors\/#organization\"},\"potentialAction\":[{\"@type\":\"SearchAction\",\"target\":{\"@type\":\"EntryPoint\",\"urlTemplate\":\"https:\/\/kunmedierne.dk\/mors\/?s={search_term_string}\"},\"query-input\":{\"@type\":\"PropertyValueSpecification\",\"valueRequired\":true,\"valueName\":\"search_term_string\"}}],\"inLanguage\":\"da-DK\"},{\"@type\":\"Organization\",\"@id\":\"https:\/\/kunmedierne.dk\/mors\/#organization\",\"name\":\"Mors\",\"url\":\"https:\/\/kunmedierne.dk\/mors\/\",\"logo\":{\"@type\":\"ImageObject\",\"inLanguage\":\"da-DK\",\"@id\":\"https:\/\/kunmedierne.dk\/mors\/#\/schema\/logo\/image\/\",\"url\":\"https:\/\/kunmedierne.dk\/mors\/wp-content\/uploads\/2024\/08\/kunmors-logo.svg\",\"contentUrl\":\"https:\/\/kunmedierne.dk\/mors\/wp-content\/uploads\/2024\/08\/kunmors-logo.svg\",\"caption\":\"Mors\"},\"image\":{\"@id\":\"https:\/\/kunmedierne.dk\/mors\/#\/schema\/logo\/image\/\"}},{\"@type\":\"Person\",\"@id\":\"https:\/\/kunmedierne.dk\/mors\/#\/schema\/person\/5fe23251bf1d0abbcdc6f7896579d548\",\"name\":\"David H\u00f8jmark\",\"image\":{\"@type\":\"ImageObject\",\"inLanguage\":\"da-DK\",\"@id\":\"https:\/\/kunmedierne.dk\/mors\/#\/schema\/person\/image\/\",\"url\":\"https:\/\/secure.gravatar.com\/avatar\/4315d6fb9ef244d729989f5f90268eb08d5bf8a3d84402f595fa194bb35784fd?s=96&d=mm&r=g\",\"contentUrl\":\"https:\/\/secure.gravatar.com\/avatar\/4315d6fb9ef244d729989f5f90268eb08d5bf8a3d84402f595fa194bb35784fd?s=96&d=mm&r=g\",\"caption\":\"David H\u00f8jmark\"},\"sameAs\":[\"https:\/\/www.kunmedierne.dk\"],\"url\":\"https:\/\/kunmedierne.dk\/mors\/author\/david\/\"}]}<\/script>\n<!-- \/ Yoast SEO plugin. -->","yoast_head_json":{"title":"Nu skal Sallingsundbroen ogs\u00e5 ses efter ved vandoverfladen - Mors","robots":{"index":"index","follow":"follow","max-snippet":"max-snippet:-1","max-image-preview":"max-image-preview:large","max-video-preview":"max-video-preview:-1"},"canonical":"https:\/\/kunmedierne.dk\/mors\/nu-skal-sallingsundbroen-ogsaa-ses-efter-ved-vandoverfladen\/","og_locale":"da_DK","og_type":"article","og_title":"Nu skal Sallingsundbroen ogs\u00e5 ses efter ved vandoverfladen - Mors","og_description":"MORS: Hidtil har det foreg\u00e5et oven p\u00e5 broen, men nu bliver Sallingsundbroen ogs\u00e5 renoveret nedenunder. Vejdirektoratet oplyser, at broen, der i de n\u00e6ste tre \u00e5r gennemg\u00e5r en st\u00f8rre renovering, efter p\u00e5ske f\u00e5r kigget n\u00e6rmere p\u00e5 sine bropiller. &#8220;Renoveringsarbejdet oppe p\u00e5 broen er allerede godt i gang, og nu begynder vi s\u00e5 ogs\u00e5 en renovering under [&hellip;]","og_url":"https:\/\/kunmedierne.dk\/mors\/nu-skal-sallingsundbroen-ogsaa-ses-efter-ved-vandoverfladen\/","og_site_name":"Mors","article_published_time":"2020-04-03T07:09:35+00:00","article_modified_time":"2024-08-12T12:06:16+00:00","og_image":[{"width":770,"height":503,"url":"https:\/\/kunmedierne.dk\/mors\/wp-content\/uploads\/2020\/01\/200106-henny-hansen-sallingsundbroen.jpg","type":"image\/jpeg"}],"author":"David H\u00f8jmark","twitter_card":"summary_large_image","twitter_misc":{"Skrevet af":"David H\u00f8jmark","Estimeret l\u00e6setid":"2 minutter"},"schema":{"@context":"https:\/\/schema.org","@graph":[{"@type":"Article","@id":"https:\/\/kunmedierne.dk\/mors\/nu-skal-sallingsundbroen-ogsaa-ses-efter-ved-vandoverfladen\/#article","isPartOf":{"@id":"https:\/\/kunmedierne.dk\/mors\/nu-skal-sallingsundbroen-ogsaa-ses-efter-ved-vandoverfladen\/"},"author":{"name":"David H\u00f8jmark","@id":"https:\/\/kunmedierne.dk\/mors\/#\/schema\/person\/5fe23251bf1d0abbcdc6f7896579d548"},"headline":"Nu skal Sallingsundbroen ogs\u00e5 ses efter ved vandoverfladen","datePublished":"2020-04-03T07:09:35+00:00","dateModified":"2024-08-12T12:06:16+00:00","mainEntityOfPage":{"@id":"https:\/\/kunmedierne.dk\/mors\/nu-skal-sallingsundbroen-ogsaa-ses-efter-ved-vandoverfladen\/"},"wordCount":456,"commentCount":0,"publisher":{"@id":"https:\/\/kunmedierne.dk\/mors\/#organization"},"image":{"@id":"https:\/\/kunmedierne.dk\/mors\/nu-skal-sallingsundbroen-ogsaa-ses-efter-ved-vandoverfladen\/#primaryimage"},"thumbnailUrl":"https:\/\/kunmedierne.dk\/mors\/wp-content\/uploads\/2020\/01\/200106-henny-hansen-sallingsundbroen.jpg","articleSection":["Lokalt"],"inLanguage":"da-DK","potentialAction":[{"@type":"CommentAction","name":"Comment","target":["https:\/\/kunmedierne.dk\/mors\/nu-skal-sallingsundbroen-ogsaa-ses-efter-ved-vandoverfladen\/#respond"]}]},{"@type":"WebPage","@id":"https:\/\/kunmedierne.dk\/mors\/nu-skal-sallingsundbroen-ogsaa-ses-efter-ved-vandoverfladen\/","url":"https:\/\/kunmedierne.dk\/mors\/nu-skal-sallingsundbroen-ogsaa-ses-efter-ved-vandoverfladen\/","name":"Nu skal Sallingsundbroen ogs\u00e5 ses efter ved vandoverfladen - Mors","isPartOf":{"@id":"https:\/\/kunmedierne.dk\/mors\/#website"},"primaryImageOfPage":{"@id":"https:\/\/kunmedierne.dk\/mors\/nu-skal-sallingsundbroen-ogsaa-ses-efter-ved-vandoverfladen\/#primaryimage"},"image":{"@id":"https:\/\/kunmedierne.dk\/mors\/nu-skal-sallingsundbroen-ogsaa-ses-efter-ved-vandoverfladen\/#primaryimage"},"thumbnailUrl":"https:\/\/kunmedierne.dk\/mors\/wp-content\/uploads\/2020\/01\/200106-henny-hansen-sallingsundbroen.jpg","datePublished":"2020-04-03T07:09:35+00:00","dateModified":"2024-08-12T12:06:16+00:00","breadcrumb":{"@id":"https:\/\/kunmedierne.dk\/mors\/nu-skal-sallingsundbroen-ogsaa-ses-efter-ved-vandoverfladen\/#breadcrumb"},"inLanguage":"da-DK","potentialAction":[{"@type":"ReadAction","target":["https:\/\/kunmedierne.dk\/mors\/nu-skal-sallingsundbroen-ogsaa-ses-efter-ved-vandoverfladen\/"]}]},{"@type":"ImageObject","inLanguage":"da-DK","@id":"https:\/\/kunmedierne.dk\/mors\/nu-skal-sallingsundbroen-ogsaa-ses-efter-ved-vandoverfladen\/#primaryimage","url":"https:\/\/kunmedierne.dk\/mors\/wp-content\/uploads\/2020\/01\/200106-henny-hansen-sallingsundbroen.jpg","contentUrl":"https:\/\/kunmedierne.dk\/mors\/wp-content\/uploads\/2020\/01\/200106-henny-hansen-sallingsundbroen.jpg","width":770,"height":503,"caption":"Sallingsundbroen. Foto: Henny Hansen"},{"@type":"BreadcrumbList","@id":"https:\/\/kunmedierne.dk\/mors\/nu-skal-sallingsundbroen-ogsaa-ses-efter-ved-vandoverfladen\/#breadcrumb","itemListElement":[{"@type":"ListItem","position":1,"name":"Hjem","item":"https:\/\/kunmedierne.dk\/mors\/"},{"@type":"ListItem","position":2,"name":"Nu skal Sallingsundbroen ogs\u00e5 ses efter ved vandoverfladen"}]},{"@type":"WebSite","@id":"https:\/\/kunmedierne.dk\/mors\/#website","url":"https:\/\/kunmedierne.dk\/mors\/","name":"Mors","description":"et netmedie med journalistik om livet p\u00e5 Mors","publisher":{"@id":"https:\/\/kunmedierne.dk\/mors\/#organization"},"potentialAction":[{"@type":"SearchAction","target":{"@type":"EntryPoint","urlTemplate":"https:\/\/kunmedierne.dk\/mors\/?s={search_term_string}"},"query-input":{"@type":"PropertyValueSpecification","valueRequired":true,"valueName":"search_term_string"}}],"inLanguage":"da-DK"},{"@type":"Organization","@id":"https:\/\/kunmedierne.dk\/mors\/#organization","name":"Mors","url":"https:\/\/kunmedierne.dk\/mors\/","logo":{"@type":"ImageObject","inLanguage":"da-DK","@id":"https:\/\/kunmedierne.dk\/mors\/#\/schema\/logo\/image\/","url":"https:\/\/kunmedierne.dk\/mors\/wp-content\/uploads\/2024\/08\/kunmors-logo.svg","contentUrl":"https:\/\/kunmedierne.dk\/mors\/wp-content\/uploads\/2024\/08\/kunmors-logo.svg","caption":"Mors"},"image":{"@id":"https:\/\/kunmedierne.dk\/mors\/#\/schema\/logo\/image\/"}},{"@type":"Person","@id":"https:\/\/kunmedierne.dk\/mors\/#\/schema\/person\/5fe23251bf1d0abbcdc6f7896579d548","name":"David H\u00f8jmark","image":{"@type":"ImageObject","inLanguage":"da-DK","@id":"https:\/\/kunmedierne.dk\/mors\/#\/schema\/person\/image\/","url":"https:\/\/secure.gravatar.com\/avatar\/4315d6fb9ef244d729989f5f90268eb08d5bf8a3d84402f595fa194bb35784fd?s=96&d=mm&r=g","contentUrl":"https:\/\/secure.gravatar.com\/avatar\/4315d6fb9ef244d729989f5f90268eb08d5bf8a3d84402f595fa194bb35784fd?s=96&d=mm&r=g","caption":"David H\u00f8jmark"},"sameAs":["https:\/\/www.kunmedierne.dk"],"url":"https:\/\/kunmedierne.dk\/mors\/author\/david\/"}]}},"_links":{"self":[{"href":"https:\/\/kunmedierne.dk\/mors\/wp-json\/wp\/v2\/posts\/16242","targetHints":{"allow":["GET"]}}],"collection":[{"href":"https:\/\/kunmedierne.dk\/mors\/wp-json\/wp\/v2\/posts"}],"about":[{"href":"https:\/\/kunmedierne.dk\/mors\/wp-json\/wp\/v2\/types\/post"}],"author":[{"embeddable":true,"href":"https:\/\/kunmedierne.dk\/mors\/wp-json\/wp\/v2\/users\/8"}],"replies":[{"embeddable":true,"href":"https:\/\/kunmedierne.dk\/mors\/wp-json\/wp\/v2\/comments?post=16242"}],"version-history":[{"count":2,"href":"https:\/\/kunmedierne.dk\/mors\/wp-json\/wp\/v2\/posts\/16242\/revisions"}],"predecessor-version":[{"id":16245,"href":"https:\/\/kunmedierne.dk\/mors\/wp-json\/wp\/v2\/posts\/16242\/revisions\/16245"}],"wp:featuredmedia":[{"embeddable":true,"href":"https:\/\/kunmedierne.dk\/mors\/wp-json\/wp\/v2\/media\/2778"}],"wp:attachment":[{"href":"https:\/\/kunmedierne.dk\/mors\/wp-json\/wp\/v2\/media?parent=16242"}],"wp:term":[{"taxonomy":"category","embeddable":true,"href":"https:\/\/kunmedierne.dk\/mors\/wp-json\/wp\/v2\/categories?post=16242"},{"taxonomy":"post_tag","embeddable":true,"href":"https:\/\/kunmedierne.dk\/mors\/wp-json\/wp\/v2\/tags?post=16242"}],"curies":[{"name":"wp","href":"https:\/\/api.w.org\/{rel}","templated":true}]}}