{"id":162341,"date":"2025-11-30T09:37:38","date_gmt":"2025-11-30T08:37:38","guid":{"rendered":"https:\/\/kunmedierne.dk\/mors\/?p=162341"},"modified":"2025-11-30T09:39:08","modified_gmt":"2025-11-30T08:39:08","slug":"12-lokale-virksomheder-bag-agromesse-2025","status":"publish","type":"post","link":"https:\/\/kunmedierne.dk\/mors\/12-lokale-virksomheder-bag-agromesse-2025\/","title":{"rendered":"12 lokale virksomheder bag Agromesse Mors 2025"},"content":{"rendered":"<p><strong>ERHVERV<\/strong>: Det lykkedes under coronaen, og nu bliver det gentaget n\u00e6sten dobbelt s\u00e5 stort.<\/p>\n<p>Torsdag og fredag i den kommende uge er der igen Agromesse Mors. Fire \u00e5r efter, at syv lokale virksomheder s\u00f8rgede for den decentral version i skyggen af coronaen, samler man handsken op igen.<\/p>\n<p>Det g\u00f8r man med en nyhed i forhold til corona-versionerne. Dengang var der nemlig begr\u00e6ning p\u00e5, hvor mange man m\u00e5tte huse, og derfor foregik det over fire dage. Det er heldigvis historie nu og derfor bliver det kun to dage. hvor man kan bes\u00f8ge virksomheder p\u00e5 Mors &#8211; fra 9-17 torsdag og 9-19 fredag.<\/p>\n<a class=\"dvrt-link\" onClick=\"cdmtrack_click(104781,jQuery(this));return false\" href=\"https:\/\/www.fmspks.dk\/\"><img decoding=\"async\" style=\"width:100%;\" src=\"https:\/\/kunmedierne.dk\/mors\/wp-content\/uploads\/2022\/02\/vip-froeslev-mollerup-sparekasse.jpg\"><\/a><script>cdmtrack_view(104781);<\/script>\n<p>&#8220;Det er ogs\u00e5 nyt, at der denne gang er seks hovedudstiller, som l\u00e6gger bygninger til, og seks medudstiller, der udstiller hos en af hovedudstillerne. Det er en superfin aftale, fordi 12 v\u00e6rter vil v\u00e6re for mange, og der er plads udfordringereller smitterisiko hos nogle af medudstillerne,&#8221; lyder det fra arrang\u00f8rerne.<\/p>\n<p>&nbsp;<\/p>\n<p><strong>Satser p\u00e5 hvert andet \u00e5r<\/strong><\/p>\n<p>Med seks hovedudstillere f\u00e5r g\u00e6sterne mulighed for at sprede sig rundt omkring p\u00e5 \u00f8en ud fra et koncept, man har planer om at gentage hver andet \u00e5r. Id\u00e9en er at g\u00f8re det hvert andet \u00e5r &#8211; p\u00e5 samme tidspunkt, som der i de lige \u00e5r afholdes Agromek,<\/p>\n<a class=\"dvrt-link\" onClick=\"cdmtrack_click(104778,jQuery(this));return false\" href=\"https:\/\/vester-begr.dk\/?gclid=CjwKCAjw5Kv7BRBSEiwAXGDElQB6WMfm9CgYVrruty-I1gaOkTkC3mlA4QRDtYNsxYgVC8sNzAJ7WhoCmBsQAvD_BwE\"><img decoding=\"async\" style=\"width:100%;\" src=\"https:\/\/kunmedierne.dk\/mors\/wp-content\/uploads\/2023\/10\/260203VesterHoukaer-02022026.jpg\"><\/a><script>cdmtrack_view(104778);<\/script>\n<p>&#8220;Vi h\u00e5ber, at det bliver en succes, som vi kan gentage p\u00e5 ulige \u00e5r fremover,&#8221; lyder det med en n\u00e6rmere beskrivelse af indholdet p\u00e5 de to dage:<\/p>\n<p>&#8220;Id\u00e9en er, at man tager en tur til Mors, s\u00e5 k\u00f8rer man rundt og bes\u00f8ger de virksomheder, som man finder interessante og har interesse i at bes\u00f8ge. Dermed kan man p\u00e5 f\u00f8rste parket f\u00e5 en god og saglig snak med personalet og samtidigt se og opleve virksomhedernes produkter og faciliteter.&#8221;<\/p>\n<p>Samtidig h\u00e5ber arrang\u00f8rerne at skabe mulighed for et godt indblik i, hvad de enkelte virksomheder kan tilbyde, s\u00e5 bes\u00f8get kan blive ekstra nyttigt.<\/p>\n<a class=\"dvrt-link\" onClick=\"cdmtrack_click(169437,jQuery(this));return false\" href=\"https:\/\/thymors.dk\/sponsorater\/15-til-faellesskabet?utm_source=kunmors&amp;utm_medium=annonce&amp;utm_campaign=sponsorater\"><img decoding=\"async\" style=\"width:100%;\" src=\"https:\/\/kunmedierne.dk\/mors\/wp-content\/uploads\/2026\/03\/260407ThyMors-energi_faellesskab_generel-1.jpg\"><\/a><script>cdmtrack_view(169437);<\/script>\n<p>&#8220;M\u00e5ske planl\u00e6gger man ligefrem med familien at holde en udflugt- eller ferie i omr\u00e5det. Det kan jo kombineres med julehandel og julehygge i vores fantastiske hyggelige g\u00e5gade i Nyk\u00f8bing Mors. Vi har jo ogs\u00e5 s\u00e6rdeles hyggelige overnatnings muligheder p\u00e5 gamle f\u00e6rgekroer eller hotel i Nyk\u00f8bing,&#8221; fort\u00e6ller arrang\u00f8rerne af Agromessen 2025.<\/p>\n<p>Se programmet for de to dage herunder.<\/p>\n<p><img loading=\"lazy\" decoding=\"async\" class=\"alignright size-full wp-image-162350\" src=\"https:\/\/kunmedierne.dk\/mors\/wp-content\/uploads\/2025\/11\/Program-med-udstiller_.jpg\" alt=\"\" width=\"1232\" height=\"1621\" srcset=\"https:\/\/kunmedierne.dk\/mors\/wp-content\/uploads\/2025\/11\/Program-med-udstiller_.jpg 1232w, https:\/\/kunmedierne.dk\/mors\/wp-content\/uploads\/2025\/11\/Program-med-udstiller_-228x300.jpg 228w, https:\/\/kunmedierne.dk\/mors\/wp-content\/uploads\/2025\/11\/Program-med-udstiller_-778x1024.jpg 778w, https:\/\/kunmedierne.dk\/mors\/wp-content\/uploads\/2025\/11\/Program-med-udstiller_-510x671.jpg 510w\" sizes=\"auto, (max-width: 1232px) 100vw, 1232px\" \/><\/p>\n","protected":false},"excerpt":{"rendered":"<p>ERHVERV: Det lykkedes under coronaen, og nu bliver det gentaget n\u00e6sten dobbelt s\u00e5 stort. Torsdag og fredag i den kommende uge er der igen Agromesse Mors. Fire \u00e5r efter, at syv lokale virksomheder s\u00f8rgede for den decentral version i skyggen af coronaen, samler man handsken op igen. Det g\u00f8r man med en nyhed i forhold [&hellip;]<\/p>\n","protected":false},"author":8,"featured_media":0,"comment_status":"closed","ping_status":"closed","sticky":false,"template":"","format":"standard","meta":{"_acf_changed":false,"footnotes":""},"categories":[51],"tags":[159],"class_list":["post-162341","post","type-post","status-publish","format-standard","hentry","category-lokalt","tag-erhverv"],"acf":[],"yoast_head":"<!-- This site is optimized with the Yoast SEO plugin v26.8 - https:\/\/yoast.com\/product\/yoast-seo-wordpress\/ -->\n<title>12 lokale virksomheder bag Agromesse Mors 2025 - Mors<\/title>\n<meta name=\"robots\" content=\"index, follow, max-snippet:-1, max-image-preview:large, max-video-preview:-1\" \/>\n<link rel=\"canonical\" href=\"https:\/\/kunmedierne.dk\/mors\/12-lokale-virksomheder-bag-agromesse-2025\/\" \/>\n<meta property=\"og:locale\" content=\"da_DK\" \/>\n<meta property=\"og:type\" content=\"article\" \/>\n<meta property=\"og:title\" content=\"12 lokale virksomheder bag Agromesse Mors 2025 - Mors\" \/>\n<meta property=\"og:description\" content=\"ERHVERV: Det lykkedes under coronaen, og nu bliver det gentaget n\u00e6sten dobbelt s\u00e5 stort. Torsdag og fredag i den kommende uge er der igen Agromesse Mors. Fire \u00e5r efter, at syv lokale virksomheder s\u00f8rgede for den decentral version i skyggen af coronaen, samler man handsken op igen. Det g\u00f8r man med en nyhed i forhold [&hellip;]\" \/>\n<meta property=\"og:url\" content=\"https:\/\/kunmedierne.dk\/mors\/12-lokale-virksomheder-bag-agromesse-2025\/\" \/>\n<meta property=\"og:site_name\" content=\"Mors\" \/>\n<meta property=\"article:published_time\" content=\"2025-11-30T08:37:38+00:00\" \/>\n<meta property=\"article:modified_time\" content=\"2025-11-30T08:39:08+00:00\" \/>\n<meta property=\"og:image\" content=\"https:\/\/kunmedierne.dk\/mors\/wp-content\/uploads\/2025\/11\/Program-med-udstiller_.jpg\" \/>\n<meta name=\"author\" content=\"David H\u00f8jmark\" \/>\n<meta name=\"twitter:card\" content=\"summary_large_image\" \/>\n<meta name=\"twitter:label1\" content=\"Skrevet af\" \/>\n\t<meta name=\"twitter:data1\" content=\"David H\u00f8jmark\" \/>\n\t<meta name=\"twitter:label2\" content=\"Estimeret l\u00e6setid\" \/>\n\t<meta name=\"twitter:data2\" content=\"3 minutter\" \/>\n<script type=\"application\/ld+json\" class=\"yoast-schema-graph\">{\"@context\":\"https:\/\/schema.org\",\"@graph\":[{\"@type\":\"Article\",\"@id\":\"https:\/\/kunmedierne.dk\/mors\/12-lokale-virksomheder-bag-agromesse-2025\/#article\",\"isPartOf\":{\"@id\":\"https:\/\/kunmedierne.dk\/mors\/12-lokale-virksomheder-bag-agromesse-2025\/\"},\"author\":{\"name\":\"David H\u00f8jmark\",\"@id\":\"https:\/\/kunmedierne.dk\/mors\/#\/schema\/person\/5fe23251bf1d0abbcdc6f7896579d548\"},\"headline\":\"12 lokale virksomheder bag Agromesse Mors 2025\",\"datePublished\":\"2025-11-30T08:37:38+00:00\",\"dateModified\":\"2025-11-30T08:39:08+00:00\",\"mainEntityOfPage\":{\"@id\":\"https:\/\/kunmedierne.dk\/mors\/12-lokale-virksomheder-bag-agromesse-2025\/\"},\"wordCount\":404,\"publisher\":{\"@id\":\"https:\/\/kunmedierne.dk\/mors\/#organization\"},\"image\":{\"@id\":\"https:\/\/kunmedierne.dk\/mors\/12-lokale-virksomheder-bag-agromesse-2025\/#primaryimage\"},\"thumbnailUrl\":\"https:\/\/kunmedierne.dk\/mors\/wp-content\/uploads\/2025\/11\/Program-med-udstiller_.jpg\",\"keywords\":[\"Erhverv\"],\"articleSection\":[\"Lokalt\"],\"inLanguage\":\"da-DK\"},{\"@type\":\"WebPage\",\"@id\":\"https:\/\/kunmedierne.dk\/mors\/12-lokale-virksomheder-bag-agromesse-2025\/\",\"url\":\"https:\/\/kunmedierne.dk\/mors\/12-lokale-virksomheder-bag-agromesse-2025\/\",\"name\":\"12 lokale virksomheder bag Agromesse Mors 2025 - Mors\",\"isPartOf\":{\"@id\":\"https:\/\/kunmedierne.dk\/mors\/#website\"},\"primaryImageOfPage\":{\"@id\":\"https:\/\/kunmedierne.dk\/mors\/12-lokale-virksomheder-bag-agromesse-2025\/#primaryimage\"},\"image\":{\"@id\":\"https:\/\/kunmedierne.dk\/mors\/12-lokale-virksomheder-bag-agromesse-2025\/#primaryimage\"},\"thumbnailUrl\":\"https:\/\/kunmedierne.dk\/mors\/wp-content\/uploads\/2025\/11\/Program-med-udstiller_.jpg\",\"datePublished\":\"2025-11-30T08:37:38+00:00\",\"dateModified\":\"2025-11-30T08:39:08+00:00\",\"breadcrumb\":{\"@id\":\"https:\/\/kunmedierne.dk\/mors\/12-lokale-virksomheder-bag-agromesse-2025\/#breadcrumb\"},\"inLanguage\":\"da-DK\",\"potentialAction\":[{\"@type\":\"ReadAction\",\"target\":[\"https:\/\/kunmedierne.dk\/mors\/12-lokale-virksomheder-bag-agromesse-2025\/\"]}]},{\"@type\":\"ImageObject\",\"inLanguage\":\"da-DK\",\"@id\":\"https:\/\/kunmedierne.dk\/mors\/12-lokale-virksomheder-bag-agromesse-2025\/#primaryimage\",\"url\":\"https:\/\/kunmedierne.dk\/mors\/wp-content\/uploads\/2025\/11\/Program-med-udstiller_.jpg\",\"contentUrl\":\"https:\/\/kunmedierne.dk\/mors\/wp-content\/uploads\/2025\/11\/Program-med-udstiller_.jpg\",\"width\":1232,\"height\":1621},{\"@type\":\"BreadcrumbList\",\"@id\":\"https:\/\/kunmedierne.dk\/mors\/12-lokale-virksomheder-bag-agromesse-2025\/#breadcrumb\",\"itemListElement\":[{\"@type\":\"ListItem\",\"position\":1,\"name\":\"Hjem\",\"item\":\"https:\/\/kunmedierne.dk\/mors\/\"},{\"@type\":\"ListItem\",\"position\":2,\"name\":\"12 lokale virksomheder bag Agromesse Mors 2025\"}]},{\"@type\":\"WebSite\",\"@id\":\"https:\/\/kunmedierne.dk\/mors\/#website\",\"url\":\"https:\/\/kunmedierne.dk\/mors\/\",\"name\":\"Mors\",\"description\":\"et netmedie med journalistik om livet p\u00e5 Mors\",\"publisher\":{\"@id\":\"https:\/\/kunmedierne.dk\/mors\/#organization\"},\"potentialAction\":[{\"@type\":\"SearchAction\",\"target\":{\"@type\":\"EntryPoint\",\"urlTemplate\":\"https:\/\/kunmedierne.dk\/mors\/?s={search_term_string}\"},\"query-input\":{\"@type\":\"PropertyValueSpecification\",\"valueRequired\":true,\"valueName\":\"search_term_string\"}}],\"inLanguage\":\"da-DK\"},{\"@type\":\"Organization\",\"@id\":\"https:\/\/kunmedierne.dk\/mors\/#organization\",\"name\":\"Mors\",\"url\":\"https:\/\/kunmedierne.dk\/mors\/\",\"logo\":{\"@type\":\"ImageObject\",\"inLanguage\":\"da-DK\",\"@id\":\"https:\/\/kunmedierne.dk\/mors\/#\/schema\/logo\/image\/\",\"url\":\"https:\/\/kunmedierne.dk\/mors\/wp-content\/uploads\/2024\/08\/kunmors-logo.svg\",\"contentUrl\":\"https:\/\/kunmedierne.dk\/mors\/wp-content\/uploads\/2024\/08\/kunmors-logo.svg\",\"caption\":\"Mors\"},\"image\":{\"@id\":\"https:\/\/kunmedierne.dk\/mors\/#\/schema\/logo\/image\/\"}},{\"@type\":\"Person\",\"@id\":\"https:\/\/kunmedierne.dk\/mors\/#\/schema\/person\/5fe23251bf1d0abbcdc6f7896579d548\",\"name\":\"David H\u00f8jmark\",\"image\":{\"@type\":\"ImageObject\",\"inLanguage\":\"da-DK\",\"@id\":\"https:\/\/kunmedierne.dk\/mors\/#\/schema\/person\/image\/\",\"url\":\"https:\/\/secure.gravatar.com\/avatar\/4315d6fb9ef244d729989f5f90268eb08d5bf8a3d84402f595fa194bb35784fd?s=96&d=mm&r=g\",\"contentUrl\":\"https:\/\/secure.gravatar.com\/avatar\/4315d6fb9ef244d729989f5f90268eb08d5bf8a3d84402f595fa194bb35784fd?s=96&d=mm&r=g\",\"caption\":\"David H\u00f8jmark\"},\"sameAs\":[\"https:\/\/www.kunmedierne.dk\"],\"url\":\"https:\/\/kunmedierne.dk\/mors\/author\/david\/\"}]}<\/script>\n<!-- \/ Yoast SEO plugin. -->","yoast_head_json":{"title":"12 lokale virksomheder bag Agromesse Mors 2025 - Mors","robots":{"index":"index","follow":"follow","max-snippet":"max-snippet:-1","max-image-preview":"max-image-preview:large","max-video-preview":"max-video-preview:-1"},"canonical":"https:\/\/kunmedierne.dk\/mors\/12-lokale-virksomheder-bag-agromesse-2025\/","og_locale":"da_DK","og_type":"article","og_title":"12 lokale virksomheder bag Agromesse Mors 2025 - Mors","og_description":"ERHVERV: Det lykkedes under coronaen, og nu bliver det gentaget n\u00e6sten dobbelt s\u00e5 stort. Torsdag og fredag i den kommende uge er der igen Agromesse Mors. Fire \u00e5r efter, at syv lokale virksomheder s\u00f8rgede for den decentral version i skyggen af coronaen, samler man handsken op igen. Det g\u00f8r man med en nyhed i forhold [&hellip;]","og_url":"https:\/\/kunmedierne.dk\/mors\/12-lokale-virksomheder-bag-agromesse-2025\/","og_site_name":"Mors","article_published_time":"2025-11-30T08:37:38+00:00","article_modified_time":"2025-11-30T08:39:08+00:00","og_image":[{"url":"https:\/\/kunmedierne.dk\/mors\/wp-content\/uploads\/2025\/11\/Program-med-udstiller_.jpg","type":"","width":"","height":""}],"author":"David H\u00f8jmark","twitter_card":"summary_large_image","twitter_misc":{"Skrevet af":"David H\u00f8jmark","Estimeret l\u00e6setid":"3 minutter"},"schema":{"@context":"https:\/\/schema.org","@graph":[{"@type":"Article","@id":"https:\/\/kunmedierne.dk\/mors\/12-lokale-virksomheder-bag-agromesse-2025\/#article","isPartOf":{"@id":"https:\/\/kunmedierne.dk\/mors\/12-lokale-virksomheder-bag-agromesse-2025\/"},"author":{"name":"David H\u00f8jmark","@id":"https:\/\/kunmedierne.dk\/mors\/#\/schema\/person\/5fe23251bf1d0abbcdc6f7896579d548"},"headline":"12 lokale virksomheder bag Agromesse Mors 2025","datePublished":"2025-11-30T08:37:38+00:00","dateModified":"2025-11-30T08:39:08+00:00","mainEntityOfPage":{"@id":"https:\/\/kunmedierne.dk\/mors\/12-lokale-virksomheder-bag-agromesse-2025\/"},"wordCount":404,"publisher":{"@id":"https:\/\/kunmedierne.dk\/mors\/#organization"},"image":{"@id":"https:\/\/kunmedierne.dk\/mors\/12-lokale-virksomheder-bag-agromesse-2025\/#primaryimage"},"thumbnailUrl":"https:\/\/kunmedierne.dk\/mors\/wp-content\/uploads\/2025\/11\/Program-med-udstiller_.jpg","keywords":["Erhverv"],"articleSection":["Lokalt"],"inLanguage":"da-DK"},{"@type":"WebPage","@id":"https:\/\/kunmedierne.dk\/mors\/12-lokale-virksomheder-bag-agromesse-2025\/","url":"https:\/\/kunmedierne.dk\/mors\/12-lokale-virksomheder-bag-agromesse-2025\/","name":"12 lokale virksomheder bag Agromesse Mors 2025 - Mors","isPartOf":{"@id":"https:\/\/kunmedierne.dk\/mors\/#website"},"primaryImageOfPage":{"@id":"https:\/\/kunmedierne.dk\/mors\/12-lokale-virksomheder-bag-agromesse-2025\/#primaryimage"},"image":{"@id":"https:\/\/kunmedierne.dk\/mors\/12-lokale-virksomheder-bag-agromesse-2025\/#primaryimage"},"thumbnailUrl":"https:\/\/kunmedierne.dk\/mors\/wp-content\/uploads\/2025\/11\/Program-med-udstiller_.jpg","datePublished":"2025-11-30T08:37:38+00:00","dateModified":"2025-11-30T08:39:08+00:00","breadcrumb":{"@id":"https:\/\/kunmedierne.dk\/mors\/12-lokale-virksomheder-bag-agromesse-2025\/#breadcrumb"},"inLanguage":"da-DK","potentialAction":[{"@type":"ReadAction","target":["https:\/\/kunmedierne.dk\/mors\/12-lokale-virksomheder-bag-agromesse-2025\/"]}]},{"@type":"ImageObject","inLanguage":"da-DK","@id":"https:\/\/kunmedierne.dk\/mors\/12-lokale-virksomheder-bag-agromesse-2025\/#primaryimage","url":"https:\/\/kunmedierne.dk\/mors\/wp-content\/uploads\/2025\/11\/Program-med-udstiller_.jpg","contentUrl":"https:\/\/kunmedierne.dk\/mors\/wp-content\/uploads\/2025\/11\/Program-med-udstiller_.jpg","width":1232,"height":1621},{"@type":"BreadcrumbList","@id":"https:\/\/kunmedierne.dk\/mors\/12-lokale-virksomheder-bag-agromesse-2025\/#breadcrumb","itemListElement":[{"@type":"ListItem","position":1,"name":"Hjem","item":"https:\/\/kunmedierne.dk\/mors\/"},{"@type":"ListItem","position":2,"name":"12 lokale virksomheder bag Agromesse Mors 2025"}]},{"@type":"WebSite","@id":"https:\/\/kunmedierne.dk\/mors\/#website","url":"https:\/\/kunmedierne.dk\/mors\/","name":"Mors","description":"et netmedie med journalistik om livet p\u00e5 Mors","publisher":{"@id":"https:\/\/kunmedierne.dk\/mors\/#organization"},"potentialAction":[{"@type":"SearchAction","target":{"@type":"EntryPoint","urlTemplate":"https:\/\/kunmedierne.dk\/mors\/?s={search_term_string}"},"query-input":{"@type":"PropertyValueSpecification","valueRequired":true,"valueName":"search_term_string"}}],"inLanguage":"da-DK"},{"@type":"Organization","@id":"https:\/\/kunmedierne.dk\/mors\/#organization","name":"Mors","url":"https:\/\/kunmedierne.dk\/mors\/","logo":{"@type":"ImageObject","inLanguage":"da-DK","@id":"https:\/\/kunmedierne.dk\/mors\/#\/schema\/logo\/image\/","url":"https:\/\/kunmedierne.dk\/mors\/wp-content\/uploads\/2024\/08\/kunmors-logo.svg","contentUrl":"https:\/\/kunmedierne.dk\/mors\/wp-content\/uploads\/2024\/08\/kunmors-logo.svg","caption":"Mors"},"image":{"@id":"https:\/\/kunmedierne.dk\/mors\/#\/schema\/logo\/image\/"}},{"@type":"Person","@id":"https:\/\/kunmedierne.dk\/mors\/#\/schema\/person\/5fe23251bf1d0abbcdc6f7896579d548","name":"David H\u00f8jmark","image":{"@type":"ImageObject","inLanguage":"da-DK","@id":"https:\/\/kunmedierne.dk\/mors\/#\/schema\/person\/image\/","url":"https:\/\/secure.gravatar.com\/avatar\/4315d6fb9ef244d729989f5f90268eb08d5bf8a3d84402f595fa194bb35784fd?s=96&d=mm&r=g","contentUrl":"https:\/\/secure.gravatar.com\/avatar\/4315d6fb9ef244d729989f5f90268eb08d5bf8a3d84402f595fa194bb35784fd?s=96&d=mm&r=g","caption":"David H\u00f8jmark"},"sameAs":["https:\/\/www.kunmedierne.dk"],"url":"https:\/\/kunmedierne.dk\/mors\/author\/david\/"}]}},"_links":{"self":[{"href":"https:\/\/kunmedierne.dk\/mors\/wp-json\/wp\/v2\/posts\/162341","targetHints":{"allow":["GET"]}}],"collection":[{"href":"https:\/\/kunmedierne.dk\/mors\/wp-json\/wp\/v2\/posts"}],"about":[{"href":"https:\/\/kunmedierne.dk\/mors\/wp-json\/wp\/v2\/types\/post"}],"author":[{"embeddable":true,"href":"https:\/\/kunmedierne.dk\/mors\/wp-json\/wp\/v2\/users\/8"}],"replies":[{"embeddable":true,"href":"https:\/\/kunmedierne.dk\/mors\/wp-json\/wp\/v2\/comments?post=162341"}],"version-history":[{"count":2,"href":"https:\/\/kunmedierne.dk\/mors\/wp-json\/wp\/v2\/posts\/162341\/revisions"}],"predecessor-version":[{"id":162354,"href":"https:\/\/kunmedierne.dk\/mors\/wp-json\/wp\/v2\/posts\/162341\/revisions\/162354"}],"wp:attachment":[{"href":"https:\/\/kunmedierne.dk\/mors\/wp-json\/wp\/v2\/media?parent=162341"}],"wp:term":[{"taxonomy":"category","embeddable":true,"href":"https:\/\/kunmedierne.dk\/mors\/wp-json\/wp\/v2\/categories?post=162341"},{"taxonomy":"post_tag","embeddable":true,"href":"https:\/\/kunmedierne.dk\/mors\/wp-json\/wp\/v2\/tags?post=162341"}],"curies":[{"name":"wp","href":"https:\/\/api.w.org\/{rel}","templated":true}]}}