{"id":16234,"date":"2020-04-03T08:57:40","date_gmt":"2020-04-03T06:57:40","guid":{"rendered":"https:\/\/kunmedierne.dk\/mors\/?p=16234"},"modified":"2024-08-12T14:06:16","modified_gmt":"2024-08-12T12:06:16","slug":"coronaramte-arrangoerer-faar-loefte-fra-kommunen","status":"publish","type":"post","link":"https:\/\/kunmedierne.dk\/mors\/coronaramte-arrangoerer-faar-loefte-fra-kommunen\/","title":{"rendered":"Coronaramte arrang\u00f8rer f\u00e5r l\u00f8fte fra kommunen"},"content":{"rendered":"<p><strong>MORS<\/strong>: Lokale arrang\u00f8rer, der har m\u00e5ttet skride til aflysning eller uds\u00e6ttelse p\u00e5 grund af coronakrisen, f\u00e5r nu en h\u00e5ndsr\u00e6kning fra Mors\u00f8 Kommune.<\/p>\n<p>I en pressemeddelelse lader kommune forst\u00e5, at den for at hj\u00e6lpe sine samarbejdspartnere og skabe en smule ro i sv\u00e6r tid har valgt, at den fortsat vil bakke op om de ramte arrangementer.<\/p>\n<p class=\"v1Default\">&#8220;Mors er en \u00f8, hvor mange mennesker bruger en masse tid og kr\u00e6fter p\u00e5 at skabe arrangementer og events til gl\u00e6de for \u00f8ens beboere og en masse g\u00e6ster udefra. Mors\u00f8 Kommune bakker normalt op om mange af disse begivenheder, men i \u00e5r er intet, som det plejer. Coronakrisen har allerede skabt et hav af aflysninger og der kan v\u00e6re udsigt til endnu flere. Det skaber naturligt nok ogs\u00e5 stor uro hos de lokale arrang\u00f8rer,&#8221; lyder det i pressemeddelelsen, som ogs\u00e5 citerer borgmester Hans Ejner Bertelsen (V):<b>\u00a0<\/b><\/p>\n<p>&#8220;Kommunens motto er, at sammen er vi bedst. Vi st\u00e5r ogs\u00e5 sammen, n\u00e5r det er rigtig sv\u00e6rt. De arrang\u00f8rer, som vi har sagt ja til at samarbejde med, skal ikke have trukket t\u00e6ppet v\u00e6k under sig, hvis de skulle blive n\u00f8dt til at aflyse. De er utroligt vigtige for, at vi er attraktive som bosted og turistdestination og har en masse forskelligt at byde p\u00e5, og det skal vi forsat v\u00e6re, n\u00e5r der kommer mere ro p\u00e5 situationen,&#8221; siger han og tilf\u00f8jer:<\/p>\n<p>&#8220;Vi holder h\u00e5nden under dem, s\u00e5 de lettere klarer sig igennem krisen. Vi vil indg\u00e5 i en dialog med hver enkelt af vores samarbejdspartnere om, hvordan vi bedst muligt kan hj\u00e6lpe dem indenfor de rammer vi har. Kort sagt s\u00e5 er vores engagement i mange af disse tiltag langsigtet og forpligtigende, og det er i alles interesse, at vi hj\u00e6lper hinanden igennem denne sv\u00e6re tid.&#8221;<\/p>\n<p>Med budskabet h\u00e5ber kommunen,\u00a0at der kan komme lidt ro og h\u00e5b hos pressede arrang\u00f8rer. Det vides af naturlige grunde ikke endnu, hvor l\u00e6nge coronakrisen vil blive ved med at betyde aflysninger, men Mors\u00f8 Kommune forbereder sig til at tage en dialog med de enkelte arrang\u00f8rer, hvis det bliver aktuelt.<\/p>\n<p>Kommunen oplyser, at hvis den har givet tilsagn om st\u00f8tte til et arrangement eller en event, s\u00e5 g\u00e6lder det ogs\u00e5 ved afholdelse p\u00e5 et senere tidspunkt.<\/p>\n","protected":false},"excerpt":{"rendered":"<p>MORS: Lokale arrang\u00f8rer, der har m\u00e5ttet skride til aflysning eller uds\u00e6ttelse p\u00e5 grund af coronakrisen, f\u00e5r nu en h\u00e5ndsr\u00e6kning fra Mors\u00f8 Kommune. I en pressemeddelelse lader kommune forst\u00e5, at den for at hj\u00e6lpe sine samarbejdspartnere og skabe en smule ro i sv\u00e6r tid har valgt, at den fortsat vil bakke op om de ramte arrangementer. [&hellip;]<\/p>\n","protected":false},"author":8,"featured_media":13431,"comment_status":"open","ping_status":"open","sticky":false,"template":"","format":"standard","meta":{"_acf_changed":false,"footnotes":""},"categories":[51],"tags":[],"class_list":["post-16234","post","type-post","status-publish","format-standard","has-post-thumbnail","hentry","category-lokalt"],"acf":[],"yoast_head":"<!-- This site is optimized with the Yoast SEO plugin v26.8 - https:\/\/yoast.com\/product\/yoast-seo-wordpress\/ -->\n<title>Coronaramte arrang\u00f8rer f\u00e5r l\u00f8fte fra kommunen - Mors<\/title>\n<meta name=\"robots\" content=\"index, follow, max-snippet:-1, max-image-preview:large, max-video-preview:-1\" \/>\n<link rel=\"canonical\" href=\"https:\/\/kunmedierne.dk\/mors\/coronaramte-arrangoerer-faar-loefte-fra-kommunen\/\" \/>\n<meta property=\"og:locale\" content=\"da_DK\" \/>\n<meta property=\"og:type\" content=\"article\" \/>\n<meta property=\"og:title\" content=\"Coronaramte arrang\u00f8rer f\u00e5r l\u00f8fte fra kommunen - Mors\" \/>\n<meta property=\"og:description\" content=\"MORS: Lokale arrang\u00f8rer, der har m\u00e5ttet skride til aflysning eller uds\u00e6ttelse p\u00e5 grund af coronakrisen, f\u00e5r nu en h\u00e5ndsr\u00e6kning fra Mors\u00f8 Kommune. I en pressemeddelelse lader kommune forst\u00e5, at den for at hj\u00e6lpe sine samarbejdspartnere og skabe en smule ro i sv\u00e6r tid har valgt, at den fortsat vil bakke op om de ramte arrangementer. [&hellip;]\" \/>\n<meta property=\"og:url\" content=\"https:\/\/kunmedierne.dk\/mors\/coronaramte-arrangoerer-faar-loefte-fra-kommunen\/\" \/>\n<meta property=\"og:site_name\" content=\"Mors\" \/>\n<meta property=\"article:published_time\" content=\"2020-04-03T06:57:40+00:00\" \/>\n<meta property=\"article:modified_time\" content=\"2024-08-12T12:06:16+00:00\" \/>\n<meta property=\"og:image\" content=\"https:\/\/kunmedierne.dk\/mors\/wp-content\/uploads\/2020\/03\/200311-mors\u00f8-kommune2.jpg\" \/>\n\t<meta property=\"og:image:width\" content=\"770\" \/>\n\t<meta property=\"og:image:height\" content=\"513\" \/>\n\t<meta property=\"og:image:type\" content=\"image\/jpeg\" \/>\n<meta name=\"author\" content=\"David H\u00f8jmark\" \/>\n<meta name=\"twitter:card\" content=\"summary_large_image\" \/>\n<meta name=\"twitter:label1\" content=\"Skrevet af\" \/>\n\t<meta name=\"twitter:data1\" content=\"David H\u00f8jmark\" \/>\n\t<meta name=\"twitter:label2\" content=\"Estimeret l\u00e6setid\" \/>\n\t<meta name=\"twitter:data2\" content=\"2 minutter\" \/>\n<script type=\"application\/ld+json\" class=\"yoast-schema-graph\">{\"@context\":\"https:\/\/schema.org\",\"@graph\":[{\"@type\":\"Article\",\"@id\":\"https:\/\/kunmedierne.dk\/mors\/coronaramte-arrangoerer-faar-loefte-fra-kommunen\/#article\",\"isPartOf\":{\"@id\":\"https:\/\/kunmedierne.dk\/mors\/coronaramte-arrangoerer-faar-loefte-fra-kommunen\/\"},\"author\":{\"name\":\"David H\u00f8jmark\",\"@id\":\"https:\/\/kunmedierne.dk\/mors\/#\/schema\/person\/5fe23251bf1d0abbcdc6f7896579d548\"},\"headline\":\"Coronaramte arrang\u00f8rer f\u00e5r l\u00f8fte fra kommunen\",\"datePublished\":\"2020-04-03T06:57:40+00:00\",\"dateModified\":\"2024-08-12T12:06:16+00:00\",\"mainEntityOfPage\":{\"@id\":\"https:\/\/kunmedierne.dk\/mors\/coronaramte-arrangoerer-faar-loefte-fra-kommunen\/\"},\"wordCount\":406,\"commentCount\":0,\"publisher\":{\"@id\":\"https:\/\/kunmedierne.dk\/mors\/#organization\"},\"image\":{\"@id\":\"https:\/\/kunmedierne.dk\/mors\/coronaramte-arrangoerer-faar-loefte-fra-kommunen\/#primaryimage\"},\"thumbnailUrl\":\"https:\/\/kunmedierne.dk\/mors\/wp-content\/uploads\/2020\/03\/200311-mors\u00f8-kommune2.jpg\",\"articleSection\":[\"Lokalt\"],\"inLanguage\":\"da-DK\",\"potentialAction\":[{\"@type\":\"CommentAction\",\"name\":\"Comment\",\"target\":[\"https:\/\/kunmedierne.dk\/mors\/coronaramte-arrangoerer-faar-loefte-fra-kommunen\/#respond\"]}]},{\"@type\":\"WebPage\",\"@id\":\"https:\/\/kunmedierne.dk\/mors\/coronaramte-arrangoerer-faar-loefte-fra-kommunen\/\",\"url\":\"https:\/\/kunmedierne.dk\/mors\/coronaramte-arrangoerer-faar-loefte-fra-kommunen\/\",\"name\":\"Coronaramte arrang\u00f8rer f\u00e5r l\u00f8fte fra kommunen - Mors\",\"isPartOf\":{\"@id\":\"https:\/\/kunmedierne.dk\/mors\/#website\"},\"primaryImageOfPage\":{\"@id\":\"https:\/\/kunmedierne.dk\/mors\/coronaramte-arrangoerer-faar-loefte-fra-kommunen\/#primaryimage\"},\"image\":{\"@id\":\"https:\/\/kunmedierne.dk\/mors\/coronaramte-arrangoerer-faar-loefte-fra-kommunen\/#primaryimage\"},\"thumbnailUrl\":\"https:\/\/kunmedierne.dk\/mors\/wp-content\/uploads\/2020\/03\/200311-mors\u00f8-kommune2.jpg\",\"datePublished\":\"2020-04-03T06:57:40+00:00\",\"dateModified\":\"2024-08-12T12:06:16+00:00\",\"breadcrumb\":{\"@id\":\"https:\/\/kunmedierne.dk\/mors\/coronaramte-arrangoerer-faar-loefte-fra-kommunen\/#breadcrumb\"},\"inLanguage\":\"da-DK\",\"potentialAction\":[{\"@type\":\"ReadAction\",\"target\":[\"https:\/\/kunmedierne.dk\/mors\/coronaramte-arrangoerer-faar-loefte-fra-kommunen\/\"]}]},{\"@type\":\"ImageObject\",\"inLanguage\":\"da-DK\",\"@id\":\"https:\/\/kunmedierne.dk\/mors\/coronaramte-arrangoerer-faar-loefte-fra-kommunen\/#primaryimage\",\"url\":\"https:\/\/kunmedierne.dk\/mors\/wp-content\/uploads\/2020\/03\/200311-mors\u00f8-kommune2.jpg\",\"contentUrl\":\"https:\/\/kunmedierne.dk\/mors\/wp-content\/uploads\/2020\/03\/200311-mors\u00f8-kommune2.jpg\",\"width\":770,\"height\":513,\"caption\":\"Logo: Mors\u00f8 Kommune\"},{\"@type\":\"BreadcrumbList\",\"@id\":\"https:\/\/kunmedierne.dk\/mors\/coronaramte-arrangoerer-faar-loefte-fra-kommunen\/#breadcrumb\",\"itemListElement\":[{\"@type\":\"ListItem\",\"position\":1,\"name\":\"Hjem\",\"item\":\"https:\/\/kunmedierne.dk\/mors\/\"},{\"@type\":\"ListItem\",\"position\":2,\"name\":\"Coronaramte arrang\u00f8rer f\u00e5r l\u00f8fte fra kommunen\"}]},{\"@type\":\"WebSite\",\"@id\":\"https:\/\/kunmedierne.dk\/mors\/#website\",\"url\":\"https:\/\/kunmedierne.dk\/mors\/\",\"name\":\"Mors\",\"description\":\"et netmedie med journalistik om livet p\u00e5 Mors\",\"publisher\":{\"@id\":\"https:\/\/kunmedierne.dk\/mors\/#organization\"},\"potentialAction\":[{\"@type\":\"SearchAction\",\"target\":{\"@type\":\"EntryPoint\",\"urlTemplate\":\"https:\/\/kunmedierne.dk\/mors\/?s={search_term_string}\"},\"query-input\":{\"@type\":\"PropertyValueSpecification\",\"valueRequired\":true,\"valueName\":\"search_term_string\"}}],\"inLanguage\":\"da-DK\"},{\"@type\":\"Organization\",\"@id\":\"https:\/\/kunmedierne.dk\/mors\/#organization\",\"name\":\"Mors\",\"url\":\"https:\/\/kunmedierne.dk\/mors\/\",\"logo\":{\"@type\":\"ImageObject\",\"inLanguage\":\"da-DK\",\"@id\":\"https:\/\/kunmedierne.dk\/mors\/#\/schema\/logo\/image\/\",\"url\":\"https:\/\/kunmedierne.dk\/mors\/wp-content\/uploads\/2024\/08\/kunmors-logo.svg\",\"contentUrl\":\"https:\/\/kunmedierne.dk\/mors\/wp-content\/uploads\/2024\/08\/kunmors-logo.svg\",\"caption\":\"Mors\"},\"image\":{\"@id\":\"https:\/\/kunmedierne.dk\/mors\/#\/schema\/logo\/image\/\"}},{\"@type\":\"Person\",\"@id\":\"https:\/\/kunmedierne.dk\/mors\/#\/schema\/person\/5fe23251bf1d0abbcdc6f7896579d548\",\"name\":\"David H\u00f8jmark\",\"image\":{\"@type\":\"ImageObject\",\"inLanguage\":\"da-DK\",\"@id\":\"https:\/\/kunmedierne.dk\/mors\/#\/schema\/person\/image\/\",\"url\":\"https:\/\/secure.gravatar.com\/avatar\/4315d6fb9ef244d729989f5f90268eb08d5bf8a3d84402f595fa194bb35784fd?s=96&d=mm&r=g\",\"contentUrl\":\"https:\/\/secure.gravatar.com\/avatar\/4315d6fb9ef244d729989f5f90268eb08d5bf8a3d84402f595fa194bb35784fd?s=96&d=mm&r=g\",\"caption\":\"David H\u00f8jmark\"},\"sameAs\":[\"https:\/\/www.kunmedierne.dk\"],\"url\":\"https:\/\/kunmedierne.dk\/mors\/author\/david\/\"}]}<\/script>\n<!-- \/ Yoast SEO plugin. -->","yoast_head_json":{"title":"Coronaramte arrang\u00f8rer f\u00e5r l\u00f8fte fra kommunen - Mors","robots":{"index":"index","follow":"follow","max-snippet":"max-snippet:-1","max-image-preview":"max-image-preview:large","max-video-preview":"max-video-preview:-1"},"canonical":"https:\/\/kunmedierne.dk\/mors\/coronaramte-arrangoerer-faar-loefte-fra-kommunen\/","og_locale":"da_DK","og_type":"article","og_title":"Coronaramte arrang\u00f8rer f\u00e5r l\u00f8fte fra kommunen - Mors","og_description":"MORS: Lokale arrang\u00f8rer, der har m\u00e5ttet skride til aflysning eller uds\u00e6ttelse p\u00e5 grund af coronakrisen, f\u00e5r nu en h\u00e5ndsr\u00e6kning fra Mors\u00f8 Kommune. I en pressemeddelelse lader kommune forst\u00e5, at den for at hj\u00e6lpe sine samarbejdspartnere og skabe en smule ro i sv\u00e6r tid har valgt, at den fortsat vil bakke op om de ramte arrangementer. [&hellip;]","og_url":"https:\/\/kunmedierne.dk\/mors\/coronaramte-arrangoerer-faar-loefte-fra-kommunen\/","og_site_name":"Mors","article_published_time":"2020-04-03T06:57:40+00:00","article_modified_time":"2024-08-12T12:06:16+00:00","og_image":[{"width":770,"height":513,"url":"https:\/\/kunmedierne.dk\/mors\/wp-content\/uploads\/2020\/03\/200311-mors\u00f8-kommune2.jpg","type":"image\/jpeg"}],"author":"David H\u00f8jmark","twitter_card":"summary_large_image","twitter_misc":{"Skrevet af":"David H\u00f8jmark","Estimeret l\u00e6setid":"2 minutter"},"schema":{"@context":"https:\/\/schema.org","@graph":[{"@type":"Article","@id":"https:\/\/kunmedierne.dk\/mors\/coronaramte-arrangoerer-faar-loefte-fra-kommunen\/#article","isPartOf":{"@id":"https:\/\/kunmedierne.dk\/mors\/coronaramte-arrangoerer-faar-loefte-fra-kommunen\/"},"author":{"name":"David H\u00f8jmark","@id":"https:\/\/kunmedierne.dk\/mors\/#\/schema\/person\/5fe23251bf1d0abbcdc6f7896579d548"},"headline":"Coronaramte arrang\u00f8rer f\u00e5r l\u00f8fte fra kommunen","datePublished":"2020-04-03T06:57:40+00:00","dateModified":"2024-08-12T12:06:16+00:00","mainEntityOfPage":{"@id":"https:\/\/kunmedierne.dk\/mors\/coronaramte-arrangoerer-faar-loefte-fra-kommunen\/"},"wordCount":406,"commentCount":0,"publisher":{"@id":"https:\/\/kunmedierne.dk\/mors\/#organization"},"image":{"@id":"https:\/\/kunmedierne.dk\/mors\/coronaramte-arrangoerer-faar-loefte-fra-kommunen\/#primaryimage"},"thumbnailUrl":"https:\/\/kunmedierne.dk\/mors\/wp-content\/uploads\/2020\/03\/200311-mors\u00f8-kommune2.jpg","articleSection":["Lokalt"],"inLanguage":"da-DK","potentialAction":[{"@type":"CommentAction","name":"Comment","target":["https:\/\/kunmedierne.dk\/mors\/coronaramte-arrangoerer-faar-loefte-fra-kommunen\/#respond"]}]},{"@type":"WebPage","@id":"https:\/\/kunmedierne.dk\/mors\/coronaramte-arrangoerer-faar-loefte-fra-kommunen\/","url":"https:\/\/kunmedierne.dk\/mors\/coronaramte-arrangoerer-faar-loefte-fra-kommunen\/","name":"Coronaramte arrang\u00f8rer f\u00e5r l\u00f8fte fra kommunen - Mors","isPartOf":{"@id":"https:\/\/kunmedierne.dk\/mors\/#website"},"primaryImageOfPage":{"@id":"https:\/\/kunmedierne.dk\/mors\/coronaramte-arrangoerer-faar-loefte-fra-kommunen\/#primaryimage"},"image":{"@id":"https:\/\/kunmedierne.dk\/mors\/coronaramte-arrangoerer-faar-loefte-fra-kommunen\/#primaryimage"},"thumbnailUrl":"https:\/\/kunmedierne.dk\/mors\/wp-content\/uploads\/2020\/03\/200311-mors\u00f8-kommune2.jpg","datePublished":"2020-04-03T06:57:40+00:00","dateModified":"2024-08-12T12:06:16+00:00","breadcrumb":{"@id":"https:\/\/kunmedierne.dk\/mors\/coronaramte-arrangoerer-faar-loefte-fra-kommunen\/#breadcrumb"},"inLanguage":"da-DK","potentialAction":[{"@type":"ReadAction","target":["https:\/\/kunmedierne.dk\/mors\/coronaramte-arrangoerer-faar-loefte-fra-kommunen\/"]}]},{"@type":"ImageObject","inLanguage":"da-DK","@id":"https:\/\/kunmedierne.dk\/mors\/coronaramte-arrangoerer-faar-loefte-fra-kommunen\/#primaryimage","url":"https:\/\/kunmedierne.dk\/mors\/wp-content\/uploads\/2020\/03\/200311-mors\u00f8-kommune2.jpg","contentUrl":"https:\/\/kunmedierne.dk\/mors\/wp-content\/uploads\/2020\/03\/200311-mors\u00f8-kommune2.jpg","width":770,"height":513,"caption":"Logo: Mors\u00f8 Kommune"},{"@type":"BreadcrumbList","@id":"https:\/\/kunmedierne.dk\/mors\/coronaramte-arrangoerer-faar-loefte-fra-kommunen\/#breadcrumb","itemListElement":[{"@type":"ListItem","position":1,"name":"Hjem","item":"https:\/\/kunmedierne.dk\/mors\/"},{"@type":"ListItem","position":2,"name":"Coronaramte arrang\u00f8rer f\u00e5r l\u00f8fte fra kommunen"}]},{"@type":"WebSite","@id":"https:\/\/kunmedierne.dk\/mors\/#website","url":"https:\/\/kunmedierne.dk\/mors\/","name":"Mors","description":"et netmedie med journalistik om livet p\u00e5 Mors","publisher":{"@id":"https:\/\/kunmedierne.dk\/mors\/#organization"},"potentialAction":[{"@type":"SearchAction","target":{"@type":"EntryPoint","urlTemplate":"https:\/\/kunmedierne.dk\/mors\/?s={search_term_string}"},"query-input":{"@type":"PropertyValueSpecification","valueRequired":true,"valueName":"search_term_string"}}],"inLanguage":"da-DK"},{"@type":"Organization","@id":"https:\/\/kunmedierne.dk\/mors\/#organization","name":"Mors","url":"https:\/\/kunmedierne.dk\/mors\/","logo":{"@type":"ImageObject","inLanguage":"da-DK","@id":"https:\/\/kunmedierne.dk\/mors\/#\/schema\/logo\/image\/","url":"https:\/\/kunmedierne.dk\/mors\/wp-content\/uploads\/2024\/08\/kunmors-logo.svg","contentUrl":"https:\/\/kunmedierne.dk\/mors\/wp-content\/uploads\/2024\/08\/kunmors-logo.svg","caption":"Mors"},"image":{"@id":"https:\/\/kunmedierne.dk\/mors\/#\/schema\/logo\/image\/"}},{"@type":"Person","@id":"https:\/\/kunmedierne.dk\/mors\/#\/schema\/person\/5fe23251bf1d0abbcdc6f7896579d548","name":"David H\u00f8jmark","image":{"@type":"ImageObject","inLanguage":"da-DK","@id":"https:\/\/kunmedierne.dk\/mors\/#\/schema\/person\/image\/","url":"https:\/\/secure.gravatar.com\/avatar\/4315d6fb9ef244d729989f5f90268eb08d5bf8a3d84402f595fa194bb35784fd?s=96&d=mm&r=g","contentUrl":"https:\/\/secure.gravatar.com\/avatar\/4315d6fb9ef244d729989f5f90268eb08d5bf8a3d84402f595fa194bb35784fd?s=96&d=mm&r=g","caption":"David H\u00f8jmark"},"sameAs":["https:\/\/www.kunmedierne.dk"],"url":"https:\/\/kunmedierne.dk\/mors\/author\/david\/"}]}},"_links":{"self":[{"href":"https:\/\/kunmedierne.dk\/mors\/wp-json\/wp\/v2\/posts\/16234","targetHints":{"allow":["GET"]}}],"collection":[{"href":"https:\/\/kunmedierne.dk\/mors\/wp-json\/wp\/v2\/posts"}],"about":[{"href":"https:\/\/kunmedierne.dk\/mors\/wp-json\/wp\/v2\/types\/post"}],"author":[{"embeddable":true,"href":"https:\/\/kunmedierne.dk\/mors\/wp-json\/wp\/v2\/users\/8"}],"replies":[{"embeddable":true,"href":"https:\/\/kunmedierne.dk\/mors\/wp-json\/wp\/v2\/comments?post=16234"}],"version-history":[{"count":1,"href":"https:\/\/kunmedierne.dk\/mors\/wp-json\/wp\/v2\/posts\/16234\/revisions"}],"predecessor-version":[{"id":16241,"href":"https:\/\/kunmedierne.dk\/mors\/wp-json\/wp\/v2\/posts\/16234\/revisions\/16241"}],"wp:featuredmedia":[{"embeddable":true,"href":"https:\/\/kunmedierne.dk\/mors\/wp-json\/wp\/v2\/media\/13431"}],"wp:attachment":[{"href":"https:\/\/kunmedierne.dk\/mors\/wp-json\/wp\/v2\/media?parent=16234"}],"wp:term":[{"taxonomy":"category","embeddable":true,"href":"https:\/\/kunmedierne.dk\/mors\/wp-json\/wp\/v2\/categories?post=16234"},{"taxonomy":"post_tag","embeddable":true,"href":"https:\/\/kunmedierne.dk\/mors\/wp-json\/wp\/v2\/tags?post=16234"}],"curies":[{"name":"wp","href":"https:\/\/api.w.org\/{rel}","templated":true}]}}