{"id":16109,"date":"2020-04-02T14:36:52","date_gmt":"2020-04-02T12:36:52","guid":{"rendered":"https:\/\/kunmedierne.dk\/mors\/?p=16109"},"modified":"2024-08-12T14:06:16","modified_gmt":"2024-08-12T12:06:16","slug":"klar-til-kamp-om-milliarderne","status":"publish","type":"post","link":"https:\/\/kunmedierne.dk\/mors\/klar-til-kamp-om-milliarderne\/","title":{"rendered":"Klar til kamp om milliarderne"},"content":{"rendered":"<p><strong>MORS<\/strong>: Opbakningen er solid, og der er et godt udgangspunkt i forhold til at hente penge til en udvidelse af den trafikale str\u00e6kning mellem Herning og Hanstholm &#8211; og dermed hen over Mors.<\/p>\n<p>S\u00e5dan lyder det i et nyhedsbrev fra Komit\u00e9en for udvidelse af Rute 26 og Rute 34. Den arbejder for en udbygning af infrastrukturen i det nordvestjyske omr\u00e5de i h\u00e5b om at bevare omr\u00e5dets og ikke mindst erhvervsvirksomhedernes livsnerve. Og i f\u00f8lge nyhedsbrevet er den lokale opbakning til at f\u00e5 \u00f8je p\u00e5.<\/p>\n<p>&#8220;Det er gl\u00e6deligt at se den store opbakning, projektet har f\u00e5et fra lokale virksomheder. Rigtig mange virksomhedsledere har vist interesse for projektet, og mere end 50 lokale virksomheder har valgt at st\u00f8tte projektet \u00f8konomisk,&#8221; hedder det i nyhedsbrevet, der ogs\u00e5 specificerer, hvad komit\u00e9en helt konkret \u00f8nsker gjort p\u00e5 str\u00e6kningen.<\/p>\n<p>&#8220;\u00d8nsket &#8211; og kravet &#8211; fra det nordvestjyske omr\u00e5de er en udvidelse af str\u00e6kningen fra Hanstholm til Herning, s\u00e5 den opgraderes med 2+1-str\u00e6kninger, der skal f\u00e5 trafikken til at glide sikkert og uden un\u00f8dige forsinkelser,&#8221; lyder det.<\/p>\n<p>&nbsp;<\/p>\n<p><strong>Livsnerve for erhvervslivet<\/strong><\/p>\n<p>Det er kommunerne Herning, Skive, Mors\u00f8 og Thisted, der sammen med Region Nordjylland og Region Midtjylland, erhvervsr\u00e5dene og et stort antal virksomheder har lagt sig i selen for at fremtidssikre infrastrukturen p\u00e5 str\u00e6kning. Og komit\u00e9en vurderer selv, at den &#8220;st\u00e5r godt rustet til kampen for at f\u00e5 del i de mange milliarder, staten hen over de kommende 10 \u00e5r skal investere i infrastruktur.&#8221;<\/p>\n<p>Det skal blandt andet ske ved at varetage omr\u00e5dets politiske interesser over for politikerne p\u00e5 Christiansborg.<\/p>\n<p>&#8220;Indtil nu har vi l\u00f8bende gjort opm\u00e6rksom p\u00e5 behovet i vores del af Danmark over for ministre, transportordf\u00f8rere og lokalt valgte folketingsmedlemmer, s\u00e5 p\u00e5 Christiansborgs gange ved politikerne godt, hvad Rute 26 og Rute 34 er,&#8221; fort\u00e6ller nyhedsbrevet, som dog ogs\u00e5 tilf\u00f8jer, at det politiske arbejde ang\u00e5ende investeringer i infrastruktur lige nu ligger stiller p\u00e5 grund af coronakrisen.<\/p>\n<p>Men n\u00e5r den er ovre, skal der k\u00e6mpes videre, lader komit\u00e9en forst\u00e5.<\/p>\n<p>&#8220;I alle kommuner er vejene erhvervslivets livsnerve. Det er via vejene, vi kommer p\u00e5 arbejde, og det er via vejnettet, virksomhedernes produkter sendes ud p\u00e5 det danske og de europ\u00e6iske markeder. Manglende udbygning af den trafikale infrastruktur kan bremse den langsigtede udvikling af det lokale erhvervsliv. Derfor er en udvidelse af str\u00e6kningen fra Hanstholm til Herning s\u00e5 vigtig,&#8221; fort\u00e6ller nyhedsbrevet.<\/p>\n<p>&nbsp;<\/p>\n<p><strong>Hjemmeside er p\u00e5 trapperne<\/strong><\/p>\n<p>Komit\u00e9en for udvidelse af Rute 26 og Rute 34 oplyser i \u00f8vrigt, at en hjemmeside om projektet er p\u00e5 vej. Den er ikke klar endnu, men frem til fredag 3. april klokken 18 kan man p\u00e5 linket <a href=\"https:\/\/rute26-34.dk\/?utm_source=Mors%C3%B8+Erhvervsr%C3%A5d+nyhedsbrev&amp;utm_campaign=d05072176a-EMAIL_CAMPAIGN_2020_04_01_08_29_COPY_01&amp;utm_medium=email&amp;utm_term=0_5961e640cc-d05072176a-454981149\" target=\"_blank\" rel=\"noopener noreferrer\">her<\/a> f\u00e5 et smugkig p\u00e5 dens indhold.<\/p>\n<p>I formandsskabet for komit\u00e9en sidder de fire kommuners borgmestre, herimellem Hans Ejner Bertelsen (V) fra Mors\u00f8 Kommune. \u00d8ens lokale erhvervsliv er ogs\u00e5 repr\u00e6senteret i komit\u00e9en ved Klaus Hansen, direkt\u00f8r for T\u00f8mmerg\u00e5rden-XL Byg, og Mette Poulsen, kommunikationskoordinator i Mors\u00f8 Erhvervsr\u00e5d.<\/p>\n","protected":false},"excerpt":{"rendered":"<p>MORS: Opbakningen er solid, og der er et godt udgangspunkt i forhold til at hente penge til en udvidelse af den trafikale str\u00e6kning mellem Herning og Hanstholm &#8211; og dermed hen over Mors. S\u00e5dan lyder det i et nyhedsbrev fra Komit\u00e9en for udvidelse af Rute 26 og Rute 34. Den arbejder for en udbygning af [&hellip;]<\/p>\n","protected":false},"author":8,"featured_media":16110,"comment_status":"open","ping_status":"open","sticky":false,"template":"","format":"standard","meta":{"_acf_changed":false,"footnotes":""},"categories":[51],"tags":[159,167],"class_list":["post-16109","post","type-post","status-publish","format-standard","has-post-thumbnail","hentry","category-lokalt","tag-erhverv","tag-politik"],"acf":[],"yoast_head":"<!-- This site is optimized with the Yoast SEO plugin v26.8 - https:\/\/yoast.com\/product\/yoast-seo-wordpress\/ -->\n<title>Klar til kamp om milliarderne - Mors<\/title>\n<meta name=\"robots\" content=\"index, follow, max-snippet:-1, max-image-preview:large, max-video-preview:-1\" \/>\n<link rel=\"canonical\" href=\"https:\/\/kunmedierne.dk\/mors\/klar-til-kamp-om-milliarderne\/\" \/>\n<meta property=\"og:locale\" content=\"da_DK\" \/>\n<meta property=\"og:type\" content=\"article\" \/>\n<meta property=\"og:title\" content=\"Klar til kamp om milliarderne - Mors\" \/>\n<meta property=\"og:description\" content=\"MORS: Opbakningen er solid, og der er et godt udgangspunkt i forhold til at hente penge til en udvidelse af den trafikale str\u00e6kning mellem Herning og Hanstholm &#8211; og dermed hen over Mors. S\u00e5dan lyder det i et nyhedsbrev fra Komit\u00e9en for udvidelse af Rute 26 og Rute 34. Den arbejder for en udbygning af [&hellip;]\" \/>\n<meta property=\"og:url\" content=\"https:\/\/kunmedierne.dk\/mors\/klar-til-kamp-om-milliarderne\/\" \/>\n<meta property=\"og:site_name\" content=\"Mors\" \/>\n<meta property=\"article:published_time\" content=\"2020-04-02T12:36:52+00:00\" \/>\n<meta property=\"article:modified_time\" content=\"2024-08-12T12:06:16+00:00\" \/>\n<meta property=\"og:image\" content=\"https:\/\/kunmedierne.dk\/mors\/wp-content\/uploads\/2020\/04\/200311-Hans-Ejner-Bertelsen-Sallingsundbroen-pressefoto.jpg\" \/>\n\t<meta property=\"og:image:width\" content=\"770\" \/>\n\t<meta property=\"og:image:height\" content=\"513\" \/>\n\t<meta property=\"og:image:type\" content=\"image\/jpeg\" \/>\n<meta name=\"author\" content=\"David H\u00f8jmark\" \/>\n<meta name=\"twitter:card\" content=\"summary_large_image\" \/>\n<meta name=\"twitter:label1\" content=\"Skrevet af\" \/>\n\t<meta name=\"twitter:data1\" content=\"David H\u00f8jmark\" \/>\n\t<meta name=\"twitter:label2\" content=\"Estimeret l\u00e6setid\" \/>\n\t<meta name=\"twitter:data2\" content=\"3 minutter\" \/>\n<script type=\"application\/ld+json\" class=\"yoast-schema-graph\">{\"@context\":\"https:\/\/schema.org\",\"@graph\":[{\"@type\":\"Article\",\"@id\":\"https:\/\/kunmedierne.dk\/mors\/klar-til-kamp-om-milliarderne\/#article\",\"isPartOf\":{\"@id\":\"https:\/\/kunmedierne.dk\/mors\/klar-til-kamp-om-milliarderne\/\"},\"author\":{\"name\":\"David H\u00f8jmark\",\"@id\":\"https:\/\/kunmedierne.dk\/mors\/#\/schema\/person\/5fe23251bf1d0abbcdc6f7896579d548\"},\"headline\":\"Klar til kamp om milliarderne\",\"datePublished\":\"2020-04-02T12:36:52+00:00\",\"dateModified\":\"2024-08-12T12:06:16+00:00\",\"mainEntityOfPage\":{\"@id\":\"https:\/\/kunmedierne.dk\/mors\/klar-til-kamp-om-milliarderne\/\"},\"wordCount\":507,\"commentCount\":0,\"publisher\":{\"@id\":\"https:\/\/kunmedierne.dk\/mors\/#organization\"},\"image\":{\"@id\":\"https:\/\/kunmedierne.dk\/mors\/klar-til-kamp-om-milliarderne\/#primaryimage\"},\"thumbnailUrl\":\"https:\/\/kunmedierne.dk\/mors\/wp-content\/uploads\/2020\/04\/200311-Hans-Ejner-Bertelsen-Sallingsundbroen-pressefoto.jpg\",\"keywords\":[\"Erhverv\",\"Politik\"],\"articleSection\":[\"Lokalt\"],\"inLanguage\":\"da-DK\",\"potentialAction\":[{\"@type\":\"CommentAction\",\"name\":\"Comment\",\"target\":[\"https:\/\/kunmedierne.dk\/mors\/klar-til-kamp-om-milliarderne\/#respond\"]}]},{\"@type\":\"WebPage\",\"@id\":\"https:\/\/kunmedierne.dk\/mors\/klar-til-kamp-om-milliarderne\/\",\"url\":\"https:\/\/kunmedierne.dk\/mors\/klar-til-kamp-om-milliarderne\/\",\"name\":\"Klar til kamp om milliarderne - Mors\",\"isPartOf\":{\"@id\":\"https:\/\/kunmedierne.dk\/mors\/#website\"},\"primaryImageOfPage\":{\"@id\":\"https:\/\/kunmedierne.dk\/mors\/klar-til-kamp-om-milliarderne\/#primaryimage\"},\"image\":{\"@id\":\"https:\/\/kunmedierne.dk\/mors\/klar-til-kamp-om-milliarderne\/#primaryimage\"},\"thumbnailUrl\":\"https:\/\/kunmedierne.dk\/mors\/wp-content\/uploads\/2020\/04\/200311-Hans-Ejner-Bertelsen-Sallingsundbroen-pressefoto.jpg\",\"datePublished\":\"2020-04-02T12:36:52+00:00\",\"dateModified\":\"2024-08-12T12:06:16+00:00\",\"breadcrumb\":{\"@id\":\"https:\/\/kunmedierne.dk\/mors\/klar-til-kamp-om-milliarderne\/#breadcrumb\"},\"inLanguage\":\"da-DK\",\"potentialAction\":[{\"@type\":\"ReadAction\",\"target\":[\"https:\/\/kunmedierne.dk\/mors\/klar-til-kamp-om-milliarderne\/\"]}]},{\"@type\":\"ImageObject\",\"inLanguage\":\"da-DK\",\"@id\":\"https:\/\/kunmedierne.dk\/mors\/klar-til-kamp-om-milliarderne\/#primaryimage\",\"url\":\"https:\/\/kunmedierne.dk\/mors\/wp-content\/uploads\/2020\/04\/200311-Hans-Ejner-Bertelsen-Sallingsundbroen-pressefoto.jpg\",\"contentUrl\":\"https:\/\/kunmedierne.dk\/mors\/wp-content\/uploads\/2020\/04\/200311-Hans-Ejner-Bertelsen-Sallingsundbroen-pressefoto.jpg\",\"width\":770,\"height\":513,\"caption\":\"Borgmester Hans Ejner Bertelsen (V) repr\u00e6senterer Mors\u00f8 Kommune i komit\u00e9en, der arbejder for en udbygning af str\u00e6kningen hen over blandt andet Mors. Foto: Mors\u00f8 Kommune.\"},{\"@type\":\"BreadcrumbList\",\"@id\":\"https:\/\/kunmedierne.dk\/mors\/klar-til-kamp-om-milliarderne\/#breadcrumb\",\"itemListElement\":[{\"@type\":\"ListItem\",\"position\":1,\"name\":\"Hjem\",\"item\":\"https:\/\/kunmedierne.dk\/mors\/\"},{\"@type\":\"ListItem\",\"position\":2,\"name\":\"Klar til kamp om milliarderne\"}]},{\"@type\":\"WebSite\",\"@id\":\"https:\/\/kunmedierne.dk\/mors\/#website\",\"url\":\"https:\/\/kunmedierne.dk\/mors\/\",\"name\":\"Mors\",\"description\":\"et netmedie med journalistik om livet p\u00e5 Mors\",\"publisher\":{\"@id\":\"https:\/\/kunmedierne.dk\/mors\/#organization\"},\"potentialAction\":[{\"@type\":\"SearchAction\",\"target\":{\"@type\":\"EntryPoint\",\"urlTemplate\":\"https:\/\/kunmedierne.dk\/mors\/?s={search_term_string}\"},\"query-input\":{\"@type\":\"PropertyValueSpecification\",\"valueRequired\":true,\"valueName\":\"search_term_string\"}}],\"inLanguage\":\"da-DK\"},{\"@type\":\"Organization\",\"@id\":\"https:\/\/kunmedierne.dk\/mors\/#organization\",\"name\":\"Mors\",\"url\":\"https:\/\/kunmedierne.dk\/mors\/\",\"logo\":{\"@type\":\"ImageObject\",\"inLanguage\":\"da-DK\",\"@id\":\"https:\/\/kunmedierne.dk\/mors\/#\/schema\/logo\/image\/\",\"url\":\"https:\/\/kunmedierne.dk\/mors\/wp-content\/uploads\/2024\/08\/kunmors-logo.svg\",\"contentUrl\":\"https:\/\/kunmedierne.dk\/mors\/wp-content\/uploads\/2024\/08\/kunmors-logo.svg\",\"caption\":\"Mors\"},\"image\":{\"@id\":\"https:\/\/kunmedierne.dk\/mors\/#\/schema\/logo\/image\/\"}},{\"@type\":\"Person\",\"@id\":\"https:\/\/kunmedierne.dk\/mors\/#\/schema\/person\/5fe23251bf1d0abbcdc6f7896579d548\",\"name\":\"David H\u00f8jmark\",\"image\":{\"@type\":\"ImageObject\",\"inLanguage\":\"da-DK\",\"@id\":\"https:\/\/kunmedierne.dk\/mors\/#\/schema\/person\/image\/\",\"url\":\"https:\/\/secure.gravatar.com\/avatar\/4315d6fb9ef244d729989f5f90268eb08d5bf8a3d84402f595fa194bb35784fd?s=96&d=mm&r=g\",\"contentUrl\":\"https:\/\/secure.gravatar.com\/avatar\/4315d6fb9ef244d729989f5f90268eb08d5bf8a3d84402f595fa194bb35784fd?s=96&d=mm&r=g\",\"caption\":\"David H\u00f8jmark\"},\"sameAs\":[\"https:\/\/www.kunmedierne.dk\"],\"url\":\"https:\/\/kunmedierne.dk\/mors\/author\/david\/\"}]}<\/script>\n<!-- \/ Yoast SEO plugin. -->","yoast_head_json":{"title":"Klar til kamp om milliarderne - Mors","robots":{"index":"index","follow":"follow","max-snippet":"max-snippet:-1","max-image-preview":"max-image-preview:large","max-video-preview":"max-video-preview:-1"},"canonical":"https:\/\/kunmedierne.dk\/mors\/klar-til-kamp-om-milliarderne\/","og_locale":"da_DK","og_type":"article","og_title":"Klar til kamp om milliarderne - Mors","og_description":"MORS: Opbakningen er solid, og der er et godt udgangspunkt i forhold til at hente penge til en udvidelse af den trafikale str\u00e6kning mellem Herning og Hanstholm &#8211; og dermed hen over Mors. S\u00e5dan lyder det i et nyhedsbrev fra Komit\u00e9en for udvidelse af Rute 26 og Rute 34. Den arbejder for en udbygning af [&hellip;]","og_url":"https:\/\/kunmedierne.dk\/mors\/klar-til-kamp-om-milliarderne\/","og_site_name":"Mors","article_published_time":"2020-04-02T12:36:52+00:00","article_modified_time":"2024-08-12T12:06:16+00:00","og_image":[{"width":770,"height":513,"url":"https:\/\/kunmedierne.dk\/mors\/wp-content\/uploads\/2020\/04\/200311-Hans-Ejner-Bertelsen-Sallingsundbroen-pressefoto.jpg","type":"image\/jpeg"}],"author":"David H\u00f8jmark","twitter_card":"summary_large_image","twitter_misc":{"Skrevet af":"David H\u00f8jmark","Estimeret l\u00e6setid":"3 minutter"},"schema":{"@context":"https:\/\/schema.org","@graph":[{"@type":"Article","@id":"https:\/\/kunmedierne.dk\/mors\/klar-til-kamp-om-milliarderne\/#article","isPartOf":{"@id":"https:\/\/kunmedierne.dk\/mors\/klar-til-kamp-om-milliarderne\/"},"author":{"name":"David H\u00f8jmark","@id":"https:\/\/kunmedierne.dk\/mors\/#\/schema\/person\/5fe23251bf1d0abbcdc6f7896579d548"},"headline":"Klar til kamp om milliarderne","datePublished":"2020-04-02T12:36:52+00:00","dateModified":"2024-08-12T12:06:16+00:00","mainEntityOfPage":{"@id":"https:\/\/kunmedierne.dk\/mors\/klar-til-kamp-om-milliarderne\/"},"wordCount":507,"commentCount":0,"publisher":{"@id":"https:\/\/kunmedierne.dk\/mors\/#organization"},"image":{"@id":"https:\/\/kunmedierne.dk\/mors\/klar-til-kamp-om-milliarderne\/#primaryimage"},"thumbnailUrl":"https:\/\/kunmedierne.dk\/mors\/wp-content\/uploads\/2020\/04\/200311-Hans-Ejner-Bertelsen-Sallingsundbroen-pressefoto.jpg","keywords":["Erhverv","Politik"],"articleSection":["Lokalt"],"inLanguage":"da-DK","potentialAction":[{"@type":"CommentAction","name":"Comment","target":["https:\/\/kunmedierne.dk\/mors\/klar-til-kamp-om-milliarderne\/#respond"]}]},{"@type":"WebPage","@id":"https:\/\/kunmedierne.dk\/mors\/klar-til-kamp-om-milliarderne\/","url":"https:\/\/kunmedierne.dk\/mors\/klar-til-kamp-om-milliarderne\/","name":"Klar til kamp om milliarderne - Mors","isPartOf":{"@id":"https:\/\/kunmedierne.dk\/mors\/#website"},"primaryImageOfPage":{"@id":"https:\/\/kunmedierne.dk\/mors\/klar-til-kamp-om-milliarderne\/#primaryimage"},"image":{"@id":"https:\/\/kunmedierne.dk\/mors\/klar-til-kamp-om-milliarderne\/#primaryimage"},"thumbnailUrl":"https:\/\/kunmedierne.dk\/mors\/wp-content\/uploads\/2020\/04\/200311-Hans-Ejner-Bertelsen-Sallingsundbroen-pressefoto.jpg","datePublished":"2020-04-02T12:36:52+00:00","dateModified":"2024-08-12T12:06:16+00:00","breadcrumb":{"@id":"https:\/\/kunmedierne.dk\/mors\/klar-til-kamp-om-milliarderne\/#breadcrumb"},"inLanguage":"da-DK","potentialAction":[{"@type":"ReadAction","target":["https:\/\/kunmedierne.dk\/mors\/klar-til-kamp-om-milliarderne\/"]}]},{"@type":"ImageObject","inLanguage":"da-DK","@id":"https:\/\/kunmedierne.dk\/mors\/klar-til-kamp-om-milliarderne\/#primaryimage","url":"https:\/\/kunmedierne.dk\/mors\/wp-content\/uploads\/2020\/04\/200311-Hans-Ejner-Bertelsen-Sallingsundbroen-pressefoto.jpg","contentUrl":"https:\/\/kunmedierne.dk\/mors\/wp-content\/uploads\/2020\/04\/200311-Hans-Ejner-Bertelsen-Sallingsundbroen-pressefoto.jpg","width":770,"height":513,"caption":"Borgmester Hans Ejner Bertelsen (V) repr\u00e6senterer Mors\u00f8 Kommune i komit\u00e9en, der arbejder for en udbygning af str\u00e6kningen hen over blandt andet Mors. Foto: Mors\u00f8 Kommune."},{"@type":"BreadcrumbList","@id":"https:\/\/kunmedierne.dk\/mors\/klar-til-kamp-om-milliarderne\/#breadcrumb","itemListElement":[{"@type":"ListItem","position":1,"name":"Hjem","item":"https:\/\/kunmedierne.dk\/mors\/"},{"@type":"ListItem","position":2,"name":"Klar til kamp om milliarderne"}]},{"@type":"WebSite","@id":"https:\/\/kunmedierne.dk\/mors\/#website","url":"https:\/\/kunmedierne.dk\/mors\/","name":"Mors","description":"et netmedie med journalistik om livet p\u00e5 Mors","publisher":{"@id":"https:\/\/kunmedierne.dk\/mors\/#organization"},"potentialAction":[{"@type":"SearchAction","target":{"@type":"EntryPoint","urlTemplate":"https:\/\/kunmedierne.dk\/mors\/?s={search_term_string}"},"query-input":{"@type":"PropertyValueSpecification","valueRequired":true,"valueName":"search_term_string"}}],"inLanguage":"da-DK"},{"@type":"Organization","@id":"https:\/\/kunmedierne.dk\/mors\/#organization","name":"Mors","url":"https:\/\/kunmedierne.dk\/mors\/","logo":{"@type":"ImageObject","inLanguage":"da-DK","@id":"https:\/\/kunmedierne.dk\/mors\/#\/schema\/logo\/image\/","url":"https:\/\/kunmedierne.dk\/mors\/wp-content\/uploads\/2024\/08\/kunmors-logo.svg","contentUrl":"https:\/\/kunmedierne.dk\/mors\/wp-content\/uploads\/2024\/08\/kunmors-logo.svg","caption":"Mors"},"image":{"@id":"https:\/\/kunmedierne.dk\/mors\/#\/schema\/logo\/image\/"}},{"@type":"Person","@id":"https:\/\/kunmedierne.dk\/mors\/#\/schema\/person\/5fe23251bf1d0abbcdc6f7896579d548","name":"David H\u00f8jmark","image":{"@type":"ImageObject","inLanguage":"da-DK","@id":"https:\/\/kunmedierne.dk\/mors\/#\/schema\/person\/image\/","url":"https:\/\/secure.gravatar.com\/avatar\/4315d6fb9ef244d729989f5f90268eb08d5bf8a3d84402f595fa194bb35784fd?s=96&d=mm&r=g","contentUrl":"https:\/\/secure.gravatar.com\/avatar\/4315d6fb9ef244d729989f5f90268eb08d5bf8a3d84402f595fa194bb35784fd?s=96&d=mm&r=g","caption":"David H\u00f8jmark"},"sameAs":["https:\/\/www.kunmedierne.dk"],"url":"https:\/\/kunmedierne.dk\/mors\/author\/david\/"}]}},"_links":{"self":[{"href":"https:\/\/kunmedierne.dk\/mors\/wp-json\/wp\/v2\/posts\/16109","targetHints":{"allow":["GET"]}}],"collection":[{"href":"https:\/\/kunmedierne.dk\/mors\/wp-json\/wp\/v2\/posts"}],"about":[{"href":"https:\/\/kunmedierne.dk\/mors\/wp-json\/wp\/v2\/types\/post"}],"author":[{"embeddable":true,"href":"https:\/\/kunmedierne.dk\/mors\/wp-json\/wp\/v2\/users\/8"}],"replies":[{"embeddable":true,"href":"https:\/\/kunmedierne.dk\/mors\/wp-json\/wp\/v2\/comments?post=16109"}],"version-history":[{"count":3,"href":"https:\/\/kunmedierne.dk\/mors\/wp-json\/wp\/v2\/posts\/16109\/revisions"}],"predecessor-version":[{"id":16113,"href":"https:\/\/kunmedierne.dk\/mors\/wp-json\/wp\/v2\/posts\/16109\/revisions\/16113"}],"wp:featuredmedia":[{"embeddable":true,"href":"https:\/\/kunmedierne.dk\/mors\/wp-json\/wp\/v2\/media\/16110"}],"wp:attachment":[{"href":"https:\/\/kunmedierne.dk\/mors\/wp-json\/wp\/v2\/media?parent=16109"}],"wp:term":[{"taxonomy":"category","embeddable":true,"href":"https:\/\/kunmedierne.dk\/mors\/wp-json\/wp\/v2\/categories?post=16109"},{"taxonomy":"post_tag","embeddable":true,"href":"https:\/\/kunmedierne.dk\/mors\/wp-json\/wp\/v2\/tags?post=16109"}],"curies":[{"name":"wp","href":"https:\/\/api.w.org\/{rel}","templated":true}]}}