{"id":160680,"date":"2025-11-12T20:44:43","date_gmt":"2025-11-12T19:44:43","guid":{"rendered":"https:\/\/kunmedierne.dk\/mors\/?p=160680"},"modified":"2025-11-12T20:45:09","modified_gmt":"2025-11-12T19:45:09","slug":"carsten-koerelaerer-runder-50-aar","status":"publish","type":"post","link":"https:\/\/kunmedierne.dk\/mors\/carsten-koerelaerer-runder-50-aar\/","title":{"rendered":"Carsten K\u00f8rel\u00e6rer runder 50 \u00e5r"},"content":{"rendered":"<p><strong>NAVNE<\/strong>: Carsten Kortegaard fylder 50 \u00e5r &#8211; i daglig tale blandt kollegaer og elever kendes han nok bedst som \u201dCarsten K\u00f8rel\u00e6rer\u201d.<\/p>\n<p>Det fejres med \u00e5bent hus p\u00e5 K\u00f8reteknisk Anl\u00e6g, Els\u00f8vej 10, den 14. november fra klokken 14 til 18 med p\u00f8lsevogn og kage til kaffen, hvor han h\u00e5ber p\u00e5 at se rigtig mange.<\/p>\n<p>Carsten har v\u00e6ret k\u00f8rel\u00e6rer i snart 30 \u00e5r og er medejer af Kelds K\u00f8reskole p\u00e5 Els\u00f8vej. Med en arbejdsuge p\u00e5 ofte 60-70 timer har der ikke v\u00e6ret tid til s\u00e5 meget andet, men ud over hans h\u00f8jt elskede piger, Emilie, Caroline og lille Agnes og hans kone Britta, er der alligevel et par ting, som altid har st\u00e5et Carstens hjerte meget n\u00e6r.<\/p>\n<a class=\"dvrt-link\" onClick=\"cdmtrack_click(104783,jQuery(this));return false\" href=\"https:\/\/konpap.dk\/\"><img decoding=\"async\" style=\"width:100%;\" src=\"https:\/\/kunmedierne.dk\/mors\/wp-content\/uploads\/2023\/10\/Kun-Mors-banner.jpg\"><\/a><script>cdmtrack_view(104783);<\/script>\n<p>Carsten har i mange \u00e5r v\u00e6ret tr\u00e6ner for Special Olympics, og netop dette hold har en s\u00e6rlig plads i hans hjerte, tiden sammen med dem er guld v\u00e6rd siger han.<\/p>\n<p>Mors-Thy H\u00e5ndbold fylder ogs\u00e5 meget i Carsten liv, han misser sj\u00e6ldent en kamp, Bette Balkan fantr\u00f8jen starter han med at tage p\u00e5 helt fra morgenen af, og Bette Balkans slagsang bliver nynnet hele vejen til hallen.<\/p>\n<p>Kelds K\u00f8reskole er s\u00e5 heldig at have et samarbejde med Mors-Thy H\u00e5ndbold Akademi, hvor Carsten har forn\u00f8jelsen af at have teori sammen med disse gutter, og det betyder ogs\u00e5 meget for ham. Lokalsamfundet i T\u00f8ds\u00f8, hvor han bor med sin familie, betyder ogs\u00e5 meget for Carsten, han var formand i 15 \u00e5r for T\u00f8ds\u00f8 Beboerforening.<\/p>\n<a class=\"dvrt-link\" onClick=\"cdmtrack_click(114591,jQuery(this));return false\" href=\"https:\/\/www.facebook.com\/kopogkandemors\"><img decoding=\"async\" style=\"width:100%;\" src=\"https:\/\/kunmedierne.dk\/mors\/wp-content\/uploads\/2024\/03\/kop-og-kande-ja-tak-tilbud.jpg\"><\/a><script>cdmtrack_view(114591);<\/script>\n<p>Carsten er en fantastisk far og mand. Han er meget bet\u00e6nksom og elsker at overraske sin familie med sm\u00e5 gaver, og oplevelser.<\/p>\n<p>En tur ved havet eller en g\u00e5tur i skoven med hunden er ren afslapning for ham.<\/p>\n<p>Han siger ofte, at tiden sammen med familien betyder ALT \u2013 det er hans br\u00e6ndstof.<\/p>\n<p>Carsten fejrer dagen med \u00c5bent Hus d. 14. november p\u00e5 Els\u00f8vej kl. 14-18, og den 17. november, n\u00e5r han fylder 50 \u00e5r, fejres det med p\u00e5l\u00e6gskagemand i et par timer sammen med den n\u00e6rmeste familie. Han far stiller op til kommunalbestyrelsen. Valget er dagen efter, og det betyder meget for Carsten at st\u00f8tte hans far i denne valgkamp, s\u00e5 derfor fejres dagen med \u00e5bent hus den 14.november.<\/p>\n","protected":false},"excerpt":{"rendered":"<p>NAVNE: Carsten Kortegaard fylder 50 \u00e5r &#8211; i daglig tale blandt kollegaer og elever kendes han nok bedst som \u201dCarsten K\u00f8rel\u00e6rer\u201d. Det fejres med \u00e5bent hus p\u00e5 K\u00f8reteknisk Anl\u00e6g, Els\u00f8vej 10, den 14. november fra klokken 14 til 18 med p\u00f8lsevogn og kage til kaffen, hvor han h\u00e5ber p\u00e5 at se rigtig mange. Carsten har [&hellip;]<\/p>\n","protected":false},"author":747,"featured_media":0,"comment_status":"closed","ping_status":"closed","sticky":false,"template":"","format":"standard","meta":{"_acf_changed":false,"footnotes":""},"categories":[51,52],"tags":[],"class_list":["post-160680","post","type-post","status-publish","format-standard","hentry","category-lokalt","category-navne"],"acf":[],"yoast_head":"<!-- This site is optimized with the Yoast SEO plugin v26.8 - https:\/\/yoast.com\/product\/yoast-seo-wordpress\/ -->\n<title>Carsten K\u00f8rel\u00e6rer runder 50 \u00e5r - Mors<\/title>\n<meta name=\"robots\" content=\"index, follow, max-snippet:-1, max-image-preview:large, max-video-preview:-1\" \/>\n<link rel=\"canonical\" href=\"https:\/\/kunmedierne.dk\/mors\/carsten-koerelaerer-runder-50-aar\/\" \/>\n<meta property=\"og:locale\" content=\"da_DK\" \/>\n<meta property=\"og:type\" content=\"article\" \/>\n<meta property=\"og:title\" content=\"Carsten K\u00f8rel\u00e6rer runder 50 \u00e5r - Mors\" \/>\n<meta property=\"og:description\" content=\"NAVNE: Carsten Kortegaard fylder 50 \u00e5r &#8211; i daglig tale blandt kollegaer og elever kendes han nok bedst som \u201dCarsten K\u00f8rel\u00e6rer\u201d. Det fejres med \u00e5bent hus p\u00e5 K\u00f8reteknisk Anl\u00e6g, Els\u00f8vej 10, den 14. november fra klokken 14 til 18 med p\u00f8lsevogn og kage til kaffen, hvor han h\u00e5ber p\u00e5 at se rigtig mange. Carsten har [&hellip;]\" \/>\n<meta property=\"og:url\" content=\"https:\/\/kunmedierne.dk\/mors\/carsten-koerelaerer-runder-50-aar\/\" \/>\n<meta property=\"og:site_name\" content=\"Mors\" \/>\n<meta property=\"article:published_time\" content=\"2025-11-12T19:44:43+00:00\" \/>\n<meta property=\"article:modified_time\" content=\"2025-11-12T19:45:09+00:00\" \/>\n<meta name=\"author\" content=\"Redaktion\" \/>\n<meta name=\"twitter:card\" content=\"summary_large_image\" \/>\n<meta name=\"twitter:label1\" content=\"Skrevet af\" \/>\n\t<meta name=\"twitter:data1\" content=\"Redaktion\" \/>\n\t<meta name=\"twitter:label2\" content=\"Estimeret l\u00e6setid\" \/>\n\t<meta name=\"twitter:data2\" content=\"2 minutter\" \/>\n<script type=\"application\/ld+json\" class=\"yoast-schema-graph\">{\"@context\":\"https:\/\/schema.org\",\"@graph\":[{\"@type\":\"Article\",\"@id\":\"https:\/\/kunmedierne.dk\/mors\/carsten-koerelaerer-runder-50-aar\/#article\",\"isPartOf\":{\"@id\":\"https:\/\/kunmedierne.dk\/mors\/carsten-koerelaerer-runder-50-aar\/\"},\"author\":{\"name\":\"Redaktion\",\"@id\":\"https:\/\/kunmedierne.dk\/mors\/#\/schema\/person\/23238f24c03ec888fff51102de5a585f\"},\"headline\":\"Carsten K\u00f8rel\u00e6rer runder 50 \u00e5r\",\"datePublished\":\"2025-11-12T19:44:43+00:00\",\"dateModified\":\"2025-11-12T19:45:09+00:00\",\"mainEntityOfPage\":{\"@id\":\"https:\/\/kunmedierne.dk\/mors\/carsten-koerelaerer-runder-50-aar\/\"},\"wordCount\":392,\"publisher\":{\"@id\":\"https:\/\/kunmedierne.dk\/mors\/#organization\"},\"articleSection\":[\"Lokalt\",\"Navne\"],\"inLanguage\":\"da-DK\"},{\"@type\":\"WebPage\",\"@id\":\"https:\/\/kunmedierne.dk\/mors\/carsten-koerelaerer-runder-50-aar\/\",\"url\":\"https:\/\/kunmedierne.dk\/mors\/carsten-koerelaerer-runder-50-aar\/\",\"name\":\"Carsten K\u00f8rel\u00e6rer runder 50 \u00e5r - Mors\",\"isPartOf\":{\"@id\":\"https:\/\/kunmedierne.dk\/mors\/#website\"},\"datePublished\":\"2025-11-12T19:44:43+00:00\",\"dateModified\":\"2025-11-12T19:45:09+00:00\",\"breadcrumb\":{\"@id\":\"https:\/\/kunmedierne.dk\/mors\/carsten-koerelaerer-runder-50-aar\/#breadcrumb\"},\"inLanguage\":\"da-DK\",\"potentialAction\":[{\"@type\":\"ReadAction\",\"target\":[\"https:\/\/kunmedierne.dk\/mors\/carsten-koerelaerer-runder-50-aar\/\"]}]},{\"@type\":\"BreadcrumbList\",\"@id\":\"https:\/\/kunmedierne.dk\/mors\/carsten-koerelaerer-runder-50-aar\/#breadcrumb\",\"itemListElement\":[{\"@type\":\"ListItem\",\"position\":1,\"name\":\"Hjem\",\"item\":\"https:\/\/kunmedierne.dk\/mors\/\"},{\"@type\":\"ListItem\",\"position\":2,\"name\":\"Carsten K\u00f8rel\u00e6rer runder 50 \u00e5r\"}]},{\"@type\":\"WebSite\",\"@id\":\"https:\/\/kunmedierne.dk\/mors\/#website\",\"url\":\"https:\/\/kunmedierne.dk\/mors\/\",\"name\":\"Mors\",\"description\":\"et netmedie med journalistik om livet p\u00e5 Mors\",\"publisher\":{\"@id\":\"https:\/\/kunmedierne.dk\/mors\/#organization\"},\"potentialAction\":[{\"@type\":\"SearchAction\",\"target\":{\"@type\":\"EntryPoint\",\"urlTemplate\":\"https:\/\/kunmedierne.dk\/mors\/?s={search_term_string}\"},\"query-input\":{\"@type\":\"PropertyValueSpecification\",\"valueRequired\":true,\"valueName\":\"search_term_string\"}}],\"inLanguage\":\"da-DK\"},{\"@type\":\"Organization\",\"@id\":\"https:\/\/kunmedierne.dk\/mors\/#organization\",\"name\":\"Mors\",\"url\":\"https:\/\/kunmedierne.dk\/mors\/\",\"logo\":{\"@type\":\"ImageObject\",\"inLanguage\":\"da-DK\",\"@id\":\"https:\/\/kunmedierne.dk\/mors\/#\/schema\/logo\/image\/\",\"url\":\"https:\/\/kunmedierne.dk\/mors\/wp-content\/uploads\/2024\/08\/kunmors-logo.svg\",\"contentUrl\":\"https:\/\/kunmedierne.dk\/mors\/wp-content\/uploads\/2024\/08\/kunmors-logo.svg\",\"caption\":\"Mors\"},\"image\":{\"@id\":\"https:\/\/kunmedierne.dk\/mors\/#\/schema\/logo\/image\/\"}},{\"@type\":\"Person\",\"@id\":\"https:\/\/kunmedierne.dk\/mors\/#\/schema\/person\/23238f24c03ec888fff51102de5a585f\",\"name\":\"Redaktion\",\"image\":{\"@type\":\"ImageObject\",\"inLanguage\":\"da-DK\",\"@id\":\"https:\/\/kunmedierne.dk\/mors\/#\/schema\/person\/image\/\",\"url\":\"https:\/\/secure.gravatar.com\/avatar\/690249c43fd60787b97b93384a212aafd43f4087384fe866ff6bcd15574fdf55?s=96&d=mm&r=g\",\"contentUrl\":\"https:\/\/secure.gravatar.com\/avatar\/690249c43fd60787b97b93384a212aafd43f4087384fe866ff6bcd15574fdf55?s=96&d=mm&r=g\",\"caption\":\"Redaktion\"},\"url\":\"https:\/\/kunmedierne.dk\/mors\/author\/redaktion\/\"}]}<\/script>\n<!-- \/ Yoast SEO plugin. -->","yoast_head_json":{"title":"Carsten K\u00f8rel\u00e6rer runder 50 \u00e5r - Mors","robots":{"index":"index","follow":"follow","max-snippet":"max-snippet:-1","max-image-preview":"max-image-preview:large","max-video-preview":"max-video-preview:-1"},"canonical":"https:\/\/kunmedierne.dk\/mors\/carsten-koerelaerer-runder-50-aar\/","og_locale":"da_DK","og_type":"article","og_title":"Carsten K\u00f8rel\u00e6rer runder 50 \u00e5r - Mors","og_description":"NAVNE: Carsten Kortegaard fylder 50 \u00e5r &#8211; i daglig tale blandt kollegaer og elever kendes han nok bedst som \u201dCarsten K\u00f8rel\u00e6rer\u201d. Det fejres med \u00e5bent hus p\u00e5 K\u00f8reteknisk Anl\u00e6g, Els\u00f8vej 10, den 14. november fra klokken 14 til 18 med p\u00f8lsevogn og kage til kaffen, hvor han h\u00e5ber p\u00e5 at se rigtig mange. Carsten har [&hellip;]","og_url":"https:\/\/kunmedierne.dk\/mors\/carsten-koerelaerer-runder-50-aar\/","og_site_name":"Mors","article_published_time":"2025-11-12T19:44:43+00:00","article_modified_time":"2025-11-12T19:45:09+00:00","author":"Redaktion","twitter_card":"summary_large_image","twitter_misc":{"Skrevet af":"Redaktion","Estimeret l\u00e6setid":"2 minutter"},"schema":{"@context":"https:\/\/schema.org","@graph":[{"@type":"Article","@id":"https:\/\/kunmedierne.dk\/mors\/carsten-koerelaerer-runder-50-aar\/#article","isPartOf":{"@id":"https:\/\/kunmedierne.dk\/mors\/carsten-koerelaerer-runder-50-aar\/"},"author":{"name":"Redaktion","@id":"https:\/\/kunmedierne.dk\/mors\/#\/schema\/person\/23238f24c03ec888fff51102de5a585f"},"headline":"Carsten K\u00f8rel\u00e6rer runder 50 \u00e5r","datePublished":"2025-11-12T19:44:43+00:00","dateModified":"2025-11-12T19:45:09+00:00","mainEntityOfPage":{"@id":"https:\/\/kunmedierne.dk\/mors\/carsten-koerelaerer-runder-50-aar\/"},"wordCount":392,"publisher":{"@id":"https:\/\/kunmedierne.dk\/mors\/#organization"},"articleSection":["Lokalt","Navne"],"inLanguage":"da-DK"},{"@type":"WebPage","@id":"https:\/\/kunmedierne.dk\/mors\/carsten-koerelaerer-runder-50-aar\/","url":"https:\/\/kunmedierne.dk\/mors\/carsten-koerelaerer-runder-50-aar\/","name":"Carsten K\u00f8rel\u00e6rer runder 50 \u00e5r - Mors","isPartOf":{"@id":"https:\/\/kunmedierne.dk\/mors\/#website"},"datePublished":"2025-11-12T19:44:43+00:00","dateModified":"2025-11-12T19:45:09+00:00","breadcrumb":{"@id":"https:\/\/kunmedierne.dk\/mors\/carsten-koerelaerer-runder-50-aar\/#breadcrumb"},"inLanguage":"da-DK","potentialAction":[{"@type":"ReadAction","target":["https:\/\/kunmedierne.dk\/mors\/carsten-koerelaerer-runder-50-aar\/"]}]},{"@type":"BreadcrumbList","@id":"https:\/\/kunmedierne.dk\/mors\/carsten-koerelaerer-runder-50-aar\/#breadcrumb","itemListElement":[{"@type":"ListItem","position":1,"name":"Hjem","item":"https:\/\/kunmedierne.dk\/mors\/"},{"@type":"ListItem","position":2,"name":"Carsten K\u00f8rel\u00e6rer runder 50 \u00e5r"}]},{"@type":"WebSite","@id":"https:\/\/kunmedierne.dk\/mors\/#website","url":"https:\/\/kunmedierne.dk\/mors\/","name":"Mors","description":"et netmedie med journalistik om livet p\u00e5 Mors","publisher":{"@id":"https:\/\/kunmedierne.dk\/mors\/#organization"},"potentialAction":[{"@type":"SearchAction","target":{"@type":"EntryPoint","urlTemplate":"https:\/\/kunmedierne.dk\/mors\/?s={search_term_string}"},"query-input":{"@type":"PropertyValueSpecification","valueRequired":true,"valueName":"search_term_string"}}],"inLanguage":"da-DK"},{"@type":"Organization","@id":"https:\/\/kunmedierne.dk\/mors\/#organization","name":"Mors","url":"https:\/\/kunmedierne.dk\/mors\/","logo":{"@type":"ImageObject","inLanguage":"da-DK","@id":"https:\/\/kunmedierne.dk\/mors\/#\/schema\/logo\/image\/","url":"https:\/\/kunmedierne.dk\/mors\/wp-content\/uploads\/2024\/08\/kunmors-logo.svg","contentUrl":"https:\/\/kunmedierne.dk\/mors\/wp-content\/uploads\/2024\/08\/kunmors-logo.svg","caption":"Mors"},"image":{"@id":"https:\/\/kunmedierne.dk\/mors\/#\/schema\/logo\/image\/"}},{"@type":"Person","@id":"https:\/\/kunmedierne.dk\/mors\/#\/schema\/person\/23238f24c03ec888fff51102de5a585f","name":"Redaktion","image":{"@type":"ImageObject","inLanguage":"da-DK","@id":"https:\/\/kunmedierne.dk\/mors\/#\/schema\/person\/image\/","url":"https:\/\/secure.gravatar.com\/avatar\/690249c43fd60787b97b93384a212aafd43f4087384fe866ff6bcd15574fdf55?s=96&d=mm&r=g","contentUrl":"https:\/\/secure.gravatar.com\/avatar\/690249c43fd60787b97b93384a212aafd43f4087384fe866ff6bcd15574fdf55?s=96&d=mm&r=g","caption":"Redaktion"},"url":"https:\/\/kunmedierne.dk\/mors\/author\/redaktion\/"}]}},"_links":{"self":[{"href":"https:\/\/kunmedierne.dk\/mors\/wp-json\/wp\/v2\/posts\/160680","targetHints":{"allow":["GET"]}}],"collection":[{"href":"https:\/\/kunmedierne.dk\/mors\/wp-json\/wp\/v2\/posts"}],"about":[{"href":"https:\/\/kunmedierne.dk\/mors\/wp-json\/wp\/v2\/types\/post"}],"author":[{"embeddable":true,"href":"https:\/\/kunmedierne.dk\/mors\/wp-json\/wp\/v2\/users\/747"}],"replies":[{"embeddable":true,"href":"https:\/\/kunmedierne.dk\/mors\/wp-json\/wp\/v2\/comments?post=160680"}],"version-history":[{"count":1,"href":"https:\/\/kunmedierne.dk\/mors\/wp-json\/wp\/v2\/posts\/160680\/revisions"}],"predecessor-version":[{"id":160683,"href":"https:\/\/kunmedierne.dk\/mors\/wp-json\/wp\/v2\/posts\/160680\/revisions\/160683"}],"wp:attachment":[{"href":"https:\/\/kunmedierne.dk\/mors\/wp-json\/wp\/v2\/media?parent=160680"}],"wp:term":[{"taxonomy":"category","embeddable":true,"href":"https:\/\/kunmedierne.dk\/mors\/wp-json\/wp\/v2\/categories?post=160680"},{"taxonomy":"post_tag","embeddable":true,"href":"https:\/\/kunmedierne.dk\/mors\/wp-json\/wp\/v2\/tags?post=160680"}],"curies":[{"name":"wp","href":"https:\/\/api.w.org\/{rel}","templated":true}]}}