{"id":16010,"date":"2020-04-02T16:42:24","date_gmt":"2020-04-02T14:42:24","guid":{"rendered":"https:\/\/kunmedierne.dk\/mors\/?p=16010"},"modified":"2024-08-12T14:06:16","modified_gmt":"2024-08-12T12:06:16","slug":"politisk-blaastempling-af-medier-som-kunmors","status":"publish","type":"post","link":"https:\/\/kunmedierne.dk\/mors\/politisk-blaastempling-af-medier-som-kunmors\/","title":{"rendered":"Politisk bl\u00e5stempling af medier som KunMors"},"content":{"rendered":"<p><strong>MORS<\/strong>: Lige som det er tilf\u00e6lde for andre dele af erhvervslivet, styrtbl\u00f8der ogs\u00e5 de danske medier under coronakrisen. Annoncemarkedet har taget en voldsom opbremsning, og indt\u00e6gterne styrtdykker med alvorlige konsekvenser for alle slags medier.<\/p>\n<p>Men onsdag kom der en hj\u00e6lpende politisk h\u00e5nd, da et flertal i Folkeringet blev enig om en \u00f8konomisk hj\u00e6lpepakke p\u00e5 180 millioner kroner til de danske medier.<\/p>\n<p>Den har v\u00e6ret p\u00e5 vej i et stykke tid, men undervejs har det ikke umiddelbart set ud til, at alle medier skulle have del i hj\u00e6lpen. Lokale netmedier som eksempelvis KunMors har haft udsigt til at klare sig p\u00e5 egen h\u00e5nd, mens dagblade, ugeaviser og kommercielle radiostationer med flere har kunnet se frem til hj\u00e6lp.<\/p>\n<p>Men s\u00e5dan gik det ikke. I aftalen, der er beskrevet p\u00e5 Kulturministeriets hjemmeside, bliver det beskrevet, at kompensationsordningen er rettet mod &#8220;medievirksomheder, der har tabt annonceindt\u00e6gter som f\u00f8lge af COVID-19. Det drejer sig om trykte og digitale dagblade, fritst\u00e5ende digitale nyhedsmedier, ugeaviser, kommercielle radioer, magasiner samt fagblade.&#8221;<\/p>\n<p>Ordningen sikrer medierne kompensation for tab af annonceindt\u00e6gter ud fra nogle p\u00e5 forh\u00e5nd skitserede pr\u00e6misser. Den kommer dog n\u00e6ppe KunMors til gavn, da \u00f8ens nye medie i sin opstartsfase f\u00e5r sv\u00e6rt ved at dokumentere et fald i annonceindt\u00e6gter, selv om coronakrisens konsekvenser for annoncesalg bestemt ogs\u00e5 kan m\u00e6rkes lokalt.<\/p>\n<p>Men om ikke andet kan Folketingets beslutning om at g\u00f8re medier som KunMors til en del af aftalen ses som en politisk bl\u00e5stempling af den nye slags lokalmedier, der i disse \u00e5r dukker op rundt omkring i landet.<\/p>\n<p>Foreningen af Lokale Fritst\u00e5ende Journalistiske Internetmedier t\u00e6ller lige nu 22 medlemmer, og formand Michael Kj\u00e6r gl\u00e6der sig over, at hj\u00e6lpepakken i forbindelse med coronavirus ogs\u00e5 omfatter dem. Det har foreningen nemlig k\u00e6mpet h\u00e5rdt for.<\/p>\n<p>&#8220;Derfor en stor ros og tak til de mediepolitiske ordf\u00f8rere, kulturministeren og regeringen for at sikre, at hele mediebranchen nu f\u00e5r mulighed for at s\u00f8ge kompensation af annonceindt\u00e6gtstab,&#8221; siger han.<\/p>\n","protected":false},"excerpt":{"rendered":"<p>MORS: Lige som det er tilf\u00e6lde for andre dele af erhvervslivet, styrtbl\u00f8der ogs\u00e5 de danske medier under coronakrisen. Annoncemarkedet har taget en voldsom opbremsning, og indt\u00e6gterne styrtdykker med alvorlige konsekvenser for alle slags medier. Men onsdag kom der en hj\u00e6lpende politisk h\u00e5nd, da et flertal i Folkeringet blev enig om en \u00f8konomisk hj\u00e6lpepakke p\u00e5 180 [&hellip;]<\/p>\n","protected":false},"author":8,"featured_media":16022,"comment_status":"open","ping_status":"open","sticky":false,"template":"","format":"standard","meta":{"_acf_changed":false,"footnotes":""},"categories":[51],"tags":[],"class_list":["post-16010","post","type-post","status-publish","format-standard","has-post-thumbnail","hentry","category-lokalt"],"acf":[],"yoast_head":"<!-- This site is optimized with the Yoast SEO plugin v26.8 - https:\/\/yoast.com\/product\/yoast-seo-wordpress\/ -->\n<title>Politisk bl\u00e5stempling af medier som KunMors - Mors<\/title>\n<meta name=\"robots\" content=\"index, follow, max-snippet:-1, max-image-preview:large, max-video-preview:-1\" \/>\n<link rel=\"canonical\" href=\"https:\/\/kunmedierne.dk\/mors\/politisk-blaastempling-af-medier-som-kunmors\/\" \/>\n<meta property=\"og:locale\" content=\"da_DK\" \/>\n<meta property=\"og:type\" content=\"article\" \/>\n<meta property=\"og:title\" content=\"Politisk bl\u00e5stempling af medier som KunMors - Mors\" \/>\n<meta property=\"og:description\" content=\"MORS: Lige som det er tilf\u00e6lde for andre dele af erhvervslivet, styrtbl\u00f8der ogs\u00e5 de danske medier under coronakrisen. Annoncemarkedet har taget en voldsom opbremsning, og indt\u00e6gterne styrtdykker med alvorlige konsekvenser for alle slags medier. Men onsdag kom der en hj\u00e6lpende politisk h\u00e5nd, da et flertal i Folkeringet blev enig om en \u00f8konomisk hj\u00e6lpepakke p\u00e5 180 [&hellip;]\" \/>\n<meta property=\"og:url\" content=\"https:\/\/kunmedierne.dk\/mors\/politisk-blaastempling-af-medier-som-kunmors\/\" \/>\n<meta property=\"og:site_name\" content=\"Mors\" \/>\n<meta property=\"article:published_time\" content=\"2020-04-02T14:42:24+00:00\" \/>\n<meta property=\"article:modified_time\" content=\"2024-08-12T12:06:16+00:00\" \/>\n<meta property=\"og:image\" content=\"https:\/\/kunmedierne.dk\/mors\/wp-content\/uploads\/2020\/04\/kunmors-screenshot.jpg\" \/>\n\t<meta property=\"og:image:width\" content=\"1883\" \/>\n\t<meta property=\"og:image:height\" content=\"1007\" \/>\n\t<meta property=\"og:image:type\" content=\"image\/jpeg\" \/>\n<meta name=\"author\" content=\"David H\u00f8jmark\" \/>\n<meta name=\"twitter:card\" content=\"summary_large_image\" \/>\n<meta name=\"twitter:label1\" content=\"Skrevet af\" \/>\n\t<meta name=\"twitter:data1\" content=\"David H\u00f8jmark\" \/>\n\t<meta name=\"twitter:label2\" content=\"Estimeret l\u00e6setid\" \/>\n\t<meta name=\"twitter:data2\" content=\"2 minutter\" \/>\n<script type=\"application\/ld+json\" class=\"yoast-schema-graph\">{\"@context\":\"https:\/\/schema.org\",\"@graph\":[{\"@type\":\"Article\",\"@id\":\"https:\/\/kunmedierne.dk\/mors\/politisk-blaastempling-af-medier-som-kunmors\/#article\",\"isPartOf\":{\"@id\":\"https:\/\/kunmedierne.dk\/mors\/politisk-blaastempling-af-medier-som-kunmors\/\"},\"author\":{\"name\":\"David H\u00f8jmark\",\"@id\":\"https:\/\/kunmedierne.dk\/mors\/#\/schema\/person\/5fe23251bf1d0abbcdc6f7896579d548\"},\"headline\":\"Politisk bl\u00e5stempling af medier som KunMors\",\"datePublished\":\"2020-04-02T14:42:24+00:00\",\"dateModified\":\"2024-08-12T12:06:16+00:00\",\"mainEntityOfPage\":{\"@id\":\"https:\/\/kunmedierne.dk\/mors\/politisk-blaastempling-af-medier-som-kunmors\/\"},\"wordCount\":354,\"commentCount\":0,\"publisher\":{\"@id\":\"https:\/\/kunmedierne.dk\/mors\/#organization\"},\"image\":{\"@id\":\"https:\/\/kunmedierne.dk\/mors\/politisk-blaastempling-af-medier-som-kunmors\/#primaryimage\"},\"thumbnailUrl\":\"https:\/\/kunmedierne.dk\/mors\/wp-content\/uploads\/2020\/04\/kunmors-screenshot.jpg\",\"articleSection\":[\"Lokalt\"],\"inLanguage\":\"da-DK\",\"potentialAction\":[{\"@type\":\"CommentAction\",\"name\":\"Comment\",\"target\":[\"https:\/\/kunmedierne.dk\/mors\/politisk-blaastempling-af-medier-som-kunmors\/#respond\"]}]},{\"@type\":\"WebPage\",\"@id\":\"https:\/\/kunmedierne.dk\/mors\/politisk-blaastempling-af-medier-som-kunmors\/\",\"url\":\"https:\/\/kunmedierne.dk\/mors\/politisk-blaastempling-af-medier-som-kunmors\/\",\"name\":\"Politisk bl\u00e5stempling af medier som KunMors - Mors\",\"isPartOf\":{\"@id\":\"https:\/\/kunmedierne.dk\/mors\/#website\"},\"primaryImageOfPage\":{\"@id\":\"https:\/\/kunmedierne.dk\/mors\/politisk-blaastempling-af-medier-som-kunmors\/#primaryimage\"},\"image\":{\"@id\":\"https:\/\/kunmedierne.dk\/mors\/politisk-blaastempling-af-medier-som-kunmors\/#primaryimage\"},\"thumbnailUrl\":\"https:\/\/kunmedierne.dk\/mors\/wp-content\/uploads\/2020\/04\/kunmors-screenshot.jpg\",\"datePublished\":\"2020-04-02T14:42:24+00:00\",\"dateModified\":\"2024-08-12T12:06:16+00:00\",\"breadcrumb\":{\"@id\":\"https:\/\/kunmedierne.dk\/mors\/politisk-blaastempling-af-medier-som-kunmors\/#breadcrumb\"},\"inLanguage\":\"da-DK\",\"potentialAction\":[{\"@type\":\"ReadAction\",\"target\":[\"https:\/\/kunmedierne.dk\/mors\/politisk-blaastempling-af-medier-som-kunmors\/\"]}]},{\"@type\":\"ImageObject\",\"inLanguage\":\"da-DK\",\"@id\":\"https:\/\/kunmedierne.dk\/mors\/politisk-blaastempling-af-medier-som-kunmors\/#primaryimage\",\"url\":\"https:\/\/kunmedierne.dk\/mors\/wp-content\/uploads\/2020\/04\/kunmors-screenshot.jpg\",\"contentUrl\":\"https:\/\/kunmedierne.dk\/mors\/wp-content\/uploads\/2020\/04\/kunmors-screenshot.jpg\",\"width\":1883,\"height\":1007,\"caption\":\"Medier som KunMors er ogs\u00e5 med i ordningen om st\u00f8tte til medier, der er ramt af coronakrisen.\"},{\"@type\":\"BreadcrumbList\",\"@id\":\"https:\/\/kunmedierne.dk\/mors\/politisk-blaastempling-af-medier-som-kunmors\/#breadcrumb\",\"itemListElement\":[{\"@type\":\"ListItem\",\"position\":1,\"name\":\"Hjem\",\"item\":\"https:\/\/kunmedierne.dk\/mors\/\"},{\"@type\":\"ListItem\",\"position\":2,\"name\":\"Politisk bl\u00e5stempling af medier som KunMors\"}]},{\"@type\":\"WebSite\",\"@id\":\"https:\/\/kunmedierne.dk\/mors\/#website\",\"url\":\"https:\/\/kunmedierne.dk\/mors\/\",\"name\":\"Mors\",\"description\":\"et netmedie med journalistik om livet p\u00e5 Mors\",\"publisher\":{\"@id\":\"https:\/\/kunmedierne.dk\/mors\/#organization\"},\"potentialAction\":[{\"@type\":\"SearchAction\",\"target\":{\"@type\":\"EntryPoint\",\"urlTemplate\":\"https:\/\/kunmedierne.dk\/mors\/?s={search_term_string}\"},\"query-input\":{\"@type\":\"PropertyValueSpecification\",\"valueRequired\":true,\"valueName\":\"search_term_string\"}}],\"inLanguage\":\"da-DK\"},{\"@type\":\"Organization\",\"@id\":\"https:\/\/kunmedierne.dk\/mors\/#organization\",\"name\":\"Mors\",\"url\":\"https:\/\/kunmedierne.dk\/mors\/\",\"logo\":{\"@type\":\"ImageObject\",\"inLanguage\":\"da-DK\",\"@id\":\"https:\/\/kunmedierne.dk\/mors\/#\/schema\/logo\/image\/\",\"url\":\"https:\/\/kunmedierne.dk\/mors\/wp-content\/uploads\/2024\/08\/kunmors-logo.svg\",\"contentUrl\":\"https:\/\/kunmedierne.dk\/mors\/wp-content\/uploads\/2024\/08\/kunmors-logo.svg\",\"caption\":\"Mors\"},\"image\":{\"@id\":\"https:\/\/kunmedierne.dk\/mors\/#\/schema\/logo\/image\/\"}},{\"@type\":\"Person\",\"@id\":\"https:\/\/kunmedierne.dk\/mors\/#\/schema\/person\/5fe23251bf1d0abbcdc6f7896579d548\",\"name\":\"David H\u00f8jmark\",\"image\":{\"@type\":\"ImageObject\",\"inLanguage\":\"da-DK\",\"@id\":\"https:\/\/kunmedierne.dk\/mors\/#\/schema\/person\/image\/\",\"url\":\"https:\/\/secure.gravatar.com\/avatar\/4315d6fb9ef244d729989f5f90268eb08d5bf8a3d84402f595fa194bb35784fd?s=96&d=mm&r=g\",\"contentUrl\":\"https:\/\/secure.gravatar.com\/avatar\/4315d6fb9ef244d729989f5f90268eb08d5bf8a3d84402f595fa194bb35784fd?s=96&d=mm&r=g\",\"caption\":\"David H\u00f8jmark\"},\"sameAs\":[\"https:\/\/www.kunmedierne.dk\"],\"url\":\"https:\/\/kunmedierne.dk\/mors\/author\/david\/\"}]}<\/script>\n<!-- \/ Yoast SEO plugin. -->","yoast_head_json":{"title":"Politisk bl\u00e5stempling af medier som KunMors - Mors","robots":{"index":"index","follow":"follow","max-snippet":"max-snippet:-1","max-image-preview":"max-image-preview:large","max-video-preview":"max-video-preview:-1"},"canonical":"https:\/\/kunmedierne.dk\/mors\/politisk-blaastempling-af-medier-som-kunmors\/","og_locale":"da_DK","og_type":"article","og_title":"Politisk bl\u00e5stempling af medier som KunMors - Mors","og_description":"MORS: Lige som det er tilf\u00e6lde for andre dele af erhvervslivet, styrtbl\u00f8der ogs\u00e5 de danske medier under coronakrisen. Annoncemarkedet har taget en voldsom opbremsning, og indt\u00e6gterne styrtdykker med alvorlige konsekvenser for alle slags medier. Men onsdag kom der en hj\u00e6lpende politisk h\u00e5nd, da et flertal i Folkeringet blev enig om en \u00f8konomisk hj\u00e6lpepakke p\u00e5 180 [&hellip;]","og_url":"https:\/\/kunmedierne.dk\/mors\/politisk-blaastempling-af-medier-som-kunmors\/","og_site_name":"Mors","article_published_time":"2020-04-02T14:42:24+00:00","article_modified_time":"2024-08-12T12:06:16+00:00","og_image":[{"width":1883,"height":1007,"url":"https:\/\/kunmedierne.dk\/mors\/wp-content\/uploads\/2020\/04\/kunmors-screenshot.jpg","type":"image\/jpeg"}],"author":"David H\u00f8jmark","twitter_card":"summary_large_image","twitter_misc":{"Skrevet af":"David H\u00f8jmark","Estimeret l\u00e6setid":"2 minutter"},"schema":{"@context":"https:\/\/schema.org","@graph":[{"@type":"Article","@id":"https:\/\/kunmedierne.dk\/mors\/politisk-blaastempling-af-medier-som-kunmors\/#article","isPartOf":{"@id":"https:\/\/kunmedierne.dk\/mors\/politisk-blaastempling-af-medier-som-kunmors\/"},"author":{"name":"David H\u00f8jmark","@id":"https:\/\/kunmedierne.dk\/mors\/#\/schema\/person\/5fe23251bf1d0abbcdc6f7896579d548"},"headline":"Politisk bl\u00e5stempling af medier som KunMors","datePublished":"2020-04-02T14:42:24+00:00","dateModified":"2024-08-12T12:06:16+00:00","mainEntityOfPage":{"@id":"https:\/\/kunmedierne.dk\/mors\/politisk-blaastempling-af-medier-som-kunmors\/"},"wordCount":354,"commentCount":0,"publisher":{"@id":"https:\/\/kunmedierne.dk\/mors\/#organization"},"image":{"@id":"https:\/\/kunmedierne.dk\/mors\/politisk-blaastempling-af-medier-som-kunmors\/#primaryimage"},"thumbnailUrl":"https:\/\/kunmedierne.dk\/mors\/wp-content\/uploads\/2020\/04\/kunmors-screenshot.jpg","articleSection":["Lokalt"],"inLanguage":"da-DK","potentialAction":[{"@type":"CommentAction","name":"Comment","target":["https:\/\/kunmedierne.dk\/mors\/politisk-blaastempling-af-medier-som-kunmors\/#respond"]}]},{"@type":"WebPage","@id":"https:\/\/kunmedierne.dk\/mors\/politisk-blaastempling-af-medier-som-kunmors\/","url":"https:\/\/kunmedierne.dk\/mors\/politisk-blaastempling-af-medier-som-kunmors\/","name":"Politisk bl\u00e5stempling af medier som KunMors - Mors","isPartOf":{"@id":"https:\/\/kunmedierne.dk\/mors\/#website"},"primaryImageOfPage":{"@id":"https:\/\/kunmedierne.dk\/mors\/politisk-blaastempling-af-medier-som-kunmors\/#primaryimage"},"image":{"@id":"https:\/\/kunmedierne.dk\/mors\/politisk-blaastempling-af-medier-som-kunmors\/#primaryimage"},"thumbnailUrl":"https:\/\/kunmedierne.dk\/mors\/wp-content\/uploads\/2020\/04\/kunmors-screenshot.jpg","datePublished":"2020-04-02T14:42:24+00:00","dateModified":"2024-08-12T12:06:16+00:00","breadcrumb":{"@id":"https:\/\/kunmedierne.dk\/mors\/politisk-blaastempling-af-medier-som-kunmors\/#breadcrumb"},"inLanguage":"da-DK","potentialAction":[{"@type":"ReadAction","target":["https:\/\/kunmedierne.dk\/mors\/politisk-blaastempling-af-medier-som-kunmors\/"]}]},{"@type":"ImageObject","inLanguage":"da-DK","@id":"https:\/\/kunmedierne.dk\/mors\/politisk-blaastempling-af-medier-som-kunmors\/#primaryimage","url":"https:\/\/kunmedierne.dk\/mors\/wp-content\/uploads\/2020\/04\/kunmors-screenshot.jpg","contentUrl":"https:\/\/kunmedierne.dk\/mors\/wp-content\/uploads\/2020\/04\/kunmors-screenshot.jpg","width":1883,"height":1007,"caption":"Medier som KunMors er ogs\u00e5 med i ordningen om st\u00f8tte til medier, der er ramt af coronakrisen."},{"@type":"BreadcrumbList","@id":"https:\/\/kunmedierne.dk\/mors\/politisk-blaastempling-af-medier-som-kunmors\/#breadcrumb","itemListElement":[{"@type":"ListItem","position":1,"name":"Hjem","item":"https:\/\/kunmedierne.dk\/mors\/"},{"@type":"ListItem","position":2,"name":"Politisk bl\u00e5stempling af medier som KunMors"}]},{"@type":"WebSite","@id":"https:\/\/kunmedierne.dk\/mors\/#website","url":"https:\/\/kunmedierne.dk\/mors\/","name":"Mors","description":"et netmedie med journalistik om livet p\u00e5 Mors","publisher":{"@id":"https:\/\/kunmedierne.dk\/mors\/#organization"},"potentialAction":[{"@type":"SearchAction","target":{"@type":"EntryPoint","urlTemplate":"https:\/\/kunmedierne.dk\/mors\/?s={search_term_string}"},"query-input":{"@type":"PropertyValueSpecification","valueRequired":true,"valueName":"search_term_string"}}],"inLanguage":"da-DK"},{"@type":"Organization","@id":"https:\/\/kunmedierne.dk\/mors\/#organization","name":"Mors","url":"https:\/\/kunmedierne.dk\/mors\/","logo":{"@type":"ImageObject","inLanguage":"da-DK","@id":"https:\/\/kunmedierne.dk\/mors\/#\/schema\/logo\/image\/","url":"https:\/\/kunmedierne.dk\/mors\/wp-content\/uploads\/2024\/08\/kunmors-logo.svg","contentUrl":"https:\/\/kunmedierne.dk\/mors\/wp-content\/uploads\/2024\/08\/kunmors-logo.svg","caption":"Mors"},"image":{"@id":"https:\/\/kunmedierne.dk\/mors\/#\/schema\/logo\/image\/"}},{"@type":"Person","@id":"https:\/\/kunmedierne.dk\/mors\/#\/schema\/person\/5fe23251bf1d0abbcdc6f7896579d548","name":"David H\u00f8jmark","image":{"@type":"ImageObject","inLanguage":"da-DK","@id":"https:\/\/kunmedierne.dk\/mors\/#\/schema\/person\/image\/","url":"https:\/\/secure.gravatar.com\/avatar\/4315d6fb9ef244d729989f5f90268eb08d5bf8a3d84402f595fa194bb35784fd?s=96&d=mm&r=g","contentUrl":"https:\/\/secure.gravatar.com\/avatar\/4315d6fb9ef244d729989f5f90268eb08d5bf8a3d84402f595fa194bb35784fd?s=96&d=mm&r=g","caption":"David H\u00f8jmark"},"sameAs":["https:\/\/www.kunmedierne.dk"],"url":"https:\/\/kunmedierne.dk\/mors\/author\/david\/"}]}},"_links":{"self":[{"href":"https:\/\/kunmedierne.dk\/mors\/wp-json\/wp\/v2\/posts\/16010","targetHints":{"allow":["GET"]}}],"collection":[{"href":"https:\/\/kunmedierne.dk\/mors\/wp-json\/wp\/v2\/posts"}],"about":[{"href":"https:\/\/kunmedierne.dk\/mors\/wp-json\/wp\/v2\/types\/post"}],"author":[{"embeddable":true,"href":"https:\/\/kunmedierne.dk\/mors\/wp-json\/wp\/v2\/users\/8"}],"replies":[{"embeddable":true,"href":"https:\/\/kunmedierne.dk\/mors\/wp-json\/wp\/v2\/comments?post=16010"}],"version-history":[{"count":4,"href":"https:\/\/kunmedierne.dk\/mors\/wp-json\/wp\/v2\/posts\/16010\/revisions"}],"predecessor-version":[{"id":16294,"href":"https:\/\/kunmedierne.dk\/mors\/wp-json\/wp\/v2\/posts\/16010\/revisions\/16294"}],"wp:featuredmedia":[{"embeddable":true,"href":"https:\/\/kunmedierne.dk\/mors\/wp-json\/wp\/v2\/media\/16022"}],"wp:attachment":[{"href":"https:\/\/kunmedierne.dk\/mors\/wp-json\/wp\/v2\/media?parent=16010"}],"wp:term":[{"taxonomy":"category","embeddable":true,"href":"https:\/\/kunmedierne.dk\/mors\/wp-json\/wp\/v2\/categories?post=16010"},{"taxonomy":"post_tag","embeddable":true,"href":"https:\/\/kunmedierne.dk\/mors\/wp-json\/wp\/v2\/tags?post=16010"}],"curies":[{"name":"wp","href":"https:\/\/api.w.org\/{rel}","templated":true}]}}