{"id":159662,"date":"2025-11-04T17:42:27","date_gmt":"2025-11-04T16:42:27","guid":{"rendered":"https:\/\/kunmedierne.dk\/mors\/?p=159662"},"modified":"2025-11-04T10:25:26","modified_gmt":"2025-11-04T09:25:26","slug":"nu-skal-vi-droemme-stort-erhvervschefen-vil-goere-det-gamle-folkeblad-til-et-arnested-for-fremtidens-virksomheder","status":"publish","type":"post","link":"https:\/\/kunmedierne.dk\/mors\/nu-skal-vi-droemme-stort-erhvervschefen-vil-goere-det-gamle-folkeblad-til-et-arnested-for-fremtidens-virksomheder\/","title":{"rendered":"\u201cNu skal vi dr\u00f8mme stort\u201d \u2013 erhvervschefen vil g\u00f8re det gamle Folkeblad til et arnested for fremtidens virksomheder \u00a0"},"content":{"rendered":"<p><strong>NYK\u00d8BING:<\/strong>\u00a0<span data-contrast=\"auto\">Der lugter ikke l\u00e6ngere af tryksv\u00e6rte i de tomme lokaler p\u00e5 Els\u00f8vej 105. Her, hvor Mors\u00f8 Folkeblad engang blev skrevet og sendt ud p\u00e5 \u00f8en, rykker der inden l\u00e6nge nye skriveborde og flyttekasser ind. Mors\u00f8 Erhvervsr\u00e5d har nemlig f\u00e5et n\u00f8glerne \u2013 og med dem en plan om at skabe fremtidens erhvervsf\u00e6llesskab p\u00e5 Mors.<\/span><span data-ccp-props=\"{}\">\u00a0<\/span><\/p>\n<a class=\"dvrt-link\" onClick=\"cdmtrack_click(104785,jQuery(this));return false\" href=\"https:\/\/www.facebook.com\/lyndrups\"><img decoding=\"async\" style=\"width:100%;\" src=\"https:\/\/kunmedierne.dk\/mors\/wp-content\/uploads\/2022\/02\/vip-lyndrups-rengoering.jpg\"><\/a><script>cdmtrack_view(104785);<\/script>\n<p><span data-contrast=\"auto\">Projektet hedder BusinessPark Mors, og erhvervschef Susanne Toftegaard Hansen smiler, n\u00e5r hun fort\u00e6ller om det.<\/span><span data-ccp-props=\"{}\">\u00a0<\/span><\/p>\n<p><span data-contrast=\"auto\">\u2013 Vi har f\u00e5et n\u00f8glerne nu, s\u00e5 nu skal vi i gang. Vi skal have fundet det rigtige rumdesign, og vi planl\u00e6gger at holde \u00e5bningsfest omkring 1. januar, siger hun.<\/span><span data-ccp-props=\"{}\">\u00a0<\/span><\/p>\n<p><span data-contrast=\"auto\">Den oprindelige plan var at placere parken i et lokale p\u00e5 g\u00e5gaden i Nyk\u00f8bing, men planen har \u00e6ndret sig, og Mors\u00f8 Erhvervsr\u00e5d har nu 750.000 kroner i startkapital \u2013 250.000 fra Mors\u00f8 Kommune, 250.000 fra LAG-midler og 250.000 fra erhvervsr\u00e5dets egne midler.<\/span><span data-ccp-props=\"{}\">\u00a0<\/span><\/p>\n<p><span data-contrast=\"auto\">\u2013 Det er rigtig fint, at vi nu kan puste liv i de her tomme erhvervslokaler, siger hun.<\/span><span data-ccp-props=\"{}\">\u00a0<\/span><\/p>\n<p><span data-ccp-props=\"{}\">\u00a0<\/span><\/p>\n<p><strong>Et \u00e5bent f\u00e6llesskab<\/strong><\/p>\n<p><span data-contrast=\"auto\">De 630 kvadratmeter p\u00e5 Els\u00f8vej skal i l\u00f8bet af det n\u00e6ste \u00e5r forvandles til et arbejdsf\u00e6llesskab med 12 kontorer, 18 flyverpladser, m\u00f8delokaler og loungeomr\u00e5der. Her skal b\u00e5de iv\u00e6rks\u00e6ttere, freelancere, studerende og etablerede virksomheder kunne m\u00f8des \u2013 og m\u00e5ske skabe noget, de ikke kunne hver for sig.<\/span><span data-ccp-props=\"{}\">\u00a0<\/span><\/p>\n<p><span data-contrast=\"auto\">\u2013 Vi vil skabe et innovativt iv\u00e6rks\u00e6ttermilj\u00f8 p\u00e5 Mors, der skal v\u00e6re med til at udvikle og tiltr\u00e6kke fremtidens virksomheder p\u00e5 \u00f8en, fort\u00e6ller Susanne Toftegaard Hansen og forts\u00e6tter,<\/span><\/p>\n<p><span data-contrast=\"auto\">&#8211; Rykker man ind i BusinessParken, s\u00e5 er det en let m\u00e5de at pr\u00f8ve \u00f8en af p\u00e5. Der er en tendens, der peger p\u00e5, at folk \u00f8nsker og eftersp\u00f8rger de her arbejdsf\u00e6llesskaber. Det her skal v\u00e6re et arnested for b\u00e5de netv\u00e6rk, innovation og foreninger.<\/span><span data-ccp-props=\"{}\">\u00a0<\/span><\/p>\n<a class=\"dvrt-link\" onClick=\"cdmtrack_click(104778,jQuery(this));return false\" href=\"https:\/\/vester-begr.dk\/?gclid=CjwKCAjw5Kv7BRBSEiwAXGDElQB6WMfm9CgYVrruty-I1gaOkTkC3mlA4QRDtYNsxYgVC8sNzAJ7WhoCmBsQAvD_BwE\"><img decoding=\"async\" style=\"width:100%;\" src=\"https:\/\/kunmedierne.dk\/mors\/wp-content\/uploads\/2023\/10\/260203VesterHoukaer-02022026.jpg\"><\/a><script>cdmtrack_view(104778);<\/script>\n<p><span data-contrast=\"auto\">Allerede nu har fire virksomheder meldt sig klar, og Mors\u00f8 Erhvervsr\u00e5d h\u00e5ber, at flere vil f\u00f8lge efter.<\/span><br \/>\n<span data-contrast=\"auto\"> Det f\u00f8rste \u00e5r er priserne sat lavt: 2.500 kroner for et kontor og 1.500 kroner for en flyverplads.<\/span><span data-ccp-props=\"{}\">\u00a0<\/span><\/p>\n<p><span data-ccp-props=\"{}\">\u00a0<\/span><\/p>\n<p><strong>\u201cNu skal vi dr\u00f8mme stort\u201d\u00a0<\/strong><\/p>\n<p><span data-contrast=\"auto\">For erhvervschefen handler projektet ikke kun om kontorpladser, men om at skabe et milj\u00f8, der giver energi til hele \u00f8en.<\/span><span data-ccp-props=\"{}\">\u00a0<\/span><\/p>\n<p><span data-contrast=\"auto\">\u2013 Nu skal vi dr\u00f8mme stort. Vi skal lade v\u00e6re med at s\u00e6tte barren for lavt. Nu g\u00e5r vi all in, siger hun med et smil.<\/span><span data-ccp-props=\"{}\">\u00a0<\/span><\/p>\n<p><span data-contrast=\"auto\">Mors\u00f8 Erhvervsr\u00e5d arbejder samtidig p\u00e5 at ans\u00e6tte en tovholder, som skal v\u00e6re hverdagens samlingspunkt i parken \u2013 en, der s\u00f8rger for netv\u00e6rk, arrangementer og det gode v\u00e6rtskab.<\/span><span data-ccp-props=\"{}\">\u00a0<\/span><\/p>\n<p><span data-contrast=\"auto\">Men bag visionen om BusinessPark Mors gemmer sig ogs\u00e5 en st\u00f8rre dr\u00f8m.<\/span><br \/>\n<span data-contrast=\"auto\"> \u2013 Den store dr\u00f8m er at bygge en stor erhvervspark ude p\u00e5 Aabro Fald med front mod rute 26, fort\u00e6ller hun.<\/span><span data-ccp-props=\"{}\">\u00a0<\/span><\/p>\n<p><span data-ccp-props=\"{}\">\u00a0<\/span><\/p>\n<p><strong>Et l\u00f8ft for hele \u00f8en\u00a0<\/strong><\/p>\n<p><span data-contrast=\"auto\">BusinessPark Mors skal v\u00e6re en katalysator for fremtidens erhvervsliv p\u00e5 Mors \u2013 et sted, hvor id\u00e9er f\u00e5r plads til at vokse, og hvor mennesker og virksomheder forbindes i et st\u00e6rkt f\u00e6llesskab.<\/span><span data-ccp-props=\"{}\">\u00a0<\/span><\/p>\n<a class=\"dvrt-link\" onClick=\"cdmtrack_click(147315,jQuery(this));return false\" href=\"https:\/\/sdrhaa.dk\/\"><img decoding=\"async\" style=\"width:100%;\" src=\"https:\/\/kunmedierne.dk\/mors\/wp-content\/uploads\/2025\/05\/260302Sdr-HaaDin-gebyrvenlige-sparekasse_mors-002.gif\"><\/a><script>cdmtrack_view(147315);<\/script>\n<p><span data-contrast=\"auto\">\u2013 Vi har brug for at vise, at Mors er et sted, hvor man kan skabe noget nyt. Det her er f\u00f8rste skridt, siger Susanne Toftegaard Hansen.<\/span><span data-ccp-props=\"{}\">\u00a0<\/span><\/p>\n","protected":false},"excerpt":{"rendered":"<p>NYK\u00d8BING:\u00a0Der lugter ikke l\u00e6ngere af tryksv\u00e6rte i de tomme lokaler p\u00e5 Els\u00f8vej 105. Her, hvor Mors\u00f8 Folkeblad engang blev skrevet og sendt ud p\u00e5 \u00f8en, rykker der inden l\u00e6nge nye skriveborde og flyttekasser ind. Mors\u00f8 Erhvervsr\u00e5d har nemlig f\u00e5et n\u00f8glerne \u2013 og med dem en plan om at skabe fremtidens erhvervsf\u00e6llesskab p\u00e5 Mors.\u00a0 Projektet hedder [&hellip;]<\/p>\n","protected":false},"author":2507,"featured_media":0,"comment_status":"closed","ping_status":"closed","sticky":false,"template":"","format":"standard","meta":{"_acf_changed":false,"footnotes":""},"categories":[51],"tags":[159],"class_list":["post-159662","post","type-post","status-publish","format-standard","hentry","category-lokalt","tag-erhverv"],"acf":[],"yoast_head":"<!-- This site is optimized with the Yoast SEO plugin v26.8 - https:\/\/yoast.com\/product\/yoast-seo-wordpress\/ -->\n<title>\u201cNu skal vi dr\u00f8mme stort\u201d \u2013 erhvervschefen vil g\u00f8re det gamle Folkeblad til et arnested for fremtidens virksomheder \u00a0 - Mors<\/title>\n<meta name=\"robots\" content=\"index, follow, max-snippet:-1, max-image-preview:large, max-video-preview:-1\" \/>\n<link rel=\"canonical\" href=\"https:\/\/kunmedierne.dk\/mors\/nu-skal-vi-droemme-stort-erhvervschefen-vil-goere-det-gamle-folkeblad-til-et-arnested-for-fremtidens-virksomheder\/\" \/>\n<meta property=\"og:locale\" content=\"da_DK\" \/>\n<meta property=\"og:type\" content=\"article\" \/>\n<meta property=\"og:title\" content=\"\u201cNu skal vi dr\u00f8mme stort\u201d \u2013 erhvervschefen vil g\u00f8re det gamle Folkeblad til et arnested for fremtidens virksomheder \u00a0 - Mors\" \/>\n<meta property=\"og:description\" content=\"NYK\u00d8BING:\u00a0Der lugter ikke l\u00e6ngere af tryksv\u00e6rte i de tomme lokaler p\u00e5 Els\u00f8vej 105. Her, hvor Mors\u00f8 Folkeblad engang blev skrevet og sendt ud p\u00e5 \u00f8en, rykker der inden l\u00e6nge nye skriveborde og flyttekasser ind. Mors\u00f8 Erhvervsr\u00e5d har nemlig f\u00e5et n\u00f8glerne \u2013 og med dem en plan om at skabe fremtidens erhvervsf\u00e6llesskab p\u00e5 Mors.\u00a0 Projektet hedder [&hellip;]\" \/>\n<meta property=\"og:url\" content=\"https:\/\/kunmedierne.dk\/mors\/nu-skal-vi-droemme-stort-erhvervschefen-vil-goere-det-gamle-folkeblad-til-et-arnested-for-fremtidens-virksomheder\/\" \/>\n<meta property=\"og:site_name\" content=\"Mors\" \/>\n<meta property=\"article:published_time\" content=\"2025-11-04T16:42:27+00:00\" \/>\n<meta name=\"author\" content=\"Katrine Hedegaard\" \/>\n<meta name=\"twitter:card\" content=\"summary_large_image\" \/>\n<meta name=\"twitter:label1\" content=\"Skrevet af\" \/>\n\t<meta name=\"twitter:data1\" content=\"Katrine Hedegaard\" \/>\n\t<meta name=\"twitter:label2\" content=\"Estimeret l\u00e6setid\" \/>\n\t<meta name=\"twitter:data2\" content=\"3 minutter\" \/>\n<script type=\"application\/ld+json\" class=\"yoast-schema-graph\">{\"@context\":\"https:\/\/schema.org\",\"@graph\":[{\"@type\":\"Article\",\"@id\":\"https:\/\/kunmedierne.dk\/mors\/nu-skal-vi-droemme-stort-erhvervschefen-vil-goere-det-gamle-folkeblad-til-et-arnested-for-fremtidens-virksomheder\/#article\",\"isPartOf\":{\"@id\":\"https:\/\/kunmedierne.dk\/mors\/nu-skal-vi-droemme-stort-erhvervschefen-vil-goere-det-gamle-folkeblad-til-et-arnested-for-fremtidens-virksomheder\/\"},\"author\":{\"name\":\"Katrine Hedegaard\",\"@id\":\"https:\/\/kunmedierne.dk\/mors\/#\/schema\/person\/b2e62a38069b12365e53e087a8709c64\"},\"headline\":\"\u201cNu skal vi dr\u00f8mme stort\u201d \u2013 erhvervschefen vil g\u00f8re det gamle Folkeblad til et arnested for fremtidens virksomheder \u00a0\",\"datePublished\":\"2025-11-04T16:42:27+00:00\",\"mainEntityOfPage\":{\"@id\":\"https:\/\/kunmedierne.dk\/mors\/nu-skal-vi-droemme-stort-erhvervschefen-vil-goere-det-gamle-folkeblad-til-et-arnested-for-fremtidens-virksomheder\/\"},\"wordCount\":560,\"publisher\":{\"@id\":\"https:\/\/kunmedierne.dk\/mors\/#organization\"},\"keywords\":[\"Erhverv\"],\"articleSection\":[\"Lokalt\"],\"inLanguage\":\"da-DK\"},{\"@type\":\"WebPage\",\"@id\":\"https:\/\/kunmedierne.dk\/mors\/nu-skal-vi-droemme-stort-erhvervschefen-vil-goere-det-gamle-folkeblad-til-et-arnested-for-fremtidens-virksomheder\/\",\"url\":\"https:\/\/kunmedierne.dk\/mors\/nu-skal-vi-droemme-stort-erhvervschefen-vil-goere-det-gamle-folkeblad-til-et-arnested-for-fremtidens-virksomheder\/\",\"name\":\"\u201cNu skal vi dr\u00f8mme stort\u201d \u2013 erhvervschefen vil g\u00f8re det gamle Folkeblad til et arnested for fremtidens virksomheder \u00a0 - Mors\",\"isPartOf\":{\"@id\":\"https:\/\/kunmedierne.dk\/mors\/#website\"},\"datePublished\":\"2025-11-04T16:42:27+00:00\",\"breadcrumb\":{\"@id\":\"https:\/\/kunmedierne.dk\/mors\/nu-skal-vi-droemme-stort-erhvervschefen-vil-goere-det-gamle-folkeblad-til-et-arnested-for-fremtidens-virksomheder\/#breadcrumb\"},\"inLanguage\":\"da-DK\",\"potentialAction\":[{\"@type\":\"ReadAction\",\"target\":[\"https:\/\/kunmedierne.dk\/mors\/nu-skal-vi-droemme-stort-erhvervschefen-vil-goere-det-gamle-folkeblad-til-et-arnested-for-fremtidens-virksomheder\/\"]}]},{\"@type\":\"BreadcrumbList\",\"@id\":\"https:\/\/kunmedierne.dk\/mors\/nu-skal-vi-droemme-stort-erhvervschefen-vil-goere-det-gamle-folkeblad-til-et-arnested-for-fremtidens-virksomheder\/#breadcrumb\",\"itemListElement\":[{\"@type\":\"ListItem\",\"position\":1,\"name\":\"Hjem\",\"item\":\"https:\/\/kunmedierne.dk\/mors\/\"},{\"@type\":\"ListItem\",\"position\":2,\"name\":\"\u201cNu skal vi dr\u00f8mme stort\u201d \u2013 erhvervschefen vil g\u00f8re det gamle Folkeblad til et arnested for fremtidens virksomheder \u00a0\"}]},{\"@type\":\"WebSite\",\"@id\":\"https:\/\/kunmedierne.dk\/mors\/#website\",\"url\":\"https:\/\/kunmedierne.dk\/mors\/\",\"name\":\"Mors\",\"description\":\"et netmedie med journalistik om livet p\u00e5 Mors\",\"publisher\":{\"@id\":\"https:\/\/kunmedierne.dk\/mors\/#organization\"},\"potentialAction\":[{\"@type\":\"SearchAction\",\"target\":{\"@type\":\"EntryPoint\",\"urlTemplate\":\"https:\/\/kunmedierne.dk\/mors\/?s={search_term_string}\"},\"query-input\":{\"@type\":\"PropertyValueSpecification\",\"valueRequired\":true,\"valueName\":\"search_term_string\"}}],\"inLanguage\":\"da-DK\"},{\"@type\":\"Organization\",\"@id\":\"https:\/\/kunmedierne.dk\/mors\/#organization\",\"name\":\"Mors\",\"url\":\"https:\/\/kunmedierne.dk\/mors\/\",\"logo\":{\"@type\":\"ImageObject\",\"inLanguage\":\"da-DK\",\"@id\":\"https:\/\/kunmedierne.dk\/mors\/#\/schema\/logo\/image\/\",\"url\":\"https:\/\/kunmedierne.dk\/mors\/wp-content\/uploads\/2024\/08\/kunmors-logo.svg\",\"contentUrl\":\"https:\/\/kunmedierne.dk\/mors\/wp-content\/uploads\/2024\/08\/kunmors-logo.svg\",\"caption\":\"Mors\"},\"image\":{\"@id\":\"https:\/\/kunmedierne.dk\/mors\/#\/schema\/logo\/image\/\"}},{\"@type\":\"Person\",\"@id\":\"https:\/\/kunmedierne.dk\/mors\/#\/schema\/person\/b2e62a38069b12365e53e087a8709c64\",\"name\":\"Katrine Hedegaard\",\"image\":{\"@type\":\"ImageObject\",\"inLanguage\":\"da-DK\",\"@id\":\"https:\/\/kunmedierne.dk\/mors\/#\/schema\/person\/image\/\",\"url\":\"https:\/\/secure.gravatar.com\/avatar\/18a5c72fa9148052fd3ed5a58b40fc83cfdc9811090e6e6eec9539af058edcc0?s=96&d=mm&r=g\",\"contentUrl\":\"https:\/\/secure.gravatar.com\/avatar\/18a5c72fa9148052fd3ed5a58b40fc83cfdc9811090e6e6eec9539af058edcc0?s=96&d=mm&r=g\",\"caption\":\"Katrine Hedegaard\"},\"url\":\"https:\/\/kunmedierne.dk\/mors\/author\/katrine\/\"}]}<\/script>\n<!-- \/ Yoast SEO plugin. -->","yoast_head_json":{"title":"\u201cNu skal vi dr\u00f8mme stort\u201d \u2013 erhvervschefen vil g\u00f8re det gamle Folkeblad til et arnested for fremtidens virksomheder \u00a0 - Mors","robots":{"index":"index","follow":"follow","max-snippet":"max-snippet:-1","max-image-preview":"max-image-preview:large","max-video-preview":"max-video-preview:-1"},"canonical":"https:\/\/kunmedierne.dk\/mors\/nu-skal-vi-droemme-stort-erhvervschefen-vil-goere-det-gamle-folkeblad-til-et-arnested-for-fremtidens-virksomheder\/","og_locale":"da_DK","og_type":"article","og_title":"\u201cNu skal vi dr\u00f8mme stort\u201d \u2013 erhvervschefen vil g\u00f8re det gamle Folkeblad til et arnested for fremtidens virksomheder \u00a0 - Mors","og_description":"NYK\u00d8BING:\u00a0Der lugter ikke l\u00e6ngere af tryksv\u00e6rte i de tomme lokaler p\u00e5 Els\u00f8vej 105. Her, hvor Mors\u00f8 Folkeblad engang blev skrevet og sendt ud p\u00e5 \u00f8en, rykker der inden l\u00e6nge nye skriveborde og flyttekasser ind. Mors\u00f8 Erhvervsr\u00e5d har nemlig f\u00e5et n\u00f8glerne \u2013 og med dem en plan om at skabe fremtidens erhvervsf\u00e6llesskab p\u00e5 Mors.\u00a0 Projektet hedder [&hellip;]","og_url":"https:\/\/kunmedierne.dk\/mors\/nu-skal-vi-droemme-stort-erhvervschefen-vil-goere-det-gamle-folkeblad-til-et-arnested-for-fremtidens-virksomheder\/","og_site_name":"Mors","article_published_time":"2025-11-04T16:42:27+00:00","author":"Katrine Hedegaard","twitter_card":"summary_large_image","twitter_misc":{"Skrevet af":"Katrine Hedegaard","Estimeret l\u00e6setid":"3 minutter"},"schema":{"@context":"https:\/\/schema.org","@graph":[{"@type":"Article","@id":"https:\/\/kunmedierne.dk\/mors\/nu-skal-vi-droemme-stort-erhvervschefen-vil-goere-det-gamle-folkeblad-til-et-arnested-for-fremtidens-virksomheder\/#article","isPartOf":{"@id":"https:\/\/kunmedierne.dk\/mors\/nu-skal-vi-droemme-stort-erhvervschefen-vil-goere-det-gamle-folkeblad-til-et-arnested-for-fremtidens-virksomheder\/"},"author":{"name":"Katrine Hedegaard","@id":"https:\/\/kunmedierne.dk\/mors\/#\/schema\/person\/b2e62a38069b12365e53e087a8709c64"},"headline":"\u201cNu skal vi dr\u00f8mme stort\u201d \u2013 erhvervschefen vil g\u00f8re det gamle Folkeblad til et arnested for fremtidens virksomheder \u00a0","datePublished":"2025-11-04T16:42:27+00:00","mainEntityOfPage":{"@id":"https:\/\/kunmedierne.dk\/mors\/nu-skal-vi-droemme-stort-erhvervschefen-vil-goere-det-gamle-folkeblad-til-et-arnested-for-fremtidens-virksomheder\/"},"wordCount":560,"publisher":{"@id":"https:\/\/kunmedierne.dk\/mors\/#organization"},"keywords":["Erhverv"],"articleSection":["Lokalt"],"inLanguage":"da-DK"},{"@type":"WebPage","@id":"https:\/\/kunmedierne.dk\/mors\/nu-skal-vi-droemme-stort-erhvervschefen-vil-goere-det-gamle-folkeblad-til-et-arnested-for-fremtidens-virksomheder\/","url":"https:\/\/kunmedierne.dk\/mors\/nu-skal-vi-droemme-stort-erhvervschefen-vil-goere-det-gamle-folkeblad-til-et-arnested-for-fremtidens-virksomheder\/","name":"\u201cNu skal vi dr\u00f8mme stort\u201d \u2013 erhvervschefen vil g\u00f8re det gamle Folkeblad til et arnested for fremtidens virksomheder \u00a0 - Mors","isPartOf":{"@id":"https:\/\/kunmedierne.dk\/mors\/#website"},"datePublished":"2025-11-04T16:42:27+00:00","breadcrumb":{"@id":"https:\/\/kunmedierne.dk\/mors\/nu-skal-vi-droemme-stort-erhvervschefen-vil-goere-det-gamle-folkeblad-til-et-arnested-for-fremtidens-virksomheder\/#breadcrumb"},"inLanguage":"da-DK","potentialAction":[{"@type":"ReadAction","target":["https:\/\/kunmedierne.dk\/mors\/nu-skal-vi-droemme-stort-erhvervschefen-vil-goere-det-gamle-folkeblad-til-et-arnested-for-fremtidens-virksomheder\/"]}]},{"@type":"BreadcrumbList","@id":"https:\/\/kunmedierne.dk\/mors\/nu-skal-vi-droemme-stort-erhvervschefen-vil-goere-det-gamle-folkeblad-til-et-arnested-for-fremtidens-virksomheder\/#breadcrumb","itemListElement":[{"@type":"ListItem","position":1,"name":"Hjem","item":"https:\/\/kunmedierne.dk\/mors\/"},{"@type":"ListItem","position":2,"name":"\u201cNu skal vi dr\u00f8mme stort\u201d \u2013 erhvervschefen vil g\u00f8re det gamle Folkeblad til et arnested for fremtidens virksomheder \u00a0"}]},{"@type":"WebSite","@id":"https:\/\/kunmedierne.dk\/mors\/#website","url":"https:\/\/kunmedierne.dk\/mors\/","name":"Mors","description":"et netmedie med journalistik om livet p\u00e5 Mors","publisher":{"@id":"https:\/\/kunmedierne.dk\/mors\/#organization"},"potentialAction":[{"@type":"SearchAction","target":{"@type":"EntryPoint","urlTemplate":"https:\/\/kunmedierne.dk\/mors\/?s={search_term_string}"},"query-input":{"@type":"PropertyValueSpecification","valueRequired":true,"valueName":"search_term_string"}}],"inLanguage":"da-DK"},{"@type":"Organization","@id":"https:\/\/kunmedierne.dk\/mors\/#organization","name":"Mors","url":"https:\/\/kunmedierne.dk\/mors\/","logo":{"@type":"ImageObject","inLanguage":"da-DK","@id":"https:\/\/kunmedierne.dk\/mors\/#\/schema\/logo\/image\/","url":"https:\/\/kunmedierne.dk\/mors\/wp-content\/uploads\/2024\/08\/kunmors-logo.svg","contentUrl":"https:\/\/kunmedierne.dk\/mors\/wp-content\/uploads\/2024\/08\/kunmors-logo.svg","caption":"Mors"},"image":{"@id":"https:\/\/kunmedierne.dk\/mors\/#\/schema\/logo\/image\/"}},{"@type":"Person","@id":"https:\/\/kunmedierne.dk\/mors\/#\/schema\/person\/b2e62a38069b12365e53e087a8709c64","name":"Katrine Hedegaard","image":{"@type":"ImageObject","inLanguage":"da-DK","@id":"https:\/\/kunmedierne.dk\/mors\/#\/schema\/person\/image\/","url":"https:\/\/secure.gravatar.com\/avatar\/18a5c72fa9148052fd3ed5a58b40fc83cfdc9811090e6e6eec9539af058edcc0?s=96&d=mm&r=g","contentUrl":"https:\/\/secure.gravatar.com\/avatar\/18a5c72fa9148052fd3ed5a58b40fc83cfdc9811090e6e6eec9539af058edcc0?s=96&d=mm&r=g","caption":"Katrine Hedegaard"},"url":"https:\/\/kunmedierne.dk\/mors\/author\/katrine\/"}]}},"_links":{"self":[{"href":"https:\/\/kunmedierne.dk\/mors\/wp-json\/wp\/v2\/posts\/159662","targetHints":{"allow":["GET"]}}],"collection":[{"href":"https:\/\/kunmedierne.dk\/mors\/wp-json\/wp\/v2\/posts"}],"about":[{"href":"https:\/\/kunmedierne.dk\/mors\/wp-json\/wp\/v2\/types\/post"}],"author":[{"embeddable":true,"href":"https:\/\/kunmedierne.dk\/mors\/wp-json\/wp\/v2\/users\/2507"}],"replies":[{"embeddable":true,"href":"https:\/\/kunmedierne.dk\/mors\/wp-json\/wp\/v2\/comments?post=159662"}],"version-history":[{"count":6,"href":"https:\/\/kunmedierne.dk\/mors\/wp-json\/wp\/v2\/posts\/159662\/revisions"}],"predecessor-version":[{"id":159674,"href":"https:\/\/kunmedierne.dk\/mors\/wp-json\/wp\/v2\/posts\/159662\/revisions\/159674"}],"wp:attachment":[{"href":"https:\/\/kunmedierne.dk\/mors\/wp-json\/wp\/v2\/media?parent=159662"}],"wp:term":[{"taxonomy":"category","embeddable":true,"href":"https:\/\/kunmedierne.dk\/mors\/wp-json\/wp\/v2\/categories?post=159662"},{"taxonomy":"post_tag","embeddable":true,"href":"https:\/\/kunmedierne.dk\/mors\/wp-json\/wp\/v2\/tags?post=159662"}],"curies":[{"name":"wp","href":"https:\/\/api.w.org\/{rel}","templated":true}]}}