{"id":159543,"date":"2025-11-02T17:07:41","date_gmt":"2025-11-02T16:07:41","guid":{"rendered":"https:\/\/kunmedierne.dk\/mors\/?p=159543"},"modified":"2025-11-03T15:19:50","modified_gmt":"2025-11-03T14:19:50","slug":"to-moedre-stod-frem-om-deres-sager-med-morsoe-kommune-men-kun-den-ene-foeler-sig-paa-sikker-grund-inden-uvildig-undersoegelse","status":"publish","type":"post","link":"https:\/\/kunmedierne.dk\/mors\/to-moedre-stod-frem-om-deres-sager-med-morsoe-kommune-men-kun-den-ene-foeler-sig-paa-sikker-grund-inden-uvildig-undersoegelse\/","title":{"rendered":"To m\u00f8dre stod frem om deres sager med Mors\u00f8 Kommune &#8211; men kun den ene f\u00f8ler sig p\u00e5 sikker grund inden uvildig unders\u00f8gelse"},"content":{"rendered":"<p><b>UNDERS\u00d8GELSE<\/b>: En uvildig gruppe af eksperter skal unders\u00f8ge Mors\u00f8 Kommunes sagsbehandling i h\u00e5rdt kritiserede afdelinger.<\/p>\n<p>Det har kommunen besluttet p\u00e5 baggrund af den seneste tids kritik. Forleden meldte kommunaldirekt\u00f8r Rikke W\u00fcrtz ud, at <a href=\"https:\/\/kunmedierne.dk\/mors\/morsoe-kommune-vil-have-sin-sagsbehandling-undersoegt\/\" target=\"_blank\" rel=\"noopener\">hun havde bedt<\/a> vicekommunaldirekt\u00f8r Torben Gregersen om at udv\u00e6lge sager, der aktuelt er udsat for kritik foruden sager, der udv\u00e6lges ved stikpr\u00f8ver.<\/p>\n<p>Dem skal uvildige eksperter tage et grundigt kig p\u00e5.<\/p>\n<a class=\"dvrt-link\" onClick=\"cdmtrack_click(111725,jQuery(this));return false\" href=\"https:\/\/www.thistedforsikring.dk\/?utm_source=partnerskaber&amp;utm_campaign=kun_mors\"><img decoding=\"async\" style=\"width:100%;\" src=\"https:\/\/kunmedierne.dk\/mors\/wp-content\/uploads\/2024\/02\/269409KunMors-ThistedFor-1.png\"><\/a><script>cdmtrack_view(111725);<\/script>\n<p>&#8220;Dermed \u00f8nsker vi at sikre, at sagsbehandlingen vurderes objektivt og i overensstemmelse med g\u00e6ldende lovgivning, god forvaltningsskik og Ankestyrelsens retningslinjer,&#8221; l\u00f8d det i den skriftlige udtalelse.<\/p>\n<p>Den har m\u00f8dt reaktioner af forskellig slags i lokalsamfundet, s\u00e5 vi har spurgt to af dem, der er mest p\u00e5virket af sagen: Helle Pedersen og Camilla Johansen.<\/p>\n<p>Det var dem, der stod frem i <a href=\"https:\/\/www.tvmidtvest.dk\/kv25\/de-foler-sig-svigtet-og-magteslose-familier-peger-pa-problemer-i-morso-kommune-c4c38\" target=\"_blank\" rel=\"noopener\">et indslag p\u00e5 TV Midtvest<\/a>, hvor de fortalte om fejl i sagsbehandling med store konsekvenser for deres b\u00f8rn. Og begge afventer nu med sp\u00e6nding, hvad der kommer ud af den kommende unders\u00f8gelse.<\/p>\n<p>Den ene er dog mere skeptisk end den anden.<\/p>\n<p>&nbsp;<\/p>\n<p><strong>Familier og b\u00f8rn betaler prisen<\/strong><\/p>\n<p>Helle Pedersen, der dagen f\u00f8r udmeldingen fra kommunaldirekt\u00f8ren sendte <a href=\"https:\/\/kunmedierne.dk\/mors\/laeserbrev-naar-vores-borgmester-oensker-at-morsoe-kommune-skal-vaere-frikommune-bliver-jeg-aerligt-talt-bange\/\" target=\"_blank\" rel=\"noopener\">dette l\u00e6serbrev<\/a> til KunMors, h\u00e6fter sig is\u00e6r ved, at den ansvarlige p\u00e5 omr\u00e5det spiller en rolle i udv\u00e6lgelsen af de sager, der skal unders\u00f8ges.<\/p>\n<p>&#8211; De har sat Torben Gregersen til at finde det, der skal med, og jeg ved jo godt, at det ikke bliver det hele, han tager med, siger hun og tilf\u00f8jer, at hun ikke stoler p\u00e5, at unders\u00f8gelsen kommer til af \u00e6ndre afg\u00f8rende p\u00e5 sagsbehandlingen.<\/p>\n<a class=\"dvrt-link\" onClick=\"cdmtrack_click(169437,jQuery(this));return false\" href=\"https:\/\/thymors.dk\/sponsorater\/15-til-faellesskabet?utm_source=kunmors&amp;utm_medium=annonce&amp;utm_campaign=sponsorater\"><img decoding=\"async\" style=\"width:100%;\" src=\"https:\/\/kunmedierne.dk\/mors\/wp-content\/uploads\/2026\/03\/260407ThyMors-energi_faellesskab_generel-1.jpg\"><\/a><script>cdmtrack_view(169437);<\/script>\n<p>&#8211; Det g\u00f8r jeg ikke. Jeg vil se det ske, og jeg vil se noget handling. De glemmer, hvem der st\u00e5r for skud. Det er os, og det er vores b\u00f8rn, der betaler prisen for alt det sjusk, de laver, siger hun.<\/p>\n<p><em>Hvad skal de helt pr\u00e6cist g\u00f8re, hvis du skal bestemme?\u00a0<\/em><\/p>\n<p>&#8211; De skal tage en, der slet ikke og overhovedet har noget med kommunen at g\u00f8re &#8211; og som de aldrig har samarbejdet med.<\/p>\n<p>&nbsp;<\/p>\n<p><strong>Ogs\u00e5 fejl i nyt referat<\/strong><\/p>\n<p>I sit l\u00e6serbrev fra 27. oktober skriver Helle Pedersen om et s\u00e5kaldt TUT-m\u00f8de (TUT = Tv\u00e6rfagligt Udg\u00e5ende Team, red.) med kommunen. Referatet af det indehold fejl, men efter at have erkendt fejlen har kommunen i det nye referat ogs\u00e5 beg\u00e5et fejl, siger hun.<\/p>\n<p>&#8211; Igen skriver man det med, at vi er belastet i familien, og at det er i forbindelse med, at broren er syg af kr\u00e6ft. Jeg har sagt til dem, at det ikke er det, der er sagt til det m\u00f8de, men den mail svarer Torben Gregersen ikke p\u00e5 l\u00e6ngere. Og der st\u00e5r heller ikke, hvem der har skrevet det nye referat &#8211; og hvem der er afsender. Der er heller ingen klagevejledning med. Og det er stadig et word-dokument. Det er heller ikke i orden, siger hun.<\/p>\n<a class=\"dvrt-link\" onClick=\"cdmtrack_click(104780,jQuery(this));return false\" href=\"https:\/\/www.spard.dk\/\"><img decoding=\"async\" style=\"width:100%;\" src=\"https:\/\/kunmedierne.dk\/mors\/wp-content\/uploads\/2023\/12\/sparekassen-dk-maj25.gif\"><\/a><script>cdmtrack_view(104780);<\/script>\n<p>Alt sammen er det med til at styrke hendes skepsis over for den kommende unders\u00f8gelse og det materiale, som dem, der skal st\u00e5 for unders\u00f8gelsen, f\u00e5r udleveret af kommunen.<\/p>\n<p>&#8211; Jeg s\u00e6tter sp\u00f8rgsm\u00e5lstegn ved, om de vil redigerer i det, efter jeg har underskrevet papirerne, siger hun og tilf\u00f8jer:<\/p>\n<p>&#8211; Jeg synes, det lugter lidt.<\/p>\n<p>&nbsp;<\/p>\n<p><strong>Burde v\u00e6ret strafbart<\/strong><\/p>\n<p>Helle Pedersens yngste s\u00f8n, der nu er 11 \u00e5r, har haft udfordringer siden vuggestuealderen. I 2024 fik hans storebror p\u00e5 15 \u00e5r konstateret leuk\u00e6mi.<\/p>\n<p>De to ting har kommunen k\u00e6det sammen, da den i referatet fra et m\u00f8de med Helle Pedersen angiver udfordringerne i hjemmet som en mulig \u00e5rsag til den yngste drengs mistrivsel &#8211; p\u00e5 trods af de stik modsatte udmeldinger under det m\u00f8de, som Helle Pedersen optog.<\/p>\n<p>Netop det har, fort\u00e6ller hun, v\u00e6ret lidt af en \u00f8jen\u00e5bner for hendes omgivelser og andre, hun p\u00e5 det seneste har m\u00f8dt.<\/p>\n<p>&#8211; De er i chok over det, der foreg\u00e5r i kommunen. Som almindelig borger finder man jo ikke ud af, hvad de laver. Man regner med, at de holder sig til lovgivningen. Men det g\u00f8r de ikke, det kan vi jo se gang p\u00e5 gang.<\/p>\n<a class=\"dvrt-link\" onClick=\"cdmtrack_click(113414,jQuery(this));return false\" href=\"https:\/\/www.p-soerensen.dk\/\"><img decoding=\"async\" style=\"width:100%;\" src=\"https:\/\/kunmedierne.dk\/mors\/wp-content\/uploads\/2024\/03\/p-soerensen-juni25.jpg\"><\/a><script>cdmtrack_view(113414);<\/script>\n<p>&#8211; Det burde faktisk v\u00e6re strafbart, for laver vi andre noget kriminelt, bliver vi straffet. Men de kan de \u00e5benbart ikke, siger hun.<\/p>\n<p>KunMors har bedt Torben Gregersen kommentere p\u00e5 den skepsis, Helle Pedersen rejser i forhold til unders\u00f8gelsen af blandt andet hendes sag. Han fort\u00e6ller, at kommunens udmeldinger om sagen bliver givet af Rikke W\u00fcrtz &#8211; i dette tilf\u00e6lde igennem Rasmus Andreasen, faglig leder af kommunikation i Mors\u00f8 Kommune, som dog ikke har mulighed for at kommentere p\u00e5 den konkrete sag.<\/p>\n<p>&#8211; Vi kan ikke forholde os til enkeltsager, det m\u00e5 og kan vi ikke. Men vi tager alle henvendelser seri\u00f8st, siger han.<\/p>\n<p>&nbsp;<\/p>\n<p><strong>Ser positivt p\u00e5 unders\u00f8gelsen<\/strong><\/p>\n<p>Camilla Johansens sag adskiller sig fra Helle Pedersens p\u00e5 den m\u00e5de, at hun har en offentlig instans ord for, at Mors\u00f8 Kommune har beg\u00e5et fejl. Over fire sider fort\u00e6ller Ankestyrelsen eksplicit hvordan, og det er en \u00e5rsag til, at hun er et andet sted i sit forl\u00f8b og kan se p\u00e5 den kommende unders\u00f8gelse med st\u00f8rre ro i sindet.<\/p>\n<p>&#8211; Jeg har jo Ankestyrelsens afg\u00f8relse, og den kan de (kommunen, red.) ikke l\u00f8be fra. N\u00e5r Ankestyrelsen skriver fire A4-sider med fejl og lovgivning, der ikke har v\u00e6ret overholdt i henhold til forskellige bekendtg\u00f8relser og paragraffer, kan de jo ikke siddet det overh\u00f8rigt, siger hun.<\/p>\n<p>Camilla Johansen har k\u00e6mpet for kommunal accept af, at hendes yngste s\u00f8n har behov for specialtilbud. Nu har han haft sit f\u00f8rste bes\u00f8g p\u00e5 specialskolen i Erslev, og en gradvis indslusning er undervejs.<\/p>\n<p>&#8211; S\u00e5 jeg st\u00e5r ret st\u00e6rkt &#8211; ogs\u00e5 i mods\u00e6tning til de andre, siger hun med en forst\u00e5else for, at andre familier er mere nerv\u00f8se for udfaldet af unders\u00f8gelsen.<\/p>\n<a class=\"dvrt-link\" onClick=\"cdmtrack_click(104781,jQuery(this));return false\" href=\"https:\/\/www.fmspks.dk\/\"><img decoding=\"async\" style=\"width:100%;\" src=\"https:\/\/kunmedierne.dk\/mors\/wp-content\/uploads\/2022\/02\/vip-froeslev-mollerup-sparekasse.jpg\"><\/a><script>cdmtrack_view(104781);<\/script>\n<p>Den ser hun dog som udgangspunkt positivt p\u00e5.<\/p>\n<p>&#8211; Det er rigtig dejligt, at de tager kritikken til sig, og at de vil unders\u00f8ge det, siger hun om kommunaldirekt\u00f8rens udmelding.<\/p>\n<p><em>Du er ikke bekymret over, om det bliver for overfladisk, eller at man ikke f\u00e5r unders\u00f8gt de rigtige sager? Du stoler p\u00e5, at det bliver gjort rigtigt?<\/em><\/p>\n<p>&#8211; Jeg kan jo kun tale ud fra min egen sag, og jeg har sort p\u00e5 hvidt fra Styrelsen for Specialundervisning, at der er beg\u00e5et fejl.<\/p>\n<p>&#8211; Det er det, jeg forholder mig til. Og den kan de jo ikke rigtigt komme udenom. Hvad der s\u00e5 er i de andre sager, ved jeg ikke, siger hun.<\/p>\n<a class=\"dvrt-link\" onClick=\"cdmtrack_click(113414,jQuery(this));return false\" href=\"https:\/\/www.p-soerensen.dk\/\"><img decoding=\"async\" style=\"width:100%;\" src=\"https:\/\/kunmedierne.dk\/mors\/wp-content\/uploads\/2024\/03\/p-soerensen-juni25.jpg\"><\/a><script>cdmtrack_view(113414);<\/script>\n<p><em>Er du optimist i forhold til, om man f\u00e5r rettet op p\u00e5 sagsbehandlingen eller set p\u00e5, om der er noget, man kan \u00e6ndre?\u00a0<\/em><\/p>\n<p>&#8211; Ja, det er jeg. Jeg havde jo et m\u00f8de med Michael Dahlgaard (centerchef for B\u00f8rn og Unge, red.), og der forelagde jeg ham alt det her. Den oplevelse, jeg har haft, og den m\u00e5de, referaterne bliver taget p\u00e5. De stemmer stort set aldrig overens med det, man har talt om &#8211; med mindre man har optaget referaterne p\u00e5 sin telefon, siger hun og tilf\u00f8jer betydningen af korrekte referater.<\/p>\n<p>&#8211; Alt efter, hvem der tager referaterne og deres tilgang til sagen, bliver referaterne ud fra det. Og s\u00e5 er det jo ikke rigtig objektivt. Hvis en p\u00e6dagogisk eller psykologisk konsulent fort\u00e6ller, at det er alvorligt, n\u00e5r han risikerer s\u00e5dan, er det vigtigt at det st\u00e5r i et referat. Eller kommer jeg til at fremst\u00e5 forkert.<\/p>\n<p>Det gav Camilla Johansen ogs\u00e5 udtryk for over for Michael Dahlgaard, fort\u00e6ller hun.<\/p>\n<p>&#8211; Det tog han meget positivt. Han var meget lydh\u00f8r og ville g\u00e5 videre med det, siger hun.<\/p>\n<a class=\"dvrt-link\" onClick=\"cdmtrack_click(116504,jQuery(this));return false\" href=\"https:\/\/www.nybolig.dk\/ejendomsmaeglere\/nordvestjylland\/nybolig-morsoe-nykoebing-mors\"><img decoding=\"async\" style=\"width:100%;\" src=\"https:\/\/kunmedierne.dk\/mors\/wp-content\/uploads\/2024\/04\/250825Nybolig.jpg\"><\/a><script>cdmtrack_view(116504);<\/script>\n<p>Hun har efter brevet fra Ankestyrelsen haft en anden positiv oplevelse med kommunens modtagelse af afg\u00f8relsen. B\u00e5de Torben Gregersen og Michael Dahlgaard har vist stor villighed til at lytte til hende, siger hun og fort\u00e6ller om et m\u00f8de med relevante ledere og fagpersoner.<\/p>\n<p>&#8211; Der tog Michael Dahlgaard referatet. Alle sagde noget p\u00e5 m\u00f8det, og det st\u00e5r i referatet. Han l\u00e6ste det op, inden m\u00f8det var slut, og s\u00e5 underskrev vi det.<\/p>\n<p>&#8211; Det er fin m\u00e5de at g\u00f8re det p\u00e5. Til netv\u00e6rksm\u00f8der er der m\u00e5ske mellem 10 og 14 mennesker. Og man sidder som for\u00e6lder i en rigtig s\u00e5rbar situation, s\u00e5 det er ogs\u00e5 sv\u00e6rt at huske helt korrekt, hvem der sagde hvad, n\u00e5r referatet kommer, siger Camilla Johansen og peger dermed p\u00e5 en arbejdsgang, kommunen efter hendes mening kan stramme op p\u00e5, hvis den vil undg\u00e5 sager som dem, den er ramt af nu.<\/p>\n<p>&nbsp;<\/p>\n<p><strong>Er landet det rigtige sted<\/strong><\/p>\n<p>Samme dag som udmeldingen fra kommunaldirekt\u00f8r Rikke W\u00fcrtz udsendte ogs\u00e5 kommunalbestyrelsen <a href=\"https:\/\/kunmedierne.dk\/mors\/faelles-udmelding-fra-kommunalbestyrelsen-om-undersoegeles-af-familieafdelingen\/\" target=\"_blank\" rel=\"noopener\">en f\u00e6lles erkl\u00e6ring<\/a> fra samtlige 21 medlemmer. De st\u00f8tter beslutningen om en uvildig unders\u00f8gelse, hvilket Camilla Johansen s\u00e5dan set ogs\u00e5 hilser velkomment.<\/p>\n<p>Hun retter dog ogs\u00e5 fokus imod noget af det, politikerne kan \u00e6ndre.<\/p>\n<p>&#8211; De b\u00f8rn, der kan inkluderes, vil det v\u00e6re godt for. Men det kan ikke passe, at der ikke er nogen b\u00f8rn i Mors\u00f8 Kommune, der har brug en specialklase. Det undrer mig meget, siger hun &#8211; efter at have set sin yngste s\u00f8n v\u00e6re uden skolegang siden januar.<\/p>\n<p>&#8211; I lang tid har han kun siddet p\u00e5 sit v\u00e6relse og ikke kunne komme ud, S\u00e5 det har v\u00e6ret et k\u00e6mpe arbejde at f\u00e5 ham tilbage.<\/p>\n<a class=\"dvrt-link\" onClick=\"cdmtrack_click(114591,jQuery(this));return false\" href=\"https:\/\/www.facebook.com\/kopogkandemors\"><img decoding=\"async\" style=\"width:100%;\" src=\"https:\/\/kunmedierne.dk\/mors\/wp-content\/uploads\/2024\/03\/kop-og-kande-ja-tak-tilbud.jpg\"><\/a><script>cdmtrack_view(114591);<\/script>\n<p>Men nu er Villum p\u00e5 vej. Ogs\u00e5 selv om der efter det f\u00f8rste m\u00f8de med Erslev Skole stadig er mange skridt at tage endnu.<\/p>\n<p>&#8211; Vi har faktisk ikke turdet l\u00e6gge en opstartsplan for ham p\u00e5 skolen, for vi vidste jo ikke, hvordan han ville reagere. S\u00e5 det, at det er startet s\u00e5 positivt, er virkelig fantastisk. Det var ogs\u00e5 derfor, jeg blev s\u00e5 r\u00f8rt ude p\u00e5 skolen, siger Camilla Johensen og g\u00f8r status:<\/p>\n<p>&#8211; Om han nogensinde kommer p\u00e5 fuldt skema, ved jeg ikke. Men lige nu er jeg fyldt af h\u00e5b og sikker p\u00e5, at det nok skal blive godt. Det er i hvert fald landet det rigtige sted.<\/p>\n<blockquote>\n<h3>L\u00c6S OGS\u00c5:<\/h3>\n<h5><a href=\"https:\/\/kunmedierne.dk\/mors\/familier-med-frustrationer-nu-vil-de-raabe-hoejt-hele-vejen-til-valget\/\">Familier med frustrationer: Nu vil de r\u00e5be h\u00f8jt hele vejen til valget<\/a><\/h5>\n<h5><a href=\"https:\/\/kunmedierne.dk\/mors\/familieafdeling-i-fokus-taager-af-usandheder-og-grove-beskyldninger\/\">Familieafdeling i fokus: &#8220;T\u00e5ger af usandheder og grove beskyldninger&#8221;<\/a><\/h5>\n<h5><a href=\"https:\/\/kunmedierne.dk\/mors\/laeserbrev-naar-vores-borgmester-oensker-at-morsoe-kommune-skal-vaere-frikommune-bliver-jeg-aerligt-talt-bange\/\">L\u00e6serbrev: \u201cN\u00e5r vores borgmester \u00f8nsker, at Mors\u00f8 Kommune skal v\u00e6re frikommune, bliver jeg \u00e6rligt talt bange\u201d<\/a><\/h5>\n<h5><a href=\"https:\/\/kunmedierne.dk\/mors\/morsoe-kommune-vil-have-sin-sagsbehandling-undersoegt\/\">Mors\u00f8 Kommune vil have sin sagsbehandling unders\u00f8gt<\/a><\/h5>\n<h5><a href=\"https:\/\/kunmedierne.dk\/mors\/faelles-udmelding-fra-kommunalbestyrelsen-om-undersoegeles-af-familieafdelingen\/\">F\u00e6lles udmelding fra kommunalbestyrelsen om unders\u00f8gelse af familieafdelingen<\/a><\/h5>\n<\/blockquote>\n","protected":false},"excerpt":{"rendered":"<p>UNDERS\u00d8GELSE: En uvildig gruppe af eksperter skal unders\u00f8ge Mors\u00f8 Kommunes sagsbehandling i h\u00e5rdt kritiserede afdelinger. Det har kommunen besluttet p\u00e5 baggrund af den seneste tids kritik. Forleden meldte kommunaldirekt\u00f8r Rikke W\u00fcrtz ud, at hun havde bedt vicekommunaldirekt\u00f8r Torben Gregersen om at udv\u00e6lge sager, der aktuelt er udsat for kritik foruden sager, der udv\u00e6lges ved stikpr\u00f8ver. [&hellip;]<\/p>\n","protected":false},"author":8,"featured_media":0,"comment_status":"closed","ping_status":"closed","sticky":false,"template":"","format":"standard","meta":{"_acf_changed":false,"footnotes":""},"categories":[51],"tags":[],"class_list":["post-159543","post","type-post","status-publish","format-standard","hentry","category-lokalt"],"acf":[],"yoast_head":"<!-- This site is optimized with the Yoast SEO plugin v26.8 - https:\/\/yoast.com\/product\/yoast-seo-wordpress\/ -->\n<title>To m\u00f8dre stod frem om deres sager med Mors\u00f8 Kommune - men kun den ene f\u00f8ler sig p\u00e5 sikker grund inden uvildig unders\u00f8gelse - Mors<\/title>\n<meta name=\"robots\" content=\"index, follow, max-snippet:-1, max-image-preview:large, max-video-preview:-1\" \/>\n<link rel=\"canonical\" href=\"https:\/\/kunmedierne.dk\/mors\/to-moedre-stod-frem-om-deres-sager-med-morsoe-kommune-men-kun-den-ene-foeler-sig-paa-sikker-grund-inden-uvildig-undersoegelse\/\" \/>\n<meta property=\"og:locale\" content=\"da_DK\" \/>\n<meta property=\"og:type\" content=\"article\" \/>\n<meta property=\"og:title\" content=\"To m\u00f8dre stod frem om deres sager med Mors\u00f8 Kommune - men kun den ene f\u00f8ler sig p\u00e5 sikker grund inden uvildig unders\u00f8gelse - Mors\" \/>\n<meta property=\"og:description\" content=\"UNDERS\u00d8GELSE: En uvildig gruppe af eksperter skal unders\u00f8ge Mors\u00f8 Kommunes sagsbehandling i h\u00e5rdt kritiserede afdelinger. Det har kommunen besluttet p\u00e5 baggrund af den seneste tids kritik. Forleden meldte kommunaldirekt\u00f8r Rikke W\u00fcrtz ud, at hun havde bedt vicekommunaldirekt\u00f8r Torben Gregersen om at udv\u00e6lge sager, der aktuelt er udsat for kritik foruden sager, der udv\u00e6lges ved stikpr\u00f8ver. [&hellip;]\" \/>\n<meta property=\"og:url\" content=\"https:\/\/kunmedierne.dk\/mors\/to-moedre-stod-frem-om-deres-sager-med-morsoe-kommune-men-kun-den-ene-foeler-sig-paa-sikker-grund-inden-uvildig-undersoegelse\/\" \/>\n<meta property=\"og:site_name\" content=\"Mors\" \/>\n<meta property=\"article:published_time\" content=\"2025-11-02T16:07:41+00:00\" \/>\n<meta property=\"article:modified_time\" content=\"2025-11-03T14:19:50+00:00\" \/>\n<meta name=\"author\" content=\"David H\u00f8jmark\" \/>\n<meta name=\"twitter:card\" content=\"summary_large_image\" \/>\n<meta name=\"twitter:label1\" content=\"Skrevet af\" \/>\n\t<meta name=\"twitter:data1\" content=\"David H\u00f8jmark\" \/>\n\t<meta name=\"twitter:label2\" content=\"Estimeret l\u00e6setid\" \/>\n\t<meta name=\"twitter:data2\" content=\"9 minutter\" \/>\n<script type=\"application\/ld+json\" class=\"yoast-schema-graph\">{\"@context\":\"https:\/\/schema.org\",\"@graph\":[{\"@type\":\"Article\",\"@id\":\"https:\/\/kunmedierne.dk\/mors\/to-moedre-stod-frem-om-deres-sager-med-morsoe-kommune-men-kun-den-ene-foeler-sig-paa-sikker-grund-inden-uvildig-undersoegelse\/#article\",\"isPartOf\":{\"@id\":\"https:\/\/kunmedierne.dk\/mors\/to-moedre-stod-frem-om-deres-sager-med-morsoe-kommune-men-kun-den-ene-foeler-sig-paa-sikker-grund-inden-uvildig-undersoegelse\/\"},\"author\":{\"name\":\"David H\u00f8jmark\",\"@id\":\"https:\/\/kunmedierne.dk\/mors\/#\/schema\/person\/5fe23251bf1d0abbcdc6f7896579d548\"},\"headline\":\"To m\u00f8dre stod frem om deres sager med Mors\u00f8 Kommune &#8211; men kun den ene f\u00f8ler sig p\u00e5 sikker grund inden uvildig unders\u00f8gelse\",\"datePublished\":\"2025-11-02T16:07:41+00:00\",\"dateModified\":\"2025-11-03T14:19:50+00:00\",\"mainEntityOfPage\":{\"@id\":\"https:\/\/kunmedierne.dk\/mors\/to-moedre-stod-frem-om-deres-sager-med-morsoe-kommune-men-kun-den-ene-foeler-sig-paa-sikker-grund-inden-uvildig-undersoegelse\/\"},\"wordCount\":1853,\"publisher\":{\"@id\":\"https:\/\/kunmedierne.dk\/mors\/#organization\"},\"articleSection\":[\"Lokalt\"],\"inLanguage\":\"da-DK\"},{\"@type\":\"WebPage\",\"@id\":\"https:\/\/kunmedierne.dk\/mors\/to-moedre-stod-frem-om-deres-sager-med-morsoe-kommune-men-kun-den-ene-foeler-sig-paa-sikker-grund-inden-uvildig-undersoegelse\/\",\"url\":\"https:\/\/kunmedierne.dk\/mors\/to-moedre-stod-frem-om-deres-sager-med-morsoe-kommune-men-kun-den-ene-foeler-sig-paa-sikker-grund-inden-uvildig-undersoegelse\/\",\"name\":\"To m\u00f8dre stod frem om deres sager med Mors\u00f8 Kommune - men kun den ene f\u00f8ler sig p\u00e5 sikker grund inden uvildig unders\u00f8gelse - Mors\",\"isPartOf\":{\"@id\":\"https:\/\/kunmedierne.dk\/mors\/#website\"},\"datePublished\":\"2025-11-02T16:07:41+00:00\",\"dateModified\":\"2025-11-03T14:19:50+00:00\",\"breadcrumb\":{\"@id\":\"https:\/\/kunmedierne.dk\/mors\/to-moedre-stod-frem-om-deres-sager-med-morsoe-kommune-men-kun-den-ene-foeler-sig-paa-sikker-grund-inden-uvildig-undersoegelse\/#breadcrumb\"},\"inLanguage\":\"da-DK\",\"potentialAction\":[{\"@type\":\"ReadAction\",\"target\":[\"https:\/\/kunmedierne.dk\/mors\/to-moedre-stod-frem-om-deres-sager-med-morsoe-kommune-men-kun-den-ene-foeler-sig-paa-sikker-grund-inden-uvildig-undersoegelse\/\"]}]},{\"@type\":\"BreadcrumbList\",\"@id\":\"https:\/\/kunmedierne.dk\/mors\/to-moedre-stod-frem-om-deres-sager-med-morsoe-kommune-men-kun-den-ene-foeler-sig-paa-sikker-grund-inden-uvildig-undersoegelse\/#breadcrumb\",\"itemListElement\":[{\"@type\":\"ListItem\",\"position\":1,\"name\":\"Hjem\",\"item\":\"https:\/\/kunmedierne.dk\/mors\/\"},{\"@type\":\"ListItem\",\"position\":2,\"name\":\"To m\u00f8dre stod frem om deres sager med Mors\u00f8 Kommune &#8211; men kun den ene f\u00f8ler sig p\u00e5 sikker grund inden uvildig unders\u00f8gelse\"}]},{\"@type\":\"WebSite\",\"@id\":\"https:\/\/kunmedierne.dk\/mors\/#website\",\"url\":\"https:\/\/kunmedierne.dk\/mors\/\",\"name\":\"Mors\",\"description\":\"et netmedie med journalistik om livet p\u00e5 Mors\",\"publisher\":{\"@id\":\"https:\/\/kunmedierne.dk\/mors\/#organization\"},\"potentialAction\":[{\"@type\":\"SearchAction\",\"target\":{\"@type\":\"EntryPoint\",\"urlTemplate\":\"https:\/\/kunmedierne.dk\/mors\/?s={search_term_string}\"},\"query-input\":{\"@type\":\"PropertyValueSpecification\",\"valueRequired\":true,\"valueName\":\"search_term_string\"}}],\"inLanguage\":\"da-DK\"},{\"@type\":\"Organization\",\"@id\":\"https:\/\/kunmedierne.dk\/mors\/#organization\",\"name\":\"Mors\",\"url\":\"https:\/\/kunmedierne.dk\/mors\/\",\"logo\":{\"@type\":\"ImageObject\",\"inLanguage\":\"da-DK\",\"@id\":\"https:\/\/kunmedierne.dk\/mors\/#\/schema\/logo\/image\/\",\"url\":\"https:\/\/kunmedierne.dk\/mors\/wp-content\/uploads\/2024\/08\/kunmors-logo.svg\",\"contentUrl\":\"https:\/\/kunmedierne.dk\/mors\/wp-content\/uploads\/2024\/08\/kunmors-logo.svg\",\"caption\":\"Mors\"},\"image\":{\"@id\":\"https:\/\/kunmedierne.dk\/mors\/#\/schema\/logo\/image\/\"}},{\"@type\":\"Person\",\"@id\":\"https:\/\/kunmedierne.dk\/mors\/#\/schema\/person\/5fe23251bf1d0abbcdc6f7896579d548\",\"name\":\"David H\u00f8jmark\",\"image\":{\"@type\":\"ImageObject\",\"inLanguage\":\"da-DK\",\"@id\":\"https:\/\/kunmedierne.dk\/mors\/#\/schema\/person\/image\/\",\"url\":\"https:\/\/secure.gravatar.com\/avatar\/4315d6fb9ef244d729989f5f90268eb08d5bf8a3d84402f595fa194bb35784fd?s=96&d=mm&r=g\",\"contentUrl\":\"https:\/\/secure.gravatar.com\/avatar\/4315d6fb9ef244d729989f5f90268eb08d5bf8a3d84402f595fa194bb35784fd?s=96&d=mm&r=g\",\"caption\":\"David H\u00f8jmark\"},\"sameAs\":[\"https:\/\/www.kunmedierne.dk\"],\"url\":\"https:\/\/kunmedierne.dk\/mors\/author\/david\/\"}]}<\/script>\n<!-- \/ Yoast SEO plugin. -->","yoast_head_json":{"title":"To m\u00f8dre stod frem om deres sager med Mors\u00f8 Kommune - men kun den ene f\u00f8ler sig p\u00e5 sikker grund inden uvildig unders\u00f8gelse - Mors","robots":{"index":"index","follow":"follow","max-snippet":"max-snippet:-1","max-image-preview":"max-image-preview:large","max-video-preview":"max-video-preview:-1"},"canonical":"https:\/\/kunmedierne.dk\/mors\/to-moedre-stod-frem-om-deres-sager-med-morsoe-kommune-men-kun-den-ene-foeler-sig-paa-sikker-grund-inden-uvildig-undersoegelse\/","og_locale":"da_DK","og_type":"article","og_title":"To m\u00f8dre stod frem om deres sager med Mors\u00f8 Kommune - men kun den ene f\u00f8ler sig p\u00e5 sikker grund inden uvildig unders\u00f8gelse - Mors","og_description":"UNDERS\u00d8GELSE: En uvildig gruppe af eksperter skal unders\u00f8ge Mors\u00f8 Kommunes sagsbehandling i h\u00e5rdt kritiserede afdelinger. Det har kommunen besluttet p\u00e5 baggrund af den seneste tids kritik. Forleden meldte kommunaldirekt\u00f8r Rikke W\u00fcrtz ud, at hun havde bedt vicekommunaldirekt\u00f8r Torben Gregersen om at udv\u00e6lge sager, der aktuelt er udsat for kritik foruden sager, der udv\u00e6lges ved stikpr\u00f8ver. [&hellip;]","og_url":"https:\/\/kunmedierne.dk\/mors\/to-moedre-stod-frem-om-deres-sager-med-morsoe-kommune-men-kun-den-ene-foeler-sig-paa-sikker-grund-inden-uvildig-undersoegelse\/","og_site_name":"Mors","article_published_time":"2025-11-02T16:07:41+00:00","article_modified_time":"2025-11-03T14:19:50+00:00","author":"David H\u00f8jmark","twitter_card":"summary_large_image","twitter_misc":{"Skrevet af":"David H\u00f8jmark","Estimeret l\u00e6setid":"9 minutter"},"schema":{"@context":"https:\/\/schema.org","@graph":[{"@type":"Article","@id":"https:\/\/kunmedierne.dk\/mors\/to-moedre-stod-frem-om-deres-sager-med-morsoe-kommune-men-kun-den-ene-foeler-sig-paa-sikker-grund-inden-uvildig-undersoegelse\/#article","isPartOf":{"@id":"https:\/\/kunmedierne.dk\/mors\/to-moedre-stod-frem-om-deres-sager-med-morsoe-kommune-men-kun-den-ene-foeler-sig-paa-sikker-grund-inden-uvildig-undersoegelse\/"},"author":{"name":"David H\u00f8jmark","@id":"https:\/\/kunmedierne.dk\/mors\/#\/schema\/person\/5fe23251bf1d0abbcdc6f7896579d548"},"headline":"To m\u00f8dre stod frem om deres sager med Mors\u00f8 Kommune &#8211; men kun den ene f\u00f8ler sig p\u00e5 sikker grund inden uvildig unders\u00f8gelse","datePublished":"2025-11-02T16:07:41+00:00","dateModified":"2025-11-03T14:19:50+00:00","mainEntityOfPage":{"@id":"https:\/\/kunmedierne.dk\/mors\/to-moedre-stod-frem-om-deres-sager-med-morsoe-kommune-men-kun-den-ene-foeler-sig-paa-sikker-grund-inden-uvildig-undersoegelse\/"},"wordCount":1853,"publisher":{"@id":"https:\/\/kunmedierne.dk\/mors\/#organization"},"articleSection":["Lokalt"],"inLanguage":"da-DK"},{"@type":"WebPage","@id":"https:\/\/kunmedierne.dk\/mors\/to-moedre-stod-frem-om-deres-sager-med-morsoe-kommune-men-kun-den-ene-foeler-sig-paa-sikker-grund-inden-uvildig-undersoegelse\/","url":"https:\/\/kunmedierne.dk\/mors\/to-moedre-stod-frem-om-deres-sager-med-morsoe-kommune-men-kun-den-ene-foeler-sig-paa-sikker-grund-inden-uvildig-undersoegelse\/","name":"To m\u00f8dre stod frem om deres sager med Mors\u00f8 Kommune - men kun den ene f\u00f8ler sig p\u00e5 sikker grund inden uvildig unders\u00f8gelse - Mors","isPartOf":{"@id":"https:\/\/kunmedierne.dk\/mors\/#website"},"datePublished":"2025-11-02T16:07:41+00:00","dateModified":"2025-11-03T14:19:50+00:00","breadcrumb":{"@id":"https:\/\/kunmedierne.dk\/mors\/to-moedre-stod-frem-om-deres-sager-med-morsoe-kommune-men-kun-den-ene-foeler-sig-paa-sikker-grund-inden-uvildig-undersoegelse\/#breadcrumb"},"inLanguage":"da-DK","potentialAction":[{"@type":"ReadAction","target":["https:\/\/kunmedierne.dk\/mors\/to-moedre-stod-frem-om-deres-sager-med-morsoe-kommune-men-kun-den-ene-foeler-sig-paa-sikker-grund-inden-uvildig-undersoegelse\/"]}]},{"@type":"BreadcrumbList","@id":"https:\/\/kunmedierne.dk\/mors\/to-moedre-stod-frem-om-deres-sager-med-morsoe-kommune-men-kun-den-ene-foeler-sig-paa-sikker-grund-inden-uvildig-undersoegelse\/#breadcrumb","itemListElement":[{"@type":"ListItem","position":1,"name":"Hjem","item":"https:\/\/kunmedierne.dk\/mors\/"},{"@type":"ListItem","position":2,"name":"To m\u00f8dre stod frem om deres sager med Mors\u00f8 Kommune &#8211; men kun den ene f\u00f8ler sig p\u00e5 sikker grund inden uvildig unders\u00f8gelse"}]},{"@type":"WebSite","@id":"https:\/\/kunmedierne.dk\/mors\/#website","url":"https:\/\/kunmedierne.dk\/mors\/","name":"Mors","description":"et netmedie med journalistik om livet p\u00e5 Mors","publisher":{"@id":"https:\/\/kunmedierne.dk\/mors\/#organization"},"potentialAction":[{"@type":"SearchAction","target":{"@type":"EntryPoint","urlTemplate":"https:\/\/kunmedierne.dk\/mors\/?s={search_term_string}"},"query-input":{"@type":"PropertyValueSpecification","valueRequired":true,"valueName":"search_term_string"}}],"inLanguage":"da-DK"},{"@type":"Organization","@id":"https:\/\/kunmedierne.dk\/mors\/#organization","name":"Mors","url":"https:\/\/kunmedierne.dk\/mors\/","logo":{"@type":"ImageObject","inLanguage":"da-DK","@id":"https:\/\/kunmedierne.dk\/mors\/#\/schema\/logo\/image\/","url":"https:\/\/kunmedierne.dk\/mors\/wp-content\/uploads\/2024\/08\/kunmors-logo.svg","contentUrl":"https:\/\/kunmedierne.dk\/mors\/wp-content\/uploads\/2024\/08\/kunmors-logo.svg","caption":"Mors"},"image":{"@id":"https:\/\/kunmedierne.dk\/mors\/#\/schema\/logo\/image\/"}},{"@type":"Person","@id":"https:\/\/kunmedierne.dk\/mors\/#\/schema\/person\/5fe23251bf1d0abbcdc6f7896579d548","name":"David H\u00f8jmark","image":{"@type":"ImageObject","inLanguage":"da-DK","@id":"https:\/\/kunmedierne.dk\/mors\/#\/schema\/person\/image\/","url":"https:\/\/secure.gravatar.com\/avatar\/4315d6fb9ef244d729989f5f90268eb08d5bf8a3d84402f595fa194bb35784fd?s=96&d=mm&r=g","contentUrl":"https:\/\/secure.gravatar.com\/avatar\/4315d6fb9ef244d729989f5f90268eb08d5bf8a3d84402f595fa194bb35784fd?s=96&d=mm&r=g","caption":"David H\u00f8jmark"},"sameAs":["https:\/\/www.kunmedierne.dk"],"url":"https:\/\/kunmedierne.dk\/mors\/author\/david\/"}]}},"_links":{"self":[{"href":"https:\/\/kunmedierne.dk\/mors\/wp-json\/wp\/v2\/posts\/159543","targetHints":{"allow":["GET"]}}],"collection":[{"href":"https:\/\/kunmedierne.dk\/mors\/wp-json\/wp\/v2\/posts"}],"about":[{"href":"https:\/\/kunmedierne.dk\/mors\/wp-json\/wp\/v2\/types\/post"}],"author":[{"embeddable":true,"href":"https:\/\/kunmedierne.dk\/mors\/wp-json\/wp\/v2\/users\/8"}],"replies":[{"embeddable":true,"href":"https:\/\/kunmedierne.dk\/mors\/wp-json\/wp\/v2\/comments?post=159543"}],"version-history":[{"count":13,"href":"https:\/\/kunmedierne.dk\/mors\/wp-json\/wp\/v2\/posts\/159543\/revisions"}],"predecessor-version":[{"id":159665,"href":"https:\/\/kunmedierne.dk\/mors\/wp-json\/wp\/v2\/posts\/159543\/revisions\/159665"}],"wp:attachment":[{"href":"https:\/\/kunmedierne.dk\/mors\/wp-json\/wp\/v2\/media?parent=159543"}],"wp:term":[{"taxonomy":"category","embeddable":true,"href":"https:\/\/kunmedierne.dk\/mors\/wp-json\/wp\/v2\/categories?post=159543"},{"taxonomy":"post_tag","embeddable":true,"href":"https:\/\/kunmedierne.dk\/mors\/wp-json\/wp\/v2\/tags?post=159543"}],"curies":[{"name":"wp","href":"https:\/\/api.w.org\/{rel}","templated":true}]}}